{"id":2290,"date":"2024-06-21T09:45:49","date_gmt":"2024-06-21T07:45:49","guid":{"rendered":"https:\/\/www.vallon-bonnevaux.fr\/vbmag\/?p=2290"},"modified":"2024-06-21T09:45:49","modified_gmt":"2024-06-21T07:45:49","slug":"decouverte-des-metiers-atypiques-en-espaces-verts","status":"publish","type":"post","link":"https:\/\/www.vallon-bonnevaux.fr\/vbmag\/decouverte-des-metiers-atypiques-en-espaces-verts\/","title":{"rendered":"D\u00e9couverte des M\u00e9tiers atypiques en Espaces Verts"},"content":{"rendered":"<section class=\"wpb-content-wrapper\"><p>[vc_row][vc_column][vc_column_text]<span data-contrast=\"auto\">Les apprentis CAP Jardiniers Paysagistes 1\u00e8re ann\u00e9e ont d\u00e9couvert des m\u00e9tiers atypiques des Espaces Verts, accompagn\u00e9s par Didier Chassang et Mathieu Dupin, formateurs professionnels.<\/span><span data-ccp-props=\"{&quot;134233117&quot;:false,&quot;134233118&quot;:false,&quot;201341983&quot;:0,&quot;335551550&quot;:0,&quot;335551620&quot;:0,&quot;335559738&quot;:240,&quot;335559739&quot;:240,&quot;335559740&quot;:279}\">\u00a0<\/span><\/p>\n<p><span data-contrast=\"auto\">Pour d\u00e9buter la journ\u00e9e, les apprentis ont rencontr\u00e9 un expert arboriste qui a \u00e9voqu\u00e9 son parcours professionnel en tant qu&rsquo;expert aupr\u00e8s des tribunaux pour des litiges li\u00e9s aux arbres. Les apprentis ont \u00e9galement fait de la reconnaissance des v\u00e9g\u00e9taux en sa compagnie.<\/span><span data-ccp-props=\"{&quot;134233117&quot;:false,&quot;134233118&quot;:false,&quot;201341983&quot;:0,&quot;335551550&quot;:0,&quot;335551620&quot;:0,&quot;335559738&quot;:240,&quot;335559739&quot;:240,&quot;335559740&quot;:279}\">\u00a0<\/span><\/p>\n<p><span data-contrast=\"auto\">Dans un second temps, les apprentis ont rencontr\u00e9 deux \u00e9lagueurs grimpeurs des services techniques de Bourgoin-Jallieu. Ils ont pu d\u00e9couvrir le mat\u00e9riel comme le zigzag afin de se d\u00e9placer dans les arbres en toute s\u00e9curit\u00e9.<\/span><span data-ccp-props=\"{&quot;134233117&quot;:false,&quot;134233118&quot;:false,&quot;201341983&quot;:0,&quot;335551550&quot;:0,&quot;335551620&quot;:0,&quot;335559738&quot;:240,&quot;335559739&quot;:240,&quot;335559740&quot;:279}\">\u00a0<\/span><\/p>\n<p><span data-contrast=\"auto\">Ensuite, les apprentis se sont rendus au golf des 3 Vallons \u00e0 l&rsquo;Isle d&rsquo;Abeau pour rencontrer le chef jardinier et le directeur du site. Ils ont pu d\u00e9couvrir le mat\u00e9riel utilis\u00e9 pour entretenir le green de 9 trous, appr\u00e9hender les contraintes de tonte, les asperseurs (syst\u00e8me d\u2019arrosage) et l&rsquo;entretien de cet espace de 42 hectares.<\/span><span data-ccp-props=\"{&quot;134233117&quot;:false,&quot;134233118&quot;:false,&quot;201341983&quot;:0,&quot;335551550&quot;:0,&quot;335551620&quot;:0,&quot;335559738&quot;:240,&quot;335559739&quot;:240,&quot;335559740&quot;:279}\">\u00a0<\/span><\/p>\n<p><span data-contrast=\"auto\">La journ\u00e9e s&rsquo;est termin\u00e9e par une petite pratique du golf avant un retour au lyc\u00e9e.<\/span><span data-ccp-props=\"{&quot;134233117&quot;:false,&quot;134233118&quot;:false,&quot;201341983&quot;:0,&quot;335551550&quot;:0,&quot;335551620&quot;:0,&quot;335559738&quot;:240,&quot;335559739&quot;:240,&quot;335559740&quot;:279}\">\u00a0<\/span><\/p>\n<p><span data-contrast=\"auto\">Gr\u00e2ce \u00e0 notre \u00e9quipe p\u00e9dagogique, cette journ\u00e9e \u00e0 \u00e9t\u00e9 riche en rencontres avec des intervenants de qualit\u00e9 et la d\u00e9couverte de mat\u00e9riel innovant.<\/span><span data-ccp-props=\"{&quot;134233117&quot;:false,&quot;134233118&quot;:false,&quot;201341983&quot;:0,&quot;335551550&quot;:0,&quot;335551620&quot;:0,&quot;335559738&quot;:240,&quot;335559739&quot;:240,&quot;335559740&quot;:279}\">\u00a0<\/span>[\/vc_column_text][\/vc_column][\/vc_row][vc_row][vc_column][vc_column_text][\/vc_column_text][\/vc_column][\/vc_row][vc_row][vc_column][vc_gallery interval=\u00a0\u00bb3&Prime; images=\u00a0\u00bb2298,2297,2296,2295,2294,2293,2292,2291&Prime; img_size=\u00a0\u00bbfull\u00a0\u00bb][\/vc_column][\/vc_row]<\/p>\n<\/section>","protected":false},"excerpt":{"rendered":"<p>[vc_row][vc_column][vc_column_text]Les apprentis CAP Jardiniers Paysagistes 1\u00e8re ann\u00e9e ont d\u00e9couvert des m\u00e9tiers atypiques des Espaces Verts, accompagn\u00e9s par Didier Chassang et Mathieu Dupin, formateurs professionnels.\u00a0 Pour d\u00e9buter<span class=\"excerpt-hellip\"> [\u2026]<\/span><\/p>\n","protected":false},"author":2,"featured_media":2296,"comment_status":"open","ping_status":"open","sticky":false,"template":"","format":"standard","meta":{"_mi_skip_tracking":false,"_monsterinsights_sitenote_active":false,"_monsterinsights_sitenote_note":"","_monsterinsights_sitenote_category":0,"footnotes":""},"categories":[3,5],"tags":[],"class_list":["post-2290","post","type-post","status-publish","format-standard","has-post-thumbnail","hentry","category-formation-pedagogie","category-sortie-rencontre"],"yoast_head":"<!-- This site is optimized with the Yoast SEO plugin v20.8 - https:\/\/yoast.com\/wordpress\/plugins\/seo\/ -->\n<title>D\u00e9couverte des M\u00e9tiers atypiques en Espaces Verts - VB Mag<\/title>\n<meta name=\"robots\" content=\"index, follow, max-snippet:-1, max-image-preview:large, max-video-preview:-1\" \/>\n<link rel=\"canonical\" href=\"https:\/\/www.vallon-bonnevaux.fr\/vbmag\/decouverte-des-metiers-atypiques-en-espaces-verts\/\" \/>\n<meta property=\"og:locale\" content=\"fr_FR\" \/>\n<meta property=\"og:type\" content=\"article\" \/>\n<meta property=\"og:title\" content=\"D\u00e9couverte des M\u00e9tiers atypiques en Espaces Verts - VB Mag\" \/>\n<meta property=\"og:description\" content=\"[vc_row][vc_column][vc_column_text]Les apprentis CAP Jardiniers Paysagistes 1\u00e8re ann\u00e9e ont d\u00e9couvert des m\u00e9tiers atypiques des Espaces Verts, accompagn\u00e9s par Didier Chassang et Mathieu Dupin, formateurs professionnels.\u00a0 Pour d\u00e9buter [\u2026]\" \/>\n<meta property=\"og:url\" content=\"https:\/\/www.vallon-bonnevaux.fr\/vbmag\/decouverte-des-metiers-atypiques-en-espaces-verts\/\" \/>\n<meta property=\"og:site_name\" content=\"VB Mag\" \/>\n<meta property=\"article:publisher\" content=\"https:\/\/www.facebook.com\/lyceevallonbonnevaux\" \/>\n<meta property=\"article:published_time\" content=\"2024-06-21T07:45:49+00:00\" \/>\n<meta property=\"og:image\" content=\"https:\/\/www.vallon-bonnevaux.fr\/vbmag\/wp-content\/uploads\/2024\/06\/20240607_VERCORS_6.jpeg\" \/>\n\t<meta property=\"og:image:width\" content=\"900\" \/>\n\t<meta property=\"og:image:height\" content=\"506\" \/>\n\t<meta property=\"og:image:type\" content=\"image\/jpeg\" \/>\n<meta name=\"author\" content=\"VBCommunication\" \/>\n<meta name=\"twitter:card\" content=\"summary_large_image\" \/>\n<meta name=\"twitter:label1\" content=\"\u00c9crit par\" \/>\n\t<meta name=\"twitter:data1\" content=\"VBCommunication\" \/>\n\t<meta name=\"twitter:label2\" content=\"Dur\u00e9e de lecture estim\u00e9e\" \/>\n\t<meta name=\"twitter:data2\" content=\"2 minutes\" \/>\n<script type=\"application\/ld+json\" class=\"yoast-schema-graph\">{\"@context\":\"https:\/\/schema.org\",\"@graph\":[{\"@type\":\"Article\",\"@id\":\"https:\/\/www.vallon-bonnevaux.fr\/vbmag\/decouverte-des-metiers-atypiques-en-espaces-verts\/#article\",\"isPartOf\":{\"@id\":\"https:\/\/www.vallon-bonnevaux.fr\/vbmag\/decouverte-des-metiers-atypiques-en-espaces-verts\/\"},\"author\":{\"name\":\"VBCommunication\",\"@id\":\"https:\/\/www.vallon-bonnevaux.fr\/vbmag\/#\/schema\/person\/78d4bedf135508e9d2b8d343575fdd31\"},\"headline\":\"D\u00e9couverte des M\u00e9tiers atypiques en Espaces Verts\",\"datePublished\":\"2024-06-21T07:45:49+00:00\",\"dateModified\":\"2024-06-21T07:45:49+00:00\",\"mainEntityOfPage\":{\"@id\":\"https:\/\/www.vallon-bonnevaux.fr\/vbmag\/decouverte-des-metiers-atypiques-en-espaces-verts\/\"},\"wordCount\":272,\"commentCount\":0,\"publisher\":{\"@id\":\"https:\/\/www.vallon-bonnevaux.fr\/vbmag\/#organization\"},\"articleSection\":[\"Formation &amp; P\u00e9dagogie\",\"Sortie &amp; Rencontre\"],\"inLanguage\":\"fr-FR\",\"potentialAction\":[{\"@type\":\"CommentAction\",\"name\":\"Comment\",\"target\":[\"https:\/\/www.vallon-bonnevaux.fr\/vbmag\/decouverte-des-metiers-atypiques-en-espaces-verts\/#respond\"]}]},{\"@type\":\"WebPage\",\"@id\":\"https:\/\/www.vallon-bonnevaux.fr\/vbmag\/decouverte-des-metiers-atypiques-en-espaces-verts\/\",\"url\":\"https:\/\/www.vallon-bonnevaux.fr\/vbmag\/decouverte-des-metiers-atypiques-en-espaces-verts\/\",\"name\":\"D\u00e9couverte des M\u00e9tiers atypiques en Espaces Verts - VB Mag\",\"isPartOf\":{\"@id\":\"https:\/\/www.vallon-bonnevaux.fr\/vbmag\/#website\"},\"datePublished\":\"2024-06-21T07:45:49+00:00\",\"dateModified\":\"2024-06-21T07:45:49+00:00\",\"breadcrumb\":{\"@id\":\"https:\/\/www.vallon-bonnevaux.fr\/vbmag\/decouverte-des-metiers-atypiques-en-espaces-verts\/#breadcrumb\"},\"inLanguage\":\"fr-FR\",\"potentialAction\":[{\"@type\":\"ReadAction\",\"target\":[\"https:\/\/www.vallon-bonnevaux.fr\/vbmag\/decouverte-des-metiers-atypiques-en-espaces-verts\/\"]}]},{\"@type\":\"BreadcrumbList\",\"@id\":\"https:\/\/www.vallon-bonnevaux.fr\/vbmag\/decouverte-des-metiers-atypiques-en-espaces-verts\/#breadcrumb\",\"itemListElement\":[{\"@type\":\"ListItem\",\"position\":1,\"name\":\"Accueil\",\"item\":\"https:\/\/www.vallon-bonnevaux.fr\/vbmag\/\"},{\"@type\":\"ListItem\",\"position\":2,\"name\":\"D\u00e9couverte des M\u00e9tiers atypiques en Espaces Verts\"}]},{\"@type\":\"WebSite\",\"@id\":\"https:\/\/www.vallon-bonnevaux.fr\/vbmag\/#website\",\"url\":\"https:\/\/www.vallon-bonnevaux.fr\/vbmag\/\",\"name\":\"VBmag\",\"description\":\"\",\"publisher\":{\"@id\":\"https:\/\/www.vallon-bonnevaux.fr\/vbmag\/#organization\"},\"potentialAction\":[{\"@type\":\"SearchAction\",\"target\":{\"@type\":\"EntryPoint\",\"urlTemplate\":\"https:\/\/www.vallon-bonnevaux.fr\/vbmag\/?s={search_term_string}\"},\"query-input\":\"required name=search_term_string\"}],\"inLanguage\":\"fr-FR\"},{\"@type\":\"Organization\",\"@id\":\"https:\/\/www.vallon-bonnevaux.fr\/vbmag\/#organization\",\"name\":\"VBmag\",\"url\":\"https:\/\/www.vallon-bonnevaux.fr\/vbmag\/\",\"logo\":{\"@type\":\"ImageObject\",\"inLanguage\":\"fr-FR\",\"@id\":\"https:\/\/www.vallon-bonnevaux.fr\/vbmag\/#\/schema\/logo\/image\/\",\"url\":\"https:\/\/www.vallon-bonnevaux.fr\/vbmag\/wp-content\/uploads\/2023\/02\/Bonnevaux-logo-VBmag.png\",\"contentUrl\":\"https:\/\/www.vallon-bonnevaux.fr\/vbmag\/wp-content\/uploads\/2023\/02\/Bonnevaux-logo-VBmag.png\",\"width\":314,\"height\":143,\"caption\":\"VBmag\"},\"image\":{\"@id\":\"https:\/\/www.vallon-bonnevaux.fr\/vbmag\/#\/schema\/logo\/image\/\"},\"sameAs\":[\"https:\/\/www.facebook.com\/lyceevallonbonnevaux\",\"https:\/\/www.instagram.com\/lycee_vallon_bonnevaux\/\",\"https:\/\/www.linkedin.com\/company\/leap-le-vallon-les-bonnevaux\/?originalSubdomain=fr\"]},{\"@type\":\"Person\",\"@id\":\"https:\/\/www.vallon-bonnevaux.fr\/vbmag\/#\/schema\/person\/78d4bedf135508e9d2b8d343575fdd31\",\"name\":\"VBCommunication\",\"image\":{\"@type\":\"ImageObject\",\"inLanguage\":\"fr-FR\",\"@id\":\"https:\/\/www.vallon-bonnevaux.fr\/vbmag\/#\/schema\/person\/image\/\",\"url\":\"https:\/\/secure.gravatar.com\/avatar\/58fa64ce54dbedb7c6633693d600c884a245b0f97746903170fa62aae026cedc?s=96&d=mm&r=g\",\"contentUrl\":\"https:\/\/secure.gravatar.com\/avatar\/58fa64ce54dbedb7c6633693d600c884a245b0f97746903170fa62aae026cedc?s=96&d=mm&r=g\",\"caption\":\"VBCommunication\"},\"url\":\"https:\/\/www.vallon-bonnevaux.fr\/vbmag\/author\/vbcommunication\/\"}]}<\/script>\n<!-- \/ Yoast SEO plugin. -->","yoast_head_json":{"title":"D\u00e9couverte des M\u00e9tiers atypiques en Espaces Verts - VB Mag","robots":{"index":"index","follow":"follow","max-snippet":"max-snippet:-1","max-image-preview":"max-image-preview:large","max-video-preview":"max-video-preview:-1"},"canonical":"https:\/\/www.vallon-bonnevaux.fr\/vbmag\/decouverte-des-metiers-atypiques-en-espaces-verts\/","og_locale":"fr_FR","og_type":"article","og_title":"D\u00e9couverte des M\u00e9tiers atypiques en Espaces Verts - VB Mag","og_description":"[vc_row][vc_column][vc_column_text]Les apprentis CAP Jardiniers Paysagistes 1\u00e8re ann\u00e9e ont d\u00e9couvert des m\u00e9tiers atypiques des Espaces Verts, accompagn\u00e9s par Didier Chassang et Mathieu Dupin, formateurs professionnels.\u00a0 Pour d\u00e9buter [\u2026]","og_url":"https:\/\/www.vallon-bonnevaux.fr\/vbmag\/decouverte-des-metiers-atypiques-en-espaces-verts\/","og_site_name":"VB Mag","article_publisher":"https:\/\/www.facebook.com\/lyceevallonbonnevaux","article_published_time":"2024-06-21T07:45:49+00:00","og_image":[{"width":900,"height":506,"url":"https:\/\/www.vallon-bonnevaux.fr\/vbmag\/wp-content\/uploads\/2024\/06\/20240607_VERCORS_6.jpeg","type":"image\/jpeg"}],"author":"VBCommunication","twitter_card":"summary_large_image","twitter_misc":{"\u00c9crit par":"VBCommunication","Dur\u00e9e de lecture estim\u00e9e":"2 minutes"},"schema":{"@context":"https:\/\/schema.org","@graph":[{"@type":"Article","@id":"https:\/\/www.vallon-bonnevaux.fr\/vbmag\/decouverte-des-metiers-atypiques-en-espaces-verts\/#article","isPartOf":{"@id":"https:\/\/www.vallon-bonnevaux.fr\/vbmag\/decouverte-des-metiers-atypiques-en-espaces-verts\/"},"author":{"name":"VBCommunication","@id":"https:\/\/www.vallon-bonnevaux.fr\/vbmag\/#\/schema\/person\/78d4bedf135508e9d2b8d343575fdd31"},"headline":"D\u00e9couverte des M\u00e9tiers atypiques en Espaces Verts","datePublished":"2024-06-21T07:45:49+00:00","dateModified":"2024-06-21T07:45:49+00:00","mainEntityOfPage":{"@id":"https:\/\/www.vallon-bonnevaux.fr\/vbmag\/decouverte-des-metiers-atypiques-en-espaces-verts\/"},"wordCount":272,"commentCount":0,"publisher":{"@id":"https:\/\/www.vallon-bonnevaux.fr\/vbmag\/#organization"},"articleSection":["Formation &amp; P\u00e9dagogie","Sortie &amp; Rencontre"],"inLanguage":"fr-FR","potentialAction":[{"@type":"CommentAction","name":"Comment","target":["https:\/\/www.vallon-bonnevaux.fr\/vbmag\/decouverte-des-metiers-atypiques-en-espaces-verts\/#respond"]}]},{"@type":"WebPage","@id":"https:\/\/www.vallon-bonnevaux.fr\/vbmag\/decouverte-des-metiers-atypiques-en-espaces-verts\/","url":"https:\/\/www.vallon-bonnevaux.fr\/vbmag\/decouverte-des-metiers-atypiques-en-espaces-verts\/","name":"D\u00e9couverte des M\u00e9tiers atypiques en Espaces Verts - VB Mag","isPartOf":{"@id":"https:\/\/www.vallon-bonnevaux.fr\/vbmag\/#website"},"datePublished":"2024-06-21T07:45:49+00:00","dateModified":"2024-06-21T07:45:49+00:00","breadcrumb":{"@id":"https:\/\/www.vallon-bonnevaux.fr\/vbmag\/decouverte-des-metiers-atypiques-en-espaces-verts\/#breadcrumb"},"inLanguage":"fr-FR","potentialAction":[{"@type":"ReadAction","target":["https:\/\/www.vallon-bonnevaux.fr\/vbmag\/decouverte-des-metiers-atypiques-en-espaces-verts\/"]}]},{"@type":"BreadcrumbList","@id":"https:\/\/www.vallon-bonnevaux.fr\/vbmag\/decouverte-des-metiers-atypiques-en-espaces-verts\/#breadcrumb","itemListElement":[{"@type":"ListItem","position":1,"name":"Accueil","item":"https:\/\/www.vallon-bonnevaux.fr\/vbmag\/"},{"@type":"ListItem","position":2,"name":"D\u00e9couverte des M\u00e9tiers atypiques en Espaces Verts"}]},{"@type":"WebSite","@id":"https:\/\/www.vallon-bonnevaux.fr\/vbmag\/#website","url":"https:\/\/www.vallon-bonnevaux.fr\/vbmag\/","name":"VBmag","description":"","publisher":{"@id":"https:\/\/www.vallon-bonnevaux.fr\/vbmag\/#organization"},"potentialAction":[{"@type":"SearchAction","target":{"@type":"EntryPoint","urlTemplate":"https:\/\/www.vallon-bonnevaux.fr\/vbmag\/?s={search_term_string}"},"query-input":"required name=search_term_string"}],"inLanguage":"fr-FR"},{"@type":"Organization","@id":"https:\/\/www.vallon-bonnevaux.fr\/vbmag\/#organization","name":"VBmag","url":"https:\/\/www.vallon-bonnevaux.fr\/vbmag\/","logo":{"@type":"ImageObject","inLanguage":"fr-FR","@id":"https:\/\/www.vallon-bonnevaux.fr\/vbmag\/#\/schema\/logo\/image\/","url":"https:\/\/www.vallon-bonnevaux.fr\/vbmag\/wp-content\/uploads\/2023\/02\/Bonnevaux-logo-VBmag.png","contentUrl":"https:\/\/www.vallon-bonnevaux.fr\/vbmag\/wp-content\/uploads\/2023\/02\/Bonnevaux-logo-VBmag.png","width":314,"height":143,"caption":"VBmag"},"image":{"@id":"https:\/\/www.vallon-bonnevaux.fr\/vbmag\/#\/schema\/logo\/image\/"},"sameAs":["https:\/\/www.facebook.com\/lyceevallonbonnevaux","https:\/\/www.instagram.com\/lycee_vallon_bonnevaux\/","https:\/\/www.linkedin.com\/company\/leap-le-vallon-les-bonnevaux\/?originalSubdomain=fr"]},{"@type":"Person","@id":"https:\/\/www.vallon-bonnevaux.fr\/vbmag\/#\/schema\/person\/78d4bedf135508e9d2b8d343575fdd31","name":"VBCommunication","image":{"@type":"ImageObject","inLanguage":"fr-FR","@id":"https:\/\/www.vallon-bonnevaux.fr\/vbmag\/#\/schema\/person\/image\/","url":"https:\/\/secure.gravatar.com\/avatar\/58fa64ce54dbedb7c6633693d600c884a245b0f97746903170fa62aae026cedc?s=96&d=mm&r=g","contentUrl":"https:\/\/secure.gravatar.com\/avatar\/58fa64ce54dbedb7c6633693d600c884a245b0f97746903170fa62aae026cedc?s=96&d=mm&r=g","caption":"VBCommunication"},"url":"https:\/\/www.vallon-bonnevaux.fr\/vbmag\/author\/vbcommunication\/"}]}},"_links":{"self":[{"href":"https:\/\/www.vallon-bonnevaux.fr\/vbmag\/wp-json\/wp\/v2\/posts\/2290","targetHints":{"allow":["GET"]}}],"collection":[{"href":"https:\/\/www.vallon-bonnevaux.fr\/vbmag\/wp-json\/wp\/v2\/posts"}],"about":[{"href":"https:\/\/www.vallon-bonnevaux.fr\/vbmag\/wp-json\/wp\/v2\/types\/post"}],"author":[{"embeddable":true,"href":"https:\/\/www.vallon-bonnevaux.fr\/vbmag\/wp-json\/wp\/v2\/users\/2"}],"replies":[{"embeddable":true,"href":"https:\/\/www.vallon-bonnevaux.fr\/vbmag\/wp-json\/wp\/v2\/comments?post=2290"}],"version-history":[{"count":2,"href":"https:\/\/www.vallon-bonnevaux.fr\/vbmag\/wp-json\/wp\/v2\/posts\/2290\/revisions"}],"predecessor-version":[{"id":2300,"href":"https:\/\/www.vallon-bonnevaux.fr\/vbmag\/wp-json\/wp\/v2\/posts\/2290\/revisions\/2300"}],"wp:featuredmedia":[{"embeddable":true,"href":"https:\/\/www.vallon-bonnevaux.fr\/vbmag\/wp-json\/wp\/v2\/media\/2296"}],"wp:attachment":[{"href":"https:\/\/www.vallon-bonnevaux.fr\/vbmag\/wp-json\/wp\/v2\/media?parent=2290"}],"wp:term":[{"taxonomy":"category","embeddable":true,"href":"https:\/\/www.vallon-bonnevaux.fr\/vbmag\/wp-json\/wp\/v2\/categories?post=2290"},{"taxonomy":"post_tag","embeddable":true,"href":"https:\/\/www.vallon-bonnevaux.fr\/vbmag\/wp-json\/wp\/v2\/tags?post=2290"}],"curies":[{"name":"wp","href":"https:\/\/api.w.org\/{rel}","templated":true}]}}