{"id":2307,"date":"2024-06-21T14:13:09","date_gmt":"2024-06-21T12:13:09","guid":{"rendered":"https:\/\/www.vallon-bonnevaux.fr\/vbmag\/?p=2307"},"modified":"2024-06-21T14:13:09","modified_gmt":"2024-06-21T12:13:09","slug":"la-classe-de-2eme-annee-de-cap-sapver-organise-un-repas-grace-a-leurs-projets","status":"publish","type":"post","link":"https:\/\/www.vallon-bonnevaux.fr\/vbmag\/la-classe-de-2eme-annee-de-cap-sapver-organise-un-repas-grace-a-leurs-projets\/","title":{"rendered":"La classe de 2\u00e8me ann\u00e9e de CAP SAPVER organise un repas gr\u00e2ce \u00e0 leurs projets !"},"content":{"rendered":"<section class=\"wpb-content-wrapper\"><p>[vc_row][vc_column][vc_column_text]<span data-contrast=\"none\">Pour conclure leur cursus\u00a0scolaire au Lyc\u00e9e Vallon Bonnevaux, les \u00e9l\u00e8ves de 2\u00e8me ann\u00e9e de CAP SAPVER (Services Aux Personnes et Vente en Espace Rural) tenaient \u00e0 marquer le coup avec un moment de partage.<\/span><span data-ccp-props=\"{&quot;201341983&quot;:0,&quot;335559739&quot;:160,&quot;335559740&quot;:279}\">\u00a0<\/span><\/p>\n<p><span data-contrast=\"none\">Ils ont organis\u00e9 un r<\/span><span data-contrast=\"auto\">epas financ\u00e9 par les ventes qu\u2019ils ont r\u00e9alis\u00e9es \u00e0 travers leurs diff\u00e9rents projets ces deux derni\u00e8res ann\u00e9es. <\/span><span data-contrast=\"auto\">Ils n\u2019ont pas manqu\u00e9 de convier leurs professeurs et le personnel du lyc\u00e9e pour partager ce moment de convivialit\u00e9.<\/span><span data-ccp-props=\"{&quot;201341983&quot;:0,&quot;335559739&quot;:160,&quot;335559740&quot;:279}\">\u00a0<\/span><\/p>\n<p><span data-contrast=\"auto\">Cette initiative a permis de mettre en pratique les comp\u00e9tences acquises durant leur formation.<\/span><span data-ccp-props=\"{&quot;201341983&quot;:0,&quot;335559739&quot;:160,&quot;335559740&quot;:279}\">\u00a0<\/span><\/p>\n<p><span data-contrast=\"auto\">Ces diff\u00e9rents projets et ce repas ont \u00e9t\u00e9 r\u00e9alis\u00e9s gr\u00e2ce \u00e0 notre \u00e9quipe p\u00e9dagogique et aux plateaux techniques du lyc\u00e9e.<\/span><span data-ccp-props=\"{&quot;201341983&quot;:0,&quot;335559739&quot;:160,&quot;335559740&quot;:279}\">\u00a0<\/span><\/p>\n<p><span data-contrast=\"auto\">Nous f\u00e9licitons les \u00e9l\u00e8ves pour cette r\u00e9ussite et leur souhaitons bonne continuation dans leurs futurs projets.<\/span><span data-ccp-props=\"{&quot;201341983&quot;:0,&quot;335559739&quot;:160,&quot;335559740&quot;:279}\">\u00a0<\/span>[\/vc_column_text][\/vc_column][\/vc_row][vc_row][vc_column][vc_column_text][\/vc_column_text][\/vc_column][\/vc_row][vc_row][vc_column][vc_gallery interval=\u00a0\u00bb3&Prime; images=\u00a0\u00bb2308,2310,2309&Prime; img_size=\u00a0\u00bbfull\u00a0\u00bb][\/vc_column][\/vc_row]<\/p>\n<\/section>","protected":false},"excerpt":{"rendered":"<p>[vc_row][vc_column][vc_column_text]Pour conclure leur cursus\u00a0scolaire au Lyc\u00e9e Vallon Bonnevaux, les \u00e9l\u00e8ves de 2\u00e8me ann\u00e9e de CAP SAPVER (Services Aux Personnes et Vente en Espace Rural) tenaient \u00e0<span class=\"excerpt-hellip\"> [\u2026]<\/span><\/p>\n","protected":false},"author":2,"featured_media":2308,"comment_status":"open","ping_status":"open","sticky":false,"template":"","format":"standard","meta":{"_mi_skip_tracking":false,"_monsterinsights_sitenote_active":false,"_monsterinsights_sitenote_note":"","_monsterinsights_sitenote_category":0,"footnotes":""},"categories":[4,7],"tags":[],"class_list":["post-2307","post","type-post","status-publish","format-standard","has-post-thumbnail","hentry","category-atelier-animation","category-evenement-seminaire"],"yoast_head":"<!-- This site is optimized with the Yoast SEO plugin v20.8 - https:\/\/yoast.com\/wordpress\/plugins\/seo\/ -->\n<title>La classe de 2\u00e8me ann\u00e9e de CAP SAPVER organise un repas gr\u00e2ce \u00e0 leurs projets ! - VB Mag<\/title>\n<meta name=\"robots\" content=\"index, follow, max-snippet:-1, max-image-preview:large, max-video-preview:-1\" \/>\n<link rel=\"canonical\" href=\"https:\/\/www.vallon-bonnevaux.fr\/vbmag\/la-classe-de-2eme-annee-de-cap-sapver-organise-un-repas-grace-a-leurs-projets\/\" \/>\n<meta property=\"og:locale\" content=\"fr_FR\" \/>\n<meta property=\"og:type\" content=\"article\" \/>\n<meta property=\"og:title\" content=\"La classe de 2\u00e8me ann\u00e9e de CAP SAPVER organise un repas gr\u00e2ce \u00e0 leurs projets ! - VB Mag\" \/>\n<meta property=\"og:description\" content=\"[vc_row][vc_column][vc_column_text]Pour conclure leur cursus\u00a0scolaire au Lyc\u00e9e Vallon Bonnevaux, les \u00e9l\u00e8ves de 2\u00e8me ann\u00e9e de CAP SAPVER (Services Aux Personnes et Vente en Espace Rural) tenaient \u00e0 [\u2026]\" \/>\n<meta property=\"og:url\" content=\"https:\/\/www.vallon-bonnevaux.fr\/vbmag\/la-classe-de-2eme-annee-de-cap-sapver-organise-un-repas-grace-a-leurs-projets\/\" \/>\n<meta property=\"og:site_name\" content=\"VB Mag\" \/>\n<meta property=\"article:publisher\" content=\"https:\/\/www.facebook.com\/lyceevallonbonnevaux\" \/>\n<meta property=\"article:published_time\" content=\"2024-06-21T12:13:09+00:00\" \/>\n<meta property=\"og:image\" content=\"https:\/\/www.vallon-bonnevaux.fr\/vbmag\/wp-content\/uploads\/2024\/06\/20240618_SAPVERFINDANNEE_1.jpeg\" \/>\n\t<meta property=\"og:image:width\" content=\"900\" \/>\n\t<meta property=\"og:image:height\" content=\"506\" \/>\n\t<meta property=\"og:image:type\" content=\"image\/jpeg\" \/>\n<meta name=\"author\" content=\"VBCommunication\" \/>\n<meta name=\"twitter:card\" content=\"summary_large_image\" \/>\n<meta name=\"twitter:label1\" content=\"\u00c9crit par\" \/>\n\t<meta name=\"twitter:data1\" content=\"VBCommunication\" \/>\n\t<meta name=\"twitter:label2\" content=\"Dur\u00e9e de lecture estim\u00e9e\" \/>\n\t<meta name=\"twitter:data2\" content=\"1 minute\" \/>\n<script type=\"application\/ld+json\" class=\"yoast-schema-graph\">{\"@context\":\"https:\/\/schema.org\",\"@graph\":[{\"@type\":\"Article\",\"@id\":\"https:\/\/www.vallon-bonnevaux.fr\/vbmag\/la-classe-de-2eme-annee-de-cap-sapver-organise-un-repas-grace-a-leurs-projets\/#article\",\"isPartOf\":{\"@id\":\"https:\/\/www.vallon-bonnevaux.fr\/vbmag\/la-classe-de-2eme-annee-de-cap-sapver-organise-un-repas-grace-a-leurs-projets\/\"},\"author\":{\"name\":\"VBCommunication\",\"@id\":\"https:\/\/www.vallon-bonnevaux.fr\/vbmag\/#\/schema\/person\/78d4bedf135508e9d2b8d343575fdd31\"},\"headline\":\"La classe de 2\u00e8me ann\u00e9e de CAP SAPVER organise un repas gr\u00e2ce \u00e0 leurs projets !\",\"datePublished\":\"2024-06-21T12:13:09+00:00\",\"dateModified\":\"2024-06-21T12:13:09+00:00\",\"mainEntityOfPage\":{\"@id\":\"https:\/\/www.vallon-bonnevaux.fr\/vbmag\/la-classe-de-2eme-annee-de-cap-sapver-organise-un-repas-grace-a-leurs-projets\/\"},\"wordCount\":203,\"commentCount\":0,\"publisher\":{\"@id\":\"https:\/\/www.vallon-bonnevaux.fr\/vbmag\/#organization\"},\"articleSection\":[\"Atelier &amp; Animation\",\"\u00c9v\u00e9nement\"],\"inLanguage\":\"fr-FR\",\"potentialAction\":[{\"@type\":\"CommentAction\",\"name\":\"Comment\",\"target\":[\"https:\/\/www.vallon-bonnevaux.fr\/vbmag\/la-classe-de-2eme-annee-de-cap-sapver-organise-un-repas-grace-a-leurs-projets\/#respond\"]}]},{\"@type\":\"WebPage\",\"@id\":\"https:\/\/www.vallon-bonnevaux.fr\/vbmag\/la-classe-de-2eme-annee-de-cap-sapver-organise-un-repas-grace-a-leurs-projets\/\",\"url\":\"https:\/\/www.vallon-bonnevaux.fr\/vbmag\/la-classe-de-2eme-annee-de-cap-sapver-organise-un-repas-grace-a-leurs-projets\/\",\"name\":\"La classe de 2\u00e8me ann\u00e9e de CAP SAPVER organise un repas gr\u00e2ce \u00e0 leurs projets ! - VB Mag\",\"isPartOf\":{\"@id\":\"https:\/\/www.vallon-bonnevaux.fr\/vbmag\/#website\"},\"datePublished\":\"2024-06-21T12:13:09+00:00\",\"dateModified\":\"2024-06-21T12:13:09+00:00\",\"breadcrumb\":{\"@id\":\"https:\/\/www.vallon-bonnevaux.fr\/vbmag\/la-classe-de-2eme-annee-de-cap-sapver-organise-un-repas-grace-a-leurs-projets\/#breadcrumb\"},\"inLanguage\":\"fr-FR\",\"potentialAction\":[{\"@type\":\"ReadAction\",\"target\":[\"https:\/\/www.vallon-bonnevaux.fr\/vbmag\/la-classe-de-2eme-annee-de-cap-sapver-organise-un-repas-grace-a-leurs-projets\/\"]}]},{\"@type\":\"BreadcrumbList\",\"@id\":\"https:\/\/www.vallon-bonnevaux.fr\/vbmag\/la-classe-de-2eme-annee-de-cap-sapver-organise-un-repas-grace-a-leurs-projets\/#breadcrumb\",\"itemListElement\":[{\"@type\":\"ListItem\",\"position\":1,\"name\":\"Accueil\",\"item\":\"https:\/\/www.vallon-bonnevaux.fr\/vbmag\/\"},{\"@type\":\"ListItem\",\"position\":2,\"name\":\"La classe de 2\u00e8me ann\u00e9e de CAP SAPVER organise un repas gr\u00e2ce \u00e0 leurs projets !\"}]},{\"@type\":\"WebSite\",\"@id\":\"https:\/\/www.vallon-bonnevaux.fr\/vbmag\/#website\",\"url\":\"https:\/\/www.vallon-bonnevaux.fr\/vbmag\/\",\"name\":\"VBmag\",\"description\":\"\",\"publisher\":{\"@id\":\"https:\/\/www.vallon-bonnevaux.fr\/vbmag\/#organization\"},\"potentialAction\":[{\"@type\":\"SearchAction\",\"target\":{\"@type\":\"EntryPoint\",\"urlTemplate\":\"https:\/\/www.vallon-bonnevaux.fr\/vbmag\/?s={search_term_string}\"},\"query-input\":\"required name=search_term_string\"}],\"inLanguage\":\"fr-FR\"},{\"@type\":\"Organization\",\"@id\":\"https:\/\/www.vallon-bonnevaux.fr\/vbmag\/#organization\",\"name\":\"VBmag\",\"url\":\"https:\/\/www.vallon-bonnevaux.fr\/vbmag\/\",\"logo\":{\"@type\":\"ImageObject\",\"inLanguage\":\"fr-FR\",\"@id\":\"https:\/\/www.vallon-bonnevaux.fr\/vbmag\/#\/schema\/logo\/image\/\",\"url\":\"https:\/\/www.vallon-bonnevaux.fr\/vbmag\/wp-content\/uploads\/2023\/02\/Bonnevaux-logo-VBmag.png\",\"contentUrl\":\"https:\/\/www.vallon-bonnevaux.fr\/vbmag\/wp-content\/uploads\/2023\/02\/Bonnevaux-logo-VBmag.png\",\"width\":314,\"height\":143,\"caption\":\"VBmag\"},\"image\":{\"@id\":\"https:\/\/www.vallon-bonnevaux.fr\/vbmag\/#\/schema\/logo\/image\/\"},\"sameAs\":[\"https:\/\/www.facebook.com\/lyceevallonbonnevaux\",\"https:\/\/www.instagram.com\/lycee_vallon_bonnevaux\/\",\"https:\/\/www.linkedin.com\/company\/leap-le-vallon-les-bonnevaux\/?originalSubdomain=fr\"]},{\"@type\":\"Person\",\"@id\":\"https:\/\/www.vallon-bonnevaux.fr\/vbmag\/#\/schema\/person\/78d4bedf135508e9d2b8d343575fdd31\",\"name\":\"VBCommunication\",\"image\":{\"@type\":\"ImageObject\",\"inLanguage\":\"fr-FR\",\"@id\":\"https:\/\/www.vallon-bonnevaux.fr\/vbmag\/#\/schema\/person\/image\/\",\"url\":\"https:\/\/secure.gravatar.com\/avatar\/58fa64ce54dbedb7c6633693d600c884a245b0f97746903170fa62aae026cedc?s=96&d=mm&r=g\",\"contentUrl\":\"https:\/\/secure.gravatar.com\/avatar\/58fa64ce54dbedb7c6633693d600c884a245b0f97746903170fa62aae026cedc?s=96&d=mm&r=g\",\"caption\":\"VBCommunication\"},\"url\":\"https:\/\/www.vallon-bonnevaux.fr\/vbmag\/author\/vbcommunication\/\"}]}<\/script>\n<!-- \/ Yoast SEO plugin. -->","yoast_head_json":{"title":"La classe de 2\u00e8me ann\u00e9e de CAP SAPVER organise un repas gr\u00e2ce \u00e0 leurs projets ! - VB Mag","robots":{"index":"index","follow":"follow","max-snippet":"max-snippet:-1","max-image-preview":"max-image-preview:large","max-video-preview":"max-video-preview:-1"},"canonical":"https:\/\/www.vallon-bonnevaux.fr\/vbmag\/la-classe-de-2eme-annee-de-cap-sapver-organise-un-repas-grace-a-leurs-projets\/","og_locale":"fr_FR","og_type":"article","og_title":"La classe de 2\u00e8me ann\u00e9e de CAP SAPVER organise un repas gr\u00e2ce \u00e0 leurs projets ! - VB Mag","og_description":"[vc_row][vc_column][vc_column_text]Pour conclure leur cursus\u00a0scolaire au Lyc\u00e9e Vallon Bonnevaux, les \u00e9l\u00e8ves de 2\u00e8me ann\u00e9e de CAP SAPVER (Services Aux Personnes et Vente en Espace Rural) tenaient \u00e0 [\u2026]","og_url":"https:\/\/www.vallon-bonnevaux.fr\/vbmag\/la-classe-de-2eme-annee-de-cap-sapver-organise-un-repas-grace-a-leurs-projets\/","og_site_name":"VB Mag","article_publisher":"https:\/\/www.facebook.com\/lyceevallonbonnevaux","article_published_time":"2024-06-21T12:13:09+00:00","og_image":[{"width":900,"height":506,"url":"https:\/\/www.vallon-bonnevaux.fr\/vbmag\/wp-content\/uploads\/2024\/06\/20240618_SAPVERFINDANNEE_1.jpeg","type":"image\/jpeg"}],"author":"VBCommunication","twitter_card":"summary_large_image","twitter_misc":{"\u00c9crit par":"VBCommunication","Dur\u00e9e de lecture estim\u00e9e":"1 minute"},"schema":{"@context":"https:\/\/schema.org","@graph":[{"@type":"Article","@id":"https:\/\/www.vallon-bonnevaux.fr\/vbmag\/la-classe-de-2eme-annee-de-cap-sapver-organise-un-repas-grace-a-leurs-projets\/#article","isPartOf":{"@id":"https:\/\/www.vallon-bonnevaux.fr\/vbmag\/la-classe-de-2eme-annee-de-cap-sapver-organise-un-repas-grace-a-leurs-projets\/"},"author":{"name":"VBCommunication","@id":"https:\/\/www.vallon-bonnevaux.fr\/vbmag\/#\/schema\/person\/78d4bedf135508e9d2b8d343575fdd31"},"headline":"La classe de 2\u00e8me ann\u00e9e de CAP SAPVER organise un repas gr\u00e2ce \u00e0 leurs projets !","datePublished":"2024-06-21T12:13:09+00:00","dateModified":"2024-06-21T12:13:09+00:00","mainEntityOfPage":{"@id":"https:\/\/www.vallon-bonnevaux.fr\/vbmag\/la-classe-de-2eme-annee-de-cap-sapver-organise-un-repas-grace-a-leurs-projets\/"},"wordCount":203,"commentCount":0,"publisher":{"@id":"https:\/\/www.vallon-bonnevaux.fr\/vbmag\/#organization"},"articleSection":["Atelier &amp; Animation","\u00c9v\u00e9nement"],"inLanguage":"fr-FR","potentialAction":[{"@type":"CommentAction","name":"Comment","target":["https:\/\/www.vallon-bonnevaux.fr\/vbmag\/la-classe-de-2eme-annee-de-cap-sapver-organise-un-repas-grace-a-leurs-projets\/#respond"]}]},{"@type":"WebPage","@id":"https:\/\/www.vallon-bonnevaux.fr\/vbmag\/la-classe-de-2eme-annee-de-cap-sapver-organise-un-repas-grace-a-leurs-projets\/","url":"https:\/\/www.vallon-bonnevaux.fr\/vbmag\/la-classe-de-2eme-annee-de-cap-sapver-organise-un-repas-grace-a-leurs-projets\/","name":"La classe de 2\u00e8me ann\u00e9e de CAP SAPVER organise un repas gr\u00e2ce \u00e0 leurs projets ! - VB Mag","isPartOf":{"@id":"https:\/\/www.vallon-bonnevaux.fr\/vbmag\/#website"},"datePublished":"2024-06-21T12:13:09+00:00","dateModified":"2024-06-21T12:13:09+00:00","breadcrumb":{"@id":"https:\/\/www.vallon-bonnevaux.fr\/vbmag\/la-classe-de-2eme-annee-de-cap-sapver-organise-un-repas-grace-a-leurs-projets\/#breadcrumb"},"inLanguage":"fr-FR","potentialAction":[{"@type":"ReadAction","target":["https:\/\/www.vallon-bonnevaux.fr\/vbmag\/la-classe-de-2eme-annee-de-cap-sapver-organise-un-repas-grace-a-leurs-projets\/"]}]},{"@type":"BreadcrumbList","@id":"https:\/\/www.vallon-bonnevaux.fr\/vbmag\/la-classe-de-2eme-annee-de-cap-sapver-organise-un-repas-grace-a-leurs-projets\/#breadcrumb","itemListElement":[{"@type":"ListItem","position":1,"name":"Accueil","item":"https:\/\/www.vallon-bonnevaux.fr\/vbmag\/"},{"@type":"ListItem","position":2,"name":"La classe de 2\u00e8me ann\u00e9e de CAP SAPVER organise un repas gr\u00e2ce \u00e0 leurs projets !"}]},{"@type":"WebSite","@id":"https:\/\/www.vallon-bonnevaux.fr\/vbmag\/#website","url":"https:\/\/www.vallon-bonnevaux.fr\/vbmag\/","name":"VBmag","description":"","publisher":{"@id":"https:\/\/www.vallon-bonnevaux.fr\/vbmag\/#organization"},"potentialAction":[{"@type":"SearchAction","target":{"@type":"EntryPoint","urlTemplate":"https:\/\/www.vallon-bonnevaux.fr\/vbmag\/?s={search_term_string}"},"query-input":"required name=search_term_string"}],"inLanguage":"fr-FR"},{"@type":"Organization","@id":"https:\/\/www.vallon-bonnevaux.fr\/vbmag\/#organization","name":"VBmag","url":"https:\/\/www.vallon-bonnevaux.fr\/vbmag\/","logo":{"@type":"ImageObject","inLanguage":"fr-FR","@id":"https:\/\/www.vallon-bonnevaux.fr\/vbmag\/#\/schema\/logo\/image\/","url":"https:\/\/www.vallon-bonnevaux.fr\/vbmag\/wp-content\/uploads\/2023\/02\/Bonnevaux-logo-VBmag.png","contentUrl":"https:\/\/www.vallon-bonnevaux.fr\/vbmag\/wp-content\/uploads\/2023\/02\/Bonnevaux-logo-VBmag.png","width":314,"height":143,"caption":"VBmag"},"image":{"@id":"https:\/\/www.vallon-bonnevaux.fr\/vbmag\/#\/schema\/logo\/image\/"},"sameAs":["https:\/\/www.facebook.com\/lyceevallonbonnevaux","https:\/\/www.instagram.com\/lycee_vallon_bonnevaux\/","https:\/\/www.linkedin.com\/company\/leap-le-vallon-les-bonnevaux\/?originalSubdomain=fr"]},{"@type":"Person","@id":"https:\/\/www.vallon-bonnevaux.fr\/vbmag\/#\/schema\/person\/78d4bedf135508e9d2b8d343575fdd31","name":"VBCommunication","image":{"@type":"ImageObject","inLanguage":"fr-FR","@id":"https:\/\/www.vallon-bonnevaux.fr\/vbmag\/#\/schema\/person\/image\/","url":"https:\/\/secure.gravatar.com\/avatar\/58fa64ce54dbedb7c6633693d600c884a245b0f97746903170fa62aae026cedc?s=96&d=mm&r=g","contentUrl":"https:\/\/secure.gravatar.com\/avatar\/58fa64ce54dbedb7c6633693d600c884a245b0f97746903170fa62aae026cedc?s=96&d=mm&r=g","caption":"VBCommunication"},"url":"https:\/\/www.vallon-bonnevaux.fr\/vbmag\/author\/vbcommunication\/"}]}},"_links":{"self":[{"href":"https:\/\/www.vallon-bonnevaux.fr\/vbmag\/wp-json\/wp\/v2\/posts\/2307","targetHints":{"allow":["GET"]}}],"collection":[{"href":"https:\/\/www.vallon-bonnevaux.fr\/vbmag\/wp-json\/wp\/v2\/posts"}],"about":[{"href":"https:\/\/www.vallon-bonnevaux.fr\/vbmag\/wp-json\/wp\/v2\/types\/post"}],"author":[{"embeddable":true,"href":"https:\/\/www.vallon-bonnevaux.fr\/vbmag\/wp-json\/wp\/v2\/users\/2"}],"replies":[{"embeddable":true,"href":"https:\/\/www.vallon-bonnevaux.fr\/vbmag\/wp-json\/wp\/v2\/comments?post=2307"}],"version-history":[{"count":1,"href":"https:\/\/www.vallon-bonnevaux.fr\/vbmag\/wp-json\/wp\/v2\/posts\/2307\/revisions"}],"predecessor-version":[{"id":2311,"href":"https:\/\/www.vallon-bonnevaux.fr\/vbmag\/wp-json\/wp\/v2\/posts\/2307\/revisions\/2311"}],"wp:featuredmedia":[{"embeddable":true,"href":"https:\/\/www.vallon-bonnevaux.fr\/vbmag\/wp-json\/wp\/v2\/media\/2308"}],"wp:attachment":[{"href":"https:\/\/www.vallon-bonnevaux.fr\/vbmag\/wp-json\/wp\/v2\/media?parent=2307"}],"wp:term":[{"taxonomy":"category","embeddable":true,"href":"https:\/\/www.vallon-bonnevaux.fr\/vbmag\/wp-json\/wp\/v2\/categories?post=2307"},{"taxonomy":"post_tag","embeddable":true,"href":"https:\/\/www.vallon-bonnevaux.fr\/vbmag\/wp-json\/wp\/v2\/tags?post=2307"}],"curies":[{"name":"wp","href":"https:\/\/api.w.org\/{rel}","templated":true}]}}