{"id":2333,"date":"2024-06-26T09:51:56","date_gmt":"2024-06-26T07:51:56","guid":{"rendered":"https:\/\/www.vallon-bonnevaux.fr\/vbmag\/?p=2333"},"modified":"2024-06-26T09:56:00","modified_gmt":"2024-06-26T07:56:00","slug":"rassemblement-pastorale-une-journee-dechanges-et-de-reflexion-a-saint-antoine-labbaye-pour-nos-4emes","status":"publish","type":"post","link":"https:\/\/www.vallon-bonnevaux.fr\/vbmag\/rassemblement-pastorale-une-journee-dechanges-et-de-reflexion-a-saint-antoine-labbaye-pour-nos-4emes\/","title":{"rendered":"Rassemblement Pastorale : Une Journ\u00e9e d&rsquo;\u00c9changes et de R\u00e9flexion pour nos 4\u00e8mes"},"content":{"rendered":"<section class=\"wpb-content-wrapper\"><p>[vc_row][vc_column][vc_column_text]<span data-contrast=\"auto\">Les \u00e9l\u00e8ves de quatri\u00e8me de notre lyc\u00e9e se sont rendus \u00e0 Saint-Antoine-l&rsquo;Abbaye pour un rassemblement pastoral, r\u00e9unissant \u00e9galement d&rsquo;autres classes de quatri\u00e8me des lyc\u00e9es agricoles priv\u00e9s de l&rsquo;Is\u00e8re. Organis\u00e9e sur le th\u00e8me de l&rsquo;amour, cette journ\u00e9e a permis \u00e0 nos \u00e9l\u00e8ves de partager des r\u00e9flexions et d&rsquo;\u00e9changer avec leurs pairs sur cette valeur fondamentale.<\/span><span data-ccp-props=\"{&quot;134233117&quot;:false,&quot;134233118&quot;:false,&quot;201341983&quot;:0,&quot;335551550&quot;:0,&quot;335551620&quot;:0,&quot;335559738&quot;:240,&quot;335559739&quot;:240,&quot;335559740&quot;:279}\">\u00a0<\/span><\/p>\n<p><span data-contrast=\"auto\">La rencontre \u00e0 Saint-Antoine-l&rsquo;Abbaye, un lieu charg\u00e9 d&rsquo;histoire, a enrichi l&rsquo;exp\u00e9rience, offrant un cadre id\u00e9al pour approfondir ce th\u00e8me. Cet \u00e9v\u00e9nement a renforc\u00e9 le sentiment d&rsquo;appartenance des \u00e9l\u00e8ves au Lyc\u00e9e Vallon Bonnevaux.<\/span>[\/vc_column_text][\/vc_column][\/vc_row][vc_row][vc_column][vc_column_text][\/vc_column_text][\/vc_column][\/vc_row][vc_row][vc_column][vc_gallery interval=\u00a0\u00bb3&Prime; images=\u00a0\u00bb2334,2335,2336,2337&Prime; img_size=\u00a0\u00bbfull\u00a0\u00bb][\/vc_column][\/vc_row]<\/p>\n<\/section>","protected":false},"excerpt":{"rendered":"<p>[vc_row][vc_column][vc_column_text]Les \u00e9l\u00e8ves de quatri\u00e8me de notre lyc\u00e9e se sont rendus \u00e0 Saint-Antoine-l&rsquo;Abbaye pour un rassemblement pastoral, r\u00e9unissant \u00e9galement d&rsquo;autres classes de quatri\u00e8me des lyc\u00e9es agricoles priv\u00e9s<span class=\"excerpt-hellip\"> [\u2026]<\/span><\/p>\n","protected":false},"author":2,"featured_media":2334,"comment_status":"open","ping_status":"open","sticky":false,"template":"","format":"standard","meta":{"_mi_skip_tracking":false,"_monsterinsights_sitenote_active":false,"_monsterinsights_sitenote_note":"","_monsterinsights_sitenote_category":0,"footnotes":""},"categories":[7,5],"tags":[],"class_list":["post-2333","post","type-post","status-publish","format-standard","has-post-thumbnail","hentry","category-evenement-seminaire","category-sortie-rencontre"],"yoast_head":"<!-- This site is optimized with the Yoast SEO plugin v20.8 - https:\/\/yoast.com\/wordpress\/plugins\/seo\/ -->\n<title>Rassemblement Pastorale : Une Journ\u00e9e d&#039;\u00c9changes et de R\u00e9flexion pour nos 4\u00e8mes - VB Mag<\/title>\n<meta name=\"robots\" content=\"index, follow, max-snippet:-1, max-image-preview:large, max-video-preview:-1\" \/>\n<link rel=\"canonical\" href=\"https:\/\/www.vallon-bonnevaux.fr\/vbmag\/rassemblement-pastorale-une-journee-dechanges-et-de-reflexion-a-saint-antoine-labbaye-pour-nos-4emes\/\" \/>\n<meta property=\"og:locale\" content=\"fr_FR\" \/>\n<meta property=\"og:type\" content=\"article\" \/>\n<meta property=\"og:title\" content=\"Rassemblement Pastorale : Une Journ\u00e9e d&#039;\u00c9changes et de R\u00e9flexion pour nos 4\u00e8mes - VB Mag\" \/>\n<meta property=\"og:description\" content=\"[vc_row][vc_column][vc_column_text]Les \u00e9l\u00e8ves de quatri\u00e8me de notre lyc\u00e9e se sont rendus \u00e0 Saint-Antoine-l&rsquo;Abbaye pour un rassemblement pastoral, r\u00e9unissant \u00e9galement d&rsquo;autres classes de quatri\u00e8me des lyc\u00e9es agricoles priv\u00e9s [\u2026]\" \/>\n<meta property=\"og:url\" content=\"https:\/\/www.vallon-bonnevaux.fr\/vbmag\/rassemblement-pastorale-une-journee-dechanges-et-de-reflexion-a-saint-antoine-labbaye-pour-nos-4emes\/\" \/>\n<meta property=\"og:site_name\" content=\"VB Mag\" \/>\n<meta property=\"article:publisher\" content=\"https:\/\/www.facebook.com\/lyceevallonbonnevaux\" \/>\n<meta property=\"article:published_time\" content=\"2024-06-26T07:51:56+00:00\" \/>\n<meta property=\"article:modified_time\" content=\"2024-06-26T07:56:00+00:00\" \/>\n<meta property=\"og:image\" content=\"https:\/\/www.vallon-bonnevaux.fr\/vbmag\/wp-content\/uploads\/2024\/06\/20240624_RASSEMBLEMENT_PASTORALE_1.jpg\" \/>\n\t<meta property=\"og:image:width\" content=\"800\" \/>\n\t<meta property=\"og:image:height\" content=\"600\" \/>\n\t<meta property=\"og:image:type\" content=\"image\/jpeg\" \/>\n<meta name=\"author\" content=\"VBCommunication\" \/>\n<meta name=\"twitter:card\" content=\"summary_large_image\" \/>\n<meta name=\"twitter:label1\" content=\"\u00c9crit par\" \/>\n\t<meta name=\"twitter:data1\" content=\"VBCommunication\" \/>\n\t<meta name=\"twitter:label2\" content=\"Dur\u00e9e de lecture estim\u00e9e\" \/>\n\t<meta name=\"twitter:data2\" content=\"1 minute\" \/>\n<script type=\"application\/ld+json\" class=\"yoast-schema-graph\">{\"@context\":\"https:\/\/schema.org\",\"@graph\":[{\"@type\":\"Article\",\"@id\":\"https:\/\/www.vallon-bonnevaux.fr\/vbmag\/rassemblement-pastorale-une-journee-dechanges-et-de-reflexion-a-saint-antoine-labbaye-pour-nos-4emes\/#article\",\"isPartOf\":{\"@id\":\"https:\/\/www.vallon-bonnevaux.fr\/vbmag\/rassemblement-pastorale-une-journee-dechanges-et-de-reflexion-a-saint-antoine-labbaye-pour-nos-4emes\/\"},\"author\":{\"name\":\"VBCommunication\",\"@id\":\"https:\/\/www.vallon-bonnevaux.fr\/vbmag\/#\/schema\/person\/78d4bedf135508e9d2b8d343575fdd31\"},\"headline\":\"Rassemblement Pastorale : Une Journ\u00e9e d&rsquo;\u00c9changes et de R\u00e9flexion pour nos 4\u00e8mes\",\"datePublished\":\"2024-06-26T07:51:56+00:00\",\"dateModified\":\"2024-06-26T07:56:00+00:00\",\"mainEntityOfPage\":{\"@id\":\"https:\/\/www.vallon-bonnevaux.fr\/vbmag\/rassemblement-pastorale-une-journee-dechanges-et-de-reflexion-a-saint-antoine-labbaye-pour-nos-4emes\/\"},\"wordCount\":168,\"commentCount\":0,\"publisher\":{\"@id\":\"https:\/\/www.vallon-bonnevaux.fr\/vbmag\/#organization\"},\"articleSection\":[\"\u00c9v\u00e9nement\",\"Sortie &amp; Rencontre\"],\"inLanguage\":\"fr-FR\",\"potentialAction\":[{\"@type\":\"CommentAction\",\"name\":\"Comment\",\"target\":[\"https:\/\/www.vallon-bonnevaux.fr\/vbmag\/rassemblement-pastorale-une-journee-dechanges-et-de-reflexion-a-saint-antoine-labbaye-pour-nos-4emes\/#respond\"]}]},{\"@type\":\"WebPage\",\"@id\":\"https:\/\/www.vallon-bonnevaux.fr\/vbmag\/rassemblement-pastorale-une-journee-dechanges-et-de-reflexion-a-saint-antoine-labbaye-pour-nos-4emes\/\",\"url\":\"https:\/\/www.vallon-bonnevaux.fr\/vbmag\/rassemblement-pastorale-une-journee-dechanges-et-de-reflexion-a-saint-antoine-labbaye-pour-nos-4emes\/\",\"name\":\"Rassemblement Pastorale : Une Journ\u00e9e d'\u00c9changes et de R\u00e9flexion pour nos 4\u00e8mes - VB Mag\",\"isPartOf\":{\"@id\":\"https:\/\/www.vallon-bonnevaux.fr\/vbmag\/#website\"},\"datePublished\":\"2024-06-26T07:51:56+00:00\",\"dateModified\":\"2024-06-26T07:56:00+00:00\",\"breadcrumb\":{\"@id\":\"https:\/\/www.vallon-bonnevaux.fr\/vbmag\/rassemblement-pastorale-une-journee-dechanges-et-de-reflexion-a-saint-antoine-labbaye-pour-nos-4emes\/#breadcrumb\"},\"inLanguage\":\"fr-FR\",\"potentialAction\":[{\"@type\":\"ReadAction\",\"target\":[\"https:\/\/www.vallon-bonnevaux.fr\/vbmag\/rassemblement-pastorale-une-journee-dechanges-et-de-reflexion-a-saint-antoine-labbaye-pour-nos-4emes\/\"]}]},{\"@type\":\"BreadcrumbList\",\"@id\":\"https:\/\/www.vallon-bonnevaux.fr\/vbmag\/rassemblement-pastorale-une-journee-dechanges-et-de-reflexion-a-saint-antoine-labbaye-pour-nos-4emes\/#breadcrumb\",\"itemListElement\":[{\"@type\":\"ListItem\",\"position\":1,\"name\":\"Accueil\",\"item\":\"https:\/\/www.vallon-bonnevaux.fr\/vbmag\/\"},{\"@type\":\"ListItem\",\"position\":2,\"name\":\"Rassemblement Pastorale : Une Journ\u00e9e d&rsquo;\u00c9changes et de R\u00e9flexion pour nos 4\u00e8mes\"}]},{\"@type\":\"WebSite\",\"@id\":\"https:\/\/www.vallon-bonnevaux.fr\/vbmag\/#website\",\"url\":\"https:\/\/www.vallon-bonnevaux.fr\/vbmag\/\",\"name\":\"VBmag\",\"description\":\"\",\"publisher\":{\"@id\":\"https:\/\/www.vallon-bonnevaux.fr\/vbmag\/#organization\"},\"potentialAction\":[{\"@type\":\"SearchAction\",\"target\":{\"@type\":\"EntryPoint\",\"urlTemplate\":\"https:\/\/www.vallon-bonnevaux.fr\/vbmag\/?s={search_term_string}\"},\"query-input\":\"required name=search_term_string\"}],\"inLanguage\":\"fr-FR\"},{\"@type\":\"Organization\",\"@id\":\"https:\/\/www.vallon-bonnevaux.fr\/vbmag\/#organization\",\"name\":\"VBmag\",\"url\":\"https:\/\/www.vallon-bonnevaux.fr\/vbmag\/\",\"logo\":{\"@type\":\"ImageObject\",\"inLanguage\":\"fr-FR\",\"@id\":\"https:\/\/www.vallon-bonnevaux.fr\/vbmag\/#\/schema\/logo\/image\/\",\"url\":\"https:\/\/www.vallon-bonnevaux.fr\/vbmag\/wp-content\/uploads\/2023\/02\/Bonnevaux-logo-VBmag.png\",\"contentUrl\":\"https:\/\/www.vallon-bonnevaux.fr\/vbmag\/wp-content\/uploads\/2023\/02\/Bonnevaux-logo-VBmag.png\",\"width\":314,\"height\":143,\"caption\":\"VBmag\"},\"image\":{\"@id\":\"https:\/\/www.vallon-bonnevaux.fr\/vbmag\/#\/schema\/logo\/image\/\"},\"sameAs\":[\"https:\/\/www.facebook.com\/lyceevallonbonnevaux\",\"https:\/\/www.instagram.com\/lycee_vallon_bonnevaux\/\",\"https:\/\/www.linkedin.com\/company\/leap-le-vallon-les-bonnevaux\/?originalSubdomain=fr\"]},{\"@type\":\"Person\",\"@id\":\"https:\/\/www.vallon-bonnevaux.fr\/vbmag\/#\/schema\/person\/78d4bedf135508e9d2b8d343575fdd31\",\"name\":\"VBCommunication\",\"image\":{\"@type\":\"ImageObject\",\"inLanguage\":\"fr-FR\",\"@id\":\"https:\/\/www.vallon-bonnevaux.fr\/vbmag\/#\/schema\/person\/image\/\",\"url\":\"https:\/\/secure.gravatar.com\/avatar\/58fa64ce54dbedb7c6633693d600c884a245b0f97746903170fa62aae026cedc?s=96&d=mm&r=g\",\"contentUrl\":\"https:\/\/secure.gravatar.com\/avatar\/58fa64ce54dbedb7c6633693d600c884a245b0f97746903170fa62aae026cedc?s=96&d=mm&r=g\",\"caption\":\"VBCommunication\"},\"url\":\"https:\/\/www.vallon-bonnevaux.fr\/vbmag\/author\/vbcommunication\/\"}]}<\/script>\n<!-- \/ Yoast SEO plugin. -->","yoast_head_json":{"title":"Rassemblement Pastorale : Une Journ\u00e9e d'\u00c9changes et de R\u00e9flexion pour nos 4\u00e8mes - VB Mag","robots":{"index":"index","follow":"follow","max-snippet":"max-snippet:-1","max-image-preview":"max-image-preview:large","max-video-preview":"max-video-preview:-1"},"canonical":"https:\/\/www.vallon-bonnevaux.fr\/vbmag\/rassemblement-pastorale-une-journee-dechanges-et-de-reflexion-a-saint-antoine-labbaye-pour-nos-4emes\/","og_locale":"fr_FR","og_type":"article","og_title":"Rassemblement Pastorale : Une Journ\u00e9e d'\u00c9changes et de R\u00e9flexion pour nos 4\u00e8mes - VB Mag","og_description":"[vc_row][vc_column][vc_column_text]Les \u00e9l\u00e8ves de quatri\u00e8me de notre lyc\u00e9e se sont rendus \u00e0 Saint-Antoine-l&rsquo;Abbaye pour un rassemblement pastoral, r\u00e9unissant \u00e9galement d&rsquo;autres classes de quatri\u00e8me des lyc\u00e9es agricoles priv\u00e9s [\u2026]","og_url":"https:\/\/www.vallon-bonnevaux.fr\/vbmag\/rassemblement-pastorale-une-journee-dechanges-et-de-reflexion-a-saint-antoine-labbaye-pour-nos-4emes\/","og_site_name":"VB Mag","article_publisher":"https:\/\/www.facebook.com\/lyceevallonbonnevaux","article_published_time":"2024-06-26T07:51:56+00:00","article_modified_time":"2024-06-26T07:56:00+00:00","og_image":[{"width":800,"height":600,"url":"https:\/\/www.vallon-bonnevaux.fr\/vbmag\/wp-content\/uploads\/2024\/06\/20240624_RASSEMBLEMENT_PASTORALE_1.jpg","type":"image\/jpeg"}],"author":"VBCommunication","twitter_card":"summary_large_image","twitter_misc":{"\u00c9crit par":"VBCommunication","Dur\u00e9e de lecture estim\u00e9e":"1 minute"},"schema":{"@context":"https:\/\/schema.org","@graph":[{"@type":"Article","@id":"https:\/\/www.vallon-bonnevaux.fr\/vbmag\/rassemblement-pastorale-une-journee-dechanges-et-de-reflexion-a-saint-antoine-labbaye-pour-nos-4emes\/#article","isPartOf":{"@id":"https:\/\/www.vallon-bonnevaux.fr\/vbmag\/rassemblement-pastorale-une-journee-dechanges-et-de-reflexion-a-saint-antoine-labbaye-pour-nos-4emes\/"},"author":{"name":"VBCommunication","@id":"https:\/\/www.vallon-bonnevaux.fr\/vbmag\/#\/schema\/person\/78d4bedf135508e9d2b8d343575fdd31"},"headline":"Rassemblement Pastorale : Une Journ\u00e9e d&rsquo;\u00c9changes et de R\u00e9flexion pour nos 4\u00e8mes","datePublished":"2024-06-26T07:51:56+00:00","dateModified":"2024-06-26T07:56:00+00:00","mainEntityOfPage":{"@id":"https:\/\/www.vallon-bonnevaux.fr\/vbmag\/rassemblement-pastorale-une-journee-dechanges-et-de-reflexion-a-saint-antoine-labbaye-pour-nos-4emes\/"},"wordCount":168,"commentCount":0,"publisher":{"@id":"https:\/\/www.vallon-bonnevaux.fr\/vbmag\/#organization"},"articleSection":["\u00c9v\u00e9nement","Sortie &amp; Rencontre"],"inLanguage":"fr-FR","potentialAction":[{"@type":"CommentAction","name":"Comment","target":["https:\/\/www.vallon-bonnevaux.fr\/vbmag\/rassemblement-pastorale-une-journee-dechanges-et-de-reflexion-a-saint-antoine-labbaye-pour-nos-4emes\/#respond"]}]},{"@type":"WebPage","@id":"https:\/\/www.vallon-bonnevaux.fr\/vbmag\/rassemblement-pastorale-une-journee-dechanges-et-de-reflexion-a-saint-antoine-labbaye-pour-nos-4emes\/","url":"https:\/\/www.vallon-bonnevaux.fr\/vbmag\/rassemblement-pastorale-une-journee-dechanges-et-de-reflexion-a-saint-antoine-labbaye-pour-nos-4emes\/","name":"Rassemblement Pastorale : Une Journ\u00e9e d'\u00c9changes et de R\u00e9flexion pour nos 4\u00e8mes - VB Mag","isPartOf":{"@id":"https:\/\/www.vallon-bonnevaux.fr\/vbmag\/#website"},"datePublished":"2024-06-26T07:51:56+00:00","dateModified":"2024-06-26T07:56:00+00:00","breadcrumb":{"@id":"https:\/\/www.vallon-bonnevaux.fr\/vbmag\/rassemblement-pastorale-une-journee-dechanges-et-de-reflexion-a-saint-antoine-labbaye-pour-nos-4emes\/#breadcrumb"},"inLanguage":"fr-FR","potentialAction":[{"@type":"ReadAction","target":["https:\/\/www.vallon-bonnevaux.fr\/vbmag\/rassemblement-pastorale-une-journee-dechanges-et-de-reflexion-a-saint-antoine-labbaye-pour-nos-4emes\/"]}]},{"@type":"BreadcrumbList","@id":"https:\/\/www.vallon-bonnevaux.fr\/vbmag\/rassemblement-pastorale-une-journee-dechanges-et-de-reflexion-a-saint-antoine-labbaye-pour-nos-4emes\/#breadcrumb","itemListElement":[{"@type":"ListItem","position":1,"name":"Accueil","item":"https:\/\/www.vallon-bonnevaux.fr\/vbmag\/"},{"@type":"ListItem","position":2,"name":"Rassemblement Pastorale : Une Journ\u00e9e d&rsquo;\u00c9changes et de R\u00e9flexion pour nos 4\u00e8mes"}]},{"@type":"WebSite","@id":"https:\/\/www.vallon-bonnevaux.fr\/vbmag\/#website","url":"https:\/\/www.vallon-bonnevaux.fr\/vbmag\/","name":"VBmag","description":"","publisher":{"@id":"https:\/\/www.vallon-bonnevaux.fr\/vbmag\/#organization"},"potentialAction":[{"@type":"SearchAction","target":{"@type":"EntryPoint","urlTemplate":"https:\/\/www.vallon-bonnevaux.fr\/vbmag\/?s={search_term_string}"},"query-input":"required name=search_term_string"}],"inLanguage":"fr-FR"},{"@type":"Organization","@id":"https:\/\/www.vallon-bonnevaux.fr\/vbmag\/#organization","name":"VBmag","url":"https:\/\/www.vallon-bonnevaux.fr\/vbmag\/","logo":{"@type":"ImageObject","inLanguage":"fr-FR","@id":"https:\/\/www.vallon-bonnevaux.fr\/vbmag\/#\/schema\/logo\/image\/","url":"https:\/\/www.vallon-bonnevaux.fr\/vbmag\/wp-content\/uploads\/2023\/02\/Bonnevaux-logo-VBmag.png","contentUrl":"https:\/\/www.vallon-bonnevaux.fr\/vbmag\/wp-content\/uploads\/2023\/02\/Bonnevaux-logo-VBmag.png","width":314,"height":143,"caption":"VBmag"},"image":{"@id":"https:\/\/www.vallon-bonnevaux.fr\/vbmag\/#\/schema\/logo\/image\/"},"sameAs":["https:\/\/www.facebook.com\/lyceevallonbonnevaux","https:\/\/www.instagram.com\/lycee_vallon_bonnevaux\/","https:\/\/www.linkedin.com\/company\/leap-le-vallon-les-bonnevaux\/?originalSubdomain=fr"]},{"@type":"Person","@id":"https:\/\/www.vallon-bonnevaux.fr\/vbmag\/#\/schema\/person\/78d4bedf135508e9d2b8d343575fdd31","name":"VBCommunication","image":{"@type":"ImageObject","inLanguage":"fr-FR","@id":"https:\/\/www.vallon-bonnevaux.fr\/vbmag\/#\/schema\/person\/image\/","url":"https:\/\/secure.gravatar.com\/avatar\/58fa64ce54dbedb7c6633693d600c884a245b0f97746903170fa62aae026cedc?s=96&d=mm&r=g","contentUrl":"https:\/\/secure.gravatar.com\/avatar\/58fa64ce54dbedb7c6633693d600c884a245b0f97746903170fa62aae026cedc?s=96&d=mm&r=g","caption":"VBCommunication"},"url":"https:\/\/www.vallon-bonnevaux.fr\/vbmag\/author\/vbcommunication\/"}]}},"_links":{"self":[{"href":"https:\/\/www.vallon-bonnevaux.fr\/vbmag\/wp-json\/wp\/v2\/posts\/2333","targetHints":{"allow":["GET"]}}],"collection":[{"href":"https:\/\/www.vallon-bonnevaux.fr\/vbmag\/wp-json\/wp\/v2\/posts"}],"about":[{"href":"https:\/\/www.vallon-bonnevaux.fr\/vbmag\/wp-json\/wp\/v2\/types\/post"}],"author":[{"embeddable":true,"href":"https:\/\/www.vallon-bonnevaux.fr\/vbmag\/wp-json\/wp\/v2\/users\/2"}],"replies":[{"embeddable":true,"href":"https:\/\/www.vallon-bonnevaux.fr\/vbmag\/wp-json\/wp\/v2\/comments?post=2333"}],"version-history":[{"count":2,"href":"https:\/\/www.vallon-bonnevaux.fr\/vbmag\/wp-json\/wp\/v2\/posts\/2333\/revisions"}],"predecessor-version":[{"id":2339,"href":"https:\/\/www.vallon-bonnevaux.fr\/vbmag\/wp-json\/wp\/v2\/posts\/2333\/revisions\/2339"}],"wp:featuredmedia":[{"embeddable":true,"href":"https:\/\/www.vallon-bonnevaux.fr\/vbmag\/wp-json\/wp\/v2\/media\/2334"}],"wp:attachment":[{"href":"https:\/\/www.vallon-bonnevaux.fr\/vbmag\/wp-json\/wp\/v2\/media?parent=2333"}],"wp:term":[{"taxonomy":"category","embeddable":true,"href":"https:\/\/www.vallon-bonnevaux.fr\/vbmag\/wp-json\/wp\/v2\/categories?post=2333"},{"taxonomy":"post_tag","embeddable":true,"href":"https:\/\/www.vallon-bonnevaux.fr\/vbmag\/wp-json\/wp\/v2\/tags?post=2333"}],"curies":[{"name":"wp","href":"https:\/\/api.w.org\/{rel}","templated":true}]}}