{"id":2340,"date":"2024-06-26T10:33:28","date_gmt":"2024-06-26T08:33:28","guid":{"rendered":"https:\/\/www.vallon-bonnevaux.fr\/vbmag\/?p=2340"},"modified":"2024-06-26T10:33:28","modified_gmt":"2024-06-26T08:33:28","slug":"cours-pratique-de-biologie-en-plein-air-pour-les-3eme","status":"publish","type":"post","link":"https:\/\/www.vallon-bonnevaux.fr\/vbmag\/cours-pratique-de-biologie-en-plein-air-pour-les-3eme\/","title":{"rendered":"Cours Pratique de Biologie en Plein Air pour les 3\u00e8me"},"content":{"rendered":"<section class=\"wpb-content-wrapper\"><p>[vc_row][vc_column][vc_column_text]<span data-contrast=\"auto\">Dans le cadre de leur module de Biologie-\u00c9cologie, les \u00e9l\u00e8ves de troisi\u00e8me du lyc\u00e9e Vallon Bonnevaux ont b\u00e9n\u00e9fici\u00e9 d&rsquo;un cours pratique en plein air, leur permettant de mettre en application leurs connaissances \u00e9cologiques. Cette initiative a \u00e9t\u00e9 consacr\u00e9e \u00e0 l&rsquo;\u00e9tude directe de leur environnement local et \u00e0 la d\u00e9couverte des diff\u00e9rents acteurs de l&rsquo;\u00e9cosyst\u00e8me.<\/span><span data-ccp-props=\"{&quot;134233117&quot;:false,&quot;134233118&quot;:false,&quot;201341983&quot;:0,&quot;335551550&quot;:0,&quot;335551620&quot;:0,&quot;335559738&quot;:240,&quot;335559739&quot;:240,&quot;335559740&quot;:279}\">\u00a0<\/span><\/p>\n<p><span data-contrast=\"auto\">Au cours de cette activit\u00e9, les \u00e9l\u00e8ves se sont impliqu\u00e9s dans la capture et l&rsquo;observation de papillons et d&rsquo;autres insectes du sol, d\u00e9couvrant leur r\u00f4le vital dans la biodiversit\u00e9. Cette approche pratique a stimul\u00e9 leur curiosit\u00e9 et leur engagement envers le sujet.<\/span><span data-ccp-props=\"{&quot;134233117&quot;:false,&quot;134233118&quot;:false,&quot;201341983&quot;:0,&quot;335551550&quot;:0,&quot;335551620&quot;:0,&quot;335559738&quot;:240,&quot;335559739&quot;:240,&quot;335559740&quot;:279}\">\u00a0<\/span><\/p>\n<p><span data-contrast=\"auto\">L&rsquo;activit\u00e9 s&rsquo;est conclue par la lib\u00e9ration des papillons, sensibilisant les \u00e9l\u00e8ves au respect de la vie animale. De plus, l&rsquo;utilisation d&rsquo;une cl\u00e9 de d\u00e9termination (outil de classification biologique) a permis aux \u00e9l\u00e8ves d&rsquo;identifier les esp\u00e8ces observ\u00e9es gr\u00e2ce \u00e0 leurs caract\u00e9ristiques distinctives, enrichissant ainsi leurs connaissances.<\/span><span data-ccp-props=\"{&quot;134233117&quot;:false,&quot;134233118&quot;:false,&quot;201341983&quot;:0,&quot;335551550&quot;:0,&quot;335551620&quot;:0,&quot;335559738&quot;:240,&quot;335559739&quot;:240,&quot;335559740&quot;:279}\">\u00a0<\/span><\/p>\n<p><span data-contrast=\"auto\">Gr\u00e2ce \u00e0 notre \u00e9quipe p\u00e9dagogique et aux classes \u00e0 effectif r\u00e9duit, cette exp\u00e9rience en plein air a \u00e9t\u00e9 salu\u00e9e comme une r\u00e9ussite par tous les participants. Ils ont appr\u00e9ci\u00e9 interagir activement avec leur environnement naturel tout en appliquant des concepts \u00e9cologiques cl\u00e9s.<\/span><span data-ccp-props=\"{&quot;134233117&quot;:false,&quot;134233118&quot;:false,&quot;201341983&quot;:0,&quot;335551550&quot;:0,&quot;335551620&quot;:0,&quot;335559738&quot;:240,&quot;335559739&quot;:240,&quot;335559740&quot;:279}\">\u00a0<\/span>[\/vc_column_text][\/vc_column][\/vc_row][vc_row][vc_column][vc_column_text][\/vc_column_text][\/vc_column][\/vc_row][vc_row][vc_column][vc_gallery interval=\u00a0\u00bb3&Prime; images=\u00a0\u00bb2345,2343,2342,2341&Prime; img_size=\u00a0\u00bbfull\u00a0\u00bb][\/vc_column][\/vc_row]<\/p>\n<\/section>","protected":false},"excerpt":{"rendered":"<p>[vc_row][vc_column][vc_column_text]Dans le cadre de leur module de Biologie-\u00c9cologie, les \u00e9l\u00e8ves de troisi\u00e8me du lyc\u00e9e Vallon Bonnevaux ont b\u00e9n\u00e9fici\u00e9 d&rsquo;un cours pratique en plein air, leur permettant<span class=\"excerpt-hellip\"> [\u2026]<\/span><\/p>\n","protected":false},"author":2,"featured_media":2341,"comment_status":"open","ping_status":"open","sticky":false,"template":"","format":"standard","meta":{"_mi_skip_tracking":false,"_monsterinsights_sitenote_active":false,"_monsterinsights_sitenote_note":"","_monsterinsights_sitenote_category":0,"footnotes":""},"categories":[4,3],"tags":[],"class_list":["post-2340","post","type-post","status-publish","format-standard","has-post-thumbnail","hentry","category-atelier-animation","category-formation-pedagogie"],"yoast_head":"<!-- This site is optimized with the Yoast SEO plugin v20.8 - https:\/\/yoast.com\/wordpress\/plugins\/seo\/ -->\n<title>Cours Pratique de Biologie en Plein Air pour les 3\u00e8me - VB Mag<\/title>\n<meta name=\"robots\" content=\"index, follow, max-snippet:-1, max-image-preview:large, max-video-preview:-1\" \/>\n<link rel=\"canonical\" href=\"https:\/\/www.vallon-bonnevaux.fr\/vbmag\/cours-pratique-de-biologie-en-plein-air-pour-les-3eme\/\" \/>\n<meta property=\"og:locale\" content=\"fr_FR\" \/>\n<meta property=\"og:type\" content=\"article\" \/>\n<meta property=\"og:title\" content=\"Cours Pratique de Biologie en Plein Air pour les 3\u00e8me - VB Mag\" \/>\n<meta property=\"og:description\" content=\"[vc_row][vc_column][vc_column_text]Dans le cadre de leur module de Biologie-\u00c9cologie, les \u00e9l\u00e8ves de troisi\u00e8me du lyc\u00e9e Vallon Bonnevaux ont b\u00e9n\u00e9fici\u00e9 d&rsquo;un cours pratique en plein air, leur permettant [\u2026]\" \/>\n<meta property=\"og:url\" content=\"https:\/\/www.vallon-bonnevaux.fr\/vbmag\/cours-pratique-de-biologie-en-plein-air-pour-les-3eme\/\" \/>\n<meta property=\"og:site_name\" content=\"VB Mag\" \/>\n<meta property=\"article:publisher\" content=\"https:\/\/www.facebook.com\/lyceevallonbonnevaux\" \/>\n<meta property=\"article:published_time\" content=\"2024-06-26T08:33:28+00:00\" \/>\n<meta property=\"og:image\" content=\"https:\/\/www.vallon-bonnevaux.fr\/vbmag\/wp-content\/uploads\/2024\/06\/20240624_3EC_COURSENPLEINAIR_1.jpg\" \/>\n\t<meta property=\"og:image:width\" content=\"450\" \/>\n\t<meta property=\"og:image:height\" content=\"600\" \/>\n\t<meta property=\"og:image:type\" content=\"image\/jpeg\" \/>\n<meta name=\"author\" content=\"VBCommunication\" \/>\n<meta name=\"twitter:card\" content=\"summary_large_image\" \/>\n<meta name=\"twitter:label1\" content=\"\u00c9crit par\" \/>\n\t<meta name=\"twitter:data1\" content=\"VBCommunication\" \/>\n\t<meta name=\"twitter:label2\" content=\"Dur\u00e9e de lecture estim\u00e9e\" \/>\n\t<meta name=\"twitter:data2\" content=\"1 minute\" \/>\n<script type=\"application\/ld+json\" class=\"yoast-schema-graph\">{\"@context\":\"https:\/\/schema.org\",\"@graph\":[{\"@type\":\"Article\",\"@id\":\"https:\/\/www.vallon-bonnevaux.fr\/vbmag\/cours-pratique-de-biologie-en-plein-air-pour-les-3eme\/#article\",\"isPartOf\":{\"@id\":\"https:\/\/www.vallon-bonnevaux.fr\/vbmag\/cours-pratique-de-biologie-en-plein-air-pour-les-3eme\/\"},\"author\":{\"name\":\"VBCommunication\",\"@id\":\"https:\/\/www.vallon-bonnevaux.fr\/vbmag\/#\/schema\/person\/78d4bedf135508e9d2b8d343575fdd31\"},\"headline\":\"Cours Pratique de Biologie en Plein Air pour les 3\u00e8me\",\"datePublished\":\"2024-06-26T08:33:28+00:00\",\"dateModified\":\"2024-06-26T08:33:28+00:00\",\"mainEntityOfPage\":{\"@id\":\"https:\/\/www.vallon-bonnevaux.fr\/vbmag\/cours-pratique-de-biologie-en-plein-air-pour-les-3eme\/\"},\"wordCount\":271,\"commentCount\":0,\"publisher\":{\"@id\":\"https:\/\/www.vallon-bonnevaux.fr\/vbmag\/#organization\"},\"articleSection\":[\"Atelier &amp; Animation\",\"Formation &amp; P\u00e9dagogie\"],\"inLanguage\":\"fr-FR\",\"potentialAction\":[{\"@type\":\"CommentAction\",\"name\":\"Comment\",\"target\":[\"https:\/\/www.vallon-bonnevaux.fr\/vbmag\/cours-pratique-de-biologie-en-plein-air-pour-les-3eme\/#respond\"]}]},{\"@type\":\"WebPage\",\"@id\":\"https:\/\/www.vallon-bonnevaux.fr\/vbmag\/cours-pratique-de-biologie-en-plein-air-pour-les-3eme\/\",\"url\":\"https:\/\/www.vallon-bonnevaux.fr\/vbmag\/cours-pratique-de-biologie-en-plein-air-pour-les-3eme\/\",\"name\":\"Cours Pratique de Biologie en Plein Air pour les 3\u00e8me - VB Mag\",\"isPartOf\":{\"@id\":\"https:\/\/www.vallon-bonnevaux.fr\/vbmag\/#website\"},\"datePublished\":\"2024-06-26T08:33:28+00:00\",\"dateModified\":\"2024-06-26T08:33:28+00:00\",\"breadcrumb\":{\"@id\":\"https:\/\/www.vallon-bonnevaux.fr\/vbmag\/cours-pratique-de-biologie-en-plein-air-pour-les-3eme\/#breadcrumb\"},\"inLanguage\":\"fr-FR\",\"potentialAction\":[{\"@type\":\"ReadAction\",\"target\":[\"https:\/\/www.vallon-bonnevaux.fr\/vbmag\/cours-pratique-de-biologie-en-plein-air-pour-les-3eme\/\"]}]},{\"@type\":\"BreadcrumbList\",\"@id\":\"https:\/\/www.vallon-bonnevaux.fr\/vbmag\/cours-pratique-de-biologie-en-plein-air-pour-les-3eme\/#breadcrumb\",\"itemListElement\":[{\"@type\":\"ListItem\",\"position\":1,\"name\":\"Accueil\",\"item\":\"https:\/\/www.vallon-bonnevaux.fr\/vbmag\/\"},{\"@type\":\"ListItem\",\"position\":2,\"name\":\"Cours Pratique de Biologie en Plein Air pour les 3\u00e8me\"}]},{\"@type\":\"WebSite\",\"@id\":\"https:\/\/www.vallon-bonnevaux.fr\/vbmag\/#website\",\"url\":\"https:\/\/www.vallon-bonnevaux.fr\/vbmag\/\",\"name\":\"VBmag\",\"description\":\"\",\"publisher\":{\"@id\":\"https:\/\/www.vallon-bonnevaux.fr\/vbmag\/#organization\"},\"potentialAction\":[{\"@type\":\"SearchAction\",\"target\":{\"@type\":\"EntryPoint\",\"urlTemplate\":\"https:\/\/www.vallon-bonnevaux.fr\/vbmag\/?s={search_term_string}\"},\"query-input\":\"required name=search_term_string\"}],\"inLanguage\":\"fr-FR\"},{\"@type\":\"Organization\",\"@id\":\"https:\/\/www.vallon-bonnevaux.fr\/vbmag\/#organization\",\"name\":\"VBmag\",\"url\":\"https:\/\/www.vallon-bonnevaux.fr\/vbmag\/\",\"logo\":{\"@type\":\"ImageObject\",\"inLanguage\":\"fr-FR\",\"@id\":\"https:\/\/www.vallon-bonnevaux.fr\/vbmag\/#\/schema\/logo\/image\/\",\"url\":\"https:\/\/www.vallon-bonnevaux.fr\/vbmag\/wp-content\/uploads\/2023\/02\/Bonnevaux-logo-VBmag.png\",\"contentUrl\":\"https:\/\/www.vallon-bonnevaux.fr\/vbmag\/wp-content\/uploads\/2023\/02\/Bonnevaux-logo-VBmag.png\",\"width\":314,\"height\":143,\"caption\":\"VBmag\"},\"image\":{\"@id\":\"https:\/\/www.vallon-bonnevaux.fr\/vbmag\/#\/schema\/logo\/image\/\"},\"sameAs\":[\"https:\/\/www.facebook.com\/lyceevallonbonnevaux\",\"https:\/\/www.instagram.com\/lycee_vallon_bonnevaux\/\",\"https:\/\/www.linkedin.com\/company\/leap-le-vallon-les-bonnevaux\/?originalSubdomain=fr\"]},{\"@type\":\"Person\",\"@id\":\"https:\/\/www.vallon-bonnevaux.fr\/vbmag\/#\/schema\/person\/78d4bedf135508e9d2b8d343575fdd31\",\"name\":\"VBCommunication\",\"image\":{\"@type\":\"ImageObject\",\"inLanguage\":\"fr-FR\",\"@id\":\"https:\/\/www.vallon-bonnevaux.fr\/vbmag\/#\/schema\/person\/image\/\",\"url\":\"https:\/\/secure.gravatar.com\/avatar\/58fa64ce54dbedb7c6633693d600c884a245b0f97746903170fa62aae026cedc?s=96&d=mm&r=g\",\"contentUrl\":\"https:\/\/secure.gravatar.com\/avatar\/58fa64ce54dbedb7c6633693d600c884a245b0f97746903170fa62aae026cedc?s=96&d=mm&r=g\",\"caption\":\"VBCommunication\"},\"url\":\"https:\/\/www.vallon-bonnevaux.fr\/vbmag\/author\/vbcommunication\/\"}]}<\/script>\n<!-- \/ Yoast SEO plugin. -->","yoast_head_json":{"title":"Cours Pratique de Biologie en Plein Air pour les 3\u00e8me - VB Mag","robots":{"index":"index","follow":"follow","max-snippet":"max-snippet:-1","max-image-preview":"max-image-preview:large","max-video-preview":"max-video-preview:-1"},"canonical":"https:\/\/www.vallon-bonnevaux.fr\/vbmag\/cours-pratique-de-biologie-en-plein-air-pour-les-3eme\/","og_locale":"fr_FR","og_type":"article","og_title":"Cours Pratique de Biologie en Plein Air pour les 3\u00e8me - VB Mag","og_description":"[vc_row][vc_column][vc_column_text]Dans le cadre de leur module de Biologie-\u00c9cologie, les \u00e9l\u00e8ves de troisi\u00e8me du lyc\u00e9e Vallon Bonnevaux ont b\u00e9n\u00e9fici\u00e9 d&rsquo;un cours pratique en plein air, leur permettant [\u2026]","og_url":"https:\/\/www.vallon-bonnevaux.fr\/vbmag\/cours-pratique-de-biologie-en-plein-air-pour-les-3eme\/","og_site_name":"VB Mag","article_publisher":"https:\/\/www.facebook.com\/lyceevallonbonnevaux","article_published_time":"2024-06-26T08:33:28+00:00","og_image":[{"width":450,"height":600,"url":"https:\/\/www.vallon-bonnevaux.fr\/vbmag\/wp-content\/uploads\/2024\/06\/20240624_3EC_COURSENPLEINAIR_1.jpg","type":"image\/jpeg"}],"author":"VBCommunication","twitter_card":"summary_large_image","twitter_misc":{"\u00c9crit par":"VBCommunication","Dur\u00e9e de lecture estim\u00e9e":"1 minute"},"schema":{"@context":"https:\/\/schema.org","@graph":[{"@type":"Article","@id":"https:\/\/www.vallon-bonnevaux.fr\/vbmag\/cours-pratique-de-biologie-en-plein-air-pour-les-3eme\/#article","isPartOf":{"@id":"https:\/\/www.vallon-bonnevaux.fr\/vbmag\/cours-pratique-de-biologie-en-plein-air-pour-les-3eme\/"},"author":{"name":"VBCommunication","@id":"https:\/\/www.vallon-bonnevaux.fr\/vbmag\/#\/schema\/person\/78d4bedf135508e9d2b8d343575fdd31"},"headline":"Cours Pratique de Biologie en Plein Air pour les 3\u00e8me","datePublished":"2024-06-26T08:33:28+00:00","dateModified":"2024-06-26T08:33:28+00:00","mainEntityOfPage":{"@id":"https:\/\/www.vallon-bonnevaux.fr\/vbmag\/cours-pratique-de-biologie-en-plein-air-pour-les-3eme\/"},"wordCount":271,"commentCount":0,"publisher":{"@id":"https:\/\/www.vallon-bonnevaux.fr\/vbmag\/#organization"},"articleSection":["Atelier &amp; Animation","Formation &amp; P\u00e9dagogie"],"inLanguage":"fr-FR","potentialAction":[{"@type":"CommentAction","name":"Comment","target":["https:\/\/www.vallon-bonnevaux.fr\/vbmag\/cours-pratique-de-biologie-en-plein-air-pour-les-3eme\/#respond"]}]},{"@type":"WebPage","@id":"https:\/\/www.vallon-bonnevaux.fr\/vbmag\/cours-pratique-de-biologie-en-plein-air-pour-les-3eme\/","url":"https:\/\/www.vallon-bonnevaux.fr\/vbmag\/cours-pratique-de-biologie-en-plein-air-pour-les-3eme\/","name":"Cours Pratique de Biologie en Plein Air pour les 3\u00e8me - VB Mag","isPartOf":{"@id":"https:\/\/www.vallon-bonnevaux.fr\/vbmag\/#website"},"datePublished":"2024-06-26T08:33:28+00:00","dateModified":"2024-06-26T08:33:28+00:00","breadcrumb":{"@id":"https:\/\/www.vallon-bonnevaux.fr\/vbmag\/cours-pratique-de-biologie-en-plein-air-pour-les-3eme\/#breadcrumb"},"inLanguage":"fr-FR","potentialAction":[{"@type":"ReadAction","target":["https:\/\/www.vallon-bonnevaux.fr\/vbmag\/cours-pratique-de-biologie-en-plein-air-pour-les-3eme\/"]}]},{"@type":"BreadcrumbList","@id":"https:\/\/www.vallon-bonnevaux.fr\/vbmag\/cours-pratique-de-biologie-en-plein-air-pour-les-3eme\/#breadcrumb","itemListElement":[{"@type":"ListItem","position":1,"name":"Accueil","item":"https:\/\/www.vallon-bonnevaux.fr\/vbmag\/"},{"@type":"ListItem","position":2,"name":"Cours Pratique de Biologie en Plein Air pour les 3\u00e8me"}]},{"@type":"WebSite","@id":"https:\/\/www.vallon-bonnevaux.fr\/vbmag\/#website","url":"https:\/\/www.vallon-bonnevaux.fr\/vbmag\/","name":"VBmag","description":"","publisher":{"@id":"https:\/\/www.vallon-bonnevaux.fr\/vbmag\/#organization"},"potentialAction":[{"@type":"SearchAction","target":{"@type":"EntryPoint","urlTemplate":"https:\/\/www.vallon-bonnevaux.fr\/vbmag\/?s={search_term_string}"},"query-input":"required name=search_term_string"}],"inLanguage":"fr-FR"},{"@type":"Organization","@id":"https:\/\/www.vallon-bonnevaux.fr\/vbmag\/#organization","name":"VBmag","url":"https:\/\/www.vallon-bonnevaux.fr\/vbmag\/","logo":{"@type":"ImageObject","inLanguage":"fr-FR","@id":"https:\/\/www.vallon-bonnevaux.fr\/vbmag\/#\/schema\/logo\/image\/","url":"https:\/\/www.vallon-bonnevaux.fr\/vbmag\/wp-content\/uploads\/2023\/02\/Bonnevaux-logo-VBmag.png","contentUrl":"https:\/\/www.vallon-bonnevaux.fr\/vbmag\/wp-content\/uploads\/2023\/02\/Bonnevaux-logo-VBmag.png","width":314,"height":143,"caption":"VBmag"},"image":{"@id":"https:\/\/www.vallon-bonnevaux.fr\/vbmag\/#\/schema\/logo\/image\/"},"sameAs":["https:\/\/www.facebook.com\/lyceevallonbonnevaux","https:\/\/www.instagram.com\/lycee_vallon_bonnevaux\/","https:\/\/www.linkedin.com\/company\/leap-le-vallon-les-bonnevaux\/?originalSubdomain=fr"]},{"@type":"Person","@id":"https:\/\/www.vallon-bonnevaux.fr\/vbmag\/#\/schema\/person\/78d4bedf135508e9d2b8d343575fdd31","name":"VBCommunication","image":{"@type":"ImageObject","inLanguage":"fr-FR","@id":"https:\/\/www.vallon-bonnevaux.fr\/vbmag\/#\/schema\/person\/image\/","url":"https:\/\/secure.gravatar.com\/avatar\/58fa64ce54dbedb7c6633693d600c884a245b0f97746903170fa62aae026cedc?s=96&d=mm&r=g","contentUrl":"https:\/\/secure.gravatar.com\/avatar\/58fa64ce54dbedb7c6633693d600c884a245b0f97746903170fa62aae026cedc?s=96&d=mm&r=g","caption":"VBCommunication"},"url":"https:\/\/www.vallon-bonnevaux.fr\/vbmag\/author\/vbcommunication\/"}]}},"_links":{"self":[{"href":"https:\/\/www.vallon-bonnevaux.fr\/vbmag\/wp-json\/wp\/v2\/posts\/2340","targetHints":{"allow":["GET"]}}],"collection":[{"href":"https:\/\/www.vallon-bonnevaux.fr\/vbmag\/wp-json\/wp\/v2\/posts"}],"about":[{"href":"https:\/\/www.vallon-bonnevaux.fr\/vbmag\/wp-json\/wp\/v2\/types\/post"}],"author":[{"embeddable":true,"href":"https:\/\/www.vallon-bonnevaux.fr\/vbmag\/wp-json\/wp\/v2\/users\/2"}],"replies":[{"embeddable":true,"href":"https:\/\/www.vallon-bonnevaux.fr\/vbmag\/wp-json\/wp\/v2\/comments?post=2340"}],"version-history":[{"count":2,"href":"https:\/\/www.vallon-bonnevaux.fr\/vbmag\/wp-json\/wp\/v2\/posts\/2340\/revisions"}],"predecessor-version":[{"id":2347,"href":"https:\/\/www.vallon-bonnevaux.fr\/vbmag\/wp-json\/wp\/v2\/posts\/2340\/revisions\/2347"}],"wp:featuredmedia":[{"embeddable":true,"href":"https:\/\/www.vallon-bonnevaux.fr\/vbmag\/wp-json\/wp\/v2\/media\/2341"}],"wp:attachment":[{"href":"https:\/\/www.vallon-bonnevaux.fr\/vbmag\/wp-json\/wp\/v2\/media?parent=2340"}],"wp:term":[{"taxonomy":"category","embeddable":true,"href":"https:\/\/www.vallon-bonnevaux.fr\/vbmag\/wp-json\/wp\/v2\/categories?post=2340"},{"taxonomy":"post_tag","embeddable":true,"href":"https:\/\/www.vallon-bonnevaux.fr\/vbmag\/wp-json\/wp\/v2\/tags?post=2340"}],"curies":[{"name":"wp","href":"https:\/\/api.w.org\/{rel}","templated":true}]}}