{"id":2444,"date":"2024-12-19T14:23:23","date_gmt":"2024-12-19T13:23:23","guid":{"rendered":"https:\/\/www.vallon-bonnevaux.fr\/vbmag\/?p=2444"},"modified":"2024-12-19T14:23:23","modified_gmt":"2024-12-19T13:23:23","slug":"%e2%9c%a8les-apprenantes-cap-aepe-a-lecole-maternelle-creativite-et-professionnalisme-au-service-des-enfants-et-de-la-solidarite%e2%9c%a8","status":"publish","type":"post","link":"https:\/\/www.vallon-bonnevaux.fr\/vbmag\/%e2%9c%a8les-apprenantes-cap-aepe-a-lecole-maternelle-creativite-et-professionnalisme-au-service-des-enfants-et-de-la-solidarite%e2%9c%a8\/","title":{"rendered":"\u2728Les apprenantes CAP AEPE \u00e0 l\u2019\u00e9cole maternelle : cr\u00e9ativit\u00e9 et professionnalisme au service des enfants et de la solidarit\u00e9\u2728"},"content":{"rendered":"<p>Le jeudi 12 d\u00e9cembre, nos apprenantes en formation CAP Accompagnant \u00c9ducatif Petite Enfance (AEPE) ont mis en pratique leurs comp\u00e9tences professionnelles en animant des ateliers cr\u00e9atifs sur le th\u00e8me de No\u00ebl \u00e0 l\u2019\u00e9cole Sainte \u00c9milie de Rodat.<\/p>\n<p>Lors de cette journ\u00e9e, elles ont accompagn\u00e9 les enfants des classes de petite\/moyenne section et grande section\/CP dans la r\u00e9alisation de <strong>cartes de No\u00ebl<\/strong>, un projet \u00e0 la fois ludique et solidaire. Trois cartes ont \u00e9t\u00e9 confectionn\u00e9es par chaque enfant : l&rsquo;une \u00e0 emporter chez eux et deux destin\u00e9es \u00e0 l&rsquo;association <strong>\u00ab\u00a0Les Elfes de Marinette\u00a0\u00bb<\/strong>, qui se charge de distribuer ces cr\u00e9ations aux personnes \u00e2g\u00e9es en EHPAD, aux enfants hospitalis\u00e9s et aux adultes en soins.<\/p>\n<p>Nos apprenantes se sont investies comme de v\u00e9ritables <strong>ATSEM (Agents Territoriaux Sp\u00e9cialis\u00e9s des \u00c9coles Maternelles)<\/strong>. Elles ont con\u00e7u et pr\u00e9par\u00e9 les ateliers dans les moindres d\u00e9tails, s\u2019appropriant ainsi plusieurs comp\u00e9tences du <strong>r\u00e9f\u00e9rentiel de formation du CAP AEPE<\/strong> :<\/p>\n<ul>\n<li><strong>Accompagnement de l\u2019enfant dans ses d\u00e9couvertes et ses apprentissages<\/strong> : elles ont guid\u00e9 les enfants dans la r\u00e9alisation de cartes, favorisant leur cr\u00e9ativit\u00e9 et leur motricit\u00e9 fine.<\/li>\n<li><strong>Animation et mise en \u0153uvre d\u2019activit\u00e9s \u00e9ducatives<\/strong> : elles ont con\u00e7u des activit\u00e9s adapt\u00e9es \u00e0 chaque tranche d\u2019\u00e2ge, comme le d\u00e9coupage et l\u2019utilisation de gabarits.<\/li>\n<li><strong>Posture professionnelle<\/strong> : elles ont su g\u00e9rer les groupes avec patience, bienveillance et dynamisme, \u00e0 l\u2019image du r\u00f4le attendu d\u2019une ATSEM en milieu scolaire.<\/li>\n<\/ul>\n<p>Un grand bravo \u00e0 ce groupe pour leur investissement, leur sens de l\u2019organisation et leur d\u00e9marche solidaire. Cette journ\u00e9e est une belle illustration de la compl\u00e9mentarit\u00e9 entre le <strong>m\u00e9tier d\u2019ATSEM<\/strong> et la formation CAP AEPE, qui pr\u00e9pare nos apprenantes \u00e0 accompagner les enfants dans leur d\u00e9veloppement tout en participant activement \u00e0 des projets \u00e9ducatifs.<\/p>\n<p>\u27a1\ufe0f <strong>Un geste cr\u00e9atif pour un No\u00ebl solidaire et un bel entra\u00eenement pour leur future carri\u00e8re professionnelle !<\/strong><\/p>\n","protected":false},"excerpt":{"rendered":"<p>Le jeudi 12 d\u00e9cembre, nos apprenantes en formation CAP Accompagnant \u00c9ducatif Petite Enfance (AEPE) ont mis en pratique leurs comp\u00e9tences professionnelles en animant des ateliers cr\u00e9atifs<span class=\"excerpt-hellip\"> [\u2026]<\/span><\/p>\n","protected":false},"author":2,"featured_media":2445,"comment_status":"open","ping_status":"open","sticky":false,"template":"","format":"standard","meta":{"_mi_skip_tracking":false,"_monsterinsights_sitenote_active":false,"_monsterinsights_sitenote_note":"","_monsterinsights_sitenote_category":0,"footnotes":""},"categories":[2,3],"tags":[],"class_list":["post-2444","post","type-post","status-publish","format-standard","has-post-thumbnail","hentry","category-actualites-infos","category-formation-pedagogie"],"yoast_head":"<!-- This site is optimized with the Yoast SEO plugin v20.8 - https:\/\/yoast.com\/wordpress\/plugins\/seo\/ -->\n<title>\u2728Les apprenantes CAP AEPE \u00e0 l\u2019\u00e9cole maternelle : cr\u00e9ativit\u00e9 et professionnalisme au service des enfants et de la solidarit\u00e9\u2728 - VB Mag<\/title>\n<meta name=\"robots\" content=\"index, follow, max-snippet:-1, max-image-preview:large, max-video-preview:-1\" \/>\n<link rel=\"canonical\" href=\"https:\/\/www.vallon-bonnevaux.fr\/vbmag\/\u2728les-apprenantes-cap-aepe-a-lecole-maternelle-creativite-et-professionnalisme-au-service-des-enfants-et-de-la-solidarite\u2728\/\" \/>\n<meta property=\"og:locale\" content=\"fr_FR\" \/>\n<meta property=\"og:type\" content=\"article\" \/>\n<meta property=\"og:title\" content=\"\u2728Les apprenantes CAP AEPE \u00e0 l\u2019\u00e9cole maternelle : cr\u00e9ativit\u00e9 et professionnalisme au service des enfants et de la solidarit\u00e9\u2728 - VB Mag\" \/>\n<meta property=\"og:description\" content=\"Le jeudi 12 d\u00e9cembre, nos apprenantes en formation CAP Accompagnant \u00c9ducatif Petite Enfance (AEPE) ont mis en pratique leurs comp\u00e9tences professionnelles en animant des ateliers cr\u00e9atifs [\u2026]\" \/>\n<meta property=\"og:url\" content=\"https:\/\/www.vallon-bonnevaux.fr\/vbmag\/\u2728les-apprenantes-cap-aepe-a-lecole-maternelle-creativite-et-professionnalisme-au-service-des-enfants-et-de-la-solidarite\u2728\/\" \/>\n<meta property=\"og:site_name\" content=\"VB Mag\" \/>\n<meta property=\"article:publisher\" content=\"https:\/\/www.facebook.com\/lyceevallonbonnevaux\" \/>\n<meta property=\"article:published_time\" content=\"2024-12-19T13:23:23+00:00\" \/>\n<meta property=\"og:image\" content=\"https:\/\/www.vallon-bonnevaux.fr\/vbmag\/wp-content\/uploads\/2024\/12\/IMG_5540-scaled.jpg\" \/>\n\t<meta property=\"og:image:width\" content=\"1920\" \/>\n\t<meta property=\"og:image:height\" content=\"2560\" \/>\n\t<meta property=\"og:image:type\" content=\"image\/jpeg\" \/>\n<meta name=\"author\" content=\"VBCommunication\" \/>\n<meta name=\"twitter:card\" content=\"summary_large_image\" \/>\n<meta name=\"twitter:label1\" content=\"\u00c9crit par\" \/>\n\t<meta name=\"twitter:data1\" content=\"VBCommunication\" \/>\n\t<meta name=\"twitter:label2\" content=\"Dur\u00e9e de lecture estim\u00e9e\" \/>\n\t<meta name=\"twitter:data2\" content=\"2 minutes\" \/>\n<script type=\"application\/ld+json\" class=\"yoast-schema-graph\">{\"@context\":\"https:\/\/schema.org\",\"@graph\":[{\"@type\":\"Article\",\"@id\":\"https:\/\/www.vallon-bonnevaux.fr\/vbmag\/%e2%9c%a8les-apprenantes-cap-aepe-a-lecole-maternelle-creativite-et-professionnalisme-au-service-des-enfants-et-de-la-solidarite%e2%9c%a8\/#article\",\"isPartOf\":{\"@id\":\"https:\/\/www.vallon-bonnevaux.fr\/vbmag\/%e2%9c%a8les-apprenantes-cap-aepe-a-lecole-maternelle-creativite-et-professionnalisme-au-service-des-enfants-et-de-la-solidarite%e2%9c%a8\/\"},\"author\":{\"name\":\"VBCommunication\",\"@id\":\"https:\/\/www.vallon-bonnevaux.fr\/vbmag\/#\/schema\/person\/78d4bedf135508e9d2b8d343575fdd31\"},\"headline\":\"\u2728Les apprenantes CAP AEPE \u00e0 l\u2019\u00e9cole maternelle : cr\u00e9ativit\u00e9 et professionnalisme au service des enfants et de la solidarit\u00e9\u2728\",\"datePublished\":\"2024-12-19T13:23:23+00:00\",\"dateModified\":\"2024-12-19T13:23:23+00:00\",\"mainEntityOfPage\":{\"@id\":\"https:\/\/www.vallon-bonnevaux.fr\/vbmag\/%e2%9c%a8les-apprenantes-cap-aepe-a-lecole-maternelle-creativite-et-professionnalisme-au-service-des-enfants-et-de-la-solidarite%e2%9c%a8\/\"},\"wordCount\":356,\"commentCount\":0,\"publisher\":{\"@id\":\"https:\/\/www.vallon-bonnevaux.fr\/vbmag\/#organization\"},\"articleSection\":[\"Actualit\u00e9s &amp; infos\",\"Formation &amp; P\u00e9dagogie\"],\"inLanguage\":\"fr-FR\",\"potentialAction\":[{\"@type\":\"CommentAction\",\"name\":\"Comment\",\"target\":[\"https:\/\/www.vallon-bonnevaux.fr\/vbmag\/%e2%9c%a8les-apprenantes-cap-aepe-a-lecole-maternelle-creativite-et-professionnalisme-au-service-des-enfants-et-de-la-solidarite%e2%9c%a8\/#respond\"]}]},{\"@type\":\"WebPage\",\"@id\":\"https:\/\/www.vallon-bonnevaux.fr\/vbmag\/%e2%9c%a8les-apprenantes-cap-aepe-a-lecole-maternelle-creativite-et-professionnalisme-au-service-des-enfants-et-de-la-solidarite%e2%9c%a8\/\",\"url\":\"https:\/\/www.vallon-bonnevaux.fr\/vbmag\/%e2%9c%a8les-apprenantes-cap-aepe-a-lecole-maternelle-creativite-et-professionnalisme-au-service-des-enfants-et-de-la-solidarite%e2%9c%a8\/\",\"name\":\"\u2728Les apprenantes CAP AEPE \u00e0 l\u2019\u00e9cole maternelle : cr\u00e9ativit\u00e9 et professionnalisme au service des enfants et de la solidarit\u00e9\u2728 - VB Mag\",\"isPartOf\":{\"@id\":\"https:\/\/www.vallon-bonnevaux.fr\/vbmag\/#website\"},\"datePublished\":\"2024-12-19T13:23:23+00:00\",\"dateModified\":\"2024-12-19T13:23:23+00:00\",\"breadcrumb\":{\"@id\":\"https:\/\/www.vallon-bonnevaux.fr\/vbmag\/%e2%9c%a8les-apprenantes-cap-aepe-a-lecole-maternelle-creativite-et-professionnalisme-au-service-des-enfants-et-de-la-solidarite%e2%9c%a8\/#breadcrumb\"},\"inLanguage\":\"fr-FR\",\"potentialAction\":[{\"@type\":\"ReadAction\",\"target\":[\"https:\/\/www.vallon-bonnevaux.fr\/vbmag\/%e2%9c%a8les-apprenantes-cap-aepe-a-lecole-maternelle-creativite-et-professionnalisme-au-service-des-enfants-et-de-la-solidarite%e2%9c%a8\/\"]}]},{\"@type\":\"BreadcrumbList\",\"@id\":\"https:\/\/www.vallon-bonnevaux.fr\/vbmag\/%e2%9c%a8les-apprenantes-cap-aepe-a-lecole-maternelle-creativite-et-professionnalisme-au-service-des-enfants-et-de-la-solidarite%e2%9c%a8\/#breadcrumb\",\"itemListElement\":[{\"@type\":\"ListItem\",\"position\":1,\"name\":\"Accueil\",\"item\":\"https:\/\/www.vallon-bonnevaux.fr\/vbmag\/\"},{\"@type\":\"ListItem\",\"position\":2,\"name\":\"\u2728Les apprenantes CAP AEPE \u00e0 l\u2019\u00e9cole maternelle : cr\u00e9ativit\u00e9 et professionnalisme au service des enfants et de la solidarit\u00e9\u2728\"}]},{\"@type\":\"WebSite\",\"@id\":\"https:\/\/www.vallon-bonnevaux.fr\/vbmag\/#website\",\"url\":\"https:\/\/www.vallon-bonnevaux.fr\/vbmag\/\",\"name\":\"VBmag\",\"description\":\"\",\"publisher\":{\"@id\":\"https:\/\/www.vallon-bonnevaux.fr\/vbmag\/#organization\"},\"potentialAction\":[{\"@type\":\"SearchAction\",\"target\":{\"@type\":\"EntryPoint\",\"urlTemplate\":\"https:\/\/www.vallon-bonnevaux.fr\/vbmag\/?s={search_term_string}\"},\"query-input\":\"required name=search_term_string\"}],\"inLanguage\":\"fr-FR\"},{\"@type\":\"Organization\",\"@id\":\"https:\/\/www.vallon-bonnevaux.fr\/vbmag\/#organization\",\"name\":\"VBmag\",\"url\":\"https:\/\/www.vallon-bonnevaux.fr\/vbmag\/\",\"logo\":{\"@type\":\"ImageObject\",\"inLanguage\":\"fr-FR\",\"@id\":\"https:\/\/www.vallon-bonnevaux.fr\/vbmag\/#\/schema\/logo\/image\/\",\"url\":\"https:\/\/www.vallon-bonnevaux.fr\/vbmag\/wp-content\/uploads\/2023\/02\/Bonnevaux-logo-VBmag.png\",\"contentUrl\":\"https:\/\/www.vallon-bonnevaux.fr\/vbmag\/wp-content\/uploads\/2023\/02\/Bonnevaux-logo-VBmag.png\",\"width\":314,\"height\":143,\"caption\":\"VBmag\"},\"image\":{\"@id\":\"https:\/\/www.vallon-bonnevaux.fr\/vbmag\/#\/schema\/logo\/image\/\"},\"sameAs\":[\"https:\/\/www.facebook.com\/lyceevallonbonnevaux\",\"https:\/\/www.instagram.com\/lycee_vallon_bonnevaux\/\",\"https:\/\/www.linkedin.com\/company\/leap-le-vallon-les-bonnevaux\/?originalSubdomain=fr\"]},{\"@type\":\"Person\",\"@id\":\"https:\/\/www.vallon-bonnevaux.fr\/vbmag\/#\/schema\/person\/78d4bedf135508e9d2b8d343575fdd31\",\"name\":\"VBCommunication\",\"image\":{\"@type\":\"ImageObject\",\"inLanguage\":\"fr-FR\",\"@id\":\"https:\/\/www.vallon-bonnevaux.fr\/vbmag\/#\/schema\/person\/image\/\",\"url\":\"https:\/\/secure.gravatar.com\/avatar\/58fa64ce54dbedb7c6633693d600c884a245b0f97746903170fa62aae026cedc?s=96&d=mm&r=g\",\"contentUrl\":\"https:\/\/secure.gravatar.com\/avatar\/58fa64ce54dbedb7c6633693d600c884a245b0f97746903170fa62aae026cedc?s=96&d=mm&r=g\",\"caption\":\"VBCommunication\"},\"url\":\"https:\/\/www.vallon-bonnevaux.fr\/vbmag\/author\/vbcommunication\/\"}]}<\/script>\n<!-- \/ Yoast SEO plugin. -->","yoast_head_json":{"title":"\u2728Les apprenantes CAP AEPE \u00e0 l\u2019\u00e9cole maternelle : cr\u00e9ativit\u00e9 et professionnalisme au service des enfants et de la solidarit\u00e9\u2728 - VB Mag","robots":{"index":"index","follow":"follow","max-snippet":"max-snippet:-1","max-image-preview":"max-image-preview:large","max-video-preview":"max-video-preview:-1"},"canonical":"https:\/\/www.vallon-bonnevaux.fr\/vbmag\/\u2728les-apprenantes-cap-aepe-a-lecole-maternelle-creativite-et-professionnalisme-au-service-des-enfants-et-de-la-solidarite\u2728\/","og_locale":"fr_FR","og_type":"article","og_title":"\u2728Les apprenantes CAP AEPE \u00e0 l\u2019\u00e9cole maternelle : cr\u00e9ativit\u00e9 et professionnalisme au service des enfants et de la solidarit\u00e9\u2728 - VB Mag","og_description":"Le jeudi 12 d\u00e9cembre, nos apprenantes en formation CAP Accompagnant \u00c9ducatif Petite Enfance (AEPE) ont mis en pratique leurs comp\u00e9tences professionnelles en animant des ateliers cr\u00e9atifs [\u2026]","og_url":"https:\/\/www.vallon-bonnevaux.fr\/vbmag\/\u2728les-apprenantes-cap-aepe-a-lecole-maternelle-creativite-et-professionnalisme-au-service-des-enfants-et-de-la-solidarite\u2728\/","og_site_name":"VB Mag","article_publisher":"https:\/\/www.facebook.com\/lyceevallonbonnevaux","article_published_time":"2024-12-19T13:23:23+00:00","og_image":[{"width":1920,"height":2560,"url":"https:\/\/www.vallon-bonnevaux.fr\/vbmag\/wp-content\/uploads\/2024\/12\/IMG_5540-scaled.jpg","type":"image\/jpeg"}],"author":"VBCommunication","twitter_card":"summary_large_image","twitter_misc":{"\u00c9crit par":"VBCommunication","Dur\u00e9e de lecture estim\u00e9e":"2 minutes"},"schema":{"@context":"https:\/\/schema.org","@graph":[{"@type":"Article","@id":"https:\/\/www.vallon-bonnevaux.fr\/vbmag\/%e2%9c%a8les-apprenantes-cap-aepe-a-lecole-maternelle-creativite-et-professionnalisme-au-service-des-enfants-et-de-la-solidarite%e2%9c%a8\/#article","isPartOf":{"@id":"https:\/\/www.vallon-bonnevaux.fr\/vbmag\/%e2%9c%a8les-apprenantes-cap-aepe-a-lecole-maternelle-creativite-et-professionnalisme-au-service-des-enfants-et-de-la-solidarite%e2%9c%a8\/"},"author":{"name":"VBCommunication","@id":"https:\/\/www.vallon-bonnevaux.fr\/vbmag\/#\/schema\/person\/78d4bedf135508e9d2b8d343575fdd31"},"headline":"\u2728Les apprenantes CAP AEPE \u00e0 l\u2019\u00e9cole maternelle : cr\u00e9ativit\u00e9 et professionnalisme au service des enfants et de la solidarit\u00e9\u2728","datePublished":"2024-12-19T13:23:23+00:00","dateModified":"2024-12-19T13:23:23+00:00","mainEntityOfPage":{"@id":"https:\/\/www.vallon-bonnevaux.fr\/vbmag\/%e2%9c%a8les-apprenantes-cap-aepe-a-lecole-maternelle-creativite-et-professionnalisme-au-service-des-enfants-et-de-la-solidarite%e2%9c%a8\/"},"wordCount":356,"commentCount":0,"publisher":{"@id":"https:\/\/www.vallon-bonnevaux.fr\/vbmag\/#organization"},"articleSection":["Actualit\u00e9s &amp; infos","Formation &amp; P\u00e9dagogie"],"inLanguage":"fr-FR","potentialAction":[{"@type":"CommentAction","name":"Comment","target":["https:\/\/www.vallon-bonnevaux.fr\/vbmag\/%e2%9c%a8les-apprenantes-cap-aepe-a-lecole-maternelle-creativite-et-professionnalisme-au-service-des-enfants-et-de-la-solidarite%e2%9c%a8\/#respond"]}]},{"@type":"WebPage","@id":"https:\/\/www.vallon-bonnevaux.fr\/vbmag\/%e2%9c%a8les-apprenantes-cap-aepe-a-lecole-maternelle-creativite-et-professionnalisme-au-service-des-enfants-et-de-la-solidarite%e2%9c%a8\/","url":"https:\/\/www.vallon-bonnevaux.fr\/vbmag\/%e2%9c%a8les-apprenantes-cap-aepe-a-lecole-maternelle-creativite-et-professionnalisme-au-service-des-enfants-et-de-la-solidarite%e2%9c%a8\/","name":"\u2728Les apprenantes CAP AEPE \u00e0 l\u2019\u00e9cole maternelle : cr\u00e9ativit\u00e9 et professionnalisme au service des enfants et de la solidarit\u00e9\u2728 - VB Mag","isPartOf":{"@id":"https:\/\/www.vallon-bonnevaux.fr\/vbmag\/#website"},"datePublished":"2024-12-19T13:23:23+00:00","dateModified":"2024-12-19T13:23:23+00:00","breadcrumb":{"@id":"https:\/\/www.vallon-bonnevaux.fr\/vbmag\/%e2%9c%a8les-apprenantes-cap-aepe-a-lecole-maternelle-creativite-et-professionnalisme-au-service-des-enfants-et-de-la-solidarite%e2%9c%a8\/#breadcrumb"},"inLanguage":"fr-FR","potentialAction":[{"@type":"ReadAction","target":["https:\/\/www.vallon-bonnevaux.fr\/vbmag\/%e2%9c%a8les-apprenantes-cap-aepe-a-lecole-maternelle-creativite-et-professionnalisme-au-service-des-enfants-et-de-la-solidarite%e2%9c%a8\/"]}]},{"@type":"BreadcrumbList","@id":"https:\/\/www.vallon-bonnevaux.fr\/vbmag\/%e2%9c%a8les-apprenantes-cap-aepe-a-lecole-maternelle-creativite-et-professionnalisme-au-service-des-enfants-et-de-la-solidarite%e2%9c%a8\/#breadcrumb","itemListElement":[{"@type":"ListItem","position":1,"name":"Accueil","item":"https:\/\/www.vallon-bonnevaux.fr\/vbmag\/"},{"@type":"ListItem","position":2,"name":"\u2728Les apprenantes CAP AEPE \u00e0 l\u2019\u00e9cole maternelle : cr\u00e9ativit\u00e9 et professionnalisme au service des enfants et de la solidarit\u00e9\u2728"}]},{"@type":"WebSite","@id":"https:\/\/www.vallon-bonnevaux.fr\/vbmag\/#website","url":"https:\/\/www.vallon-bonnevaux.fr\/vbmag\/","name":"VBmag","description":"","publisher":{"@id":"https:\/\/www.vallon-bonnevaux.fr\/vbmag\/#organization"},"potentialAction":[{"@type":"SearchAction","target":{"@type":"EntryPoint","urlTemplate":"https:\/\/www.vallon-bonnevaux.fr\/vbmag\/?s={search_term_string}"},"query-input":"required name=search_term_string"}],"inLanguage":"fr-FR"},{"@type":"Organization","@id":"https:\/\/www.vallon-bonnevaux.fr\/vbmag\/#organization","name":"VBmag","url":"https:\/\/www.vallon-bonnevaux.fr\/vbmag\/","logo":{"@type":"ImageObject","inLanguage":"fr-FR","@id":"https:\/\/www.vallon-bonnevaux.fr\/vbmag\/#\/schema\/logo\/image\/","url":"https:\/\/www.vallon-bonnevaux.fr\/vbmag\/wp-content\/uploads\/2023\/02\/Bonnevaux-logo-VBmag.png","contentUrl":"https:\/\/www.vallon-bonnevaux.fr\/vbmag\/wp-content\/uploads\/2023\/02\/Bonnevaux-logo-VBmag.png","width":314,"height":143,"caption":"VBmag"},"image":{"@id":"https:\/\/www.vallon-bonnevaux.fr\/vbmag\/#\/schema\/logo\/image\/"},"sameAs":["https:\/\/www.facebook.com\/lyceevallonbonnevaux","https:\/\/www.instagram.com\/lycee_vallon_bonnevaux\/","https:\/\/www.linkedin.com\/company\/leap-le-vallon-les-bonnevaux\/?originalSubdomain=fr"]},{"@type":"Person","@id":"https:\/\/www.vallon-bonnevaux.fr\/vbmag\/#\/schema\/person\/78d4bedf135508e9d2b8d343575fdd31","name":"VBCommunication","image":{"@type":"ImageObject","inLanguage":"fr-FR","@id":"https:\/\/www.vallon-bonnevaux.fr\/vbmag\/#\/schema\/person\/image\/","url":"https:\/\/secure.gravatar.com\/avatar\/58fa64ce54dbedb7c6633693d600c884a245b0f97746903170fa62aae026cedc?s=96&d=mm&r=g","contentUrl":"https:\/\/secure.gravatar.com\/avatar\/58fa64ce54dbedb7c6633693d600c884a245b0f97746903170fa62aae026cedc?s=96&d=mm&r=g","caption":"VBCommunication"},"url":"https:\/\/www.vallon-bonnevaux.fr\/vbmag\/author\/vbcommunication\/"}]}},"_links":{"self":[{"href":"https:\/\/www.vallon-bonnevaux.fr\/vbmag\/wp-json\/wp\/v2\/posts\/2444","targetHints":{"allow":["GET"]}}],"collection":[{"href":"https:\/\/www.vallon-bonnevaux.fr\/vbmag\/wp-json\/wp\/v2\/posts"}],"about":[{"href":"https:\/\/www.vallon-bonnevaux.fr\/vbmag\/wp-json\/wp\/v2\/types\/post"}],"author":[{"embeddable":true,"href":"https:\/\/www.vallon-bonnevaux.fr\/vbmag\/wp-json\/wp\/v2\/users\/2"}],"replies":[{"embeddable":true,"href":"https:\/\/www.vallon-bonnevaux.fr\/vbmag\/wp-json\/wp\/v2\/comments?post=2444"}],"version-history":[{"count":2,"href":"https:\/\/www.vallon-bonnevaux.fr\/vbmag\/wp-json\/wp\/v2\/posts\/2444\/revisions"}],"predecessor-version":[{"id":2448,"href":"https:\/\/www.vallon-bonnevaux.fr\/vbmag\/wp-json\/wp\/v2\/posts\/2444\/revisions\/2448"}],"wp:featuredmedia":[{"embeddable":true,"href":"https:\/\/www.vallon-bonnevaux.fr\/vbmag\/wp-json\/wp\/v2\/media\/2445"}],"wp:attachment":[{"href":"https:\/\/www.vallon-bonnevaux.fr\/vbmag\/wp-json\/wp\/v2\/media?parent=2444"}],"wp:term":[{"taxonomy":"category","embeddable":true,"href":"https:\/\/www.vallon-bonnevaux.fr\/vbmag\/wp-json\/wp\/v2\/categories?post=2444"},{"taxonomy":"post_tag","embeddable":true,"href":"https:\/\/www.vallon-bonnevaux.fr\/vbmag\/wp-json\/wp\/v2\/tags?post=2444"}],"curies":[{"name":"wp","href":"https:\/\/api.w.org\/{rel}","templated":true}]}}