{"id":2452,"date":"2024-12-31T10:07:42","date_gmt":"2024-12-31T09:07:42","guid":{"rendered":"https:\/\/www.vallon-bonnevaux.fr\/vbmag\/?p=2452"},"modified":"2024-12-31T10:07:42","modified_gmt":"2024-12-31T09:07:42","slug":"decouverte-des-metiers-du-transport-et-de-la-logistique-avec-laft","status":"publish","type":"post","link":"https:\/\/www.vallon-bonnevaux.fr\/vbmag\/decouverte-des-metiers-du-transport-et-de-la-logistique-avec-laft\/","title":{"rendered":"D\u00e9couverte des M\u00e9tiers du Transport et de la Logistique avec l&rsquo;AFT"},"content":{"rendered":"<p>D\u00e9couverte des M\u00e9tiers du Transport et de la Logistique avec l&rsquo;AFT<\/p>\n<p>Le mercredi 18 d\u00e9cembre 2024, les \u00e9l\u00e8ves de 4\u00e8me et 3\u00e8me du lyc\u00e9e Vallon Bonnevaux \u00e0 St Jean de Bournay ont eu la chance de participer \u00e0 une intervention de l&rsquo;AFT (Association pour le D\u00e9veloppement de la Formation dans le Transport et la Logistique). Cet \u00e9v\u00e9nement leur a permis de d\u00e9couvrir les multiples facettes des m\u00e9tiers du transport et de la logistique \u00e0 travers une pr\u00e9sentation ludique et interactive. Les \u00e9l\u00e8ves ont particip\u00e9 \u00e0 des activit\u00e9s vari\u00e9es telles que des quiz, des jeux de d\u00e9couverte et m\u00eame une exp\u00e9rience en r\u00e9alit\u00e9 virtuelle. Ces outils innovants ont suscit\u00e9 un grand enthousiasme parmi eux, qui ont \u00e9t\u00e9 captiv\u00e9s tout au long de l&rsquo;intervention. Face \u00e0 leur engouement, cette exp\u00e9rience est \u00e0 renouveler.<\/p>\n<p>L&rsquo;AFT a \u00e9galement mis en avant les nombreuses opportunit\u00e9s qu\u2019offre le secteur du transport et de la logistique. Ce domaine en pleine expansion recrute des profils vari\u00e9s pour des m\u00e9tiers li\u00e9s aux diff\u00e9rents modes de transport tels que maritime, routier, a\u00e9rien, ferroviaire ou encore fluvial. Les \u00e9l\u00e8ves ont pu d\u00e9couvrir les nombreuses \u00e9tapes de la cha\u00eene logistique, depuis la planification jusqu\u2019\u00e0 la livraison des marchandises, renfor\u00e7ant ainsi leur compr\u00e9hension de l\u2019importance de chaque maillon.<\/p>\n<p>Pour s\u2019engager dans ces m\u00e9tiers, plusieurs formations sont accessibles d\u00e8s l\u2019\u00e2ge de 15 ans, apr\u00e8s la classe de 3\u00e8me. Les jeunes peuvent choisir un CAP (Certificat d&rsquo;Aptitude Professionnelle) en 2 ans ou un Bac Pro Transport ou Logistique en 3 ans, avec la possibilit\u00e9 de passer les permis voiture et poids lourd, dont la valeur est estim\u00e9e \u00e0 15 000 euros. Ces formations, souvent propos\u00e9es en alternance ou en apprentissage, permettent de combiner th\u00e9orie et pratique tout en b\u00e9n\u00e9ficiant d\u2019une r\u00e9mun\u00e9ration, une option particuli\u00e8rement attrayante pour les \u00e9tudiants.<\/p>\n<p>Les \u00e9l\u00e8ves ont \u00e9t\u00e9 surpris par la diversit\u00e9 des m\u00e9tiers qu\u2019offre le transport routier. Parmi ceux-ci, on retrouve la planification des itin\u00e9raires, les fonctions de vente et d\u2019achat, l\u2019encadrement des \u00e9quipes, le conseil et l\u2019analyse des besoins ainsi que la conduite des v\u00e9hicules. Chaque poste contribue \u00e0 la fluidit\u00e9 et \u00e0 la r\u00e9ussite de l\u2019ensemble des op\u00e9rations.<\/p>\n<p>En outre, l\u2019intervenant a expliqu\u00e9 l\u2019importance de la logistique dans une entreprise. Il a montr\u00e9 comment organiser les marchandises dans les entrep\u00f4ts, pr\u00e9parer et emballer les produits pour l\u2019exp\u00e9dition, ainsi que cr\u00e9er et g\u00e9rer les stocks. Les salari\u00e9s de ce secteur peuvent \u00e9galement b\u00e9n\u00e9ficier d\u2019\u00e9volutions internes, acqu\u00e9rir de nouvelles comp\u00e9tences et prendre des responsabilit\u00e9s, rendant ces carri\u00e8res particuli\u00e8rement motivantes.<\/p>\n<p>Enfin, les \u00e9l\u00e8ves ont \u00e9t\u00e9 fascin\u00e9s par les nouvelles technologies qui r\u00e9volutionnent le<\/p>\n","protected":false},"excerpt":{"rendered":"<p>D\u00e9couverte des M\u00e9tiers du Transport et de la Logistique avec l&rsquo;AFT Le mercredi 18 d\u00e9cembre 2024, les \u00e9l\u00e8ves de 4\u00e8me et 3\u00e8me du lyc\u00e9e Vallon Bonnevaux<span class=\"excerpt-hellip\"> [\u2026]<\/span><\/p>\n","protected":false},"author":2,"featured_media":2454,"comment_status":"open","ping_status":"open","sticky":false,"template":"","format":"standard","meta":{"_mi_skip_tracking":false,"_monsterinsights_sitenote_active":false,"_monsterinsights_sitenote_note":"","_monsterinsights_sitenote_category":0,"footnotes":""},"categories":[3],"tags":[],"class_list":["post-2452","post","type-post","status-publish","format-standard","has-post-thumbnail","hentry","category-formation-pedagogie"],"yoast_head":"<!-- This site is optimized with the Yoast SEO plugin v20.8 - https:\/\/yoast.com\/wordpress\/plugins\/seo\/ -->\n<title>D\u00e9couverte des M\u00e9tiers du Transport et de la Logistique avec l&#039;AFT - VB Mag<\/title>\n<meta name=\"robots\" content=\"index, follow, max-snippet:-1, max-image-preview:large, max-video-preview:-1\" \/>\n<link rel=\"canonical\" href=\"https:\/\/www.vallon-bonnevaux.fr\/vbmag\/decouverte-des-metiers-du-transport-et-de-la-logistique-avec-laft\/\" \/>\n<meta property=\"og:locale\" content=\"fr_FR\" \/>\n<meta property=\"og:type\" content=\"article\" \/>\n<meta property=\"og:title\" content=\"D\u00e9couverte des M\u00e9tiers du Transport et de la Logistique avec l&#039;AFT - VB Mag\" \/>\n<meta property=\"og:description\" content=\"D\u00e9couverte des M\u00e9tiers du Transport et de la Logistique avec l&rsquo;AFT Le mercredi 18 d\u00e9cembre 2024, les \u00e9l\u00e8ves de 4\u00e8me et 3\u00e8me du lyc\u00e9e Vallon Bonnevaux [\u2026]\" \/>\n<meta property=\"og:url\" content=\"https:\/\/www.vallon-bonnevaux.fr\/vbmag\/decouverte-des-metiers-du-transport-et-de-la-logistique-avec-laft\/\" \/>\n<meta property=\"og:site_name\" content=\"VB Mag\" \/>\n<meta property=\"article:publisher\" content=\"https:\/\/www.facebook.com\/lyceevallonbonnevaux\" \/>\n<meta property=\"article:published_time\" content=\"2024-12-31T09:07:42+00:00\" \/>\n<meta property=\"og:image\" content=\"https:\/\/www.vallon-bonnevaux.fr\/vbmag\/wp-content\/uploads\/2024\/12\/AFT1.jpg\" \/>\n\t<meta property=\"og:image:width\" content=\"900\" \/>\n\t<meta property=\"og:image:height\" content=\"405\" \/>\n\t<meta property=\"og:image:type\" content=\"image\/jpeg\" \/>\n<meta name=\"author\" content=\"VBCommunication\" \/>\n<meta name=\"twitter:card\" content=\"summary_large_image\" \/>\n<meta name=\"twitter:label1\" content=\"\u00c9crit par\" \/>\n\t<meta name=\"twitter:data1\" content=\"VBCommunication\" \/>\n\t<meta name=\"twitter:label2\" content=\"Dur\u00e9e de lecture estim\u00e9e\" \/>\n\t<meta name=\"twitter:data2\" content=\"3 minutes\" \/>\n<script type=\"application\/ld+json\" class=\"yoast-schema-graph\">{\"@context\":\"https:\/\/schema.org\",\"@graph\":[{\"@type\":\"Article\",\"@id\":\"https:\/\/www.vallon-bonnevaux.fr\/vbmag\/decouverte-des-metiers-du-transport-et-de-la-logistique-avec-laft\/#article\",\"isPartOf\":{\"@id\":\"https:\/\/www.vallon-bonnevaux.fr\/vbmag\/decouverte-des-metiers-du-transport-et-de-la-logistique-avec-laft\/\"},\"author\":{\"name\":\"VBCommunication\",\"@id\":\"https:\/\/www.vallon-bonnevaux.fr\/vbmag\/#\/schema\/person\/78d4bedf135508e9d2b8d343575fdd31\"},\"headline\":\"D\u00e9couverte des M\u00e9tiers du Transport et de la Logistique avec l&rsquo;AFT\",\"datePublished\":\"2024-12-31T09:07:42+00:00\",\"dateModified\":\"2024-12-31T09:07:42+00:00\",\"mainEntityOfPage\":{\"@id\":\"https:\/\/www.vallon-bonnevaux.fr\/vbmag\/decouverte-des-metiers-du-transport-et-de-la-logistique-avec-laft\/\"},\"wordCount\":502,\"commentCount\":0,\"publisher\":{\"@id\":\"https:\/\/www.vallon-bonnevaux.fr\/vbmag\/#organization\"},\"articleSection\":[\"Formation &amp; P\u00e9dagogie\"],\"inLanguage\":\"fr-FR\",\"potentialAction\":[{\"@type\":\"CommentAction\",\"name\":\"Comment\",\"target\":[\"https:\/\/www.vallon-bonnevaux.fr\/vbmag\/decouverte-des-metiers-du-transport-et-de-la-logistique-avec-laft\/#respond\"]}]},{\"@type\":\"WebPage\",\"@id\":\"https:\/\/www.vallon-bonnevaux.fr\/vbmag\/decouverte-des-metiers-du-transport-et-de-la-logistique-avec-laft\/\",\"url\":\"https:\/\/www.vallon-bonnevaux.fr\/vbmag\/decouverte-des-metiers-du-transport-et-de-la-logistique-avec-laft\/\",\"name\":\"D\u00e9couverte des M\u00e9tiers du Transport et de la Logistique avec l'AFT - VB Mag\",\"isPartOf\":{\"@id\":\"https:\/\/www.vallon-bonnevaux.fr\/vbmag\/#website\"},\"datePublished\":\"2024-12-31T09:07:42+00:00\",\"dateModified\":\"2024-12-31T09:07:42+00:00\",\"breadcrumb\":{\"@id\":\"https:\/\/www.vallon-bonnevaux.fr\/vbmag\/decouverte-des-metiers-du-transport-et-de-la-logistique-avec-laft\/#breadcrumb\"},\"inLanguage\":\"fr-FR\",\"potentialAction\":[{\"@type\":\"ReadAction\",\"target\":[\"https:\/\/www.vallon-bonnevaux.fr\/vbmag\/decouverte-des-metiers-du-transport-et-de-la-logistique-avec-laft\/\"]}]},{\"@type\":\"BreadcrumbList\",\"@id\":\"https:\/\/www.vallon-bonnevaux.fr\/vbmag\/decouverte-des-metiers-du-transport-et-de-la-logistique-avec-laft\/#breadcrumb\",\"itemListElement\":[{\"@type\":\"ListItem\",\"position\":1,\"name\":\"Accueil\",\"item\":\"https:\/\/www.vallon-bonnevaux.fr\/vbmag\/\"},{\"@type\":\"ListItem\",\"position\":2,\"name\":\"D\u00e9couverte des M\u00e9tiers du Transport et de la Logistique avec l&rsquo;AFT\"}]},{\"@type\":\"WebSite\",\"@id\":\"https:\/\/www.vallon-bonnevaux.fr\/vbmag\/#website\",\"url\":\"https:\/\/www.vallon-bonnevaux.fr\/vbmag\/\",\"name\":\"VBmag\",\"description\":\"\",\"publisher\":{\"@id\":\"https:\/\/www.vallon-bonnevaux.fr\/vbmag\/#organization\"},\"potentialAction\":[{\"@type\":\"SearchAction\",\"target\":{\"@type\":\"EntryPoint\",\"urlTemplate\":\"https:\/\/www.vallon-bonnevaux.fr\/vbmag\/?s={search_term_string}\"},\"query-input\":\"required name=search_term_string\"}],\"inLanguage\":\"fr-FR\"},{\"@type\":\"Organization\",\"@id\":\"https:\/\/www.vallon-bonnevaux.fr\/vbmag\/#organization\",\"name\":\"VBmag\",\"url\":\"https:\/\/www.vallon-bonnevaux.fr\/vbmag\/\",\"logo\":{\"@type\":\"ImageObject\",\"inLanguage\":\"fr-FR\",\"@id\":\"https:\/\/www.vallon-bonnevaux.fr\/vbmag\/#\/schema\/logo\/image\/\",\"url\":\"https:\/\/www.vallon-bonnevaux.fr\/vbmag\/wp-content\/uploads\/2023\/02\/Bonnevaux-logo-VBmag.png\",\"contentUrl\":\"https:\/\/www.vallon-bonnevaux.fr\/vbmag\/wp-content\/uploads\/2023\/02\/Bonnevaux-logo-VBmag.png\",\"width\":314,\"height\":143,\"caption\":\"VBmag\"},\"image\":{\"@id\":\"https:\/\/www.vallon-bonnevaux.fr\/vbmag\/#\/schema\/logo\/image\/\"},\"sameAs\":[\"https:\/\/www.facebook.com\/lyceevallonbonnevaux\",\"https:\/\/www.instagram.com\/lycee_vallon_bonnevaux\/\",\"https:\/\/www.linkedin.com\/company\/leap-le-vallon-les-bonnevaux\/?originalSubdomain=fr\"]},{\"@type\":\"Person\",\"@id\":\"https:\/\/www.vallon-bonnevaux.fr\/vbmag\/#\/schema\/person\/78d4bedf135508e9d2b8d343575fdd31\",\"name\":\"VBCommunication\",\"image\":{\"@type\":\"ImageObject\",\"inLanguage\":\"fr-FR\",\"@id\":\"https:\/\/www.vallon-bonnevaux.fr\/vbmag\/#\/schema\/person\/image\/\",\"url\":\"https:\/\/secure.gravatar.com\/avatar\/58fa64ce54dbedb7c6633693d600c884a245b0f97746903170fa62aae026cedc?s=96&d=mm&r=g\",\"contentUrl\":\"https:\/\/secure.gravatar.com\/avatar\/58fa64ce54dbedb7c6633693d600c884a245b0f97746903170fa62aae026cedc?s=96&d=mm&r=g\",\"caption\":\"VBCommunication\"},\"url\":\"https:\/\/www.vallon-bonnevaux.fr\/vbmag\/author\/vbcommunication\/\"}]}<\/script>\n<!-- \/ Yoast SEO plugin. -->","yoast_head_json":{"title":"D\u00e9couverte des M\u00e9tiers du Transport et de la Logistique avec l'AFT - VB Mag","robots":{"index":"index","follow":"follow","max-snippet":"max-snippet:-1","max-image-preview":"max-image-preview:large","max-video-preview":"max-video-preview:-1"},"canonical":"https:\/\/www.vallon-bonnevaux.fr\/vbmag\/decouverte-des-metiers-du-transport-et-de-la-logistique-avec-laft\/","og_locale":"fr_FR","og_type":"article","og_title":"D\u00e9couverte des M\u00e9tiers du Transport et de la Logistique avec l'AFT - VB Mag","og_description":"D\u00e9couverte des M\u00e9tiers du Transport et de la Logistique avec l&rsquo;AFT Le mercredi 18 d\u00e9cembre 2024, les \u00e9l\u00e8ves de 4\u00e8me et 3\u00e8me du lyc\u00e9e Vallon Bonnevaux [\u2026]","og_url":"https:\/\/www.vallon-bonnevaux.fr\/vbmag\/decouverte-des-metiers-du-transport-et-de-la-logistique-avec-laft\/","og_site_name":"VB Mag","article_publisher":"https:\/\/www.facebook.com\/lyceevallonbonnevaux","article_published_time":"2024-12-31T09:07:42+00:00","og_image":[{"width":900,"height":405,"url":"https:\/\/www.vallon-bonnevaux.fr\/vbmag\/wp-content\/uploads\/2024\/12\/AFT1.jpg","type":"image\/jpeg"}],"author":"VBCommunication","twitter_card":"summary_large_image","twitter_misc":{"\u00c9crit par":"VBCommunication","Dur\u00e9e de lecture estim\u00e9e":"3 minutes"},"schema":{"@context":"https:\/\/schema.org","@graph":[{"@type":"Article","@id":"https:\/\/www.vallon-bonnevaux.fr\/vbmag\/decouverte-des-metiers-du-transport-et-de-la-logistique-avec-laft\/#article","isPartOf":{"@id":"https:\/\/www.vallon-bonnevaux.fr\/vbmag\/decouverte-des-metiers-du-transport-et-de-la-logistique-avec-laft\/"},"author":{"name":"VBCommunication","@id":"https:\/\/www.vallon-bonnevaux.fr\/vbmag\/#\/schema\/person\/78d4bedf135508e9d2b8d343575fdd31"},"headline":"D\u00e9couverte des M\u00e9tiers du Transport et de la Logistique avec l&rsquo;AFT","datePublished":"2024-12-31T09:07:42+00:00","dateModified":"2024-12-31T09:07:42+00:00","mainEntityOfPage":{"@id":"https:\/\/www.vallon-bonnevaux.fr\/vbmag\/decouverte-des-metiers-du-transport-et-de-la-logistique-avec-laft\/"},"wordCount":502,"commentCount":0,"publisher":{"@id":"https:\/\/www.vallon-bonnevaux.fr\/vbmag\/#organization"},"articleSection":["Formation &amp; P\u00e9dagogie"],"inLanguage":"fr-FR","potentialAction":[{"@type":"CommentAction","name":"Comment","target":["https:\/\/www.vallon-bonnevaux.fr\/vbmag\/decouverte-des-metiers-du-transport-et-de-la-logistique-avec-laft\/#respond"]}]},{"@type":"WebPage","@id":"https:\/\/www.vallon-bonnevaux.fr\/vbmag\/decouverte-des-metiers-du-transport-et-de-la-logistique-avec-laft\/","url":"https:\/\/www.vallon-bonnevaux.fr\/vbmag\/decouverte-des-metiers-du-transport-et-de-la-logistique-avec-laft\/","name":"D\u00e9couverte des M\u00e9tiers du Transport et de la Logistique avec l'AFT - VB Mag","isPartOf":{"@id":"https:\/\/www.vallon-bonnevaux.fr\/vbmag\/#website"},"datePublished":"2024-12-31T09:07:42+00:00","dateModified":"2024-12-31T09:07:42+00:00","breadcrumb":{"@id":"https:\/\/www.vallon-bonnevaux.fr\/vbmag\/decouverte-des-metiers-du-transport-et-de-la-logistique-avec-laft\/#breadcrumb"},"inLanguage":"fr-FR","potentialAction":[{"@type":"ReadAction","target":["https:\/\/www.vallon-bonnevaux.fr\/vbmag\/decouverte-des-metiers-du-transport-et-de-la-logistique-avec-laft\/"]}]},{"@type":"BreadcrumbList","@id":"https:\/\/www.vallon-bonnevaux.fr\/vbmag\/decouverte-des-metiers-du-transport-et-de-la-logistique-avec-laft\/#breadcrumb","itemListElement":[{"@type":"ListItem","position":1,"name":"Accueil","item":"https:\/\/www.vallon-bonnevaux.fr\/vbmag\/"},{"@type":"ListItem","position":2,"name":"D\u00e9couverte des M\u00e9tiers du Transport et de la Logistique avec l&rsquo;AFT"}]},{"@type":"WebSite","@id":"https:\/\/www.vallon-bonnevaux.fr\/vbmag\/#website","url":"https:\/\/www.vallon-bonnevaux.fr\/vbmag\/","name":"VBmag","description":"","publisher":{"@id":"https:\/\/www.vallon-bonnevaux.fr\/vbmag\/#organization"},"potentialAction":[{"@type":"SearchAction","target":{"@type":"EntryPoint","urlTemplate":"https:\/\/www.vallon-bonnevaux.fr\/vbmag\/?s={search_term_string}"},"query-input":"required name=search_term_string"}],"inLanguage":"fr-FR"},{"@type":"Organization","@id":"https:\/\/www.vallon-bonnevaux.fr\/vbmag\/#organization","name":"VBmag","url":"https:\/\/www.vallon-bonnevaux.fr\/vbmag\/","logo":{"@type":"ImageObject","inLanguage":"fr-FR","@id":"https:\/\/www.vallon-bonnevaux.fr\/vbmag\/#\/schema\/logo\/image\/","url":"https:\/\/www.vallon-bonnevaux.fr\/vbmag\/wp-content\/uploads\/2023\/02\/Bonnevaux-logo-VBmag.png","contentUrl":"https:\/\/www.vallon-bonnevaux.fr\/vbmag\/wp-content\/uploads\/2023\/02\/Bonnevaux-logo-VBmag.png","width":314,"height":143,"caption":"VBmag"},"image":{"@id":"https:\/\/www.vallon-bonnevaux.fr\/vbmag\/#\/schema\/logo\/image\/"},"sameAs":["https:\/\/www.facebook.com\/lyceevallonbonnevaux","https:\/\/www.instagram.com\/lycee_vallon_bonnevaux\/","https:\/\/www.linkedin.com\/company\/leap-le-vallon-les-bonnevaux\/?originalSubdomain=fr"]},{"@type":"Person","@id":"https:\/\/www.vallon-bonnevaux.fr\/vbmag\/#\/schema\/person\/78d4bedf135508e9d2b8d343575fdd31","name":"VBCommunication","image":{"@type":"ImageObject","inLanguage":"fr-FR","@id":"https:\/\/www.vallon-bonnevaux.fr\/vbmag\/#\/schema\/person\/image\/","url":"https:\/\/secure.gravatar.com\/avatar\/58fa64ce54dbedb7c6633693d600c884a245b0f97746903170fa62aae026cedc?s=96&d=mm&r=g","contentUrl":"https:\/\/secure.gravatar.com\/avatar\/58fa64ce54dbedb7c6633693d600c884a245b0f97746903170fa62aae026cedc?s=96&d=mm&r=g","caption":"VBCommunication"},"url":"https:\/\/www.vallon-bonnevaux.fr\/vbmag\/author\/vbcommunication\/"}]}},"_links":{"self":[{"href":"https:\/\/www.vallon-bonnevaux.fr\/vbmag\/wp-json\/wp\/v2\/posts\/2452","targetHints":{"allow":["GET"]}}],"collection":[{"href":"https:\/\/www.vallon-bonnevaux.fr\/vbmag\/wp-json\/wp\/v2\/posts"}],"about":[{"href":"https:\/\/www.vallon-bonnevaux.fr\/vbmag\/wp-json\/wp\/v2\/types\/post"}],"author":[{"embeddable":true,"href":"https:\/\/www.vallon-bonnevaux.fr\/vbmag\/wp-json\/wp\/v2\/users\/2"}],"replies":[{"embeddable":true,"href":"https:\/\/www.vallon-bonnevaux.fr\/vbmag\/wp-json\/wp\/v2\/comments?post=2452"}],"version-history":[{"count":4,"href":"https:\/\/www.vallon-bonnevaux.fr\/vbmag\/wp-json\/wp\/v2\/posts\/2452\/revisions"}],"predecessor-version":[{"id":2458,"href":"https:\/\/www.vallon-bonnevaux.fr\/vbmag\/wp-json\/wp\/v2\/posts\/2452\/revisions\/2458"}],"wp:featuredmedia":[{"embeddable":true,"href":"https:\/\/www.vallon-bonnevaux.fr\/vbmag\/wp-json\/wp\/v2\/media\/2454"}],"wp:attachment":[{"href":"https:\/\/www.vallon-bonnevaux.fr\/vbmag\/wp-json\/wp\/v2\/media?parent=2452"}],"wp:term":[{"taxonomy":"category","embeddable":true,"href":"https:\/\/www.vallon-bonnevaux.fr\/vbmag\/wp-json\/wp\/v2\/categories?post=2452"},{"taxonomy":"post_tag","embeddable":true,"href":"https:\/\/www.vallon-bonnevaux.fr\/vbmag\/wp-json\/wp\/v2\/tags?post=2452"}],"curies":[{"name":"wp","href":"https:\/\/api.w.org\/{rel}","templated":true}]}}