{"id":2496,"date":"2025-02-05T12:52:58","date_gmt":"2025-02-05T11:52:58","guid":{"rendered":"https:\/\/www.vallon-bonnevaux.fr\/vbmag\/?p=2496"},"modified":"2025-02-05T13:19:34","modified_gmt":"2025-02-05T12:19:34","slug":"%f0%9f%a5%9e-les-eleves-de-3eme-du-lycee-vallon-bonnevaux-fetent-la-chandeleur-en-alliant-tradition-et-apprentissage-%f0%9f%8e%89","status":"publish","type":"post","link":"https:\/\/www.vallon-bonnevaux.fr\/vbmag\/%f0%9f%a5%9e-les-eleves-de-3eme-du-lycee-vallon-bonnevaux-fetent-la-chandeleur-en-alliant-tradition-et-apprentissage-%f0%9f%8e%89\/","title":{"rendered":"\ud83e\udd5e Les \u00e9l\u00e8ves de 3\u00e8me du lyc\u00e9e Vallon Bonnevaux f\u00eatent la Chandeleur en alliant tradition et apprentissage \ud83c\udf89"},"content":{"rendered":"<p><img loading=\"lazy\" decoding=\"async\" class=\"alignnone size-medium wp-image-2498\" src=\"https:\/\/www.vallon-bonnevaux.fr\/vbmag\/wp-content\/uploads\/2025\/02\/20250203-3EMES-Crepes3-300x225.jpg\" alt=\"\" width=\"300\" height=\"225\" srcset=\"https:\/\/www.vallon-bonnevaux.fr\/vbmag\/wp-content\/uploads\/2025\/02\/20250203-3EMES-Crepes3-300x225.jpg 300w, https:\/\/www.vallon-bonnevaux.fr\/vbmag\/wp-content\/uploads\/2025\/02\/20250203-3EMES-Crepes3-1024x768.jpg 1024w, https:\/\/www.vallon-bonnevaux.fr\/vbmag\/wp-content\/uploads\/2025\/02\/20250203-3EMES-Crepes3-768x576.jpg 768w, https:\/\/www.vallon-bonnevaux.fr\/vbmag\/wp-content\/uploads\/2025\/02\/20250203-3EMES-Crepes3-1536x1152.jpg 1536w, https:\/\/www.vallon-bonnevaux.fr\/vbmag\/wp-content\/uploads\/2025\/02\/20250203-3EMES-Crepes3-195x146.jpg 195w, https:\/\/www.vallon-bonnevaux.fr\/vbmag\/wp-content\/uploads\/2025\/02\/20250203-3EMES-Crepes3-50x38.jpg 50w, https:\/\/www.vallon-bonnevaux.fr\/vbmag\/wp-content\/uploads\/2025\/02\/20250203-3EMES-Crepes3-100x75.jpg 100w, https:\/\/www.vallon-bonnevaux.fr\/vbmag\/wp-content\/uploads\/2025\/02\/20250203-3EMES-Crepes3-960x720.jpg 960w, https:\/\/www.vallon-bonnevaux.fr\/vbmag\/wp-content\/uploads\/2025\/02\/20250203-3EMES-Crepes3.jpg 2016w\" sizes=\"auto, (max-width: 300px) 100vw, 300px\" \/><img loading=\"lazy\" decoding=\"async\" class=\"alignnone size-medium wp-image-2499\" src=\"https:\/\/www.vallon-bonnevaux.fr\/vbmag\/wp-content\/uploads\/2025\/02\/20250203-3EMES-Crepes1-225x300.jpg\" alt=\"\" width=\"225\" height=\"300\" srcset=\"https:\/\/www.vallon-bonnevaux.fr\/vbmag\/wp-content\/uploads\/2025\/02\/20250203-3EMES-Crepes1-225x300.jpg 225w, https:\/\/www.vallon-bonnevaux.fr\/vbmag\/wp-content\/uploads\/2025\/02\/20250203-3EMES-Crepes1-768x1024.jpg 768w, https:\/\/www.vallon-bonnevaux.fr\/vbmag\/wp-content\/uploads\/2025\/02\/20250203-3EMES-Crepes1-1152x1536.jpg 1152w, https:\/\/www.vallon-bonnevaux.fr\/vbmag\/wp-content\/uploads\/2025\/02\/20250203-3EMES-Crepes1-110x146.jpg 110w, https:\/\/www.vallon-bonnevaux.fr\/vbmag\/wp-content\/uploads\/2025\/02\/20250203-3EMES-Crepes1-38x50.jpg 38w, https:\/\/www.vallon-bonnevaux.fr\/vbmag\/wp-content\/uploads\/2025\/02\/20250203-3EMES-Crepes1-56x75.jpg 56w, https:\/\/www.vallon-bonnevaux.fr\/vbmag\/wp-content\/uploads\/2025\/02\/20250203-3EMES-Crepes1.jpg 1512w\" sizes=\"auto, (max-width: 225px) 100vw, 225px\" \/><\/p>\n<p>&nbsp;<\/p>\n<p>Le <strong>2 f\u00e9vrier<\/strong>, les \u00e9l\u00e8ves de <strong>3\u00e8me du lyc\u00e9e Vallon Bonnevaux<\/strong> ont c\u00e9l\u00e9br\u00e9 la <strong>Chandeleur<\/strong> en r\u00e9alisant des <strong>cr\u00eapes<\/strong> dans le cadre de leur <strong>Enseignement Pratique Interdisciplinaire (EPI) Restauration<\/strong>. Ce moment de partage a permis de <strong>m\u00ealer tradition et apprentissage<\/strong>, tout en d\u00e9veloppant des <strong>comp\u00e9tences professionnelles<\/strong> essentielles.<\/p>\n<p><strong>\ud83c\udf1f D\u2019o\u00f9 vient la Chandeleur et que symbolise-t-elle ?<\/strong><\/p>\n<p>La <strong>Chandeleur<\/strong> est une f\u00eate chr\u00e9tienne qui trouve ses racines dans les <strong>traditions pa\u00efennes romaines<\/strong>. Dans l\u2019Antiquit\u00e9, les <strong>Lupercales<\/strong> \u00e9taient c\u00e9l\u00e9br\u00e9es avec des torches \ud83d\udd25 pour prot\u00e9ger les r\u00e9coltes \ud83c\udf3e. Plus tard, l\u2019\u00c9glise a repris cette coutume en l\u2019associant \u00e0 la <strong>Pr\u00e9sentation de J\u00e9sus au Temple<\/strong>. Selon l\u2019\u00c9vangile, <strong>quarante jours apr\u00e8s No\u00ebl<\/strong>, Marie et Joseph pr\u00e9sentent J\u00e9sus \u00e0 Dieu, o\u00f9 <strong>Sym\u00e9on<\/strong> le reconna\u00eet comme <strong>la \u00ab\u00a0lumi\u00e8re pour \u00e9clairer les nations\u00a0\u00bb<\/strong> \ud83d\udd6f\ufe0f.<\/p>\n<p>Pourquoi mange-t-on des cr\u00eapes ? \ud83e\uddd0<br \/>\nAu <strong>Ve si\u00e8cle<\/strong>, le pape <strong>G\u00e9lase Ier<\/strong> aurait distribu\u00e9 des <strong>galettes aux p\u00e8lerins<\/strong>, donnant naissance \u00e0 cette tradition gourmande. <strong>Ronde et dor\u00e9e<\/strong>, la cr\u00eape symbolise le <strong>soleil<\/strong>, annon\u00e7ant le retour des jours lumineux apr\u00e8s l\u2019hiver. Elle repr\u00e9sente aussi <strong>l\u2019abondance et la prosp\u00e9rit\u00e9<\/strong>. D\u2019ailleurs, une superstition dit que <strong>faire sauter la premi\u00e8re cr\u00eape en tenant une pi\u00e8ce d\u2019or<\/strong> apporte chance et richesse \ud83d\udcb0.<\/p>\n<p>Et vous, avez-vous d\u00e9j\u00e0 essay\u00e9 de faire sauter une cr\u00eape en tenant une pi\u00e8ce dans la main ? \ud83d\ude04<\/p>\n<p>Dans le cadre de leur <strong>EPI Restauration<\/strong>, les \u00e9l\u00e8ves ont appliqu\u00e9 leurs connaissances en <strong>cuisine<\/strong> en r\u00e9alisant des cr\u00eapes \ud83c\udf73. Cet exercice leur a permis de travailler plusieurs comp\u00e9tences :<br \/>\n\u2705 <strong>Pr\u00e9paration et cuisson<\/strong> selon des techniques pr\u00e9cises<br \/>\n\u2705 <strong>Respect des r\u00e8gles d\u2019hygi\u00e8ne et de s\u00e9curit\u00e9 (HACCP)<\/strong> \ud83e\uddfc<br \/>\n\u2705 <strong>Organisation et travail en \u00e9quipe<\/strong>, indispensables en restauration \ud83d\udc65<\/p>\n<p>Cette mise en pratique favorise <strong>l\u2019autonomie et la responsabilit\u00e9<\/strong>, en coh\u00e9rence avec les exigences du milieu professionnel. Travailler ensemble dans une cuisine demande <strong>rigueur et communication<\/strong> : chacun a un r\u00f4le et doit respecter les consignes pour garantir un bon r\u00e9sultat.<\/p>\n<p>\u00c0 votre avis, quelles autres qualit\u00e9s sont n\u00e9cessaires pour travailler en cuisine ? \ud83d\udc68\u200d\ud83c\udf73<\/p>\n<p><strong>\ud83d\udcd6 <\/strong>Au-del\u00e0 de la simple r\u00e9alisation des cr\u00eapes, cette activit\u00e9 a permis aux \u00e9l\u00e8ves de <strong>mieux comprendre l\u2019histoire et les valeurs de la Chandeleur<\/strong>. <strong>Saviez-vous que cette f\u00eate, aujourd\u2019hui principalement culinaire, \u00e9tait \u00e0 l\u2019origine une c\u00e9l\u00e9bration spirituelle ?<\/strong> \ud83d\udd6f\ufe0f<\/p>\n<p>En partageant leurs cr\u00eapes, les \u00e9l\u00e8ves ont aussi incarn\u00e9 les <strong>valeurs du lyc\u00e9e Vallon Bonnevaux<\/strong> :<br \/>\n\ud83e\udd1d <strong>Bienveillance et solidarit\u00e9<\/strong>, en partageant un moment chaleureux<br \/>\n\ud83c\udfaf <strong>Respect et engagement<\/strong>, en appliquant les consignes avec s\u00e9rieux<br \/>\n\ud83c\udf0d <strong>Ouverture culturelle<\/strong>, en explorant les traditions et leur \u00e9volution<\/p>\n<p><strong>\ud83c\udf89 Apprendre autrement, c\u2019est possible !<\/strong><\/p>\n<p>Cette c\u00e9l\u00e9bration de la Chandeleur a prouv\u00e9 que l\u2019on peut <strong>apprendre en s\u2019amusant<\/strong>, en alliant <strong>culture, savoir-faire et convivialit\u00e9<\/strong>. Les \u00e9l\u00e8ves ont pu exp\u00e9rimenter une <strong>approche p\u00e9dagogique active et immersive<\/strong>, rendant les apprentissages <strong>plus concrets et motivants<\/strong>.<\/p>\n<p>Et si chaque f\u00eate traditionnelle \u00e9tait l\u2019occasion d\u2019un projet \u00e9ducatif interactif ? Quelle autre f\u00eate aimeriez-vous explorer de cette mani\u00e8re ? \ud83c\udfad\ud83c\udf84\ud83c\udf83<\/p>\n<p>Un grand bravo aux \u00e9l\u00e8ves pour leur engagement et leur gourmandise ! \ud83d\udc4f\u2728\ud83e\udd5e<\/p>\n<p>#vallonbonnevaux #servivesauxpersonnes #orientation #decouvertedesmetiers<\/p>\n<p><a href=\"https:\/\/www.vallon-bonnevaux.fr\/formations\/4eme-3eme-de-l-enseignement-agricole\/\">4\u00e8me &#8211; 3\u00e8me de l\u2019Enseignement Agricole &#8211; Vallon Bonnevaux<\/a><\/p>\n","protected":false},"excerpt":{"rendered":"<p>&nbsp; Le 2 f\u00e9vrier, les \u00e9l\u00e8ves de 3\u00e8me du lyc\u00e9e Vallon Bonnevaux ont c\u00e9l\u00e9br\u00e9 la Chandeleur en r\u00e9alisant des cr\u00eapes dans le cadre de leur Enseignement<span class=\"excerpt-hellip\"> [\u2026]<\/span><\/p>\n","protected":false},"author":2,"featured_media":2497,"comment_status":"open","ping_status":"open","sticky":false,"template":"","format":"standard","meta":{"_mi_skip_tracking":false,"_monsterinsights_sitenote_active":false,"_monsterinsights_sitenote_note":"","_monsterinsights_sitenote_category":0,"footnotes":""},"categories":[2,3],"tags":[],"class_list":["post-2496","post","type-post","status-publish","format-standard","has-post-thumbnail","hentry","category-actualites-infos","category-formation-pedagogie"],"yoast_head":"<!-- This site is optimized with the Yoast SEO plugin v20.8 - https:\/\/yoast.com\/wordpress\/plugins\/seo\/ -->\n<title>\ud83e\udd5e Les \u00e9l\u00e8ves de 3\u00e8me du lyc\u00e9e Vallon Bonnevaux f\u00eatent la Chandeleur en alliant tradition et apprentissage \ud83c\udf89 - VB Mag<\/title>\n<meta name=\"robots\" content=\"index, follow, max-snippet:-1, max-image-preview:large, max-video-preview:-1\" \/>\n<link rel=\"canonical\" href=\"https:\/\/www.vallon-bonnevaux.fr\/vbmag\/\ud83e\udd5e-les-eleves-de-3eme-du-lycee-vallon-bonnevaux-fetent-la-chandeleur-en-alliant-tradition-et-apprentissage-\ud83c\udf89\/\" \/>\n<meta property=\"og:locale\" content=\"fr_FR\" \/>\n<meta property=\"og:type\" content=\"article\" \/>\n<meta property=\"og:title\" content=\"\ud83e\udd5e Les \u00e9l\u00e8ves de 3\u00e8me du lyc\u00e9e Vallon Bonnevaux f\u00eatent la Chandeleur en alliant tradition et apprentissage \ud83c\udf89 - VB Mag\" \/>\n<meta property=\"og:description\" content=\"&nbsp; Le 2 f\u00e9vrier, les \u00e9l\u00e8ves de 3\u00e8me du lyc\u00e9e Vallon Bonnevaux ont c\u00e9l\u00e9br\u00e9 la Chandeleur en r\u00e9alisant des cr\u00eapes dans le cadre de leur Enseignement [\u2026]\" \/>\n<meta property=\"og:url\" content=\"https:\/\/www.vallon-bonnevaux.fr\/vbmag\/\ud83e\udd5e-les-eleves-de-3eme-du-lycee-vallon-bonnevaux-fetent-la-chandeleur-en-alliant-tradition-et-apprentissage-\ud83c\udf89\/\" \/>\n<meta property=\"og:site_name\" content=\"VB Mag\" \/>\n<meta property=\"article:publisher\" content=\"https:\/\/www.facebook.com\/lyceevallonbonnevaux\" \/>\n<meta property=\"article:published_time\" content=\"2025-02-05T11:52:58+00:00\" \/>\n<meta property=\"article:modified_time\" content=\"2025-02-05T12:19:34+00:00\" \/>\n<meta property=\"og:image\" content=\"https:\/\/www.vallon-bonnevaux.fr\/vbmag\/wp-content\/uploads\/2025\/02\/20250203-3EMES-Crepes2.jpg\" \/>\n\t<meta property=\"og:image:width\" content=\"1512\" \/>\n\t<meta property=\"og:image:height\" content=\"2016\" \/>\n\t<meta property=\"og:image:type\" content=\"image\/jpeg\" \/>\n<meta name=\"author\" content=\"VBCommunication\" \/>\n<meta name=\"twitter:card\" content=\"summary_large_image\" \/>\n<meta name=\"twitter:label1\" content=\"\u00c9crit par\" \/>\n\t<meta name=\"twitter:data1\" content=\"VBCommunication\" \/>\n\t<meta name=\"twitter:label2\" content=\"Dur\u00e9e de lecture estim\u00e9e\" \/>\n\t<meta name=\"twitter:data2\" content=\"3 minutes\" \/>\n<script type=\"application\/ld+json\" class=\"yoast-schema-graph\">{\"@context\":\"https:\/\/schema.org\",\"@graph\":[{\"@type\":\"Article\",\"@id\":\"https:\/\/www.vallon-bonnevaux.fr\/vbmag\/%f0%9f%a5%9e-les-eleves-de-3eme-du-lycee-vallon-bonnevaux-fetent-la-chandeleur-en-alliant-tradition-et-apprentissage-%f0%9f%8e%89\/#article\",\"isPartOf\":{\"@id\":\"https:\/\/www.vallon-bonnevaux.fr\/vbmag\/%f0%9f%a5%9e-les-eleves-de-3eme-du-lycee-vallon-bonnevaux-fetent-la-chandeleur-en-alliant-tradition-et-apprentissage-%f0%9f%8e%89\/\"},\"author\":{\"name\":\"VBCommunication\",\"@id\":\"https:\/\/www.vallon-bonnevaux.fr\/vbmag\/#\/schema\/person\/78d4bedf135508e9d2b8d343575fdd31\"},\"headline\":\"\ud83e\udd5e Les \u00e9l\u00e8ves de 3\u00e8me du lyc\u00e9e Vallon Bonnevaux f\u00eatent la Chandeleur en alliant tradition et apprentissage \ud83c\udf89\",\"datePublished\":\"2025-02-05T11:52:58+00:00\",\"dateModified\":\"2025-02-05T12:19:34+00:00\",\"mainEntityOfPage\":{\"@id\":\"https:\/\/www.vallon-bonnevaux.fr\/vbmag\/%f0%9f%a5%9e-les-eleves-de-3eme-du-lycee-vallon-bonnevaux-fetent-la-chandeleur-en-alliant-tradition-et-apprentissage-%f0%9f%8e%89\/\"},\"wordCount\":578,\"commentCount\":0,\"publisher\":{\"@id\":\"https:\/\/www.vallon-bonnevaux.fr\/vbmag\/#organization\"},\"articleSection\":[\"Actualit\u00e9s &amp; infos\",\"Formation &amp; P\u00e9dagogie\"],\"inLanguage\":\"fr-FR\",\"potentialAction\":[{\"@type\":\"CommentAction\",\"name\":\"Comment\",\"target\":[\"https:\/\/www.vallon-bonnevaux.fr\/vbmag\/%f0%9f%a5%9e-les-eleves-de-3eme-du-lycee-vallon-bonnevaux-fetent-la-chandeleur-en-alliant-tradition-et-apprentissage-%f0%9f%8e%89\/#respond\"]}]},{\"@type\":\"WebPage\",\"@id\":\"https:\/\/www.vallon-bonnevaux.fr\/vbmag\/%f0%9f%a5%9e-les-eleves-de-3eme-du-lycee-vallon-bonnevaux-fetent-la-chandeleur-en-alliant-tradition-et-apprentissage-%f0%9f%8e%89\/\",\"url\":\"https:\/\/www.vallon-bonnevaux.fr\/vbmag\/%f0%9f%a5%9e-les-eleves-de-3eme-du-lycee-vallon-bonnevaux-fetent-la-chandeleur-en-alliant-tradition-et-apprentissage-%f0%9f%8e%89\/\",\"name\":\"\ud83e\udd5e Les \u00e9l\u00e8ves de 3\u00e8me du lyc\u00e9e Vallon Bonnevaux f\u00eatent la Chandeleur en alliant tradition et apprentissage \ud83c\udf89 - VB Mag\",\"isPartOf\":{\"@id\":\"https:\/\/www.vallon-bonnevaux.fr\/vbmag\/#website\"},\"datePublished\":\"2025-02-05T11:52:58+00:00\",\"dateModified\":\"2025-02-05T12:19:34+00:00\",\"breadcrumb\":{\"@id\":\"https:\/\/www.vallon-bonnevaux.fr\/vbmag\/%f0%9f%a5%9e-les-eleves-de-3eme-du-lycee-vallon-bonnevaux-fetent-la-chandeleur-en-alliant-tradition-et-apprentissage-%f0%9f%8e%89\/#breadcrumb\"},\"inLanguage\":\"fr-FR\",\"potentialAction\":[{\"@type\":\"ReadAction\",\"target\":[\"https:\/\/www.vallon-bonnevaux.fr\/vbmag\/%f0%9f%a5%9e-les-eleves-de-3eme-du-lycee-vallon-bonnevaux-fetent-la-chandeleur-en-alliant-tradition-et-apprentissage-%f0%9f%8e%89\/\"]}]},{\"@type\":\"BreadcrumbList\",\"@id\":\"https:\/\/www.vallon-bonnevaux.fr\/vbmag\/%f0%9f%a5%9e-les-eleves-de-3eme-du-lycee-vallon-bonnevaux-fetent-la-chandeleur-en-alliant-tradition-et-apprentissage-%f0%9f%8e%89\/#breadcrumb\",\"itemListElement\":[{\"@type\":\"ListItem\",\"position\":1,\"name\":\"Accueil\",\"item\":\"https:\/\/www.vallon-bonnevaux.fr\/vbmag\/\"},{\"@type\":\"ListItem\",\"position\":2,\"name\":\"\ud83e\udd5e Les \u00e9l\u00e8ves de 3\u00e8me du lyc\u00e9e Vallon Bonnevaux f\u00eatent la Chandeleur en alliant tradition et apprentissage \ud83c\udf89\"}]},{\"@type\":\"WebSite\",\"@id\":\"https:\/\/www.vallon-bonnevaux.fr\/vbmag\/#website\",\"url\":\"https:\/\/www.vallon-bonnevaux.fr\/vbmag\/\",\"name\":\"VBmag\",\"description\":\"\",\"publisher\":{\"@id\":\"https:\/\/www.vallon-bonnevaux.fr\/vbmag\/#organization\"},\"potentialAction\":[{\"@type\":\"SearchAction\",\"target\":{\"@type\":\"EntryPoint\",\"urlTemplate\":\"https:\/\/www.vallon-bonnevaux.fr\/vbmag\/?s={search_term_string}\"},\"query-input\":\"required name=search_term_string\"}],\"inLanguage\":\"fr-FR\"},{\"@type\":\"Organization\",\"@id\":\"https:\/\/www.vallon-bonnevaux.fr\/vbmag\/#organization\",\"name\":\"VBmag\",\"url\":\"https:\/\/www.vallon-bonnevaux.fr\/vbmag\/\",\"logo\":{\"@type\":\"ImageObject\",\"inLanguage\":\"fr-FR\",\"@id\":\"https:\/\/www.vallon-bonnevaux.fr\/vbmag\/#\/schema\/logo\/image\/\",\"url\":\"https:\/\/www.vallon-bonnevaux.fr\/vbmag\/wp-content\/uploads\/2023\/02\/Bonnevaux-logo-VBmag.png\",\"contentUrl\":\"https:\/\/www.vallon-bonnevaux.fr\/vbmag\/wp-content\/uploads\/2023\/02\/Bonnevaux-logo-VBmag.png\",\"width\":314,\"height\":143,\"caption\":\"VBmag\"},\"image\":{\"@id\":\"https:\/\/www.vallon-bonnevaux.fr\/vbmag\/#\/schema\/logo\/image\/\"},\"sameAs\":[\"https:\/\/www.facebook.com\/lyceevallonbonnevaux\",\"https:\/\/www.instagram.com\/lycee_vallon_bonnevaux\/\",\"https:\/\/www.linkedin.com\/company\/leap-le-vallon-les-bonnevaux\/?originalSubdomain=fr\"]},{\"@type\":\"Person\",\"@id\":\"https:\/\/www.vallon-bonnevaux.fr\/vbmag\/#\/schema\/person\/78d4bedf135508e9d2b8d343575fdd31\",\"name\":\"VBCommunication\",\"image\":{\"@type\":\"ImageObject\",\"inLanguage\":\"fr-FR\",\"@id\":\"https:\/\/www.vallon-bonnevaux.fr\/vbmag\/#\/schema\/person\/image\/\",\"url\":\"https:\/\/secure.gravatar.com\/avatar\/58fa64ce54dbedb7c6633693d600c884a245b0f97746903170fa62aae026cedc?s=96&d=mm&r=g\",\"contentUrl\":\"https:\/\/secure.gravatar.com\/avatar\/58fa64ce54dbedb7c6633693d600c884a245b0f97746903170fa62aae026cedc?s=96&d=mm&r=g\",\"caption\":\"VBCommunication\"},\"url\":\"https:\/\/www.vallon-bonnevaux.fr\/vbmag\/author\/vbcommunication\/\"}]}<\/script>\n<!-- \/ Yoast SEO plugin. -->","yoast_head_json":{"title":"\ud83e\udd5e Les \u00e9l\u00e8ves de 3\u00e8me du lyc\u00e9e Vallon Bonnevaux f\u00eatent la Chandeleur en alliant tradition et apprentissage \ud83c\udf89 - VB Mag","robots":{"index":"index","follow":"follow","max-snippet":"max-snippet:-1","max-image-preview":"max-image-preview:large","max-video-preview":"max-video-preview:-1"},"canonical":"https:\/\/www.vallon-bonnevaux.fr\/vbmag\/\ud83e\udd5e-les-eleves-de-3eme-du-lycee-vallon-bonnevaux-fetent-la-chandeleur-en-alliant-tradition-et-apprentissage-\ud83c\udf89\/","og_locale":"fr_FR","og_type":"article","og_title":"\ud83e\udd5e Les \u00e9l\u00e8ves de 3\u00e8me du lyc\u00e9e Vallon Bonnevaux f\u00eatent la Chandeleur en alliant tradition et apprentissage \ud83c\udf89 - VB Mag","og_description":"&nbsp; Le 2 f\u00e9vrier, les \u00e9l\u00e8ves de 3\u00e8me du lyc\u00e9e Vallon Bonnevaux ont c\u00e9l\u00e9br\u00e9 la Chandeleur en r\u00e9alisant des cr\u00eapes dans le cadre de leur Enseignement [\u2026]","og_url":"https:\/\/www.vallon-bonnevaux.fr\/vbmag\/\ud83e\udd5e-les-eleves-de-3eme-du-lycee-vallon-bonnevaux-fetent-la-chandeleur-en-alliant-tradition-et-apprentissage-\ud83c\udf89\/","og_site_name":"VB Mag","article_publisher":"https:\/\/www.facebook.com\/lyceevallonbonnevaux","article_published_time":"2025-02-05T11:52:58+00:00","article_modified_time":"2025-02-05T12:19:34+00:00","og_image":[{"width":1512,"height":2016,"url":"https:\/\/www.vallon-bonnevaux.fr\/vbmag\/wp-content\/uploads\/2025\/02\/20250203-3EMES-Crepes2.jpg","type":"image\/jpeg"}],"author":"VBCommunication","twitter_card":"summary_large_image","twitter_misc":{"\u00c9crit par":"VBCommunication","Dur\u00e9e de lecture estim\u00e9e":"3 minutes"},"schema":{"@context":"https:\/\/schema.org","@graph":[{"@type":"Article","@id":"https:\/\/www.vallon-bonnevaux.fr\/vbmag\/%f0%9f%a5%9e-les-eleves-de-3eme-du-lycee-vallon-bonnevaux-fetent-la-chandeleur-en-alliant-tradition-et-apprentissage-%f0%9f%8e%89\/#article","isPartOf":{"@id":"https:\/\/www.vallon-bonnevaux.fr\/vbmag\/%f0%9f%a5%9e-les-eleves-de-3eme-du-lycee-vallon-bonnevaux-fetent-la-chandeleur-en-alliant-tradition-et-apprentissage-%f0%9f%8e%89\/"},"author":{"name":"VBCommunication","@id":"https:\/\/www.vallon-bonnevaux.fr\/vbmag\/#\/schema\/person\/78d4bedf135508e9d2b8d343575fdd31"},"headline":"\ud83e\udd5e Les \u00e9l\u00e8ves de 3\u00e8me du lyc\u00e9e Vallon Bonnevaux f\u00eatent la Chandeleur en alliant tradition et apprentissage \ud83c\udf89","datePublished":"2025-02-05T11:52:58+00:00","dateModified":"2025-02-05T12:19:34+00:00","mainEntityOfPage":{"@id":"https:\/\/www.vallon-bonnevaux.fr\/vbmag\/%f0%9f%a5%9e-les-eleves-de-3eme-du-lycee-vallon-bonnevaux-fetent-la-chandeleur-en-alliant-tradition-et-apprentissage-%f0%9f%8e%89\/"},"wordCount":578,"commentCount":0,"publisher":{"@id":"https:\/\/www.vallon-bonnevaux.fr\/vbmag\/#organization"},"articleSection":["Actualit\u00e9s &amp; infos","Formation &amp; P\u00e9dagogie"],"inLanguage":"fr-FR","potentialAction":[{"@type":"CommentAction","name":"Comment","target":["https:\/\/www.vallon-bonnevaux.fr\/vbmag\/%f0%9f%a5%9e-les-eleves-de-3eme-du-lycee-vallon-bonnevaux-fetent-la-chandeleur-en-alliant-tradition-et-apprentissage-%f0%9f%8e%89\/#respond"]}]},{"@type":"WebPage","@id":"https:\/\/www.vallon-bonnevaux.fr\/vbmag\/%f0%9f%a5%9e-les-eleves-de-3eme-du-lycee-vallon-bonnevaux-fetent-la-chandeleur-en-alliant-tradition-et-apprentissage-%f0%9f%8e%89\/","url":"https:\/\/www.vallon-bonnevaux.fr\/vbmag\/%f0%9f%a5%9e-les-eleves-de-3eme-du-lycee-vallon-bonnevaux-fetent-la-chandeleur-en-alliant-tradition-et-apprentissage-%f0%9f%8e%89\/","name":"\ud83e\udd5e Les \u00e9l\u00e8ves de 3\u00e8me du lyc\u00e9e Vallon Bonnevaux f\u00eatent la Chandeleur en alliant tradition et apprentissage \ud83c\udf89 - VB Mag","isPartOf":{"@id":"https:\/\/www.vallon-bonnevaux.fr\/vbmag\/#website"},"datePublished":"2025-02-05T11:52:58+00:00","dateModified":"2025-02-05T12:19:34+00:00","breadcrumb":{"@id":"https:\/\/www.vallon-bonnevaux.fr\/vbmag\/%f0%9f%a5%9e-les-eleves-de-3eme-du-lycee-vallon-bonnevaux-fetent-la-chandeleur-en-alliant-tradition-et-apprentissage-%f0%9f%8e%89\/#breadcrumb"},"inLanguage":"fr-FR","potentialAction":[{"@type":"ReadAction","target":["https:\/\/www.vallon-bonnevaux.fr\/vbmag\/%f0%9f%a5%9e-les-eleves-de-3eme-du-lycee-vallon-bonnevaux-fetent-la-chandeleur-en-alliant-tradition-et-apprentissage-%f0%9f%8e%89\/"]}]},{"@type":"BreadcrumbList","@id":"https:\/\/www.vallon-bonnevaux.fr\/vbmag\/%f0%9f%a5%9e-les-eleves-de-3eme-du-lycee-vallon-bonnevaux-fetent-la-chandeleur-en-alliant-tradition-et-apprentissage-%f0%9f%8e%89\/#breadcrumb","itemListElement":[{"@type":"ListItem","position":1,"name":"Accueil","item":"https:\/\/www.vallon-bonnevaux.fr\/vbmag\/"},{"@type":"ListItem","position":2,"name":"\ud83e\udd5e Les \u00e9l\u00e8ves de 3\u00e8me du lyc\u00e9e Vallon Bonnevaux f\u00eatent la Chandeleur en alliant tradition et apprentissage \ud83c\udf89"}]},{"@type":"WebSite","@id":"https:\/\/www.vallon-bonnevaux.fr\/vbmag\/#website","url":"https:\/\/www.vallon-bonnevaux.fr\/vbmag\/","name":"VBmag","description":"","publisher":{"@id":"https:\/\/www.vallon-bonnevaux.fr\/vbmag\/#organization"},"potentialAction":[{"@type":"SearchAction","target":{"@type":"EntryPoint","urlTemplate":"https:\/\/www.vallon-bonnevaux.fr\/vbmag\/?s={search_term_string}"},"query-input":"required name=search_term_string"}],"inLanguage":"fr-FR"},{"@type":"Organization","@id":"https:\/\/www.vallon-bonnevaux.fr\/vbmag\/#organization","name":"VBmag","url":"https:\/\/www.vallon-bonnevaux.fr\/vbmag\/","logo":{"@type":"ImageObject","inLanguage":"fr-FR","@id":"https:\/\/www.vallon-bonnevaux.fr\/vbmag\/#\/schema\/logo\/image\/","url":"https:\/\/www.vallon-bonnevaux.fr\/vbmag\/wp-content\/uploads\/2023\/02\/Bonnevaux-logo-VBmag.png","contentUrl":"https:\/\/www.vallon-bonnevaux.fr\/vbmag\/wp-content\/uploads\/2023\/02\/Bonnevaux-logo-VBmag.png","width":314,"height":143,"caption":"VBmag"},"image":{"@id":"https:\/\/www.vallon-bonnevaux.fr\/vbmag\/#\/schema\/logo\/image\/"},"sameAs":["https:\/\/www.facebook.com\/lyceevallonbonnevaux","https:\/\/www.instagram.com\/lycee_vallon_bonnevaux\/","https:\/\/www.linkedin.com\/company\/leap-le-vallon-les-bonnevaux\/?originalSubdomain=fr"]},{"@type":"Person","@id":"https:\/\/www.vallon-bonnevaux.fr\/vbmag\/#\/schema\/person\/78d4bedf135508e9d2b8d343575fdd31","name":"VBCommunication","image":{"@type":"ImageObject","inLanguage":"fr-FR","@id":"https:\/\/www.vallon-bonnevaux.fr\/vbmag\/#\/schema\/person\/image\/","url":"https:\/\/secure.gravatar.com\/avatar\/58fa64ce54dbedb7c6633693d600c884a245b0f97746903170fa62aae026cedc?s=96&d=mm&r=g","contentUrl":"https:\/\/secure.gravatar.com\/avatar\/58fa64ce54dbedb7c6633693d600c884a245b0f97746903170fa62aae026cedc?s=96&d=mm&r=g","caption":"VBCommunication"},"url":"https:\/\/www.vallon-bonnevaux.fr\/vbmag\/author\/vbcommunication\/"}]}},"_links":{"self":[{"href":"https:\/\/www.vallon-bonnevaux.fr\/vbmag\/wp-json\/wp\/v2\/posts\/2496","targetHints":{"allow":["GET"]}}],"collection":[{"href":"https:\/\/www.vallon-bonnevaux.fr\/vbmag\/wp-json\/wp\/v2\/posts"}],"about":[{"href":"https:\/\/www.vallon-bonnevaux.fr\/vbmag\/wp-json\/wp\/v2\/types\/post"}],"author":[{"embeddable":true,"href":"https:\/\/www.vallon-bonnevaux.fr\/vbmag\/wp-json\/wp\/v2\/users\/2"}],"replies":[{"embeddable":true,"href":"https:\/\/www.vallon-bonnevaux.fr\/vbmag\/wp-json\/wp\/v2\/comments?post=2496"}],"version-history":[{"count":5,"href":"https:\/\/www.vallon-bonnevaux.fr\/vbmag\/wp-json\/wp\/v2\/posts\/2496\/revisions"}],"predecessor-version":[{"id":2504,"href":"https:\/\/www.vallon-bonnevaux.fr\/vbmag\/wp-json\/wp\/v2\/posts\/2496\/revisions\/2504"}],"wp:featuredmedia":[{"embeddable":true,"href":"https:\/\/www.vallon-bonnevaux.fr\/vbmag\/wp-json\/wp\/v2\/media\/2497"}],"wp:attachment":[{"href":"https:\/\/www.vallon-bonnevaux.fr\/vbmag\/wp-json\/wp\/v2\/media?parent=2496"}],"wp:term":[{"taxonomy":"category","embeddable":true,"href":"https:\/\/www.vallon-bonnevaux.fr\/vbmag\/wp-json\/wp\/v2\/categories?post=2496"},{"taxonomy":"post_tag","embeddable":true,"href":"https:\/\/www.vallon-bonnevaux.fr\/vbmag\/wp-json\/wp\/v2\/tags?post=2496"}],"curies":[{"name":"wp","href":"https:\/\/api.w.org\/{rel}","templated":true}]}}