{"id":2505,"date":"2025-02-07T09:10:08","date_gmt":"2025-02-07T08:10:08","guid":{"rendered":"https:\/\/www.vallon-bonnevaux.fr\/vbmag\/?p=2505"},"modified":"2025-02-07T09:20:48","modified_gmt":"2025-02-07T08:20:48","slug":"acquisition-de-materiel-informatique","status":"publish","type":"post","link":"https:\/\/www.vallon-bonnevaux.fr\/vbmag\/acquisition-de-materiel-informatique\/","title":{"rendered":"Acquisition de mat\u00e9riel p\u00e9dagogique"},"content":{"rendered":"<p><strong> <img loading=\"lazy\" decoding=\"async\" class=\"alignnone size-full wp-image-2512\" src=\"https:\/\/www.vallon-bonnevaux.fr\/vbmag\/wp-content\/uploads\/2025\/02\/Image3.png\" alt=\"\" width=\"195\" height=\"64\" srcset=\"https:\/\/www.vallon-bonnevaux.fr\/vbmag\/wp-content\/uploads\/2025\/02\/Image3.png 195w, https:\/\/www.vallon-bonnevaux.fr\/vbmag\/wp-content\/uploads\/2025\/02\/Image3-50x16.png 50w, https:\/\/www.vallon-bonnevaux.fr\/vbmag\/wp-content\/uploads\/2025\/02\/Image3-150x49.png 150w\" sizes=\"auto, (max-width: 195px) 100vw, 195px\" \/>La r\u00e9gion Auvergne-Rh\u00f4ne-Alpes et le d\u00e9partement de l\u2019Is\u00e8re soutiennent notre d\u00e9veloppement p\u00e9dagogique.<\/strong><\/p>\n<p>La r\u00e9gion Auvergne-Rh\u00f4ne-Alpes et le d\u00e9partement de l\u2019Is\u00e8re nous ont accord\u00e9 une subvention pour l\u2019acquisition de mat\u00e9riel p\u00e9dagogique.<\/p>\n<p>Ce soutien financier est important pour la qualit\u00e9 de notre enseignement professionnel.<\/p>\n<p>Nous avons pu renouveler le parc de machines pour les CAP Jardinier Paysagiste.<\/p>\n<p>Nous avons \u00e9quip\u00e9 le magasin p\u00e9dagogique d\u2019une banque d\u2019accueil, d\u2019un PC caisse enregistreur et de tables, pour les CAP SAPVER.<\/p>\n<p>Enfin les fili\u00e8res services aux personnes et petites enfances (CAP SAPVER et BAC PRO SAPAT) ont b\u00e9n\u00e9fici\u00e9 de l\u2019achat de poupons p\u00e9dagogiques, de chariot de linge etc \u2026.<\/p>\n<p>&nbsp;<\/p>\n<p><img loading=\"lazy\" decoding=\"async\" class=\"alignnone wp-image-2514\" src=\"https:\/\/www.vallon-bonnevaux.fr\/vbmag\/wp-content\/uploads\/2025\/02\/photo-magasin-pedagogique-225x300.jpg\" alt=\"\" width=\"174\" height=\"232\" srcset=\"https:\/\/www.vallon-bonnevaux.fr\/vbmag\/wp-content\/uploads\/2025\/02\/photo-magasin-pedagogique-225x300.jpg 225w, https:\/\/www.vallon-bonnevaux.fr\/vbmag\/wp-content\/uploads\/2025\/02\/photo-magasin-pedagogique-768x1024.jpg 768w, https:\/\/www.vallon-bonnevaux.fr\/vbmag\/wp-content\/uploads\/2025\/02\/photo-magasin-pedagogique-1152x1536.jpg 1152w, https:\/\/www.vallon-bonnevaux.fr\/vbmag\/wp-content\/uploads\/2025\/02\/photo-magasin-pedagogique-1536x2048.jpg 1536w, https:\/\/www.vallon-bonnevaux.fr\/vbmag\/wp-content\/uploads\/2025\/02\/photo-magasin-pedagogique-110x146.jpg 110w, https:\/\/www.vallon-bonnevaux.fr\/vbmag\/wp-content\/uploads\/2025\/02\/photo-magasin-pedagogique-38x50.jpg 38w, https:\/\/www.vallon-bonnevaux.fr\/vbmag\/wp-content\/uploads\/2025\/02\/photo-magasin-pedagogique-56x75.jpg 56w, https:\/\/www.vallon-bonnevaux.fr\/vbmag\/wp-content\/uploads\/2025\/02\/photo-magasin-pedagogique-scaled.jpg 1920w\" sizes=\"auto, (max-width: 174px) 100vw, 174px\" \/>\u00a0 <img loading=\"lazy\" decoding=\"async\" class=\"alignnone wp-image-2510\" src=\"https:\/\/www.vallon-bonnevaux.fr\/vbmag\/wp-content\/uploads\/2025\/02\/Capture-decran-2025-01-22-105659-300x291.png\" alt=\"\" width=\"239\" height=\"232\" srcset=\"https:\/\/www.vallon-bonnevaux.fr\/vbmag\/wp-content\/uploads\/2025\/02\/Capture-decran-2025-01-22-105659-300x291.png 300w, https:\/\/www.vallon-bonnevaux.fr\/vbmag\/wp-content\/uploads\/2025\/02\/Capture-decran-2025-01-22-105659-151x146.png 151w, https:\/\/www.vallon-bonnevaux.fr\/vbmag\/wp-content\/uploads\/2025\/02\/Capture-decran-2025-01-22-105659-50x48.png 50w, https:\/\/www.vallon-bonnevaux.fr\/vbmag\/wp-content\/uploads\/2025\/02\/Capture-decran-2025-01-22-105659-77x75.png 77w, https:\/\/www.vallon-bonnevaux.fr\/vbmag\/wp-content\/uploads\/2025\/02\/Capture-decran-2025-01-22-105659.png 456w\" sizes=\"auto, (max-width: 239px) 100vw, 239px\" \/>\u00a0 \u00a0 \u00a0<img loading=\"lazy\" decoding=\"async\" class=\"alignnone wp-image-2509\" src=\"https:\/\/www.vallon-bonnevaux.fr\/vbmag\/wp-content\/uploads\/2025\/02\/Capture-decran-2025-01-22-105637-300x287.png\" alt=\"\" width=\"236\" height=\"225\" srcset=\"https:\/\/www.vallon-bonnevaux.fr\/vbmag\/wp-content\/uploads\/2025\/02\/Capture-decran-2025-01-22-105637-300x287.png 300w, https:\/\/www.vallon-bonnevaux.fr\/vbmag\/wp-content\/uploads\/2025\/02\/Capture-decran-2025-01-22-105637-153x146.png 153w, https:\/\/www.vallon-bonnevaux.fr\/vbmag\/wp-content\/uploads\/2025\/02\/Capture-decran-2025-01-22-105637-50x48.png 50w, https:\/\/www.vallon-bonnevaux.fr\/vbmag\/wp-content\/uploads\/2025\/02\/Capture-decran-2025-01-22-105637-78x75.png 78w, https:\/\/www.vallon-bonnevaux.fr\/vbmag\/wp-content\/uploads\/2025\/02\/Capture-decran-2025-01-22-105637.png 440w\" sizes=\"auto, (max-width: 236px) 100vw, 236px\" \/>\u00a0 \u00a0<img loading=\"lazy\" decoding=\"async\" class=\"alignnone wp-image-2508\" src=\"https:\/\/www.vallon-bonnevaux.fr\/vbmag\/wp-content\/uploads\/2025\/02\/Capture-decran-2025-01-22-105619-267x300.png\" alt=\"\" width=\"200\" height=\"225\" srcset=\"https:\/\/www.vallon-bonnevaux.fr\/vbmag\/wp-content\/uploads\/2025\/02\/Capture-decran-2025-01-22-105619-267x300.png 267w, https:\/\/www.vallon-bonnevaux.fr\/vbmag\/wp-content\/uploads\/2025\/02\/Capture-decran-2025-01-22-105619-130x146.png 130w, https:\/\/www.vallon-bonnevaux.fr\/vbmag\/wp-content\/uploads\/2025\/02\/Capture-decran-2025-01-22-105619-44x50.png 44w, https:\/\/www.vallon-bonnevaux.fr\/vbmag\/wp-content\/uploads\/2025\/02\/Capture-decran-2025-01-22-105619-67x75.png 67w, https:\/\/www.vallon-bonnevaux.fr\/vbmag\/wp-content\/uploads\/2025\/02\/Capture-decran-2025-01-22-105619.png 464w\" sizes=\"auto, (max-width: 200px) 100vw, 200px\" \/>\u00a0\u00a0\u00a0<img loading=\"lazy\" decoding=\"async\" class=\"alignnone wp-image-2507\" src=\"https:\/\/www.vallon-bonnevaux.fr\/vbmag\/wp-content\/uploads\/2025\/02\/Poupon_Photo-article-225x300.jpg\" alt=\"\" width=\"170\" height=\"227\" srcset=\"https:\/\/www.vallon-bonnevaux.fr\/vbmag\/wp-content\/uploads\/2025\/02\/Poupon_Photo-article-225x300.jpg 225w, https:\/\/www.vallon-bonnevaux.fr\/vbmag\/wp-content\/uploads\/2025\/02\/Poupon_Photo-article-768x1024.jpg 768w, https:\/\/www.vallon-bonnevaux.fr\/vbmag\/wp-content\/uploads\/2025\/02\/Poupon_Photo-article-1152x1536.jpg 1152w, https:\/\/www.vallon-bonnevaux.fr\/vbmag\/wp-content\/uploads\/2025\/02\/Poupon_Photo-article-1536x2048.jpg 1536w, https:\/\/www.vallon-bonnevaux.fr\/vbmag\/wp-content\/uploads\/2025\/02\/Poupon_Photo-article-110x146.jpg 110w, https:\/\/www.vallon-bonnevaux.fr\/vbmag\/wp-content\/uploads\/2025\/02\/Poupon_Photo-article-38x50.jpg 38w, https:\/\/www.vallon-bonnevaux.fr\/vbmag\/wp-content\/uploads\/2025\/02\/Poupon_Photo-article-56x75.jpg 56w, https:\/\/www.vallon-bonnevaux.fr\/vbmag\/wp-content\/uploads\/2025\/02\/Poupon_Photo-article-scaled.jpg 1920w\" sizes=\"auto, (max-width: 170px) 100vw, 170px\" \/><\/p>\n","protected":false},"excerpt":{"rendered":"<p>La r\u00e9gion Auvergne-Rh\u00f4ne-Alpes et le d\u00e9partement de l\u2019Is\u00e8re soutiennent notre d\u00e9veloppement p\u00e9dagogique. La r\u00e9gion Auvergne-Rh\u00f4ne-Alpes et le d\u00e9partement de l\u2019Is\u00e8re nous ont accord\u00e9 une subvention pour<span class=\"excerpt-hellip\"> [\u2026]<\/span><\/p>\n","protected":false},"author":2,"featured_media":0,"comment_status":"open","ping_status":"open","sticky":false,"template":"","format":"standard","meta":{"_mi_skip_tracking":false,"_monsterinsights_sitenote_active":false,"_monsterinsights_sitenote_note":"","_monsterinsights_sitenote_category":0,"footnotes":""},"categories":[3],"tags":[],"class_list":["post-2505","post","type-post","status-publish","format-standard","hentry","category-formation-pedagogie"],"yoast_head":"<!-- This site is optimized with the Yoast SEO plugin v20.8 - https:\/\/yoast.com\/wordpress\/plugins\/seo\/ -->\n<title>Acquisition de mat\u00e9riel p\u00e9dagogique - VB Mag<\/title>\n<meta name=\"robots\" content=\"index, follow, max-snippet:-1, max-image-preview:large, max-video-preview:-1\" \/>\n<link rel=\"canonical\" href=\"https:\/\/www.vallon-bonnevaux.fr\/vbmag\/acquisition-de-materiel-informatique\/\" \/>\n<meta property=\"og:locale\" content=\"fr_FR\" \/>\n<meta property=\"og:type\" content=\"article\" \/>\n<meta property=\"og:title\" content=\"Acquisition de mat\u00e9riel p\u00e9dagogique - VB Mag\" \/>\n<meta property=\"og:description\" content=\"La r\u00e9gion Auvergne-Rh\u00f4ne-Alpes et le d\u00e9partement de l\u2019Is\u00e8re soutiennent notre d\u00e9veloppement p\u00e9dagogique. La r\u00e9gion Auvergne-Rh\u00f4ne-Alpes et le d\u00e9partement de l\u2019Is\u00e8re nous ont accord\u00e9 une subvention pour [\u2026]\" \/>\n<meta property=\"og:url\" content=\"https:\/\/www.vallon-bonnevaux.fr\/vbmag\/acquisition-de-materiel-informatique\/\" \/>\n<meta property=\"og:site_name\" content=\"VB Mag\" \/>\n<meta property=\"article:publisher\" content=\"https:\/\/www.facebook.com\/lyceevallonbonnevaux\" \/>\n<meta property=\"article:published_time\" content=\"2025-02-07T08:10:08+00:00\" \/>\n<meta property=\"article:modified_time\" content=\"2025-02-07T08:20:48+00:00\" \/>\n<meta property=\"og:image\" content=\"https:\/\/www.vallon-bonnevaux.fr\/vbmag\/wp-content\/uploads\/2025\/02\/Image3.png\" \/>\n<meta name=\"author\" content=\"VBCommunication\" \/>\n<meta name=\"twitter:card\" content=\"summary_large_image\" \/>\n<meta name=\"twitter:label1\" content=\"\u00c9crit par\" \/>\n\t<meta name=\"twitter:data1\" content=\"VBCommunication\" \/>\n\t<meta name=\"twitter:label2\" content=\"Dur\u00e9e de lecture estim\u00e9e\" \/>\n\t<meta name=\"twitter:data2\" content=\"2 minutes\" \/>\n<script type=\"application\/ld+json\" class=\"yoast-schema-graph\">{\"@context\":\"https:\/\/schema.org\",\"@graph\":[{\"@type\":\"Article\",\"@id\":\"https:\/\/www.vallon-bonnevaux.fr\/vbmag\/acquisition-de-materiel-informatique\/#article\",\"isPartOf\":{\"@id\":\"https:\/\/www.vallon-bonnevaux.fr\/vbmag\/acquisition-de-materiel-informatique\/\"},\"author\":{\"name\":\"VBCommunication\",\"@id\":\"https:\/\/www.vallon-bonnevaux.fr\/vbmag\/#\/schema\/person\/78d4bedf135508e9d2b8d343575fdd31\"},\"headline\":\"Acquisition de mat\u00e9riel p\u00e9dagogique\",\"datePublished\":\"2025-02-07T08:10:08+00:00\",\"dateModified\":\"2025-02-07T08:20:48+00:00\",\"mainEntityOfPage\":{\"@id\":\"https:\/\/www.vallon-bonnevaux.fr\/vbmag\/acquisition-de-materiel-informatique\/\"},\"wordCount\":133,\"commentCount\":0,\"publisher\":{\"@id\":\"https:\/\/www.vallon-bonnevaux.fr\/vbmag\/#organization\"},\"articleSection\":[\"Formation &amp; P\u00e9dagogie\"],\"inLanguage\":\"fr-FR\",\"potentialAction\":[{\"@type\":\"CommentAction\",\"name\":\"Comment\",\"target\":[\"https:\/\/www.vallon-bonnevaux.fr\/vbmag\/acquisition-de-materiel-informatique\/#respond\"]}]},{\"@type\":\"WebPage\",\"@id\":\"https:\/\/www.vallon-bonnevaux.fr\/vbmag\/acquisition-de-materiel-informatique\/\",\"url\":\"https:\/\/www.vallon-bonnevaux.fr\/vbmag\/acquisition-de-materiel-informatique\/\",\"name\":\"Acquisition de mat\u00e9riel p\u00e9dagogique - VB Mag\",\"isPartOf\":{\"@id\":\"https:\/\/www.vallon-bonnevaux.fr\/vbmag\/#website\"},\"datePublished\":\"2025-02-07T08:10:08+00:00\",\"dateModified\":\"2025-02-07T08:20:48+00:00\",\"breadcrumb\":{\"@id\":\"https:\/\/www.vallon-bonnevaux.fr\/vbmag\/acquisition-de-materiel-informatique\/#breadcrumb\"},\"inLanguage\":\"fr-FR\",\"potentialAction\":[{\"@type\":\"ReadAction\",\"target\":[\"https:\/\/www.vallon-bonnevaux.fr\/vbmag\/acquisition-de-materiel-informatique\/\"]}]},{\"@type\":\"BreadcrumbList\",\"@id\":\"https:\/\/www.vallon-bonnevaux.fr\/vbmag\/acquisition-de-materiel-informatique\/#breadcrumb\",\"itemListElement\":[{\"@type\":\"ListItem\",\"position\":1,\"name\":\"Accueil\",\"item\":\"https:\/\/www.vallon-bonnevaux.fr\/vbmag\/\"},{\"@type\":\"ListItem\",\"position\":2,\"name\":\"Acquisition de mat\u00e9riel p\u00e9dagogique\"}]},{\"@type\":\"WebSite\",\"@id\":\"https:\/\/www.vallon-bonnevaux.fr\/vbmag\/#website\",\"url\":\"https:\/\/www.vallon-bonnevaux.fr\/vbmag\/\",\"name\":\"VBmag\",\"description\":\"\",\"publisher\":{\"@id\":\"https:\/\/www.vallon-bonnevaux.fr\/vbmag\/#organization\"},\"potentialAction\":[{\"@type\":\"SearchAction\",\"target\":{\"@type\":\"EntryPoint\",\"urlTemplate\":\"https:\/\/www.vallon-bonnevaux.fr\/vbmag\/?s={search_term_string}\"},\"query-input\":\"required name=search_term_string\"}],\"inLanguage\":\"fr-FR\"},{\"@type\":\"Organization\",\"@id\":\"https:\/\/www.vallon-bonnevaux.fr\/vbmag\/#organization\",\"name\":\"VBmag\",\"url\":\"https:\/\/www.vallon-bonnevaux.fr\/vbmag\/\",\"logo\":{\"@type\":\"ImageObject\",\"inLanguage\":\"fr-FR\",\"@id\":\"https:\/\/www.vallon-bonnevaux.fr\/vbmag\/#\/schema\/logo\/image\/\",\"url\":\"https:\/\/www.vallon-bonnevaux.fr\/vbmag\/wp-content\/uploads\/2023\/02\/Bonnevaux-logo-VBmag.png\",\"contentUrl\":\"https:\/\/www.vallon-bonnevaux.fr\/vbmag\/wp-content\/uploads\/2023\/02\/Bonnevaux-logo-VBmag.png\",\"width\":314,\"height\":143,\"caption\":\"VBmag\"},\"image\":{\"@id\":\"https:\/\/www.vallon-bonnevaux.fr\/vbmag\/#\/schema\/logo\/image\/\"},\"sameAs\":[\"https:\/\/www.facebook.com\/lyceevallonbonnevaux\",\"https:\/\/www.instagram.com\/lycee_vallon_bonnevaux\/\",\"https:\/\/www.linkedin.com\/company\/leap-le-vallon-les-bonnevaux\/?originalSubdomain=fr\"]},{\"@type\":\"Person\",\"@id\":\"https:\/\/www.vallon-bonnevaux.fr\/vbmag\/#\/schema\/person\/78d4bedf135508e9d2b8d343575fdd31\",\"name\":\"VBCommunication\",\"image\":{\"@type\":\"ImageObject\",\"inLanguage\":\"fr-FR\",\"@id\":\"https:\/\/www.vallon-bonnevaux.fr\/vbmag\/#\/schema\/person\/image\/\",\"url\":\"https:\/\/secure.gravatar.com\/avatar\/58fa64ce54dbedb7c6633693d600c884a245b0f97746903170fa62aae026cedc?s=96&d=mm&r=g\",\"contentUrl\":\"https:\/\/secure.gravatar.com\/avatar\/58fa64ce54dbedb7c6633693d600c884a245b0f97746903170fa62aae026cedc?s=96&d=mm&r=g\",\"caption\":\"VBCommunication\"},\"url\":\"https:\/\/www.vallon-bonnevaux.fr\/vbmag\/author\/vbcommunication\/\"}]}<\/script>\n<!-- \/ Yoast SEO plugin. -->","yoast_head_json":{"title":"Acquisition de mat\u00e9riel p\u00e9dagogique - VB Mag","robots":{"index":"index","follow":"follow","max-snippet":"max-snippet:-1","max-image-preview":"max-image-preview:large","max-video-preview":"max-video-preview:-1"},"canonical":"https:\/\/www.vallon-bonnevaux.fr\/vbmag\/acquisition-de-materiel-informatique\/","og_locale":"fr_FR","og_type":"article","og_title":"Acquisition de mat\u00e9riel p\u00e9dagogique - VB Mag","og_description":"La r\u00e9gion Auvergne-Rh\u00f4ne-Alpes et le d\u00e9partement de l\u2019Is\u00e8re soutiennent notre d\u00e9veloppement p\u00e9dagogique. La r\u00e9gion Auvergne-Rh\u00f4ne-Alpes et le d\u00e9partement de l\u2019Is\u00e8re nous ont accord\u00e9 une subvention pour [\u2026]","og_url":"https:\/\/www.vallon-bonnevaux.fr\/vbmag\/acquisition-de-materiel-informatique\/","og_site_name":"VB Mag","article_publisher":"https:\/\/www.facebook.com\/lyceevallonbonnevaux","article_published_time":"2025-02-07T08:10:08+00:00","article_modified_time":"2025-02-07T08:20:48+00:00","og_image":[{"url":"https:\/\/www.vallon-bonnevaux.fr\/vbmag\/wp-content\/uploads\/2025\/02\/Image3.png"}],"author":"VBCommunication","twitter_card":"summary_large_image","twitter_misc":{"\u00c9crit par":"VBCommunication","Dur\u00e9e de lecture estim\u00e9e":"2 minutes"},"schema":{"@context":"https:\/\/schema.org","@graph":[{"@type":"Article","@id":"https:\/\/www.vallon-bonnevaux.fr\/vbmag\/acquisition-de-materiel-informatique\/#article","isPartOf":{"@id":"https:\/\/www.vallon-bonnevaux.fr\/vbmag\/acquisition-de-materiel-informatique\/"},"author":{"name":"VBCommunication","@id":"https:\/\/www.vallon-bonnevaux.fr\/vbmag\/#\/schema\/person\/78d4bedf135508e9d2b8d343575fdd31"},"headline":"Acquisition de mat\u00e9riel p\u00e9dagogique","datePublished":"2025-02-07T08:10:08+00:00","dateModified":"2025-02-07T08:20:48+00:00","mainEntityOfPage":{"@id":"https:\/\/www.vallon-bonnevaux.fr\/vbmag\/acquisition-de-materiel-informatique\/"},"wordCount":133,"commentCount":0,"publisher":{"@id":"https:\/\/www.vallon-bonnevaux.fr\/vbmag\/#organization"},"articleSection":["Formation &amp; P\u00e9dagogie"],"inLanguage":"fr-FR","potentialAction":[{"@type":"CommentAction","name":"Comment","target":["https:\/\/www.vallon-bonnevaux.fr\/vbmag\/acquisition-de-materiel-informatique\/#respond"]}]},{"@type":"WebPage","@id":"https:\/\/www.vallon-bonnevaux.fr\/vbmag\/acquisition-de-materiel-informatique\/","url":"https:\/\/www.vallon-bonnevaux.fr\/vbmag\/acquisition-de-materiel-informatique\/","name":"Acquisition de mat\u00e9riel p\u00e9dagogique - VB Mag","isPartOf":{"@id":"https:\/\/www.vallon-bonnevaux.fr\/vbmag\/#website"},"datePublished":"2025-02-07T08:10:08+00:00","dateModified":"2025-02-07T08:20:48+00:00","breadcrumb":{"@id":"https:\/\/www.vallon-bonnevaux.fr\/vbmag\/acquisition-de-materiel-informatique\/#breadcrumb"},"inLanguage":"fr-FR","potentialAction":[{"@type":"ReadAction","target":["https:\/\/www.vallon-bonnevaux.fr\/vbmag\/acquisition-de-materiel-informatique\/"]}]},{"@type":"BreadcrumbList","@id":"https:\/\/www.vallon-bonnevaux.fr\/vbmag\/acquisition-de-materiel-informatique\/#breadcrumb","itemListElement":[{"@type":"ListItem","position":1,"name":"Accueil","item":"https:\/\/www.vallon-bonnevaux.fr\/vbmag\/"},{"@type":"ListItem","position":2,"name":"Acquisition de mat\u00e9riel p\u00e9dagogique"}]},{"@type":"WebSite","@id":"https:\/\/www.vallon-bonnevaux.fr\/vbmag\/#website","url":"https:\/\/www.vallon-bonnevaux.fr\/vbmag\/","name":"VBmag","description":"","publisher":{"@id":"https:\/\/www.vallon-bonnevaux.fr\/vbmag\/#organization"},"potentialAction":[{"@type":"SearchAction","target":{"@type":"EntryPoint","urlTemplate":"https:\/\/www.vallon-bonnevaux.fr\/vbmag\/?s={search_term_string}"},"query-input":"required name=search_term_string"}],"inLanguage":"fr-FR"},{"@type":"Organization","@id":"https:\/\/www.vallon-bonnevaux.fr\/vbmag\/#organization","name":"VBmag","url":"https:\/\/www.vallon-bonnevaux.fr\/vbmag\/","logo":{"@type":"ImageObject","inLanguage":"fr-FR","@id":"https:\/\/www.vallon-bonnevaux.fr\/vbmag\/#\/schema\/logo\/image\/","url":"https:\/\/www.vallon-bonnevaux.fr\/vbmag\/wp-content\/uploads\/2023\/02\/Bonnevaux-logo-VBmag.png","contentUrl":"https:\/\/www.vallon-bonnevaux.fr\/vbmag\/wp-content\/uploads\/2023\/02\/Bonnevaux-logo-VBmag.png","width":314,"height":143,"caption":"VBmag"},"image":{"@id":"https:\/\/www.vallon-bonnevaux.fr\/vbmag\/#\/schema\/logo\/image\/"},"sameAs":["https:\/\/www.facebook.com\/lyceevallonbonnevaux","https:\/\/www.instagram.com\/lycee_vallon_bonnevaux\/","https:\/\/www.linkedin.com\/company\/leap-le-vallon-les-bonnevaux\/?originalSubdomain=fr"]},{"@type":"Person","@id":"https:\/\/www.vallon-bonnevaux.fr\/vbmag\/#\/schema\/person\/78d4bedf135508e9d2b8d343575fdd31","name":"VBCommunication","image":{"@type":"ImageObject","inLanguage":"fr-FR","@id":"https:\/\/www.vallon-bonnevaux.fr\/vbmag\/#\/schema\/person\/image\/","url":"https:\/\/secure.gravatar.com\/avatar\/58fa64ce54dbedb7c6633693d600c884a245b0f97746903170fa62aae026cedc?s=96&d=mm&r=g","contentUrl":"https:\/\/secure.gravatar.com\/avatar\/58fa64ce54dbedb7c6633693d600c884a245b0f97746903170fa62aae026cedc?s=96&d=mm&r=g","caption":"VBCommunication"},"url":"https:\/\/www.vallon-bonnevaux.fr\/vbmag\/author\/vbcommunication\/"}]}},"_links":{"self":[{"href":"https:\/\/www.vallon-bonnevaux.fr\/vbmag\/wp-json\/wp\/v2\/posts\/2505","targetHints":{"allow":["GET"]}}],"collection":[{"href":"https:\/\/www.vallon-bonnevaux.fr\/vbmag\/wp-json\/wp\/v2\/posts"}],"about":[{"href":"https:\/\/www.vallon-bonnevaux.fr\/vbmag\/wp-json\/wp\/v2\/types\/post"}],"author":[{"embeddable":true,"href":"https:\/\/www.vallon-bonnevaux.fr\/vbmag\/wp-json\/wp\/v2\/users\/2"}],"replies":[{"embeddable":true,"href":"https:\/\/www.vallon-bonnevaux.fr\/vbmag\/wp-json\/wp\/v2\/comments?post=2505"}],"version-history":[{"count":5,"href":"https:\/\/www.vallon-bonnevaux.fr\/vbmag\/wp-json\/wp\/v2\/posts\/2505\/revisions"}],"predecessor-version":[{"id":2517,"href":"https:\/\/www.vallon-bonnevaux.fr\/vbmag\/wp-json\/wp\/v2\/posts\/2505\/revisions\/2517"}],"wp:attachment":[{"href":"https:\/\/www.vallon-bonnevaux.fr\/vbmag\/wp-json\/wp\/v2\/media?parent=2505"}],"wp:term":[{"taxonomy":"category","embeddable":true,"href":"https:\/\/www.vallon-bonnevaux.fr\/vbmag\/wp-json\/wp\/v2\/categories?post=2505"},{"taxonomy":"post_tag","embeddable":true,"href":"https:\/\/www.vallon-bonnevaux.fr\/vbmag\/wp-json\/wp\/v2\/tags?post=2505"}],"curies":[{"name":"wp","href":"https:\/\/api.w.org\/{rel}","templated":true}]}}