{"id":2524,"date":"2025-02-11T17:41:19","date_gmt":"2025-02-11T16:41:19","guid":{"rendered":"https:\/\/www.vallon-bonnevaux.fr\/vbmag\/?p=2524"},"modified":"2025-02-11T17:41:19","modified_gmt":"2025-02-11T16:41:19","slug":"semaine-sante-sensibilisation-au-handicap-auditif-et-visuel-pour-les-eleves-de-capa1","status":"publish","type":"post","link":"https:\/\/www.vallon-bonnevaux.fr\/vbmag\/semaine-sante-sensibilisation-au-handicap-auditif-et-visuel-pour-les-eleves-de-capa1\/","title":{"rendered":"Semaine Sant\u00e9 : Sensibilisation au handicap auditif et visuel pour les \u00e9l\u00e8ves de CAPA1"},"content":{"rendered":"<p>Semaine Sant\u00e9 : Sensibilisation au handicap auditif et visuel pour les \u00e9l\u00e8ves de CAPA1<\/p>\n<p>&nbsp;<\/p>\n<p>Dans le cadre de la Semaine de la Sant\u00e9, les \u00e9l\u00e8ves de CAPA1 ont particip\u00e9 \u00e0 des ateliers immersifs pour mieux comprendre les difficult\u00e9s rencontr\u00e9es par les personnes en situation de handicap auditif et visuel. L\u2019objectif de ces mises en situation \u00e9tait de d\u00e9velopper leur empathie et leur capacit\u00e9 d\u2019adaptation, comp\u00e9tences essentielles dans les m\u00e9tiers du service \u00e0 la personne.<\/p>\n<p>&nbsp;<\/p>\n<p>Trois exercices leur ont permis d\u2019exp\u00e9rimenter ces handicaps \u00e0 travers des d\u00e9fis pratiques :<\/p>\n<p>\u2022 Casque bloquant l\u2019ou\u00efe : les \u00e9l\u00e8ves, priv\u00e9s de leur audition, devaient comprendre un message transmis uniquement par mimes et articulation silencieuse. L\u2019exercice a mis en \u00e9vidence l\u2019importance de la communication non verbale et des strat\u00e9gies d\u2019adaptation utilis\u00e9es par les personnes sourdes ou malentendantes.<\/p>\n<p>\u2022 Parcours \u00e0 l\u2019aveugle : \u00e9quip\u00e9s d\u2019une bande leur occultant la vue, les \u00e9l\u00e8ves ont d\u00fb se d\u00e9placer en suivant uniquement les consignes verbales d\u2019un camarade. Cet exercice a mis en lumi\u00e8re les difficult\u00e9s d\u2019orientation des personnes non voyantes et l\u2019importance d\u2019une guidance claire et rassurante.<\/p>\n<p>\u2022 Jeu avec des lunettes simulant une d\u00e9ficience visuelle : en portant des lunettes alt\u00e9rant leur vision, les \u00e9l\u00e8ves ont tent\u00e9 de trier des objets color\u00e9s, d\u00e9couvrant ainsi les difficult\u00e9s rencontr\u00e9es par les personnes ayant des troubles de la vision.<\/p>\n<p>&nbsp;<\/p>\n<p>Ces ateliers permettent aux \u00e9l\u00e8ves de prendre conscience des enjeux li\u00e9s au handicap et de mieux appr\u00e9hender les besoins des personnes en situation de fragilit\u00e9. Cette sensibilisation s\u2019inscrit pleinement dans leur formation et leur futur r\u00f4le d\u2019accompagnement et d\u2019assistance aupr\u00e8s des publics vuln\u00e9rables.<\/p>\n<p>&nbsp;<\/p>\n","protected":false},"excerpt":{"rendered":"<p>Semaine Sant\u00e9 : Sensibilisation au handicap auditif et visuel pour les \u00e9l\u00e8ves de CAPA1 &nbsp; Dans le cadre de la Semaine de la Sant\u00e9, les \u00e9l\u00e8ves<span class=\"excerpt-hellip\"> [\u2026]<\/span><\/p>\n","protected":false},"author":2,"featured_media":2525,"comment_status":"open","ping_status":"open","sticky":false,"template":"","format":"standard","meta":{"_mi_skip_tracking":false,"_monsterinsights_sitenote_active":false,"_monsterinsights_sitenote_note":"","_monsterinsights_sitenote_category":0,"footnotes":""},"categories":[3],"tags":[],"class_list":["post-2524","post","type-post","status-publish","format-standard","has-post-thumbnail","hentry","category-formation-pedagogie"],"yoast_head":"<!-- This site is optimized with the Yoast SEO plugin v20.8 - https:\/\/yoast.com\/wordpress\/plugins\/seo\/ -->\n<title>Semaine Sant\u00e9 : Sensibilisation au handicap auditif et visuel pour les \u00e9l\u00e8ves de CAPA1 - VB Mag<\/title>\n<meta name=\"robots\" content=\"index, follow, max-snippet:-1, max-image-preview:large, max-video-preview:-1\" \/>\n<link rel=\"canonical\" href=\"https:\/\/www.vallon-bonnevaux.fr\/vbmag\/semaine-sante-sensibilisation-au-handicap-auditif-et-visuel-pour-les-eleves-de-capa1\/\" \/>\n<meta property=\"og:locale\" content=\"fr_FR\" \/>\n<meta property=\"og:type\" content=\"article\" \/>\n<meta property=\"og:title\" content=\"Semaine Sant\u00e9 : Sensibilisation au handicap auditif et visuel pour les \u00e9l\u00e8ves de CAPA1 - VB Mag\" \/>\n<meta property=\"og:description\" content=\"Semaine Sant\u00e9 : Sensibilisation au handicap auditif et visuel pour les \u00e9l\u00e8ves de CAPA1 &nbsp; Dans le cadre de la Semaine de la Sant\u00e9, les \u00e9l\u00e8ves [\u2026]\" \/>\n<meta property=\"og:url\" content=\"https:\/\/www.vallon-bonnevaux.fr\/vbmag\/semaine-sante-sensibilisation-au-handicap-auditif-et-visuel-pour-les-eleves-de-capa1\/\" \/>\n<meta property=\"og:site_name\" content=\"VB Mag\" \/>\n<meta property=\"article:publisher\" content=\"https:\/\/www.facebook.com\/lyceevallonbonnevaux\" \/>\n<meta property=\"article:published_time\" content=\"2025-02-11T16:41:19+00:00\" \/>\n<meta property=\"og:image\" content=\"https:\/\/www.vallon-bonnevaux.fr\/vbmag\/wp-content\/uploads\/2025\/02\/Image-PNG.png\" \/>\n\t<meta property=\"og:image:width\" content=\"908\" \/>\n\t<meta property=\"og:image:height\" content=\"680\" \/>\n\t<meta property=\"og:image:type\" content=\"image\/png\" \/>\n<meta name=\"author\" content=\"VBCommunication\" \/>\n<meta name=\"twitter:card\" content=\"summary_large_image\" \/>\n<meta name=\"twitter:label1\" content=\"\u00c9crit par\" \/>\n\t<meta name=\"twitter:data1\" content=\"VBCommunication\" \/>\n\t<meta name=\"twitter:label2\" content=\"Dur\u00e9e de lecture estim\u00e9e\" \/>\n\t<meta name=\"twitter:data2\" content=\"2 minutes\" \/>\n<script type=\"application\/ld+json\" class=\"yoast-schema-graph\">{\"@context\":\"https:\/\/schema.org\",\"@graph\":[{\"@type\":\"Article\",\"@id\":\"https:\/\/www.vallon-bonnevaux.fr\/vbmag\/semaine-sante-sensibilisation-au-handicap-auditif-et-visuel-pour-les-eleves-de-capa1\/#article\",\"isPartOf\":{\"@id\":\"https:\/\/www.vallon-bonnevaux.fr\/vbmag\/semaine-sante-sensibilisation-au-handicap-auditif-et-visuel-pour-les-eleves-de-capa1\/\"},\"author\":{\"name\":\"VBCommunication\",\"@id\":\"https:\/\/www.vallon-bonnevaux.fr\/vbmag\/#\/schema\/person\/78d4bedf135508e9d2b8d343575fdd31\"},\"headline\":\"Semaine Sant\u00e9 : Sensibilisation au handicap auditif et visuel pour les \u00e9l\u00e8ves de CAPA1\",\"datePublished\":\"2025-02-11T16:41:19+00:00\",\"dateModified\":\"2025-02-11T16:41:19+00:00\",\"mainEntityOfPage\":{\"@id\":\"https:\/\/www.vallon-bonnevaux.fr\/vbmag\/semaine-sante-sensibilisation-au-handicap-auditif-et-visuel-pour-les-eleves-de-capa1\/\"},\"wordCount\":315,\"commentCount\":0,\"publisher\":{\"@id\":\"https:\/\/www.vallon-bonnevaux.fr\/vbmag\/#organization\"},\"articleSection\":[\"Formation &amp; P\u00e9dagogie\"],\"inLanguage\":\"fr-FR\",\"potentialAction\":[{\"@type\":\"CommentAction\",\"name\":\"Comment\",\"target\":[\"https:\/\/www.vallon-bonnevaux.fr\/vbmag\/semaine-sante-sensibilisation-au-handicap-auditif-et-visuel-pour-les-eleves-de-capa1\/#respond\"]}]},{\"@type\":\"WebPage\",\"@id\":\"https:\/\/www.vallon-bonnevaux.fr\/vbmag\/semaine-sante-sensibilisation-au-handicap-auditif-et-visuel-pour-les-eleves-de-capa1\/\",\"url\":\"https:\/\/www.vallon-bonnevaux.fr\/vbmag\/semaine-sante-sensibilisation-au-handicap-auditif-et-visuel-pour-les-eleves-de-capa1\/\",\"name\":\"Semaine Sant\u00e9 : Sensibilisation au handicap auditif et visuel pour les \u00e9l\u00e8ves de CAPA1 - VB Mag\",\"isPartOf\":{\"@id\":\"https:\/\/www.vallon-bonnevaux.fr\/vbmag\/#website\"},\"datePublished\":\"2025-02-11T16:41:19+00:00\",\"dateModified\":\"2025-02-11T16:41:19+00:00\",\"breadcrumb\":{\"@id\":\"https:\/\/www.vallon-bonnevaux.fr\/vbmag\/semaine-sante-sensibilisation-au-handicap-auditif-et-visuel-pour-les-eleves-de-capa1\/#breadcrumb\"},\"inLanguage\":\"fr-FR\",\"potentialAction\":[{\"@type\":\"ReadAction\",\"target\":[\"https:\/\/www.vallon-bonnevaux.fr\/vbmag\/semaine-sante-sensibilisation-au-handicap-auditif-et-visuel-pour-les-eleves-de-capa1\/\"]}]},{\"@type\":\"BreadcrumbList\",\"@id\":\"https:\/\/www.vallon-bonnevaux.fr\/vbmag\/semaine-sante-sensibilisation-au-handicap-auditif-et-visuel-pour-les-eleves-de-capa1\/#breadcrumb\",\"itemListElement\":[{\"@type\":\"ListItem\",\"position\":1,\"name\":\"Accueil\",\"item\":\"https:\/\/www.vallon-bonnevaux.fr\/vbmag\/\"},{\"@type\":\"ListItem\",\"position\":2,\"name\":\"Semaine Sant\u00e9 : Sensibilisation au handicap auditif et visuel pour les \u00e9l\u00e8ves de CAPA1\"}]},{\"@type\":\"WebSite\",\"@id\":\"https:\/\/www.vallon-bonnevaux.fr\/vbmag\/#website\",\"url\":\"https:\/\/www.vallon-bonnevaux.fr\/vbmag\/\",\"name\":\"VBmag\",\"description\":\"\",\"publisher\":{\"@id\":\"https:\/\/www.vallon-bonnevaux.fr\/vbmag\/#organization\"},\"potentialAction\":[{\"@type\":\"SearchAction\",\"target\":{\"@type\":\"EntryPoint\",\"urlTemplate\":\"https:\/\/www.vallon-bonnevaux.fr\/vbmag\/?s={search_term_string}\"},\"query-input\":\"required name=search_term_string\"}],\"inLanguage\":\"fr-FR\"},{\"@type\":\"Organization\",\"@id\":\"https:\/\/www.vallon-bonnevaux.fr\/vbmag\/#organization\",\"name\":\"VBmag\",\"url\":\"https:\/\/www.vallon-bonnevaux.fr\/vbmag\/\",\"logo\":{\"@type\":\"ImageObject\",\"inLanguage\":\"fr-FR\",\"@id\":\"https:\/\/www.vallon-bonnevaux.fr\/vbmag\/#\/schema\/logo\/image\/\",\"url\":\"https:\/\/www.vallon-bonnevaux.fr\/vbmag\/wp-content\/uploads\/2023\/02\/Bonnevaux-logo-VBmag.png\",\"contentUrl\":\"https:\/\/www.vallon-bonnevaux.fr\/vbmag\/wp-content\/uploads\/2023\/02\/Bonnevaux-logo-VBmag.png\",\"width\":314,\"height\":143,\"caption\":\"VBmag\"},\"image\":{\"@id\":\"https:\/\/www.vallon-bonnevaux.fr\/vbmag\/#\/schema\/logo\/image\/\"},\"sameAs\":[\"https:\/\/www.facebook.com\/lyceevallonbonnevaux\",\"https:\/\/www.instagram.com\/lycee_vallon_bonnevaux\/\",\"https:\/\/www.linkedin.com\/company\/leap-le-vallon-les-bonnevaux\/?originalSubdomain=fr\"]},{\"@type\":\"Person\",\"@id\":\"https:\/\/www.vallon-bonnevaux.fr\/vbmag\/#\/schema\/person\/78d4bedf135508e9d2b8d343575fdd31\",\"name\":\"VBCommunication\",\"image\":{\"@type\":\"ImageObject\",\"inLanguage\":\"fr-FR\",\"@id\":\"https:\/\/www.vallon-bonnevaux.fr\/vbmag\/#\/schema\/person\/image\/\",\"url\":\"https:\/\/secure.gravatar.com\/avatar\/58fa64ce54dbedb7c6633693d600c884a245b0f97746903170fa62aae026cedc?s=96&d=mm&r=g\",\"contentUrl\":\"https:\/\/secure.gravatar.com\/avatar\/58fa64ce54dbedb7c6633693d600c884a245b0f97746903170fa62aae026cedc?s=96&d=mm&r=g\",\"caption\":\"VBCommunication\"},\"url\":\"https:\/\/www.vallon-bonnevaux.fr\/vbmag\/author\/vbcommunication\/\"}]}<\/script>\n<!-- \/ Yoast SEO plugin. -->","yoast_head_json":{"title":"Semaine Sant\u00e9 : Sensibilisation au handicap auditif et visuel pour les \u00e9l\u00e8ves de CAPA1 - VB Mag","robots":{"index":"index","follow":"follow","max-snippet":"max-snippet:-1","max-image-preview":"max-image-preview:large","max-video-preview":"max-video-preview:-1"},"canonical":"https:\/\/www.vallon-bonnevaux.fr\/vbmag\/semaine-sante-sensibilisation-au-handicap-auditif-et-visuel-pour-les-eleves-de-capa1\/","og_locale":"fr_FR","og_type":"article","og_title":"Semaine Sant\u00e9 : Sensibilisation au handicap auditif et visuel pour les \u00e9l\u00e8ves de CAPA1 - VB Mag","og_description":"Semaine Sant\u00e9 : Sensibilisation au handicap auditif et visuel pour les \u00e9l\u00e8ves de CAPA1 &nbsp; Dans le cadre de la Semaine de la Sant\u00e9, les \u00e9l\u00e8ves [\u2026]","og_url":"https:\/\/www.vallon-bonnevaux.fr\/vbmag\/semaine-sante-sensibilisation-au-handicap-auditif-et-visuel-pour-les-eleves-de-capa1\/","og_site_name":"VB Mag","article_publisher":"https:\/\/www.facebook.com\/lyceevallonbonnevaux","article_published_time":"2025-02-11T16:41:19+00:00","og_image":[{"width":908,"height":680,"url":"https:\/\/www.vallon-bonnevaux.fr\/vbmag\/wp-content\/uploads\/2025\/02\/Image-PNG.png","type":"image\/png"}],"author":"VBCommunication","twitter_card":"summary_large_image","twitter_misc":{"\u00c9crit par":"VBCommunication","Dur\u00e9e de lecture estim\u00e9e":"2 minutes"},"schema":{"@context":"https:\/\/schema.org","@graph":[{"@type":"Article","@id":"https:\/\/www.vallon-bonnevaux.fr\/vbmag\/semaine-sante-sensibilisation-au-handicap-auditif-et-visuel-pour-les-eleves-de-capa1\/#article","isPartOf":{"@id":"https:\/\/www.vallon-bonnevaux.fr\/vbmag\/semaine-sante-sensibilisation-au-handicap-auditif-et-visuel-pour-les-eleves-de-capa1\/"},"author":{"name":"VBCommunication","@id":"https:\/\/www.vallon-bonnevaux.fr\/vbmag\/#\/schema\/person\/78d4bedf135508e9d2b8d343575fdd31"},"headline":"Semaine Sant\u00e9 : Sensibilisation au handicap auditif et visuel pour les \u00e9l\u00e8ves de CAPA1","datePublished":"2025-02-11T16:41:19+00:00","dateModified":"2025-02-11T16:41:19+00:00","mainEntityOfPage":{"@id":"https:\/\/www.vallon-bonnevaux.fr\/vbmag\/semaine-sante-sensibilisation-au-handicap-auditif-et-visuel-pour-les-eleves-de-capa1\/"},"wordCount":315,"commentCount":0,"publisher":{"@id":"https:\/\/www.vallon-bonnevaux.fr\/vbmag\/#organization"},"articleSection":["Formation &amp; P\u00e9dagogie"],"inLanguage":"fr-FR","potentialAction":[{"@type":"CommentAction","name":"Comment","target":["https:\/\/www.vallon-bonnevaux.fr\/vbmag\/semaine-sante-sensibilisation-au-handicap-auditif-et-visuel-pour-les-eleves-de-capa1\/#respond"]}]},{"@type":"WebPage","@id":"https:\/\/www.vallon-bonnevaux.fr\/vbmag\/semaine-sante-sensibilisation-au-handicap-auditif-et-visuel-pour-les-eleves-de-capa1\/","url":"https:\/\/www.vallon-bonnevaux.fr\/vbmag\/semaine-sante-sensibilisation-au-handicap-auditif-et-visuel-pour-les-eleves-de-capa1\/","name":"Semaine Sant\u00e9 : Sensibilisation au handicap auditif et visuel pour les \u00e9l\u00e8ves de CAPA1 - VB Mag","isPartOf":{"@id":"https:\/\/www.vallon-bonnevaux.fr\/vbmag\/#website"},"datePublished":"2025-02-11T16:41:19+00:00","dateModified":"2025-02-11T16:41:19+00:00","breadcrumb":{"@id":"https:\/\/www.vallon-bonnevaux.fr\/vbmag\/semaine-sante-sensibilisation-au-handicap-auditif-et-visuel-pour-les-eleves-de-capa1\/#breadcrumb"},"inLanguage":"fr-FR","potentialAction":[{"@type":"ReadAction","target":["https:\/\/www.vallon-bonnevaux.fr\/vbmag\/semaine-sante-sensibilisation-au-handicap-auditif-et-visuel-pour-les-eleves-de-capa1\/"]}]},{"@type":"BreadcrumbList","@id":"https:\/\/www.vallon-bonnevaux.fr\/vbmag\/semaine-sante-sensibilisation-au-handicap-auditif-et-visuel-pour-les-eleves-de-capa1\/#breadcrumb","itemListElement":[{"@type":"ListItem","position":1,"name":"Accueil","item":"https:\/\/www.vallon-bonnevaux.fr\/vbmag\/"},{"@type":"ListItem","position":2,"name":"Semaine Sant\u00e9 : Sensibilisation au handicap auditif et visuel pour les \u00e9l\u00e8ves de CAPA1"}]},{"@type":"WebSite","@id":"https:\/\/www.vallon-bonnevaux.fr\/vbmag\/#website","url":"https:\/\/www.vallon-bonnevaux.fr\/vbmag\/","name":"VBmag","description":"","publisher":{"@id":"https:\/\/www.vallon-bonnevaux.fr\/vbmag\/#organization"},"potentialAction":[{"@type":"SearchAction","target":{"@type":"EntryPoint","urlTemplate":"https:\/\/www.vallon-bonnevaux.fr\/vbmag\/?s={search_term_string}"},"query-input":"required name=search_term_string"}],"inLanguage":"fr-FR"},{"@type":"Organization","@id":"https:\/\/www.vallon-bonnevaux.fr\/vbmag\/#organization","name":"VBmag","url":"https:\/\/www.vallon-bonnevaux.fr\/vbmag\/","logo":{"@type":"ImageObject","inLanguage":"fr-FR","@id":"https:\/\/www.vallon-bonnevaux.fr\/vbmag\/#\/schema\/logo\/image\/","url":"https:\/\/www.vallon-bonnevaux.fr\/vbmag\/wp-content\/uploads\/2023\/02\/Bonnevaux-logo-VBmag.png","contentUrl":"https:\/\/www.vallon-bonnevaux.fr\/vbmag\/wp-content\/uploads\/2023\/02\/Bonnevaux-logo-VBmag.png","width":314,"height":143,"caption":"VBmag"},"image":{"@id":"https:\/\/www.vallon-bonnevaux.fr\/vbmag\/#\/schema\/logo\/image\/"},"sameAs":["https:\/\/www.facebook.com\/lyceevallonbonnevaux","https:\/\/www.instagram.com\/lycee_vallon_bonnevaux\/","https:\/\/www.linkedin.com\/company\/leap-le-vallon-les-bonnevaux\/?originalSubdomain=fr"]},{"@type":"Person","@id":"https:\/\/www.vallon-bonnevaux.fr\/vbmag\/#\/schema\/person\/78d4bedf135508e9d2b8d343575fdd31","name":"VBCommunication","image":{"@type":"ImageObject","inLanguage":"fr-FR","@id":"https:\/\/www.vallon-bonnevaux.fr\/vbmag\/#\/schema\/person\/image\/","url":"https:\/\/secure.gravatar.com\/avatar\/58fa64ce54dbedb7c6633693d600c884a245b0f97746903170fa62aae026cedc?s=96&d=mm&r=g","contentUrl":"https:\/\/secure.gravatar.com\/avatar\/58fa64ce54dbedb7c6633693d600c884a245b0f97746903170fa62aae026cedc?s=96&d=mm&r=g","caption":"VBCommunication"},"url":"https:\/\/www.vallon-bonnevaux.fr\/vbmag\/author\/vbcommunication\/"}]}},"_links":{"self":[{"href":"https:\/\/www.vallon-bonnevaux.fr\/vbmag\/wp-json\/wp\/v2\/posts\/2524","targetHints":{"allow":["GET"]}}],"collection":[{"href":"https:\/\/www.vallon-bonnevaux.fr\/vbmag\/wp-json\/wp\/v2\/posts"}],"about":[{"href":"https:\/\/www.vallon-bonnevaux.fr\/vbmag\/wp-json\/wp\/v2\/types\/post"}],"author":[{"embeddable":true,"href":"https:\/\/www.vallon-bonnevaux.fr\/vbmag\/wp-json\/wp\/v2\/users\/2"}],"replies":[{"embeddable":true,"href":"https:\/\/www.vallon-bonnevaux.fr\/vbmag\/wp-json\/wp\/v2\/comments?post=2524"}],"version-history":[{"count":1,"href":"https:\/\/www.vallon-bonnevaux.fr\/vbmag\/wp-json\/wp\/v2\/posts\/2524\/revisions"}],"predecessor-version":[{"id":2526,"href":"https:\/\/www.vallon-bonnevaux.fr\/vbmag\/wp-json\/wp\/v2\/posts\/2524\/revisions\/2526"}],"wp:featuredmedia":[{"embeddable":true,"href":"https:\/\/www.vallon-bonnevaux.fr\/vbmag\/wp-json\/wp\/v2\/media\/2525"}],"wp:attachment":[{"href":"https:\/\/www.vallon-bonnevaux.fr\/vbmag\/wp-json\/wp\/v2\/media?parent=2524"}],"wp:term":[{"taxonomy":"category","embeddable":true,"href":"https:\/\/www.vallon-bonnevaux.fr\/vbmag\/wp-json\/wp\/v2\/categories?post=2524"},{"taxonomy":"post_tag","embeddable":true,"href":"https:\/\/www.vallon-bonnevaux.fr\/vbmag\/wp-json\/wp\/v2\/tags?post=2524"}],"curies":[{"name":"wp","href":"https:\/\/api.w.org\/{rel}","templated":true}]}}