{"id":2527,"date":"2025-02-19T15:23:20","date_gmt":"2025-02-19T14:23:20","guid":{"rendered":"https:\/\/www.vallon-bonnevaux.fr\/vbmag\/?p=2527"},"modified":"2025-03-06T19:03:10","modified_gmt":"2025-03-06T18:03:10","slug":"les-eleves-de-seconde-bac-pro-sapat-en-immersion-professionnelle-un-projet-pedagogique-innovant","status":"publish","type":"post","link":"https:\/\/www.vallon-bonnevaux.fr\/vbmag\/les-eleves-de-seconde-bac-pro-sapat-en-immersion-professionnelle-un-projet-pedagogique-innovant\/","title":{"rendered":"Les \u00e9l\u00e8ves de Seconde Bac Pro SAPAT en immersion professionnelle : un projet p\u00e9dagogique innovant !"},"content":{"rendered":"<h3 data-start=\"176\" data-end=\"267\"><img loading=\"lazy\" decoding=\"async\" class=\"alignleft wp-image-2531 size-thumbnail\" src=\"https:\/\/www.vallon-bonnevaux.fr\/vbmag\/wp-content\/uploads\/2025\/02\/2025021782SAPAT_Cuisine2-150x150.jpg\" alt=\"La gestion d\u2019un projet passe aussi par la pr\u00e9paration et l\u2019organisation : planification, budget et analyse des pratiques\" width=\"150\" height=\"150\" srcset=\"https:\/\/www.vallon-bonnevaux.fr\/vbmag\/wp-content\/uploads\/2025\/02\/2025021782SAPAT_Cuisine2-150x150.jpg 150w, https:\/\/www.vallon-bonnevaux.fr\/vbmag\/wp-content\/uploads\/2025\/02\/2025021782SAPAT_Cuisine2-85x85.jpg 85w, https:\/\/www.vallon-bonnevaux.fr\/vbmag\/wp-content\/uploads\/2025\/02\/2025021782SAPAT_Cuisine2-80x80.jpg 80w\" sizes=\"auto, (max-width: 150px) 100vw, 150px\" \/><img loading=\"lazy\" decoding=\"async\" class=\"size-medium wp-image-2530 alignleft\" src=\"https:\/\/www.vallon-bonnevaux.fr\/vbmag\/wp-content\/uploads\/2025\/02\/20250217_2SAPAT_Cuisine1-300x225.jpg\" alt=\"\" width=\"300\" height=\"225\" srcset=\"https:\/\/www.vallon-bonnevaux.fr\/vbmag\/wp-content\/uploads\/2025\/02\/20250217_2SAPAT_Cuisine1-300x225.jpg 300w, https:\/\/www.vallon-bonnevaux.fr\/vbmag\/wp-content\/uploads\/2025\/02\/20250217_2SAPAT_Cuisine1-768x576.jpg 768w, https:\/\/www.vallon-bonnevaux.fr\/vbmag\/wp-content\/uploads\/2025\/02\/20250217_2SAPAT_Cuisine1-195x146.jpg 195w, https:\/\/www.vallon-bonnevaux.fr\/vbmag\/wp-content\/uploads\/2025\/02\/20250217_2SAPAT_Cuisine1-50x38.jpg 50w, https:\/\/www.vallon-bonnevaux.fr\/vbmag\/wp-content\/uploads\/2025\/02\/20250217_2SAPAT_Cuisine1-100x75.jpg 100w, https:\/\/www.vallon-bonnevaux.fr\/vbmag\/wp-content\/uploads\/2025\/02\/20250217_2SAPAT_Cuisine1.jpg 800w\" sizes=\"auto, (max-width: 300px) 100vw, 300px\" \/><\/h3>\n<h3 data-start=\"176\" data-end=\"267\"><img loading=\"lazy\" decoding=\"async\" class=\"alignnone wp-image-2528 size-medium\" src=\"https:\/\/www.vallon-bonnevaux.fr\/vbmag\/wp-content\/uploads\/2025\/02\/20250217_2SAPATS_Cuisine3-300x225.jpg\" alt=\"Mission accomplie ! De d\u00e9licieux muffins au Nutella r\u00e9alis\u00e9s avec rigueur et passion. \ud83c\udf6b\ud83d\udc4f\" width=\"300\" height=\"225\" srcset=\"https:\/\/www.vallon-bonnevaux.fr\/vbmag\/wp-content\/uploads\/2025\/02\/20250217_2SAPATS_Cuisine3-300x225.jpg 300w, https:\/\/www.vallon-bonnevaux.fr\/vbmag\/wp-content\/uploads\/2025\/02\/20250217_2SAPATS_Cuisine3-768x576.jpg 768w, https:\/\/www.vallon-bonnevaux.fr\/vbmag\/wp-content\/uploads\/2025\/02\/20250217_2SAPATS_Cuisine3-195x146.jpg 195w, https:\/\/www.vallon-bonnevaux.fr\/vbmag\/wp-content\/uploads\/2025\/02\/20250217_2SAPATS_Cuisine3-50x38.jpg 50w, https:\/\/www.vallon-bonnevaux.fr\/vbmag\/wp-content\/uploads\/2025\/02\/20250217_2SAPATS_Cuisine3-100x75.jpg 100w, https:\/\/www.vallon-bonnevaux.fr\/vbmag\/wp-content\/uploads\/2025\/02\/20250217_2SAPATS_Cuisine3.jpg 800w\" sizes=\"auto, (max-width: 300px) 100vw, 300px\" \/><\/h3>\n<p>&nbsp;<\/p>\n<h3 data-start=\"176\" data-end=\"267\">\ud83c\udf7d\ufe0f <strong data-start=\"184\" data-end=\"265\">Les \u00e9l\u00e8ves de Seconde Bac Pro SAPAT innovent dans les cours de restauration !<\/strong><\/h3>\n<p data-start=\"269\" data-end=\"475\">Au <strong data-start=\"272\" data-end=\"298\">Lyc\u00e9e Vallon Bonnevaux<\/strong>, nos \u00e9l\u00e8ves de <strong data-start=\"314\" data-end=\"383\">Seconde Bac Pro SAPAT (Services aux Personnes et Aux Territoires)<\/strong> vivent une <strong data-start=\"395\" data-end=\"431\">exp\u00e9rience p\u00e9dagogique immersive<\/strong> en <strong data-start=\"435\" data-end=\"472\">restauration et gestion de projet<\/strong>.<\/p>\n<p data-start=\"477\" data-end=\"698\">\u2728 <strong data-start=\"479\" data-end=\"535\">Autonomie, responsabilit\u00e9, organisation et animation<\/strong> : autant de comp\u00e9tences essentielles mises en \u0153uvre dans ce projet progressif qui les pr\u00e9pare aux m\u00e9tiers du <strong data-start=\"645\" data-end=\"695\">service, de l\u2019animation et de l\u2019accompagnement<\/strong>.<\/p>\n<hr data-start=\"700\" data-end=\"703\" \/>\n<h3 data-start=\"705\" data-end=\"775\">\ud83e\uddd1\u200d\ud83c\udf73 <strong data-start=\"715\" data-end=\"773\">Un projet concret pour d\u00e9velopper des comp\u00e9tences cl\u00e9s<\/strong><\/h3>\n<p data-start=\"777\" data-end=\"1161\">Chaque s\u00e9ance repose sur une <strong data-start=\"806\" data-end=\"842\">organisation autonome des \u00e9l\u00e8ves<\/strong>, qui prennent en charge <strong data-start=\"867\" data-end=\"888\">toutes les \u00e9tapes<\/strong> :<br data-start=\"890\" data-end=\"893\" \/>\u2705 <strong data-start=\"895\" data-end=\"940\">R\u00e9daction d&rsquo;une situation professionnelle<\/strong> pour cr\u00e9er un contexte de travail<br data-start=\"974\" data-end=\"977\" \/>\u2705 <strong data-start=\"979\" data-end=\"1017\">Choix et pr\u00e9paration d&rsquo;une recette<\/strong> \ud83c\udf74<br data-start=\"1020\" data-end=\"1023\" \/>\u2705 <strong data-start=\"1025\" data-end=\"1097\">\u00c9laboration de la liste des ingr\u00e9dients et calcul du co\u00fbt de revient<\/strong> \ud83d\udcb0<br data-start=\"1100\" data-end=\"1103\" \/>\u2705 <strong data-start=\"1105\" data-end=\"1159\">Planification des \u00e9tapes et animation de la s\u00e9ance<\/strong><\/p>\n<p data-start=\"1163\" data-end=\"1335\">\ud83d\udcac <strong data-start=\"1166\" data-end=\"1290\">\u00ab\u00a0On ne se contente pas de suivre une recette, on apprend \u00e0 g\u00e9rer un projet de A \u00e0 Z. C&rsquo;est motivant et tr\u00e8s formateur !\u00a0\u00bb<\/strong> \u2013 Maleeya, \u00e9l\u00e8ve de Seconde Bac Pro SAPAT.<\/p>\n<hr data-start=\"1337\" data-end=\"1340\" \/>\n<h3 data-start=\"1342\" data-end=\"1389\">\ud83c\udf7d\ufe0f <strong data-start=\"1350\" data-end=\"1387\">Des chefs d\u2019orchestre en action !<\/strong><\/h3>\n<p data-start=\"1391\" data-end=\"1666\">\ud83d\udc69\u200d\ud83c\udf73 <strong data-start=\"1397\" data-end=\"1474\">Chaque s\u00e9ance, deux \u00e9l\u00e8ves prennent les commandes et dirigent leur groupe<\/strong> :<br data-start=\"1476\" data-end=\"1479\" \/>\u2705 <strong data-start=\"1481\" data-end=\"1544\">V\u00e9rification du respect des r\u00e8gles d\u2019hygi\u00e8ne et de s\u00e9curit\u00e9<\/strong> \u2696\ufe0f<br data-start=\"1547\" data-end=\"1550\" \/>\u2705 <strong data-start=\"1552\" data-end=\"1607\">Encadrement et accompagnement des \u00e9tapes culinaires<\/strong> \ud83c\udf7d\ufe0f<br data-start=\"1611\" data-end=\"1614\" \/>\u2705 <strong data-start=\"1616\" data-end=\"1661\">Suivi du bon d\u00e9roulement de chaque s\u00e9ance<\/strong> \ud83d\udcca<\/p>\n<p data-start=\"1668\" data-end=\"1849\">\ud83d\udcac <strong data-start=\"1671\" data-end=\"1805\">\u00ab\u00a0Ce qui est int\u00e9ressant, c&rsquo;est qu&rsquo;on doit vraiment prendre des d\u00e9cisions, s\u2019adapter aux impr\u00e9vus et apprendre \u00e0 g\u00e9rer une \u00e9quipe.\u00a0\u00bb<\/strong> \u2013 M\u00e9lina, \u00e9l\u00e8ve de Seconde Bac Pro SAPAT.<\/p>\n<hr data-start=\"1851\" data-end=\"1854\" \/>\n<h3 data-start=\"1856\" data-end=\"1906\">\ud83d\udcdd <strong data-start=\"1863\" data-end=\"1904\">Un bilan formateur pour chaque s\u00e9ance<\/strong><\/h3>\n<p data-start=\"1908\" data-end=\"2118\">\u00c0 la fin de chaque session, <strong data-start=\"1936\" data-end=\"1984\">les \u00e9l\u00e8ves font le point sur leur exp\u00e9rience<\/strong> :<br data-start=\"1986\" data-end=\"1989\" \/>\ud83d\udd0d <strong data-start=\"1992\" data-end=\"2055\">Analyse des pratiques d\u2019hygi\u00e8ne, de s\u00e9curit\u00e9 et d\u2019ergonomie<\/strong><br data-start=\"2055\" data-end=\"2058\" \/>\ud83d\udcca <strong data-start=\"2061\" data-end=\"2116\">\u00c9valuation des crit\u00e8res de qualit\u00e9 des r\u00e9alisations<\/strong><\/p>\n<p data-start=\"2120\" data-end=\"2313\">\ud83d\udcac <strong data-start=\"2123\" data-end=\"2271\">\u00ab\u00a0Ce projet nous oblige \u00e0 r\u00e9fl\u00e9chir sur ce qui s\u2019est bien pass\u00e9 et sur ce qu\u2019on doit am\u00e9liorer. On apprend autant des r\u00e9ussites que des erreurs.\u00a0\u00bb<\/strong> \u2013 Hugo, \u00e9l\u00e8ve de Seconde Bac Pro SAPAT.<\/p>\n<hr data-start=\"2315\" data-end=\"2318\" \/>\n<h3 data-start=\"2320\" data-end=\"2378\">\ud83c\udf93 <strong data-start=\"2327\" data-end=\"2376\">Un apprentissage align\u00e9 avec le Bac Pro SAPAT<\/strong><\/h3>\n<p data-start=\"2380\" data-end=\"2628\">Ce projet s\u2019inscrit <strong data-start=\"2400\" data-end=\"2450\">pleinement dans les objectifs du Bac Pro SAPAT<\/strong>, qui forme les \u00e9l\u00e8ves \u00e0 :<br data-start=\"2476\" data-end=\"2479\" \/>\u2705 <strong data-start=\"2481\" data-end=\"2523\">L\u2019organisation et la gestion de projet<\/strong><br data-start=\"2523\" data-end=\"2526\" \/>\u2705 <strong data-start=\"2528\" data-end=\"2577\">L\u2019accompagnement et l\u2019encadrement d\u2019activit\u00e9s<\/strong><br data-start=\"2577\" data-end=\"2580\" \/>\u2705 <strong data-start=\"2582\" data-end=\"2626\">L\u2019animation et la coordination d\u2019\u00e9quipes<\/strong><\/p>\n<p data-start=\"2630\" data-end=\"2908\">\ud83d\udcac <strong data-start=\"2633\" data-end=\"2863\">\u00ab\u00a0Les \u00e9l\u00e8ves prennent de plus en plus d\u2019initiatives. Ils sont responsables du bon d\u00e9roulement de chaque s\u00e9ance et de l\u2019\u00e9valuation de leurs pairs. C\u2019est une approche p\u00e9dagogique qui valorise l\u2019autonomie et le professionnalisme.\u00a0\u00bb<\/strong> \u2013 Mme Gonin, enseignante r\u00e9f\u00e9rente du projet.<\/p>\n<p data-start=\"2910\" data-end=\"3060\">L\u2019enseignant joue ici un <strong data-start=\"2935\" data-end=\"2973\">r\u00f4le d\u2019observateur et d\u2019\u00e9valuateur<\/strong>, laissant les \u00e9l\u00e8ves prendre <strong data-start=\"3003\" data-end=\"3022\">des initiatives<\/strong> et g\u00e9rer <strong data-start=\"3032\" data-end=\"3057\">leurs responsabilit\u00e9s<\/strong>.<\/p>\n<hr data-start=\"3062\" data-end=\"3065\" \/>\n<h3 data-start=\"3067\" data-end=\"3124\">\ud83d\udc4f <strong data-start=\"3074\" data-end=\"3122\">Un grand bravo aux premiers chefs d\u2019\u00e9quipe !<\/strong><\/h3>\n<p data-start=\"3126\" data-end=\"3255\">\ud83c\udf89 <strong data-start=\"3129\" data-end=\"3166\">F\u00e9licitations \u00e0 Maleeya et M\u00e9lina<\/strong>, qui ont inaugur\u00e9 ce projet avec une d\u00e9licieuse recette de <strong data-start=\"3226\" data-end=\"3250\">Muffins au Nutella !<\/strong> \ud83c\udf6b<\/p>\n<p data-start=\"3257\" data-end=\"3425\">\ud83d\udce2 <strong data-start=\"3260\" data-end=\"3356\">Vous voulez suivre l\u2019\u00e9volution de ce projet et d\u00e9couvrir d\u2019autres initiatives p\u00e9dagogiques ?<\/strong><br data-start=\"3356\" data-end=\"3359\" \/>\ud83d\udcac <strong data-start=\"3430\" data-end=\"3507\">Encouragez nos \u00e9l\u00e8ves en commentaire et partagez cette belle initiative !<\/strong> \ud83d\ude80<\/p>\n<p data-start=\"3514\" data-end=\"3607\">#BacProSAPAT #ServicesAuxPersonnes #Animation #GestionProjet #Restauration #VallonBonnevaux<\/p>\n","protected":false},"excerpt":{"rendered":"<p>&nbsp; \ud83c\udf7d\ufe0f Les \u00e9l\u00e8ves de Seconde Bac Pro SAPAT innovent dans les cours de restauration ! Au Lyc\u00e9e Vallon Bonnevaux, nos \u00e9l\u00e8ves de Seconde Bac Pro<span class=\"excerpt-hellip\"> [\u2026]<\/span><\/p>\n","protected":false},"author":2,"featured_media":2530,"comment_status":"open","ping_status":"open","sticky":false,"template":"","format":"standard","meta":{"_mi_skip_tracking":false,"_monsterinsights_sitenote_active":false,"_monsterinsights_sitenote_note":"","_monsterinsights_sitenote_category":0,"footnotes":""},"categories":[3],"tags":[],"class_list":["post-2527","post","type-post","status-publish","format-standard","has-post-thumbnail","hentry","category-formation-pedagogie"],"yoast_head":"<!-- This site is optimized with the Yoast SEO plugin v20.8 - https:\/\/yoast.com\/wordpress\/plugins\/seo\/ -->\n<title>Les \u00e9l\u00e8ves de Seconde Bac Pro SAPAT en immersion professionnelle : un projet p\u00e9dagogique innovant ! - VB Mag<\/title>\n<meta name=\"robots\" content=\"index, follow, max-snippet:-1, max-image-preview:large, max-video-preview:-1\" \/>\n<link rel=\"canonical\" href=\"https:\/\/www.vallon-bonnevaux.fr\/vbmag\/les-eleves-de-seconde-bac-pro-sapat-en-immersion-professionnelle-un-projet-pedagogique-innovant\/\" \/>\n<meta property=\"og:locale\" content=\"fr_FR\" \/>\n<meta property=\"og:type\" content=\"article\" \/>\n<meta property=\"og:title\" content=\"Les \u00e9l\u00e8ves de Seconde Bac Pro SAPAT en immersion professionnelle : un projet p\u00e9dagogique innovant ! - VB Mag\" \/>\n<meta property=\"og:description\" content=\"&nbsp; \ud83c\udf7d\ufe0f Les \u00e9l\u00e8ves de Seconde Bac Pro SAPAT innovent dans les cours de restauration ! Au Lyc\u00e9e Vallon Bonnevaux, nos \u00e9l\u00e8ves de Seconde Bac Pro [\u2026]\" \/>\n<meta property=\"og:url\" content=\"https:\/\/www.vallon-bonnevaux.fr\/vbmag\/les-eleves-de-seconde-bac-pro-sapat-en-immersion-professionnelle-un-projet-pedagogique-innovant\/\" \/>\n<meta property=\"og:site_name\" content=\"VB Mag\" \/>\n<meta property=\"article:publisher\" content=\"https:\/\/www.facebook.com\/lyceevallonbonnevaux\" \/>\n<meta property=\"article:published_time\" content=\"2025-02-19T14:23:20+00:00\" \/>\n<meta property=\"article:modified_time\" content=\"2025-03-06T18:03:10+00:00\" \/>\n<meta property=\"og:image\" content=\"https:\/\/www.vallon-bonnevaux.fr\/vbmag\/wp-content\/uploads\/2025\/02\/20250217_2SAPAT_Cuisine1.jpg\" \/>\n\t<meta property=\"og:image:width\" content=\"800\" \/>\n\t<meta property=\"og:image:height\" content=\"600\" \/>\n\t<meta property=\"og:image:type\" content=\"image\/jpeg\" \/>\n<meta name=\"author\" content=\"VBCommunication\" \/>\n<meta name=\"twitter:card\" content=\"summary_large_image\" \/>\n<meta name=\"twitter:label1\" content=\"\u00c9crit par\" \/>\n\t<meta name=\"twitter:data1\" content=\"VBCommunication\" \/>\n\t<meta name=\"twitter:label2\" content=\"Dur\u00e9e de lecture estim\u00e9e\" \/>\n\t<meta name=\"twitter:data2\" content=\"4 minutes\" \/>\n<script type=\"application\/ld+json\" class=\"yoast-schema-graph\">{\"@context\":\"https:\/\/schema.org\",\"@graph\":[{\"@type\":\"Article\",\"@id\":\"https:\/\/www.vallon-bonnevaux.fr\/vbmag\/les-eleves-de-seconde-bac-pro-sapat-en-immersion-professionnelle-un-projet-pedagogique-innovant\/#article\",\"isPartOf\":{\"@id\":\"https:\/\/www.vallon-bonnevaux.fr\/vbmag\/les-eleves-de-seconde-bac-pro-sapat-en-immersion-professionnelle-un-projet-pedagogique-innovant\/\"},\"author\":{\"name\":\"VBCommunication\",\"@id\":\"https:\/\/www.vallon-bonnevaux.fr\/vbmag\/#\/schema\/person\/78d4bedf135508e9d2b8d343575fdd31\"},\"headline\":\"Les \u00e9l\u00e8ves de Seconde Bac Pro SAPAT en immersion professionnelle : un projet p\u00e9dagogique innovant !\",\"datePublished\":\"2025-02-19T14:23:20+00:00\",\"dateModified\":\"2025-03-06T18:03:10+00:00\",\"mainEntityOfPage\":{\"@id\":\"https:\/\/www.vallon-bonnevaux.fr\/vbmag\/les-eleves-de-seconde-bac-pro-sapat-en-immersion-professionnelle-un-projet-pedagogique-innovant\/\"},\"wordCount\":548,\"commentCount\":0,\"publisher\":{\"@id\":\"https:\/\/www.vallon-bonnevaux.fr\/vbmag\/#organization\"},\"articleSection\":[\"Formation &amp; P\u00e9dagogie\"],\"inLanguage\":\"fr-FR\",\"potentialAction\":[{\"@type\":\"CommentAction\",\"name\":\"Comment\",\"target\":[\"https:\/\/www.vallon-bonnevaux.fr\/vbmag\/les-eleves-de-seconde-bac-pro-sapat-en-immersion-professionnelle-un-projet-pedagogique-innovant\/#respond\"]}]},{\"@type\":\"WebPage\",\"@id\":\"https:\/\/www.vallon-bonnevaux.fr\/vbmag\/les-eleves-de-seconde-bac-pro-sapat-en-immersion-professionnelle-un-projet-pedagogique-innovant\/\",\"url\":\"https:\/\/www.vallon-bonnevaux.fr\/vbmag\/les-eleves-de-seconde-bac-pro-sapat-en-immersion-professionnelle-un-projet-pedagogique-innovant\/\",\"name\":\"Les \u00e9l\u00e8ves de Seconde Bac Pro SAPAT en immersion professionnelle : un projet p\u00e9dagogique innovant ! - VB Mag\",\"isPartOf\":{\"@id\":\"https:\/\/www.vallon-bonnevaux.fr\/vbmag\/#website\"},\"datePublished\":\"2025-02-19T14:23:20+00:00\",\"dateModified\":\"2025-03-06T18:03:10+00:00\",\"breadcrumb\":{\"@id\":\"https:\/\/www.vallon-bonnevaux.fr\/vbmag\/les-eleves-de-seconde-bac-pro-sapat-en-immersion-professionnelle-un-projet-pedagogique-innovant\/#breadcrumb\"},\"inLanguage\":\"fr-FR\",\"potentialAction\":[{\"@type\":\"ReadAction\",\"target\":[\"https:\/\/www.vallon-bonnevaux.fr\/vbmag\/les-eleves-de-seconde-bac-pro-sapat-en-immersion-professionnelle-un-projet-pedagogique-innovant\/\"]}]},{\"@type\":\"BreadcrumbList\",\"@id\":\"https:\/\/www.vallon-bonnevaux.fr\/vbmag\/les-eleves-de-seconde-bac-pro-sapat-en-immersion-professionnelle-un-projet-pedagogique-innovant\/#breadcrumb\",\"itemListElement\":[{\"@type\":\"ListItem\",\"position\":1,\"name\":\"Accueil\",\"item\":\"https:\/\/www.vallon-bonnevaux.fr\/vbmag\/\"},{\"@type\":\"ListItem\",\"position\":2,\"name\":\"Les \u00e9l\u00e8ves de Seconde Bac Pro SAPAT en immersion professionnelle : un projet p\u00e9dagogique innovant !\"}]},{\"@type\":\"WebSite\",\"@id\":\"https:\/\/www.vallon-bonnevaux.fr\/vbmag\/#website\",\"url\":\"https:\/\/www.vallon-bonnevaux.fr\/vbmag\/\",\"name\":\"VBmag\",\"description\":\"\",\"publisher\":{\"@id\":\"https:\/\/www.vallon-bonnevaux.fr\/vbmag\/#organization\"},\"potentialAction\":[{\"@type\":\"SearchAction\",\"target\":{\"@type\":\"EntryPoint\",\"urlTemplate\":\"https:\/\/www.vallon-bonnevaux.fr\/vbmag\/?s={search_term_string}\"},\"query-input\":\"required name=search_term_string\"}],\"inLanguage\":\"fr-FR\"},{\"@type\":\"Organization\",\"@id\":\"https:\/\/www.vallon-bonnevaux.fr\/vbmag\/#organization\",\"name\":\"VBmag\",\"url\":\"https:\/\/www.vallon-bonnevaux.fr\/vbmag\/\",\"logo\":{\"@type\":\"ImageObject\",\"inLanguage\":\"fr-FR\",\"@id\":\"https:\/\/www.vallon-bonnevaux.fr\/vbmag\/#\/schema\/logo\/image\/\",\"url\":\"https:\/\/www.vallon-bonnevaux.fr\/vbmag\/wp-content\/uploads\/2023\/02\/Bonnevaux-logo-VBmag.png\",\"contentUrl\":\"https:\/\/www.vallon-bonnevaux.fr\/vbmag\/wp-content\/uploads\/2023\/02\/Bonnevaux-logo-VBmag.png\",\"width\":314,\"height\":143,\"caption\":\"VBmag\"},\"image\":{\"@id\":\"https:\/\/www.vallon-bonnevaux.fr\/vbmag\/#\/schema\/logo\/image\/\"},\"sameAs\":[\"https:\/\/www.facebook.com\/lyceevallonbonnevaux\",\"https:\/\/www.instagram.com\/lycee_vallon_bonnevaux\/\",\"https:\/\/www.linkedin.com\/company\/leap-le-vallon-les-bonnevaux\/?originalSubdomain=fr\"]},{\"@type\":\"Person\",\"@id\":\"https:\/\/www.vallon-bonnevaux.fr\/vbmag\/#\/schema\/person\/78d4bedf135508e9d2b8d343575fdd31\",\"name\":\"VBCommunication\",\"image\":{\"@type\":\"ImageObject\",\"inLanguage\":\"fr-FR\",\"@id\":\"https:\/\/www.vallon-bonnevaux.fr\/vbmag\/#\/schema\/person\/image\/\",\"url\":\"https:\/\/secure.gravatar.com\/avatar\/58fa64ce54dbedb7c6633693d600c884a245b0f97746903170fa62aae026cedc?s=96&d=mm&r=g\",\"contentUrl\":\"https:\/\/secure.gravatar.com\/avatar\/58fa64ce54dbedb7c6633693d600c884a245b0f97746903170fa62aae026cedc?s=96&d=mm&r=g\",\"caption\":\"VBCommunication\"},\"url\":\"https:\/\/www.vallon-bonnevaux.fr\/vbmag\/author\/vbcommunication\/\"}]}<\/script>\n<!-- \/ Yoast SEO plugin. -->","yoast_head_json":{"title":"Les \u00e9l\u00e8ves de Seconde Bac Pro SAPAT en immersion professionnelle : un projet p\u00e9dagogique innovant ! - VB Mag","robots":{"index":"index","follow":"follow","max-snippet":"max-snippet:-1","max-image-preview":"max-image-preview:large","max-video-preview":"max-video-preview:-1"},"canonical":"https:\/\/www.vallon-bonnevaux.fr\/vbmag\/les-eleves-de-seconde-bac-pro-sapat-en-immersion-professionnelle-un-projet-pedagogique-innovant\/","og_locale":"fr_FR","og_type":"article","og_title":"Les \u00e9l\u00e8ves de Seconde Bac Pro SAPAT en immersion professionnelle : un projet p\u00e9dagogique innovant ! - VB Mag","og_description":"&nbsp; \ud83c\udf7d\ufe0f Les \u00e9l\u00e8ves de Seconde Bac Pro SAPAT innovent dans les cours de restauration ! Au Lyc\u00e9e Vallon Bonnevaux, nos \u00e9l\u00e8ves de Seconde Bac Pro [\u2026]","og_url":"https:\/\/www.vallon-bonnevaux.fr\/vbmag\/les-eleves-de-seconde-bac-pro-sapat-en-immersion-professionnelle-un-projet-pedagogique-innovant\/","og_site_name":"VB Mag","article_publisher":"https:\/\/www.facebook.com\/lyceevallonbonnevaux","article_published_time":"2025-02-19T14:23:20+00:00","article_modified_time":"2025-03-06T18:03:10+00:00","og_image":[{"width":800,"height":600,"url":"https:\/\/www.vallon-bonnevaux.fr\/vbmag\/wp-content\/uploads\/2025\/02\/20250217_2SAPAT_Cuisine1.jpg","type":"image\/jpeg"}],"author":"VBCommunication","twitter_card":"summary_large_image","twitter_misc":{"\u00c9crit par":"VBCommunication","Dur\u00e9e de lecture estim\u00e9e":"4 minutes"},"schema":{"@context":"https:\/\/schema.org","@graph":[{"@type":"Article","@id":"https:\/\/www.vallon-bonnevaux.fr\/vbmag\/les-eleves-de-seconde-bac-pro-sapat-en-immersion-professionnelle-un-projet-pedagogique-innovant\/#article","isPartOf":{"@id":"https:\/\/www.vallon-bonnevaux.fr\/vbmag\/les-eleves-de-seconde-bac-pro-sapat-en-immersion-professionnelle-un-projet-pedagogique-innovant\/"},"author":{"name":"VBCommunication","@id":"https:\/\/www.vallon-bonnevaux.fr\/vbmag\/#\/schema\/person\/78d4bedf135508e9d2b8d343575fdd31"},"headline":"Les \u00e9l\u00e8ves de Seconde Bac Pro SAPAT en immersion professionnelle : un projet p\u00e9dagogique innovant !","datePublished":"2025-02-19T14:23:20+00:00","dateModified":"2025-03-06T18:03:10+00:00","mainEntityOfPage":{"@id":"https:\/\/www.vallon-bonnevaux.fr\/vbmag\/les-eleves-de-seconde-bac-pro-sapat-en-immersion-professionnelle-un-projet-pedagogique-innovant\/"},"wordCount":548,"commentCount":0,"publisher":{"@id":"https:\/\/www.vallon-bonnevaux.fr\/vbmag\/#organization"},"articleSection":["Formation &amp; P\u00e9dagogie"],"inLanguage":"fr-FR","potentialAction":[{"@type":"CommentAction","name":"Comment","target":["https:\/\/www.vallon-bonnevaux.fr\/vbmag\/les-eleves-de-seconde-bac-pro-sapat-en-immersion-professionnelle-un-projet-pedagogique-innovant\/#respond"]}]},{"@type":"WebPage","@id":"https:\/\/www.vallon-bonnevaux.fr\/vbmag\/les-eleves-de-seconde-bac-pro-sapat-en-immersion-professionnelle-un-projet-pedagogique-innovant\/","url":"https:\/\/www.vallon-bonnevaux.fr\/vbmag\/les-eleves-de-seconde-bac-pro-sapat-en-immersion-professionnelle-un-projet-pedagogique-innovant\/","name":"Les \u00e9l\u00e8ves de Seconde Bac Pro SAPAT en immersion professionnelle : un projet p\u00e9dagogique innovant ! - VB Mag","isPartOf":{"@id":"https:\/\/www.vallon-bonnevaux.fr\/vbmag\/#website"},"datePublished":"2025-02-19T14:23:20+00:00","dateModified":"2025-03-06T18:03:10+00:00","breadcrumb":{"@id":"https:\/\/www.vallon-bonnevaux.fr\/vbmag\/les-eleves-de-seconde-bac-pro-sapat-en-immersion-professionnelle-un-projet-pedagogique-innovant\/#breadcrumb"},"inLanguage":"fr-FR","potentialAction":[{"@type":"ReadAction","target":["https:\/\/www.vallon-bonnevaux.fr\/vbmag\/les-eleves-de-seconde-bac-pro-sapat-en-immersion-professionnelle-un-projet-pedagogique-innovant\/"]}]},{"@type":"BreadcrumbList","@id":"https:\/\/www.vallon-bonnevaux.fr\/vbmag\/les-eleves-de-seconde-bac-pro-sapat-en-immersion-professionnelle-un-projet-pedagogique-innovant\/#breadcrumb","itemListElement":[{"@type":"ListItem","position":1,"name":"Accueil","item":"https:\/\/www.vallon-bonnevaux.fr\/vbmag\/"},{"@type":"ListItem","position":2,"name":"Les \u00e9l\u00e8ves de Seconde Bac Pro SAPAT en immersion professionnelle : un projet p\u00e9dagogique innovant !"}]},{"@type":"WebSite","@id":"https:\/\/www.vallon-bonnevaux.fr\/vbmag\/#website","url":"https:\/\/www.vallon-bonnevaux.fr\/vbmag\/","name":"VBmag","description":"","publisher":{"@id":"https:\/\/www.vallon-bonnevaux.fr\/vbmag\/#organization"},"potentialAction":[{"@type":"SearchAction","target":{"@type":"EntryPoint","urlTemplate":"https:\/\/www.vallon-bonnevaux.fr\/vbmag\/?s={search_term_string}"},"query-input":"required name=search_term_string"}],"inLanguage":"fr-FR"},{"@type":"Organization","@id":"https:\/\/www.vallon-bonnevaux.fr\/vbmag\/#organization","name":"VBmag","url":"https:\/\/www.vallon-bonnevaux.fr\/vbmag\/","logo":{"@type":"ImageObject","inLanguage":"fr-FR","@id":"https:\/\/www.vallon-bonnevaux.fr\/vbmag\/#\/schema\/logo\/image\/","url":"https:\/\/www.vallon-bonnevaux.fr\/vbmag\/wp-content\/uploads\/2023\/02\/Bonnevaux-logo-VBmag.png","contentUrl":"https:\/\/www.vallon-bonnevaux.fr\/vbmag\/wp-content\/uploads\/2023\/02\/Bonnevaux-logo-VBmag.png","width":314,"height":143,"caption":"VBmag"},"image":{"@id":"https:\/\/www.vallon-bonnevaux.fr\/vbmag\/#\/schema\/logo\/image\/"},"sameAs":["https:\/\/www.facebook.com\/lyceevallonbonnevaux","https:\/\/www.instagram.com\/lycee_vallon_bonnevaux\/","https:\/\/www.linkedin.com\/company\/leap-le-vallon-les-bonnevaux\/?originalSubdomain=fr"]},{"@type":"Person","@id":"https:\/\/www.vallon-bonnevaux.fr\/vbmag\/#\/schema\/person\/78d4bedf135508e9d2b8d343575fdd31","name":"VBCommunication","image":{"@type":"ImageObject","inLanguage":"fr-FR","@id":"https:\/\/www.vallon-bonnevaux.fr\/vbmag\/#\/schema\/person\/image\/","url":"https:\/\/secure.gravatar.com\/avatar\/58fa64ce54dbedb7c6633693d600c884a245b0f97746903170fa62aae026cedc?s=96&d=mm&r=g","contentUrl":"https:\/\/secure.gravatar.com\/avatar\/58fa64ce54dbedb7c6633693d600c884a245b0f97746903170fa62aae026cedc?s=96&d=mm&r=g","caption":"VBCommunication"},"url":"https:\/\/www.vallon-bonnevaux.fr\/vbmag\/author\/vbcommunication\/"}]}},"_links":{"self":[{"href":"https:\/\/www.vallon-bonnevaux.fr\/vbmag\/wp-json\/wp\/v2\/posts\/2527","targetHints":{"allow":["GET"]}}],"collection":[{"href":"https:\/\/www.vallon-bonnevaux.fr\/vbmag\/wp-json\/wp\/v2\/posts"}],"about":[{"href":"https:\/\/www.vallon-bonnevaux.fr\/vbmag\/wp-json\/wp\/v2\/types\/post"}],"author":[{"embeddable":true,"href":"https:\/\/www.vallon-bonnevaux.fr\/vbmag\/wp-json\/wp\/v2\/users\/2"}],"replies":[{"embeddable":true,"href":"https:\/\/www.vallon-bonnevaux.fr\/vbmag\/wp-json\/wp\/v2\/comments?post=2527"}],"version-history":[{"count":8,"href":"https:\/\/www.vallon-bonnevaux.fr\/vbmag\/wp-json\/wp\/v2\/posts\/2527\/revisions"}],"predecessor-version":[{"id":2649,"href":"https:\/\/www.vallon-bonnevaux.fr\/vbmag\/wp-json\/wp\/v2\/posts\/2527\/revisions\/2649"}],"wp:featuredmedia":[{"embeddable":true,"href":"https:\/\/www.vallon-bonnevaux.fr\/vbmag\/wp-json\/wp\/v2\/media\/2530"}],"wp:attachment":[{"href":"https:\/\/www.vallon-bonnevaux.fr\/vbmag\/wp-json\/wp\/v2\/media?parent=2527"}],"wp:term":[{"taxonomy":"category","embeddable":true,"href":"https:\/\/www.vallon-bonnevaux.fr\/vbmag\/wp-json\/wp\/v2\/categories?post=2527"},{"taxonomy":"post_tag","embeddable":true,"href":"https:\/\/www.vallon-bonnevaux.fr\/vbmag\/wp-json\/wp\/v2\/tags?post=2527"}],"curies":[{"name":"wp","href":"https:\/\/api.w.org\/{rel}","templated":true}]}}