{"id":2551,"date":"2025-02-19T16:23:34","date_gmt":"2025-02-19T15:23:34","guid":{"rendered":"https:\/\/www.vallon-bonnevaux.fr\/vbmag\/?p=2551"},"modified":"2025-02-19T17:13:26","modified_gmt":"2025-02-19T16:13:26","slug":"%f0%9f%93%b5-education-au-numerique-et-sante-mentale-un-projet-interclasse-au-lycee-vallon-bonnevaux","status":"publish","type":"post","link":"https:\/\/www.vallon-bonnevaux.fr\/vbmag\/%f0%9f%93%b5-education-au-numerique-et-sante-mentale-un-projet-interclasse-au-lycee-vallon-bonnevaux\/","title":{"rendered":"\ud83d\udcf5 \u00c9ducation au num\u00e9rique et sant\u00e9 mentale : un projet interclasse au lyc\u00e9e Vallon Bonnevaux"},"content":{"rendered":"<h1 style=\"text-align: center;\" data-start=\"163\" data-end=\"263\"><strong data-start=\"165\" data-end=\"261\"> <img loading=\"lazy\" decoding=\"async\" class=\"size-medium wp-image-2555 alignleft\" src=\"https:\/\/www.vallon-bonnevaux.fr\/vbmag\/wp-content\/uploads\/2025\/02\/SanteSociale_3EMES2-300x274.png\" alt=\"\" width=\"300\" height=\"274\" srcset=\"https:\/\/www.vallon-bonnevaux.fr\/vbmag\/wp-content\/uploads\/2025\/02\/SanteSociale_3EMES2-300x274.png 300w, https:\/\/www.vallon-bonnevaux.fr\/vbmag\/wp-content\/uploads\/2025\/02\/SanteSociale_3EMES2-768x701.png 768w, https:\/\/www.vallon-bonnevaux.fr\/vbmag\/wp-content\/uploads\/2025\/02\/SanteSociale_3EMES2-160x146.png 160w, https:\/\/www.vallon-bonnevaux.fr\/vbmag\/wp-content\/uploads\/2025\/02\/SanteSociale_3EMES2-50x46.png 50w, https:\/\/www.vallon-bonnevaux.fr\/vbmag\/wp-content\/uploads\/2025\/02\/SanteSociale_3EMES2-82x75.png 82w, https:\/\/www.vallon-bonnevaux.fr\/vbmag\/wp-content\/uploads\/2025\/02\/SanteSociale_3EMES2.png 971w\" sizes=\"auto, (max-width: 300px) 100vw, 300px\" \/><img loading=\"lazy\" decoding=\"async\" class=\"size-medium wp-image-2542 alignright\" src=\"https:\/\/www.vallon-bonnevaux.fr\/vbmag\/wp-content\/uploads\/2025\/02\/SanteSociale-NelaLylie-300x300.png\" alt=\"\" width=\"300\" height=\"300\" srcset=\"https:\/\/www.vallon-bonnevaux.fr\/vbmag\/wp-content\/uploads\/2025\/02\/SanteSociale-NelaLylie-300x300.png 300w, https:\/\/www.vallon-bonnevaux.fr\/vbmag\/wp-content\/uploads\/2025\/02\/SanteSociale-NelaLylie-150x150.png 150w, https:\/\/www.vallon-bonnevaux.fr\/vbmag\/wp-content\/uploads\/2025\/02\/SanteSociale-NelaLylie-768x768.png 768w, https:\/\/www.vallon-bonnevaux.fr\/vbmag\/wp-content\/uploads\/2025\/02\/SanteSociale-NelaLylie-146x146.png 146w, https:\/\/www.vallon-bonnevaux.fr\/vbmag\/wp-content\/uploads\/2025\/02\/SanteSociale-NelaLylie-50x50.png 50w, https:\/\/www.vallon-bonnevaux.fr\/vbmag\/wp-content\/uploads\/2025\/02\/SanteSociale-NelaLylie-75x75.png 75w, https:\/\/www.vallon-bonnevaux.fr\/vbmag\/wp-content\/uploads\/2025\/02\/SanteSociale-NelaLylie-85x85.png 85w, https:\/\/www.vallon-bonnevaux.fr\/vbmag\/wp-content\/uploads\/2025\/02\/SanteSociale-NelaLylie-80x80.png 80w, https:\/\/www.vallon-bonnevaux.fr\/vbmag\/wp-content\/uploads\/2025\/02\/SanteSociale-NelaLylie.png 1024w\" sizes=\"auto, (max-width: 300px) 100vw, 300px\" \/><\/strong><\/h1>\n<h2 data-start=\"265\" data-end=\"340\"><\/h2>\n<h2 data-start=\"265\" data-end=\"340\"><\/h2>\n<h2 data-start=\"265\" data-end=\"340\"><strong data-start=\"268\" data-end=\"338\">\ud83d\udcf2 D\u00e9pendance aux smartphones : une r\u00e9flexion men\u00e9e par les \u00e9l\u00e8ves<\/strong><\/h2>\n<p>&nbsp;<\/p>\n<p>&nbsp;<\/p>\n<p>&nbsp;<\/p>\n<p data-start=\"342\" data-end=\"611\">L\u2019usage excessif des \u00e9crans est une probl\u00e9matique majeure chez les adolescents. Entre <strong data-start=\"428\" data-end=\"504\">r\u00e9seaux sociaux, notifications incessantes et d\u00e9pendance aux smartphones<\/strong>, il devient difficile de se concentrer, d\u2019\u00e9changer avec les autres et de pr\u00e9server sa <strong data-start=\"591\" data-end=\"608\">sant\u00e9 mentale<\/strong>.<\/p>\n<p data-start=\"613\" data-end=\"886\">Dans le cadre de la <strong data-start=\"633\" data-end=\"656\">Semaine de la Sant\u00e9<\/strong>, les \u00e9l\u00e8ves de <strong data-start=\"672\" data-end=\"707\">4\u00e8me de l&rsquo;enseignement agricole<\/strong> et de <strong data-start=\"714\" data-end=\"783\">Seconde Bac Pro SAPAT (Services aux Personnes et Aux Territoires)<\/strong> du <strong data-start=\"787\" data-end=\"813\">lyc\u00e9e Vallon Bonnevaux<\/strong> ont men\u00e9 une r\u00e9flexion sur l\u2019<strong data-start=\"843\" data-end=\"883\">impact du num\u00e9rique sur le bien-\u00eatre<\/strong>.<\/p>\n<p data-start=\"888\" data-end=\"1174\">Inspir\u00e9s par la chanson <em data-start=\"912\" data-end=\"926\">Mon pr\u00e9cieux<\/em> de <strong data-start=\"930\" data-end=\"941\">Soprano<\/strong> \ud83c\udfb6 \u2013 qui traite avec ironie notre relation fusionnelle avec nos t\u00e9l\u00e9phones \u2013 ils ont r\u00e9alis\u00e9 des <strong data-start=\"1039\" data-end=\"1070\">affiches de sensibilisation<\/strong> mettant en avant les <strong data-start=\"1092\" data-end=\"1136\">dangers de la surconsommation des \u00e9crans<\/strong> et les bienfaits de la d\u00e9connexion.<\/p>\n<hr data-start=\"1176\" data-end=\"1179\" \/>\n<h2 data-start=\"1181\" data-end=\"1254\"><strong data-start=\"1184\" data-end=\"1252\">\ud83d\udcda Un projet \u00e9ducatif en lien avec les r\u00e9f\u00e9rentiels de formation<\/strong><\/h2>\n<p data-start=\"1256\" data-end=\"1415\">Ce projet s\u2019int\u00e8gre dans les <strong data-start=\"1285\" data-end=\"1309\">programmes scolaires<\/strong> des \u00e9l\u00e8ves et r\u00e9pond aux <strong data-start=\"1335\" data-end=\"1364\">r\u00e9f\u00e9rentiels de formation<\/strong> de l\u2019enseignement agricole et du Bac Pro SAPAT :<\/p>\n<p data-start=\"1417\" data-end=\"1478\">\ud83d\udd39 <strong data-start=\"1420\" data-end=\"1474\">Pour les \u00e9l\u00e8ves de 4\u00e8me de l&rsquo;enseignement agricole<\/strong> :<\/p>\n<ul data-start=\"1479\" data-end=\"1815\">\n<li data-start=\"1479\" data-end=\"1586\"><strong data-start=\"1481\" data-end=\"1521\">\u00c9ducation \u00e0 la sant\u00e9 et au bien-\u00eatre<\/strong> : Comprendre les <strong data-start=\"1539\" data-end=\"1583\">effets du num\u00e9rique sur la sant\u00e9 mentale<\/strong>.<\/li>\n<li data-start=\"1587\" data-end=\"1728\"><strong data-start=\"1589\" data-end=\"1630\">Fran\u00e7ais &amp; \u00c9ducation socio-culturelle<\/strong> : D\u00e9velopper des comp\u00e9tences en <strong data-start=\"1663\" data-end=\"1692\">\u00e9criture et communication<\/strong> \u00e0 travers la cr\u00e9ation d&rsquo;affiches.<\/li>\n<li data-start=\"1729\" data-end=\"1815\"><strong data-start=\"1731\" data-end=\"1760\">Citoyennet\u00e9 et pr\u00e9vention<\/strong> : R\u00e9fl\u00e9chir \u00e0 un <strong data-start=\"1778\" data-end=\"1812\">usage responsable du num\u00e9rique<\/strong>.<\/li>\n<\/ul>\n<p data-start=\"1817\" data-end=\"1868\">\ud83d\udd39 <strong data-start=\"1820\" data-end=\"1864\">Pour les \u00e9l\u00e8ves de Seconde Bac Pro SAPAT<\/strong> :<\/p>\n<ul data-start=\"1869\" data-end=\"2235\">\n<li data-start=\"1869\" data-end=\"1993\"><strong data-start=\"1871\" data-end=\"1904\">Sant\u00e9 et d\u00e9veloppement social<\/strong> : Analyser l\u2019<strong data-start=\"1918\" data-end=\"1990\">impact du num\u00e9rique sur la vie sociale et le bien-\u00eatre psychologique<\/strong>.<\/li>\n<li data-start=\"1994\" data-end=\"2114\"><strong data-start=\"1996\" data-end=\"2026\">Animation et communication<\/strong> : Concevoir des outils p\u00e9dagogiques pour sensibiliser <strong data-start=\"2081\" data-end=\"2111\">les jeunes et les familles<\/strong>.<\/li>\n<li data-start=\"2115\" data-end=\"2235\"><strong data-start=\"2117\" data-end=\"2154\">Mise en situation professionnelle<\/strong> : \u00c9laborer une campagne de pr\u00e9vention sur <strong data-start=\"2197\" data-end=\"2232\">les bonnes pratiques num\u00e9riques<\/strong>.<\/li>\n<\/ul>\n<hr data-start=\"2237\" data-end=\"2240\" \/>\n<h2 data-start=\"2242\" data-end=\"2311\"><strong data-start=\"2245\" data-end=\"2309\">\ud83c\udfa8 Cr\u00e9ativit\u00e9 et engagement : des affiches pour sensibiliser<\/strong><\/h2>\n<p data-start=\"2313\" data-end=\"2376\">Les \u00e9l\u00e8ves ont produit des affiches percutantes et engag\u00e9es :<\/p>\n<p data-start=\"2378\" data-end=\"2685\">\ud83d\udccc <strong data-start=\"2381\" data-end=\"2424\">Elsa, Maleeya et Y\u00e9l\u00e9na (Seconde SAPAT)<\/strong> ont mis\u00e9 sur un message direct et r\u00e9p\u00e9titif :<br data-start=\"2470\" data-end=\"2473\" \/>\ud83d\udc49 <em data-start=\"2476\" data-end=\"2523\">\u00ab\u00a0Sociale sant\u00e9, mets ton t\u00e9l\u00e9phone de c\u00f4t\u00e9 !\u00a0\u00bb<\/em><br data-start=\"2523\" data-end=\"2526\" \/>Leur affiche met en lumi\u00e8re <strong data-start=\"2554\" data-end=\"2604\">les moments o\u00f9 il est essentiel de d\u00e9connecter<\/strong> : <strong data-start=\"2607\" data-end=\"2682\">au r\u00e9veil, en classe, aux repas, pendant les devoirs et avant de dormir<\/strong>.<\/p>\n<p data-start=\"2687\" data-end=\"2931\">\ud83d\udccc <strong data-start=\"2690\" data-end=\"2714\">Nela et Lylie (4\u00e8me)<\/strong> ont privil\u00e9gi\u00e9 une approche <strong data-start=\"2743\" data-end=\"2765\">po\u00e9tique et imag\u00e9e<\/strong>, incitant \u00e0 <strong data-start=\"2778\" data-end=\"2803\">\u00ab\u00a0poser son t\u00e9l\u00e9phone\u00a0\u00bb<\/strong> pour mieux profiter des <strong data-start=\"2828\" data-end=\"2861\">moments de la vie quotidienne<\/strong> : <strong data-start=\"2864\" data-end=\"2928\">observer la nature, r\u00eaver, danser, partager avec ses proches<\/strong>.<\/p>\n<p data-start=\"2933\" data-end=\"3248\">\ud83d\udccc <strong data-start=\"2936\" data-end=\"2971\">L\u2019ensemble de la classe de 4\u00e8me<\/strong> a r\u00e9alis\u00e9 une affiche marquante sous forme de <strong data-start=\"3018\" data-end=\"3031\">mots-cl\u00e9s<\/strong> opposant les effets n\u00e9gatifs d\u2019un usage excessif du t\u00e9l\u00e9phone (<em data-start=\"3095\" data-end=\"3177\">Toxique \u2013 Envahissant \u2013 Hypnotisant \u2013 Ligotant \u2013 Polluant \u2013 Obs\u00e9dant \u2013 Enfermant<\/em>) aux <strong data-start=\"3183\" data-end=\"3245\">bienfaits du sport, de la nature et des relations humaines<\/strong>.<\/p>\n<hr data-start=\"3250\" data-end=\"3253\" \/>\n<h2 data-start=\"3255\" data-end=\"3346\"><strong data-start=\"3258\" data-end=\"3344\">\ud83c\udfeb Un projet en coh\u00e9rence avec le projet d\u2019\u00e9tablissement du lyc\u00e9e Vallon Bonnevaux<\/strong><\/h2>\n<p data-start=\"3348\" data-end=\"3565\">Le <strong data-start=\"3351\" data-end=\"3377\">lyc\u00e9e Vallon Bonnevaux<\/strong> met l\u2019accent sur <strong data-start=\"3395\" data-end=\"3435\">l\u2019\u00e9ducation au num\u00e9rique responsable<\/strong> et la <strong data-start=\"3442\" data-end=\"3484\">pr\u00e9vention des risques li\u00e9s aux \u00e9crans<\/strong>. Ce projet s\u2019inscrit dans plusieurs axes forts du <strong data-start=\"3535\" data-end=\"3561\">projet d\u2019\u00e9tablissement<\/strong> :<\/p>\n<p data-start=\"3567\" data-end=\"4007\">\u2705 <strong data-start=\"3569\" data-end=\"3612\">D\u00e9velopper l\u2019esprit critique des \u00e9l\u00e8ves<\/strong> sur les <strong data-start=\"3621\" data-end=\"3658\">risques de l\u2019addiction aux \u00e9crans<\/strong>.<br data-start=\"3659\" data-end=\"3662\" \/>\u2705 <strong data-start=\"3664\" data-end=\"3708\">Encourager l\u2019expression et la cr\u00e9ativit\u00e9<\/strong> pour sensibiliser \u00e0 <strong data-start=\"3729\" data-end=\"3768\">l\u2019usage responsable des smartphones<\/strong>.<br data-start=\"3769\" data-end=\"3772\" \/>\u2705 <strong data-start=\"3774\" data-end=\"3827\">Favoriser l\u2019interaction entre niveaux et fili\u00e8res<\/strong> pour une approche collective.<br data-start=\"3857\" data-end=\"3860\" \/>\u2705 <strong data-start=\"3862\" data-end=\"3933\">Pr\u00e9parer les \u00e9l\u00e8ves \u00e0 leur futur r\u00f4le de citoyens et professionnels<\/strong>, en renfor\u00e7ant <strong data-start=\"3949\" data-end=\"4004\">leurs comp\u00e9tences en communication et en pr\u00e9vention<\/strong>.<\/p>\n<hr data-start=\"4009\" data-end=\"4012\" \/>\n<h2 data-start=\"4014\" data-end=\"4048\"><strong data-start=\"4017\" data-end=\"4046\">\ud83d\udd17 Pour aller plus loin :<\/strong><\/h2>\n<p data-start=\"4050\" data-end=\"4333\">\ud83d\udccc <strong data-start=\"4053\" data-end=\"4097\">Impact du num\u00e9rique sur la sant\u00e9 mentale<\/strong> : <strong data-start=\"4100\" data-end=\"4112\">L\u2019INSERM<\/strong> alerte sur les cons\u00e9quences d\u2019un <strong data-start=\"4146\" data-end=\"4175\">usage excessif des \u00e9crans<\/strong> sur le <strong data-start=\"4183\" data-end=\"4230\">sommeil et la concentration des adolescents<\/strong>. \ud83d\udd17 <a target=\"_new\" rel=\"noopener\" data-start=\"4235\" data-end=\"4331\">Lire l\u2019article<\/a><\/p>\n<p data-start=\"4335\" data-end=\"4670\">\ud83d\udccc <strong data-start=\"4338\" data-end=\"4417\">Comment sensibiliser les jeunes \u00e0 une consommation raisonn\u00e9e du num\u00e9rique ?<\/strong> Le minist\u00e8re de l\u2019\u00c9ducation nationale propose des pistes p\u00e9dagogiques pour <strong data-start=\"4493\" data-end=\"4570\">accompagner les \u00e9l\u00e8ves vers un usage plus \u00e9quilibr\u00e9 des outils num\u00e9riques<\/strong>. \ud83d\udd17 <a target=\"_new\" rel=\"noopener\" data-start=\"4575\" data-end=\"4668\">D\u00e9couvrir les recommandations<\/a><\/p>\n<p data-start=\"4672\" data-end=\"4855\">\ud83d\udccc <strong data-start=\"4675\" data-end=\"4701\">Mon Pr\u00e9cieux \u2013 Soprano<\/strong> \ud83c\udfb6 : Cette chanson illustre parfaitement notre <strong data-start=\"4749\" data-end=\"4785\">relation addictive au smartphone<\/strong>. \ud83d\udd17 <a href=\"https:\/\/www.youtube.com\/watch?v=kdemFfbS5H0\" target=\"_new\" rel=\"noopener\" data-start=\"4790\" data-end=\"4853\">Regarder le clip<\/a><\/p>\n<hr data-start=\"4857\" data-end=\"4860\" \/>\n<h2 data-start=\"4862\" data-end=\"4912\"><strong data-start=\"4865\" data-end=\"4910\">\ud83d\udce2 Un message fort port\u00e9 par les \u00e9l\u00e8ves !<\/strong><\/h2>\n<p data-start=\"4914\" data-end=\"5102\">Ce projet p\u00e9dagogique a permis aux \u00e9l\u00e8ves de <strong data-start=\"4959\" data-end=\"5016\">prendre du recul sur leur usage du t\u00e9l\u00e9phone portable<\/strong> et de <strong data-start=\"5023\" data-end=\"5099\">r\u00e9fl\u00e9chir aux effets du num\u00e9rique sur la sant\u00e9 mentale et la vie sociale<\/strong>.<\/p>\n<p data-start=\"5104\" data-end=\"5249\"><strong data-start=\"5104\" data-end=\"5242\">D\u00e9connexion, recentrage, \u00e9changes humains : un bel engagement pour une g\u00e9n\u00e9ration connect\u00e9e, mais consciente des enjeux du num\u00e9rique !<\/strong> \ud83d\udca1\ud83d\udcf5<\/p>\n","protected":false},"excerpt":{"rendered":"<p>\ud83d\udcf2 D\u00e9pendance aux smartphones : une r\u00e9flexion men\u00e9e par les \u00e9l\u00e8ves &nbsp; &nbsp; &nbsp; L\u2019usage excessif des \u00e9crans est une probl\u00e9matique majeure chez les adolescents. Entre<span class=\"excerpt-hellip\"> [\u2026]<\/span><\/p>\n","protected":false},"author":2,"featured_media":2542,"comment_status":"open","ping_status":"open","sticky":false,"template":"","format":"standard","meta":{"_mi_skip_tracking":false,"_monsterinsights_sitenote_active":false,"_monsterinsights_sitenote_note":"","_monsterinsights_sitenote_category":0,"footnotes":""},"categories":[2,3],"tags":[],"class_list":["post-2551","post","type-post","status-publish","format-standard","has-post-thumbnail","hentry","category-actualites-infos","category-formation-pedagogie"],"yoast_head":"<!-- This site is optimized with the Yoast SEO plugin v20.8 - https:\/\/yoast.com\/wordpress\/plugins\/seo\/ -->\n<title>\ud83d\udcf5 \u00c9ducation au num\u00e9rique et sant\u00e9 mentale : un projet interclasse au lyc\u00e9e Vallon Bonnevaux - VB Mag<\/title>\n<meta name=\"robots\" content=\"index, follow, max-snippet:-1, max-image-preview:large, max-video-preview:-1\" \/>\n<link rel=\"canonical\" href=\"https:\/\/www.vallon-bonnevaux.fr\/vbmag\/\ud83d\udcf5-education-au-numerique-et-sante-mentale-un-projet-interclasse-au-lycee-vallon-bonnevaux\/\" \/>\n<meta property=\"og:locale\" content=\"fr_FR\" \/>\n<meta property=\"og:type\" content=\"article\" \/>\n<meta property=\"og:title\" content=\"\ud83d\udcf5 \u00c9ducation au num\u00e9rique et sant\u00e9 mentale : un projet interclasse au lyc\u00e9e Vallon Bonnevaux - VB Mag\" \/>\n<meta property=\"og:description\" content=\"\ud83d\udcf2 D\u00e9pendance aux smartphones : une r\u00e9flexion men\u00e9e par les \u00e9l\u00e8ves &nbsp; &nbsp; &nbsp; L\u2019usage excessif des \u00e9crans est une probl\u00e9matique majeure chez les adolescents. Entre [\u2026]\" \/>\n<meta property=\"og:url\" content=\"https:\/\/www.vallon-bonnevaux.fr\/vbmag\/\ud83d\udcf5-education-au-numerique-et-sante-mentale-un-projet-interclasse-au-lycee-vallon-bonnevaux\/\" \/>\n<meta property=\"og:site_name\" content=\"VB Mag\" \/>\n<meta property=\"article:publisher\" content=\"https:\/\/www.facebook.com\/lyceevallonbonnevaux\" \/>\n<meta property=\"article:published_time\" content=\"2025-02-19T15:23:34+00:00\" \/>\n<meta property=\"article:modified_time\" content=\"2025-02-19T16:13:26+00:00\" \/>\n<meta property=\"og:image\" content=\"https:\/\/www.vallon-bonnevaux.fr\/vbmag\/wp-content\/uploads\/2025\/02\/SanteSociale-NelaLylie.png\" \/>\n\t<meta property=\"og:image:width\" content=\"1024\" \/>\n\t<meta property=\"og:image:height\" content=\"1024\" \/>\n\t<meta property=\"og:image:type\" content=\"image\/png\" \/>\n<meta name=\"author\" content=\"VBCommunication\" \/>\n<meta name=\"twitter:card\" content=\"summary_large_image\" \/>\n<meta name=\"twitter:label1\" content=\"\u00c9crit par\" \/>\n\t<meta name=\"twitter:data1\" content=\"VBCommunication\" \/>\n\t<meta name=\"twitter:label2\" content=\"Dur\u00e9e de lecture estim\u00e9e\" \/>\n\t<meta name=\"twitter:data2\" content=\"4 minutes\" \/>\n<script type=\"application\/ld+json\" class=\"yoast-schema-graph\">{\"@context\":\"https:\/\/schema.org\",\"@graph\":[{\"@type\":\"Article\",\"@id\":\"https:\/\/www.vallon-bonnevaux.fr\/vbmag\/%f0%9f%93%b5-education-au-numerique-et-sante-mentale-un-projet-interclasse-au-lycee-vallon-bonnevaux\/#article\",\"isPartOf\":{\"@id\":\"https:\/\/www.vallon-bonnevaux.fr\/vbmag\/%f0%9f%93%b5-education-au-numerique-et-sante-mentale-un-projet-interclasse-au-lycee-vallon-bonnevaux\/\"},\"author\":{\"name\":\"VBCommunication\",\"@id\":\"https:\/\/www.vallon-bonnevaux.fr\/vbmag\/#\/schema\/person\/78d4bedf135508e9d2b8d343575fdd31\"},\"headline\":\"\ud83d\udcf5 \u00c9ducation au num\u00e9rique et sant\u00e9 mentale : un projet interclasse au lyc\u00e9e Vallon Bonnevaux\",\"datePublished\":\"2025-02-19T15:23:34+00:00\",\"dateModified\":\"2025-02-19T16:13:26+00:00\",\"mainEntityOfPage\":{\"@id\":\"https:\/\/www.vallon-bonnevaux.fr\/vbmag\/%f0%9f%93%b5-education-au-numerique-et-sante-mentale-un-projet-interclasse-au-lycee-vallon-bonnevaux\/\"},\"wordCount\":778,\"commentCount\":0,\"publisher\":{\"@id\":\"https:\/\/www.vallon-bonnevaux.fr\/vbmag\/#organization\"},\"articleSection\":[\"Actualit\u00e9s &amp; infos\",\"Formation &amp; P\u00e9dagogie\"],\"inLanguage\":\"fr-FR\",\"potentialAction\":[{\"@type\":\"CommentAction\",\"name\":\"Comment\",\"target\":[\"https:\/\/www.vallon-bonnevaux.fr\/vbmag\/%f0%9f%93%b5-education-au-numerique-et-sante-mentale-un-projet-interclasse-au-lycee-vallon-bonnevaux\/#respond\"]}]},{\"@type\":\"WebPage\",\"@id\":\"https:\/\/www.vallon-bonnevaux.fr\/vbmag\/%f0%9f%93%b5-education-au-numerique-et-sante-mentale-un-projet-interclasse-au-lycee-vallon-bonnevaux\/\",\"url\":\"https:\/\/www.vallon-bonnevaux.fr\/vbmag\/%f0%9f%93%b5-education-au-numerique-et-sante-mentale-un-projet-interclasse-au-lycee-vallon-bonnevaux\/\",\"name\":\"\ud83d\udcf5 \u00c9ducation au num\u00e9rique et sant\u00e9 mentale : un projet interclasse au lyc\u00e9e Vallon Bonnevaux - VB Mag\",\"isPartOf\":{\"@id\":\"https:\/\/www.vallon-bonnevaux.fr\/vbmag\/#website\"},\"datePublished\":\"2025-02-19T15:23:34+00:00\",\"dateModified\":\"2025-02-19T16:13:26+00:00\",\"breadcrumb\":{\"@id\":\"https:\/\/www.vallon-bonnevaux.fr\/vbmag\/%f0%9f%93%b5-education-au-numerique-et-sante-mentale-un-projet-interclasse-au-lycee-vallon-bonnevaux\/#breadcrumb\"},\"inLanguage\":\"fr-FR\",\"potentialAction\":[{\"@type\":\"ReadAction\",\"target\":[\"https:\/\/www.vallon-bonnevaux.fr\/vbmag\/%f0%9f%93%b5-education-au-numerique-et-sante-mentale-un-projet-interclasse-au-lycee-vallon-bonnevaux\/\"]}]},{\"@type\":\"BreadcrumbList\",\"@id\":\"https:\/\/www.vallon-bonnevaux.fr\/vbmag\/%f0%9f%93%b5-education-au-numerique-et-sante-mentale-un-projet-interclasse-au-lycee-vallon-bonnevaux\/#breadcrumb\",\"itemListElement\":[{\"@type\":\"ListItem\",\"position\":1,\"name\":\"Accueil\",\"item\":\"https:\/\/www.vallon-bonnevaux.fr\/vbmag\/\"},{\"@type\":\"ListItem\",\"position\":2,\"name\":\"\ud83d\udcf5 \u00c9ducation au num\u00e9rique et sant\u00e9 mentale : un projet interclasse au lyc\u00e9e Vallon Bonnevaux\"}]},{\"@type\":\"WebSite\",\"@id\":\"https:\/\/www.vallon-bonnevaux.fr\/vbmag\/#website\",\"url\":\"https:\/\/www.vallon-bonnevaux.fr\/vbmag\/\",\"name\":\"VBmag\",\"description\":\"\",\"publisher\":{\"@id\":\"https:\/\/www.vallon-bonnevaux.fr\/vbmag\/#organization\"},\"potentialAction\":[{\"@type\":\"SearchAction\",\"target\":{\"@type\":\"EntryPoint\",\"urlTemplate\":\"https:\/\/www.vallon-bonnevaux.fr\/vbmag\/?s={search_term_string}\"},\"query-input\":\"required name=search_term_string\"}],\"inLanguage\":\"fr-FR\"},{\"@type\":\"Organization\",\"@id\":\"https:\/\/www.vallon-bonnevaux.fr\/vbmag\/#organization\",\"name\":\"VBmag\",\"url\":\"https:\/\/www.vallon-bonnevaux.fr\/vbmag\/\",\"logo\":{\"@type\":\"ImageObject\",\"inLanguage\":\"fr-FR\",\"@id\":\"https:\/\/www.vallon-bonnevaux.fr\/vbmag\/#\/schema\/logo\/image\/\",\"url\":\"https:\/\/www.vallon-bonnevaux.fr\/vbmag\/wp-content\/uploads\/2023\/02\/Bonnevaux-logo-VBmag.png\",\"contentUrl\":\"https:\/\/www.vallon-bonnevaux.fr\/vbmag\/wp-content\/uploads\/2023\/02\/Bonnevaux-logo-VBmag.png\",\"width\":314,\"height\":143,\"caption\":\"VBmag\"},\"image\":{\"@id\":\"https:\/\/www.vallon-bonnevaux.fr\/vbmag\/#\/schema\/logo\/image\/\"},\"sameAs\":[\"https:\/\/www.facebook.com\/lyceevallonbonnevaux\",\"https:\/\/www.instagram.com\/lycee_vallon_bonnevaux\/\",\"https:\/\/www.linkedin.com\/company\/leap-le-vallon-les-bonnevaux\/?originalSubdomain=fr\"]},{\"@type\":\"Person\",\"@id\":\"https:\/\/www.vallon-bonnevaux.fr\/vbmag\/#\/schema\/person\/78d4bedf135508e9d2b8d343575fdd31\",\"name\":\"VBCommunication\",\"image\":{\"@type\":\"ImageObject\",\"inLanguage\":\"fr-FR\",\"@id\":\"https:\/\/www.vallon-bonnevaux.fr\/vbmag\/#\/schema\/person\/image\/\",\"url\":\"https:\/\/secure.gravatar.com\/avatar\/58fa64ce54dbedb7c6633693d600c884a245b0f97746903170fa62aae026cedc?s=96&d=mm&r=g\",\"contentUrl\":\"https:\/\/secure.gravatar.com\/avatar\/58fa64ce54dbedb7c6633693d600c884a245b0f97746903170fa62aae026cedc?s=96&d=mm&r=g\",\"caption\":\"VBCommunication\"},\"url\":\"https:\/\/www.vallon-bonnevaux.fr\/vbmag\/author\/vbcommunication\/\"}]}<\/script>\n<!-- \/ Yoast SEO plugin. -->","yoast_head_json":{"title":"\ud83d\udcf5 \u00c9ducation au num\u00e9rique et sant\u00e9 mentale : un projet interclasse au lyc\u00e9e Vallon Bonnevaux - VB Mag","robots":{"index":"index","follow":"follow","max-snippet":"max-snippet:-1","max-image-preview":"max-image-preview:large","max-video-preview":"max-video-preview:-1"},"canonical":"https:\/\/www.vallon-bonnevaux.fr\/vbmag\/\ud83d\udcf5-education-au-numerique-et-sante-mentale-un-projet-interclasse-au-lycee-vallon-bonnevaux\/","og_locale":"fr_FR","og_type":"article","og_title":"\ud83d\udcf5 \u00c9ducation au num\u00e9rique et sant\u00e9 mentale : un projet interclasse au lyc\u00e9e Vallon Bonnevaux - VB Mag","og_description":"\ud83d\udcf2 D\u00e9pendance aux smartphones : une r\u00e9flexion men\u00e9e par les \u00e9l\u00e8ves &nbsp; &nbsp; &nbsp; L\u2019usage excessif des \u00e9crans est une probl\u00e9matique majeure chez les adolescents. Entre [\u2026]","og_url":"https:\/\/www.vallon-bonnevaux.fr\/vbmag\/\ud83d\udcf5-education-au-numerique-et-sante-mentale-un-projet-interclasse-au-lycee-vallon-bonnevaux\/","og_site_name":"VB Mag","article_publisher":"https:\/\/www.facebook.com\/lyceevallonbonnevaux","article_published_time":"2025-02-19T15:23:34+00:00","article_modified_time":"2025-02-19T16:13:26+00:00","og_image":[{"width":1024,"height":1024,"url":"https:\/\/www.vallon-bonnevaux.fr\/vbmag\/wp-content\/uploads\/2025\/02\/SanteSociale-NelaLylie.png","type":"image\/png"}],"author":"VBCommunication","twitter_card":"summary_large_image","twitter_misc":{"\u00c9crit par":"VBCommunication","Dur\u00e9e de lecture estim\u00e9e":"4 minutes"},"schema":{"@context":"https:\/\/schema.org","@graph":[{"@type":"Article","@id":"https:\/\/www.vallon-bonnevaux.fr\/vbmag\/%f0%9f%93%b5-education-au-numerique-et-sante-mentale-un-projet-interclasse-au-lycee-vallon-bonnevaux\/#article","isPartOf":{"@id":"https:\/\/www.vallon-bonnevaux.fr\/vbmag\/%f0%9f%93%b5-education-au-numerique-et-sante-mentale-un-projet-interclasse-au-lycee-vallon-bonnevaux\/"},"author":{"name":"VBCommunication","@id":"https:\/\/www.vallon-bonnevaux.fr\/vbmag\/#\/schema\/person\/78d4bedf135508e9d2b8d343575fdd31"},"headline":"\ud83d\udcf5 \u00c9ducation au num\u00e9rique et sant\u00e9 mentale : un projet interclasse au lyc\u00e9e Vallon Bonnevaux","datePublished":"2025-02-19T15:23:34+00:00","dateModified":"2025-02-19T16:13:26+00:00","mainEntityOfPage":{"@id":"https:\/\/www.vallon-bonnevaux.fr\/vbmag\/%f0%9f%93%b5-education-au-numerique-et-sante-mentale-un-projet-interclasse-au-lycee-vallon-bonnevaux\/"},"wordCount":778,"commentCount":0,"publisher":{"@id":"https:\/\/www.vallon-bonnevaux.fr\/vbmag\/#organization"},"articleSection":["Actualit\u00e9s &amp; infos","Formation &amp; P\u00e9dagogie"],"inLanguage":"fr-FR","potentialAction":[{"@type":"CommentAction","name":"Comment","target":["https:\/\/www.vallon-bonnevaux.fr\/vbmag\/%f0%9f%93%b5-education-au-numerique-et-sante-mentale-un-projet-interclasse-au-lycee-vallon-bonnevaux\/#respond"]}]},{"@type":"WebPage","@id":"https:\/\/www.vallon-bonnevaux.fr\/vbmag\/%f0%9f%93%b5-education-au-numerique-et-sante-mentale-un-projet-interclasse-au-lycee-vallon-bonnevaux\/","url":"https:\/\/www.vallon-bonnevaux.fr\/vbmag\/%f0%9f%93%b5-education-au-numerique-et-sante-mentale-un-projet-interclasse-au-lycee-vallon-bonnevaux\/","name":"\ud83d\udcf5 \u00c9ducation au num\u00e9rique et sant\u00e9 mentale : un projet interclasse au lyc\u00e9e Vallon Bonnevaux - VB Mag","isPartOf":{"@id":"https:\/\/www.vallon-bonnevaux.fr\/vbmag\/#website"},"datePublished":"2025-02-19T15:23:34+00:00","dateModified":"2025-02-19T16:13:26+00:00","breadcrumb":{"@id":"https:\/\/www.vallon-bonnevaux.fr\/vbmag\/%f0%9f%93%b5-education-au-numerique-et-sante-mentale-un-projet-interclasse-au-lycee-vallon-bonnevaux\/#breadcrumb"},"inLanguage":"fr-FR","potentialAction":[{"@type":"ReadAction","target":["https:\/\/www.vallon-bonnevaux.fr\/vbmag\/%f0%9f%93%b5-education-au-numerique-et-sante-mentale-un-projet-interclasse-au-lycee-vallon-bonnevaux\/"]}]},{"@type":"BreadcrumbList","@id":"https:\/\/www.vallon-bonnevaux.fr\/vbmag\/%f0%9f%93%b5-education-au-numerique-et-sante-mentale-un-projet-interclasse-au-lycee-vallon-bonnevaux\/#breadcrumb","itemListElement":[{"@type":"ListItem","position":1,"name":"Accueil","item":"https:\/\/www.vallon-bonnevaux.fr\/vbmag\/"},{"@type":"ListItem","position":2,"name":"\ud83d\udcf5 \u00c9ducation au num\u00e9rique et sant\u00e9 mentale : un projet interclasse au lyc\u00e9e Vallon Bonnevaux"}]},{"@type":"WebSite","@id":"https:\/\/www.vallon-bonnevaux.fr\/vbmag\/#website","url":"https:\/\/www.vallon-bonnevaux.fr\/vbmag\/","name":"VBmag","description":"","publisher":{"@id":"https:\/\/www.vallon-bonnevaux.fr\/vbmag\/#organization"},"potentialAction":[{"@type":"SearchAction","target":{"@type":"EntryPoint","urlTemplate":"https:\/\/www.vallon-bonnevaux.fr\/vbmag\/?s={search_term_string}"},"query-input":"required name=search_term_string"}],"inLanguage":"fr-FR"},{"@type":"Organization","@id":"https:\/\/www.vallon-bonnevaux.fr\/vbmag\/#organization","name":"VBmag","url":"https:\/\/www.vallon-bonnevaux.fr\/vbmag\/","logo":{"@type":"ImageObject","inLanguage":"fr-FR","@id":"https:\/\/www.vallon-bonnevaux.fr\/vbmag\/#\/schema\/logo\/image\/","url":"https:\/\/www.vallon-bonnevaux.fr\/vbmag\/wp-content\/uploads\/2023\/02\/Bonnevaux-logo-VBmag.png","contentUrl":"https:\/\/www.vallon-bonnevaux.fr\/vbmag\/wp-content\/uploads\/2023\/02\/Bonnevaux-logo-VBmag.png","width":314,"height":143,"caption":"VBmag"},"image":{"@id":"https:\/\/www.vallon-bonnevaux.fr\/vbmag\/#\/schema\/logo\/image\/"},"sameAs":["https:\/\/www.facebook.com\/lyceevallonbonnevaux","https:\/\/www.instagram.com\/lycee_vallon_bonnevaux\/","https:\/\/www.linkedin.com\/company\/leap-le-vallon-les-bonnevaux\/?originalSubdomain=fr"]},{"@type":"Person","@id":"https:\/\/www.vallon-bonnevaux.fr\/vbmag\/#\/schema\/person\/78d4bedf135508e9d2b8d343575fdd31","name":"VBCommunication","image":{"@type":"ImageObject","inLanguage":"fr-FR","@id":"https:\/\/www.vallon-bonnevaux.fr\/vbmag\/#\/schema\/person\/image\/","url":"https:\/\/secure.gravatar.com\/avatar\/58fa64ce54dbedb7c6633693d600c884a245b0f97746903170fa62aae026cedc?s=96&d=mm&r=g","contentUrl":"https:\/\/secure.gravatar.com\/avatar\/58fa64ce54dbedb7c6633693d600c884a245b0f97746903170fa62aae026cedc?s=96&d=mm&r=g","caption":"VBCommunication"},"url":"https:\/\/www.vallon-bonnevaux.fr\/vbmag\/author\/vbcommunication\/"}]}},"_links":{"self":[{"href":"https:\/\/www.vallon-bonnevaux.fr\/vbmag\/wp-json\/wp\/v2\/posts\/2551","targetHints":{"allow":["GET"]}}],"collection":[{"href":"https:\/\/www.vallon-bonnevaux.fr\/vbmag\/wp-json\/wp\/v2\/posts"}],"about":[{"href":"https:\/\/www.vallon-bonnevaux.fr\/vbmag\/wp-json\/wp\/v2\/types\/post"}],"author":[{"embeddable":true,"href":"https:\/\/www.vallon-bonnevaux.fr\/vbmag\/wp-json\/wp\/v2\/users\/2"}],"replies":[{"embeddable":true,"href":"https:\/\/www.vallon-bonnevaux.fr\/vbmag\/wp-json\/wp\/v2\/comments?post=2551"}],"version-history":[{"count":6,"href":"https:\/\/www.vallon-bonnevaux.fr\/vbmag\/wp-json\/wp\/v2\/posts\/2551\/revisions"}],"predecessor-version":[{"id":2561,"href":"https:\/\/www.vallon-bonnevaux.fr\/vbmag\/wp-json\/wp\/v2\/posts\/2551\/revisions\/2561"}],"wp:featuredmedia":[{"embeddable":true,"href":"https:\/\/www.vallon-bonnevaux.fr\/vbmag\/wp-json\/wp\/v2\/media\/2542"}],"wp:attachment":[{"href":"https:\/\/www.vallon-bonnevaux.fr\/vbmag\/wp-json\/wp\/v2\/media?parent=2551"}],"wp:term":[{"taxonomy":"category","embeddable":true,"href":"https:\/\/www.vallon-bonnevaux.fr\/vbmag\/wp-json\/wp\/v2\/categories?post=2551"},{"taxonomy":"post_tag","embeddable":true,"href":"https:\/\/www.vallon-bonnevaux.fr\/vbmag\/wp-json\/wp\/v2\/tags?post=2551"}],"curies":[{"name":"wp","href":"https:\/\/api.w.org\/{rel}","templated":true}]}}