{"id":2567,"date":"2025-02-20T08:50:21","date_gmt":"2025-02-20T07:50:21","guid":{"rendered":"https:\/\/www.vallon-bonnevaux.fr\/vbmag\/?p=2567"},"modified":"2025-02-20T09:18:48","modified_gmt":"2025-02-20T08:18:48","slug":"%e2%9c%a8-retour-sur-nos-mini-stages-decouverte-%e2%9c%a8","status":"publish","type":"post","link":"https:\/\/www.vallon-bonnevaux.fr\/vbmag\/%e2%9c%a8-retour-sur-nos-mini-stages-decouverte-%e2%9c%a8\/","title":{"rendered":"\u2728 Retour sur nos mini-stages d\u00e9couverte \u2728"},"content":{"rendered":"<p><img loading=\"lazy\" decoding=\"async\" class=\"size-medium wp-image-2564 alignleft\" src=\"https:\/\/www.vallon-bonnevaux.fr\/vbmag\/wp-content\/uploads\/2025\/02\/MINI-STAGE-1-225x300.jpg\" alt=\"\" width=\"225\" height=\"300\" srcset=\"https:\/\/www.vallon-bonnevaux.fr\/vbmag\/wp-content\/uploads\/2025\/02\/MINI-STAGE-1-225x300.jpg 225w, https:\/\/www.vallon-bonnevaux.fr\/vbmag\/wp-content\/uploads\/2025\/02\/MINI-STAGE-1-768x1024.jpg 768w, https:\/\/www.vallon-bonnevaux.fr\/vbmag\/wp-content\/uploads\/2025\/02\/MINI-STAGE-1-1152x1536.jpg 1152w, https:\/\/www.vallon-bonnevaux.fr\/vbmag\/wp-content\/uploads\/2025\/02\/MINI-STAGE-1-1536x2048.jpg 1536w, https:\/\/www.vallon-bonnevaux.fr\/vbmag\/wp-content\/uploads\/2025\/02\/MINI-STAGE-1-110x146.jpg 110w, https:\/\/www.vallon-bonnevaux.fr\/vbmag\/wp-content\/uploads\/2025\/02\/MINI-STAGE-1-38x50.jpg 38w, https:\/\/www.vallon-bonnevaux.fr\/vbmag\/wp-content\/uploads\/2025\/02\/MINI-STAGE-1-56x75.jpg 56w, https:\/\/www.vallon-bonnevaux.fr\/vbmag\/wp-content\/uploads\/2025\/02\/MINI-STAGE-1.jpg 1920w\" sizes=\"auto, (max-width: 225px) 100vw, 225px\" \/><img loading=\"lazy\" decoding=\"async\" class=\"size-medium wp-image-2565 alignleft\" src=\"https:\/\/www.vallon-bonnevaux.fr\/vbmag\/wp-content\/uploads\/2025\/02\/MINI-STAGE-2-225x300.jpg\" alt=\"\" width=\"225\" height=\"300\" srcset=\"https:\/\/www.vallon-bonnevaux.fr\/vbmag\/wp-content\/uploads\/2025\/02\/MINI-STAGE-2-225x300.jpg 225w, https:\/\/www.vallon-bonnevaux.fr\/vbmag\/wp-content\/uploads\/2025\/02\/MINI-STAGE-2-768x1024.jpg 768w, https:\/\/www.vallon-bonnevaux.fr\/vbmag\/wp-content\/uploads\/2025\/02\/MINI-STAGE-2-1152x1536.jpg 1152w, https:\/\/www.vallon-bonnevaux.fr\/vbmag\/wp-content\/uploads\/2025\/02\/MINI-STAGE-2-1536x2048.jpg 1536w, https:\/\/www.vallon-bonnevaux.fr\/vbmag\/wp-content\/uploads\/2025\/02\/MINI-STAGE-2-110x146.jpg 110w, https:\/\/www.vallon-bonnevaux.fr\/vbmag\/wp-content\/uploads\/2025\/02\/MINI-STAGE-2-38x50.jpg 38w, https:\/\/www.vallon-bonnevaux.fr\/vbmag\/wp-content\/uploads\/2025\/02\/MINI-STAGE-2-56x75.jpg 56w, https:\/\/www.vallon-bonnevaux.fr\/vbmag\/wp-content\/uploads\/2025\/02\/MINI-STAGE-2-scaled.jpg 1920w\" sizes=\"auto, (max-width: 225px) 100vw, 225px\" \/>Depuis plusieurs semaines, notre lyc\u00e9e accueille des \u00e9l\u00e8ves de 3\u1d49 des coll\u00e8ges avoisinant pour un mercredi matin immersif au c\u0153ur de nos formations.<\/p>\n<p>Cette semaine, c&rsquo;\u00e9tait <strong>petite enfance<\/strong> et <strong>services aux personnes<\/strong>. \ud83c\udf93\ud83d\udc76\ud83c\udf7d<\/p>\n<p><strong>Au programme de cette matin\u00e9es<\/strong> : <strong>Atelier restauration<\/strong> : pr\u00e9paration de d\u00e9licieuses cr\u00eapes tout en d\u00e9couvrant l\u2019organisation des cours de restauration, les r\u00e8gles d\u2019hygi\u00e8ne \u00e0 respecter et l\u2019importance du lavage des mains. <strong>Atelier soins \u00e0 la petite enfance<\/strong> : initiation aux gestes professionnels pour r\u00e9aliser le bain du nourrisson et apprendre les bases du bien-\u00eatre des tout-petits. <strong>Atelier animation<\/strong> : cr\u00e9ation d\u2019une fiche d\u2019animation pour comprendre qu\u2019une activit\u00e9 se pr\u00e9pare, r\u00e9pond \u00e0 des objectifs pr\u00e9cis et doit \u00eatre r\u00e9alis\u00e9e avant de la proposer aux enfants pour pouvoir la r\u00e9ajuster si besoin.<\/p>\n<p>Ces <strong>mini-stages<\/strong>, offrent un cadre <strong>convivial et enrichissant<\/strong> pour \u00e9changer avec nos enseignants et d\u00e9couvrir, entre autres, nos <strong>formations de CAP Services Aux Personnes et Vente en Espace Rural et Bac Pro Services Aux Personnes et Animation dans les Territoires<\/strong>.<\/p>\n<p>\ud83d\udc40 <strong>Envie de nous rejoindre ?<\/strong><\/p>\n<p>\ud83d\udcc6 <strong>Prochaines dates \u00e0 ne pas manquer<\/strong> : \ud83d\udc49 <strong>Mini-stages : inscriptions ouvertes !<\/strong> \ud83d\udc49 <strong>Journ\u00e9es d&rsquo;Orientation et d&rsquo;Information : 21 et 22 mars 2025 <\/strong><\/p>\n<p>\ud83d\udce9 <strong>Inscrivez-vous d\u00e8s maintenant! Venez d\u00e9couvrir notre lyc\u00e9e et nos plateaux techniques !<\/strong><\/p>\n<p><a class=\"yammer-object yj-notification-item--link\" href=\"https:\/\/www.yammer.com\/vallonbonnevaux\/#\/Threads\/Search?search=%23ministage&amp;hashtag_id=115174907904\" data-yammer-object=\"tag:115174907904\" data-resource-id=\"115174907904\" data-resource-model=\"tag\">#MiniStage<\/a> <a class=\"yammer-object yj-notification-item--link\" href=\"https:\/\/www.yammer.com\/vallonbonnevaux\/#\/Threads\/Search?search=%23d%C3%A9couvertem%C3%A9tiers&amp;hashtag_id=115174916096\" data-yammer-object=\"tag:115174916096\" data-resource-id=\"115174916096\" data-resource-model=\"tag\">#D\u00e9couverteM\u00e9tiers<\/a> <a class=\"yammer-object yj-notification-item--link\" href=\"https:\/\/www.yammer.com\/vallonbonnevaux\/#\/Threads\/Search?search=%23petiteenfance&amp;hashtag_id=115174924288\" data-yammer-object=\"tag:115174924288\" data-resource-id=\"115174924288\" data-resource-model=\"tag\">#PetiteEnfance<\/a> <a class=\"yammer-object yj-notification-item--link\" href=\"https:\/\/www.yammer.com\/vallonbonnevaux\/#\/Threads\/Search?search=%23servicesauxpersonnes&amp;hashtag_id=115174932480\" data-yammer-object=\"tag:115174932480\" data-resource-id=\"115174932480\" data-resource-model=\"tag\">#ServicesAuxPersonnes<\/a> <a class=\"yammer-object yj-notification-item--link\" href=\"https:\/\/www.yammer.com\/vallonbonnevaux\/#\/Threads\/Search?search=%23capsapver&amp;hashtag_id=112599080960\" data-yammer-object=\"tag:112599080960\" data-resource-id=\"112599080960\" data-resource-model=\"tag\">#CAPSAPVER<\/a> <a class=\"yammer-object yj-notification-item--link\" href=\"https:\/\/www.yammer.com\/vallonbonnevaux\/#\/Threads\/Search?search=%23bacprosapat&amp;hashtag_id=115174940672\" data-yammer-object=\"tag:115174940672\" data-resource-id=\"115174940672\" data-resource-model=\"tag\">#BacProSAPAT<\/a> <a class=\"yammer-object yj-notification-item--link\" href=\"https:\/\/www.yammer.com\/vallonbonnevaux\/#\/Threads\/Search?search=%23orientation&amp;hashtag_id=103612391424\" data-yammer-object=\"tag:103612391424\" data-resource-id=\"103612391424\" data-resource-model=\"tag\">#Orientation<\/a> <a class=\"yammer-object yj-notification-item--link\" href=\"https:\/\/www.yammer.com\/vallonbonnevaux\/#\/Threads\/Search?search=%23lyc%C3%A9eprofessionnel&amp;hashtag_id=115174948864\" data-yammer-object=\"tag:115174948864\" data-resource-id=\"115174948864\" data-resource-model=\"tag\">#Lyc\u00e9eProfessionnel<\/a><\/p>\n<p><button class=\"y-clickable\" type=\"button\"><span class=\"y-fakeLink\"><span aria-hidden=\"true\">\u2039 <\/span>r\u00e9duire<\/span><\/button><\/p>\n","protected":false},"excerpt":{"rendered":"<p>Depuis plusieurs semaines, notre lyc\u00e9e accueille des \u00e9l\u00e8ves de 3\u1d49 des coll\u00e8ges avoisinant pour un mercredi matin immersif au c\u0153ur de nos formations. Cette semaine, c&rsquo;\u00e9tait<span class=\"excerpt-hellip\"> [\u2026]<\/span><\/p>\n","protected":false},"author":2,"featured_media":2564,"comment_status":"open","ping_status":"open","sticky":false,"template":"","format":"standard","meta":{"_mi_skip_tracking":false,"_monsterinsights_sitenote_active":false,"_monsterinsights_sitenote_note":"","_monsterinsights_sitenote_category":0,"footnotes":""},"categories":[3],"tags":[],"class_list":["post-2567","post","type-post","status-publish","format-standard","has-post-thumbnail","hentry","category-formation-pedagogie"],"yoast_head":"<!-- This site is optimized with the Yoast SEO plugin v20.8 - https:\/\/yoast.com\/wordpress\/plugins\/seo\/ -->\n<title>\u2728 Retour sur nos mini-stages d\u00e9couverte \u2728 - VB Mag<\/title>\n<meta name=\"robots\" content=\"index, follow, max-snippet:-1, max-image-preview:large, max-video-preview:-1\" \/>\n<link rel=\"canonical\" href=\"https:\/\/www.vallon-bonnevaux.fr\/vbmag\/\u2728-retour-sur-nos-mini-stages-decouverte-\u2728\/\" \/>\n<meta property=\"og:locale\" content=\"fr_FR\" \/>\n<meta property=\"og:type\" content=\"article\" \/>\n<meta property=\"og:title\" content=\"\u2728 Retour sur nos mini-stages d\u00e9couverte \u2728 - VB Mag\" \/>\n<meta property=\"og:description\" content=\"Depuis plusieurs semaines, notre lyc\u00e9e accueille des \u00e9l\u00e8ves de 3\u1d49 des coll\u00e8ges avoisinant pour un mercredi matin immersif au c\u0153ur de nos formations. Cette semaine, c&rsquo;\u00e9tait [\u2026]\" \/>\n<meta property=\"og:url\" content=\"https:\/\/www.vallon-bonnevaux.fr\/vbmag\/\u2728-retour-sur-nos-mini-stages-decouverte-\u2728\/\" \/>\n<meta property=\"og:site_name\" content=\"VB Mag\" \/>\n<meta property=\"article:publisher\" content=\"https:\/\/www.facebook.com\/lyceevallonbonnevaux\" \/>\n<meta property=\"article:published_time\" content=\"2025-02-20T07:50:21+00:00\" \/>\n<meta property=\"article:modified_time\" content=\"2025-02-20T08:18:48+00:00\" \/>\n<meta property=\"og:image\" content=\"https:\/\/www.vallon-bonnevaux.fr\/vbmag\/wp-content\/uploads\/2025\/02\/MINI-STAGE-1.jpg\" \/>\n\t<meta property=\"og:image:width\" content=\"1920\" \/>\n\t<meta property=\"og:image:height\" content=\"2560\" \/>\n\t<meta property=\"og:image:type\" content=\"image\/jpeg\" \/>\n<meta name=\"author\" content=\"VBCommunication\" \/>\n<meta name=\"twitter:card\" content=\"summary_large_image\" \/>\n<meta name=\"twitter:label1\" content=\"\u00c9crit par\" \/>\n\t<meta name=\"twitter:data1\" content=\"VBCommunication\" \/>\n\t<meta name=\"twitter:label2\" content=\"Dur\u00e9e de lecture estim\u00e9e\" \/>\n\t<meta name=\"twitter:data2\" content=\"2 minutes\" \/>\n<script type=\"application\/ld+json\" class=\"yoast-schema-graph\">{\"@context\":\"https:\/\/schema.org\",\"@graph\":[{\"@type\":\"Article\",\"@id\":\"https:\/\/www.vallon-bonnevaux.fr\/vbmag\/%e2%9c%a8-retour-sur-nos-mini-stages-decouverte-%e2%9c%a8\/#article\",\"isPartOf\":{\"@id\":\"https:\/\/www.vallon-bonnevaux.fr\/vbmag\/%e2%9c%a8-retour-sur-nos-mini-stages-decouverte-%e2%9c%a8\/\"},\"author\":{\"name\":\"VBCommunication\",\"@id\":\"https:\/\/www.vallon-bonnevaux.fr\/vbmag\/#\/schema\/person\/78d4bedf135508e9d2b8d343575fdd31\"},\"headline\":\"\u2728 Retour sur nos mini-stages d\u00e9couverte \u2728\",\"datePublished\":\"2025-02-20T07:50:21+00:00\",\"dateModified\":\"2025-02-20T08:18:48+00:00\",\"mainEntityOfPage\":{\"@id\":\"https:\/\/www.vallon-bonnevaux.fr\/vbmag\/%e2%9c%a8-retour-sur-nos-mini-stages-decouverte-%e2%9c%a8\/\"},\"wordCount\":237,\"commentCount\":0,\"publisher\":{\"@id\":\"https:\/\/www.vallon-bonnevaux.fr\/vbmag\/#organization\"},\"articleSection\":[\"Formation &amp; P\u00e9dagogie\"],\"inLanguage\":\"fr-FR\",\"potentialAction\":[{\"@type\":\"CommentAction\",\"name\":\"Comment\",\"target\":[\"https:\/\/www.vallon-bonnevaux.fr\/vbmag\/%e2%9c%a8-retour-sur-nos-mini-stages-decouverte-%e2%9c%a8\/#respond\"]}]},{\"@type\":\"WebPage\",\"@id\":\"https:\/\/www.vallon-bonnevaux.fr\/vbmag\/%e2%9c%a8-retour-sur-nos-mini-stages-decouverte-%e2%9c%a8\/\",\"url\":\"https:\/\/www.vallon-bonnevaux.fr\/vbmag\/%e2%9c%a8-retour-sur-nos-mini-stages-decouverte-%e2%9c%a8\/\",\"name\":\"\u2728 Retour sur nos mini-stages d\u00e9couverte \u2728 - VB Mag\",\"isPartOf\":{\"@id\":\"https:\/\/www.vallon-bonnevaux.fr\/vbmag\/#website\"},\"datePublished\":\"2025-02-20T07:50:21+00:00\",\"dateModified\":\"2025-02-20T08:18:48+00:00\",\"breadcrumb\":{\"@id\":\"https:\/\/www.vallon-bonnevaux.fr\/vbmag\/%e2%9c%a8-retour-sur-nos-mini-stages-decouverte-%e2%9c%a8\/#breadcrumb\"},\"inLanguage\":\"fr-FR\",\"potentialAction\":[{\"@type\":\"ReadAction\",\"target\":[\"https:\/\/www.vallon-bonnevaux.fr\/vbmag\/%e2%9c%a8-retour-sur-nos-mini-stages-decouverte-%e2%9c%a8\/\"]}]},{\"@type\":\"BreadcrumbList\",\"@id\":\"https:\/\/www.vallon-bonnevaux.fr\/vbmag\/%e2%9c%a8-retour-sur-nos-mini-stages-decouverte-%e2%9c%a8\/#breadcrumb\",\"itemListElement\":[{\"@type\":\"ListItem\",\"position\":1,\"name\":\"Accueil\",\"item\":\"https:\/\/www.vallon-bonnevaux.fr\/vbmag\/\"},{\"@type\":\"ListItem\",\"position\":2,\"name\":\"\u2728 Retour sur nos mini-stages d\u00e9couverte \u2728\"}]},{\"@type\":\"WebSite\",\"@id\":\"https:\/\/www.vallon-bonnevaux.fr\/vbmag\/#website\",\"url\":\"https:\/\/www.vallon-bonnevaux.fr\/vbmag\/\",\"name\":\"VBmag\",\"description\":\"\",\"publisher\":{\"@id\":\"https:\/\/www.vallon-bonnevaux.fr\/vbmag\/#organization\"},\"potentialAction\":[{\"@type\":\"SearchAction\",\"target\":{\"@type\":\"EntryPoint\",\"urlTemplate\":\"https:\/\/www.vallon-bonnevaux.fr\/vbmag\/?s={search_term_string}\"},\"query-input\":\"required name=search_term_string\"}],\"inLanguage\":\"fr-FR\"},{\"@type\":\"Organization\",\"@id\":\"https:\/\/www.vallon-bonnevaux.fr\/vbmag\/#organization\",\"name\":\"VBmag\",\"url\":\"https:\/\/www.vallon-bonnevaux.fr\/vbmag\/\",\"logo\":{\"@type\":\"ImageObject\",\"inLanguage\":\"fr-FR\",\"@id\":\"https:\/\/www.vallon-bonnevaux.fr\/vbmag\/#\/schema\/logo\/image\/\",\"url\":\"https:\/\/www.vallon-bonnevaux.fr\/vbmag\/wp-content\/uploads\/2023\/02\/Bonnevaux-logo-VBmag.png\",\"contentUrl\":\"https:\/\/www.vallon-bonnevaux.fr\/vbmag\/wp-content\/uploads\/2023\/02\/Bonnevaux-logo-VBmag.png\",\"width\":314,\"height\":143,\"caption\":\"VBmag\"},\"image\":{\"@id\":\"https:\/\/www.vallon-bonnevaux.fr\/vbmag\/#\/schema\/logo\/image\/\"},\"sameAs\":[\"https:\/\/www.facebook.com\/lyceevallonbonnevaux\",\"https:\/\/www.instagram.com\/lycee_vallon_bonnevaux\/\",\"https:\/\/www.linkedin.com\/company\/leap-le-vallon-les-bonnevaux\/?originalSubdomain=fr\"]},{\"@type\":\"Person\",\"@id\":\"https:\/\/www.vallon-bonnevaux.fr\/vbmag\/#\/schema\/person\/78d4bedf135508e9d2b8d343575fdd31\",\"name\":\"VBCommunication\",\"image\":{\"@type\":\"ImageObject\",\"inLanguage\":\"fr-FR\",\"@id\":\"https:\/\/www.vallon-bonnevaux.fr\/vbmag\/#\/schema\/person\/image\/\",\"url\":\"https:\/\/secure.gravatar.com\/avatar\/58fa64ce54dbedb7c6633693d600c884a245b0f97746903170fa62aae026cedc?s=96&d=mm&r=g\",\"contentUrl\":\"https:\/\/secure.gravatar.com\/avatar\/58fa64ce54dbedb7c6633693d600c884a245b0f97746903170fa62aae026cedc?s=96&d=mm&r=g\",\"caption\":\"VBCommunication\"},\"url\":\"https:\/\/www.vallon-bonnevaux.fr\/vbmag\/author\/vbcommunication\/\"}]}<\/script>\n<!-- \/ Yoast SEO plugin. -->","yoast_head_json":{"title":"\u2728 Retour sur nos mini-stages d\u00e9couverte \u2728 - VB Mag","robots":{"index":"index","follow":"follow","max-snippet":"max-snippet:-1","max-image-preview":"max-image-preview:large","max-video-preview":"max-video-preview:-1"},"canonical":"https:\/\/www.vallon-bonnevaux.fr\/vbmag\/\u2728-retour-sur-nos-mini-stages-decouverte-\u2728\/","og_locale":"fr_FR","og_type":"article","og_title":"\u2728 Retour sur nos mini-stages d\u00e9couverte \u2728 - VB Mag","og_description":"Depuis plusieurs semaines, notre lyc\u00e9e accueille des \u00e9l\u00e8ves de 3\u1d49 des coll\u00e8ges avoisinant pour un mercredi matin immersif au c\u0153ur de nos formations. Cette semaine, c&rsquo;\u00e9tait [\u2026]","og_url":"https:\/\/www.vallon-bonnevaux.fr\/vbmag\/\u2728-retour-sur-nos-mini-stages-decouverte-\u2728\/","og_site_name":"VB Mag","article_publisher":"https:\/\/www.facebook.com\/lyceevallonbonnevaux","article_published_time":"2025-02-20T07:50:21+00:00","article_modified_time":"2025-02-20T08:18:48+00:00","og_image":[{"width":1920,"height":2560,"url":"https:\/\/www.vallon-bonnevaux.fr\/vbmag\/wp-content\/uploads\/2025\/02\/MINI-STAGE-1.jpg","type":"image\/jpeg"}],"author":"VBCommunication","twitter_card":"summary_large_image","twitter_misc":{"\u00c9crit par":"VBCommunication","Dur\u00e9e de lecture estim\u00e9e":"2 minutes"},"schema":{"@context":"https:\/\/schema.org","@graph":[{"@type":"Article","@id":"https:\/\/www.vallon-bonnevaux.fr\/vbmag\/%e2%9c%a8-retour-sur-nos-mini-stages-decouverte-%e2%9c%a8\/#article","isPartOf":{"@id":"https:\/\/www.vallon-bonnevaux.fr\/vbmag\/%e2%9c%a8-retour-sur-nos-mini-stages-decouverte-%e2%9c%a8\/"},"author":{"name":"VBCommunication","@id":"https:\/\/www.vallon-bonnevaux.fr\/vbmag\/#\/schema\/person\/78d4bedf135508e9d2b8d343575fdd31"},"headline":"\u2728 Retour sur nos mini-stages d\u00e9couverte \u2728","datePublished":"2025-02-20T07:50:21+00:00","dateModified":"2025-02-20T08:18:48+00:00","mainEntityOfPage":{"@id":"https:\/\/www.vallon-bonnevaux.fr\/vbmag\/%e2%9c%a8-retour-sur-nos-mini-stages-decouverte-%e2%9c%a8\/"},"wordCount":237,"commentCount":0,"publisher":{"@id":"https:\/\/www.vallon-bonnevaux.fr\/vbmag\/#organization"},"articleSection":["Formation &amp; P\u00e9dagogie"],"inLanguage":"fr-FR","potentialAction":[{"@type":"CommentAction","name":"Comment","target":["https:\/\/www.vallon-bonnevaux.fr\/vbmag\/%e2%9c%a8-retour-sur-nos-mini-stages-decouverte-%e2%9c%a8\/#respond"]}]},{"@type":"WebPage","@id":"https:\/\/www.vallon-bonnevaux.fr\/vbmag\/%e2%9c%a8-retour-sur-nos-mini-stages-decouverte-%e2%9c%a8\/","url":"https:\/\/www.vallon-bonnevaux.fr\/vbmag\/%e2%9c%a8-retour-sur-nos-mini-stages-decouverte-%e2%9c%a8\/","name":"\u2728 Retour sur nos mini-stages d\u00e9couverte \u2728 - VB Mag","isPartOf":{"@id":"https:\/\/www.vallon-bonnevaux.fr\/vbmag\/#website"},"datePublished":"2025-02-20T07:50:21+00:00","dateModified":"2025-02-20T08:18:48+00:00","breadcrumb":{"@id":"https:\/\/www.vallon-bonnevaux.fr\/vbmag\/%e2%9c%a8-retour-sur-nos-mini-stages-decouverte-%e2%9c%a8\/#breadcrumb"},"inLanguage":"fr-FR","potentialAction":[{"@type":"ReadAction","target":["https:\/\/www.vallon-bonnevaux.fr\/vbmag\/%e2%9c%a8-retour-sur-nos-mini-stages-decouverte-%e2%9c%a8\/"]}]},{"@type":"BreadcrumbList","@id":"https:\/\/www.vallon-bonnevaux.fr\/vbmag\/%e2%9c%a8-retour-sur-nos-mini-stages-decouverte-%e2%9c%a8\/#breadcrumb","itemListElement":[{"@type":"ListItem","position":1,"name":"Accueil","item":"https:\/\/www.vallon-bonnevaux.fr\/vbmag\/"},{"@type":"ListItem","position":2,"name":"\u2728 Retour sur nos mini-stages d\u00e9couverte \u2728"}]},{"@type":"WebSite","@id":"https:\/\/www.vallon-bonnevaux.fr\/vbmag\/#website","url":"https:\/\/www.vallon-bonnevaux.fr\/vbmag\/","name":"VBmag","description":"","publisher":{"@id":"https:\/\/www.vallon-bonnevaux.fr\/vbmag\/#organization"},"potentialAction":[{"@type":"SearchAction","target":{"@type":"EntryPoint","urlTemplate":"https:\/\/www.vallon-bonnevaux.fr\/vbmag\/?s={search_term_string}"},"query-input":"required name=search_term_string"}],"inLanguage":"fr-FR"},{"@type":"Organization","@id":"https:\/\/www.vallon-bonnevaux.fr\/vbmag\/#organization","name":"VBmag","url":"https:\/\/www.vallon-bonnevaux.fr\/vbmag\/","logo":{"@type":"ImageObject","inLanguage":"fr-FR","@id":"https:\/\/www.vallon-bonnevaux.fr\/vbmag\/#\/schema\/logo\/image\/","url":"https:\/\/www.vallon-bonnevaux.fr\/vbmag\/wp-content\/uploads\/2023\/02\/Bonnevaux-logo-VBmag.png","contentUrl":"https:\/\/www.vallon-bonnevaux.fr\/vbmag\/wp-content\/uploads\/2023\/02\/Bonnevaux-logo-VBmag.png","width":314,"height":143,"caption":"VBmag"},"image":{"@id":"https:\/\/www.vallon-bonnevaux.fr\/vbmag\/#\/schema\/logo\/image\/"},"sameAs":["https:\/\/www.facebook.com\/lyceevallonbonnevaux","https:\/\/www.instagram.com\/lycee_vallon_bonnevaux\/","https:\/\/www.linkedin.com\/company\/leap-le-vallon-les-bonnevaux\/?originalSubdomain=fr"]},{"@type":"Person","@id":"https:\/\/www.vallon-bonnevaux.fr\/vbmag\/#\/schema\/person\/78d4bedf135508e9d2b8d343575fdd31","name":"VBCommunication","image":{"@type":"ImageObject","inLanguage":"fr-FR","@id":"https:\/\/www.vallon-bonnevaux.fr\/vbmag\/#\/schema\/person\/image\/","url":"https:\/\/secure.gravatar.com\/avatar\/58fa64ce54dbedb7c6633693d600c884a245b0f97746903170fa62aae026cedc?s=96&d=mm&r=g","contentUrl":"https:\/\/secure.gravatar.com\/avatar\/58fa64ce54dbedb7c6633693d600c884a245b0f97746903170fa62aae026cedc?s=96&d=mm&r=g","caption":"VBCommunication"},"url":"https:\/\/www.vallon-bonnevaux.fr\/vbmag\/author\/vbcommunication\/"}]}},"_links":{"self":[{"href":"https:\/\/www.vallon-bonnevaux.fr\/vbmag\/wp-json\/wp\/v2\/posts\/2567","targetHints":{"allow":["GET"]}}],"collection":[{"href":"https:\/\/www.vallon-bonnevaux.fr\/vbmag\/wp-json\/wp\/v2\/posts"}],"about":[{"href":"https:\/\/www.vallon-bonnevaux.fr\/vbmag\/wp-json\/wp\/v2\/types\/post"}],"author":[{"embeddable":true,"href":"https:\/\/www.vallon-bonnevaux.fr\/vbmag\/wp-json\/wp\/v2\/users\/2"}],"replies":[{"embeddable":true,"href":"https:\/\/www.vallon-bonnevaux.fr\/vbmag\/wp-json\/wp\/v2\/comments?post=2567"}],"version-history":[{"count":4,"href":"https:\/\/www.vallon-bonnevaux.fr\/vbmag\/wp-json\/wp\/v2\/posts\/2567\/revisions"}],"predecessor-version":[{"id":2572,"href":"https:\/\/www.vallon-bonnevaux.fr\/vbmag\/wp-json\/wp\/v2\/posts\/2567\/revisions\/2572"}],"wp:featuredmedia":[{"embeddable":true,"href":"https:\/\/www.vallon-bonnevaux.fr\/vbmag\/wp-json\/wp\/v2\/media\/2564"}],"wp:attachment":[{"href":"https:\/\/www.vallon-bonnevaux.fr\/vbmag\/wp-json\/wp\/v2\/media?parent=2567"}],"wp:term":[{"taxonomy":"category","embeddable":true,"href":"https:\/\/www.vallon-bonnevaux.fr\/vbmag\/wp-json\/wp\/v2\/categories?post=2567"},{"taxonomy":"post_tag","embeddable":true,"href":"https:\/\/www.vallon-bonnevaux.fr\/vbmag\/wp-json\/wp\/v2\/tags?post=2567"}],"curies":[{"name":"wp","href":"https:\/\/api.w.org\/{rel}","templated":true}]}}