{"id":2652,"date":"2025-03-11T11:11:58","date_gmt":"2025-03-11T10:11:58","guid":{"rendered":"https:\/\/www.vallon-bonnevaux.fr\/vbmag\/?p=2652"},"modified":"2025-03-11T11:11:58","modified_gmt":"2025-03-11T10:11:58","slug":"%f0%9f%8e%93-journees-dorientation-et-dinformation-college-lycee-vallon-bonnevaux-%f0%9f%8e%93","status":"publish","type":"post","link":"https:\/\/www.vallon-bonnevaux.fr\/vbmag\/%f0%9f%8e%93-journees-dorientation-et-dinformation-college-lycee-vallon-bonnevaux-%f0%9f%8e%93\/","title":{"rendered":"\ud83c\udf93 Journ\u00e9es d\u2019Orientation et d\u2019Information \u2013 Coll\u00e8ge-Lyc\u00e9e Vallon Bonnevaux \ud83c\udf93"},"content":{"rendered":"<p data-start=\"253\" data-end=\"395\">\ud83c\udf1f <strong data-start=\"256\" data-end=\"326\">Coll\u00e9giens, lyc\u00e9ens, futurs \u00e9tudiants, en recherche de formation ?<\/strong> Venez d\u00e9couvrir toutes nos opportunit\u00e9s et pr\u00e9parez votre avenir !<\/p>\n<p data-start=\"253\" data-end=\"395\"><a href=\"https:\/\/www.youtube.com\/watch?v=hcbQBTQpwmc\">Pr\u00e9sentation du coll\u00e8ge-lyc\u00e9e Vallon Bonnevaux<\/a><\/p>\n<p data-start=\"397\" data-end=\"536\">\ud83d\udccd <strong data-start=\"400\" data-end=\"408\">O\u00f9 ?<\/strong> Coll\u00e8ge-Lyc\u00e9e Vallon Bonnevaux<br data-start=\"439\" data-end=\"442\" \/>\ud83d\udcc5 <strong data-start=\"445\" data-end=\"456\">Quand ?<\/strong><br data-start=\"456\" data-end=\"459\" \/>\u2705 <strong data-start=\"461\" data-end=\"478\">Jeudi 21 mars<\/strong> : 16h00 &#8211; 20h00<br data-start=\"494\" data-end=\"497\" \/>\u2705 <strong data-start=\"499\" data-end=\"519\">Vendredi 22 mars<\/strong> : 8h30 &#8211; 12h30<\/p>\n<p data-start=\"538\" data-end=\"816\">\ud83d\udd0e <strong data-start=\"541\" data-end=\"561\">Pourquoi venir ?<\/strong><br data-start=\"561\" data-end=\"564\" \/>\u2705 D\u00e9couverte de nos formations (coll\u00e8ge, lyc\u00e9e, IFAS, IFAP, UFA)<br data-start=\"638\" data-end=\"641\" \/>\u2705 Rencontres avec nos enseignants et \u00e9l\u00e8ves<br data-start=\"684\" data-end=\"687\" \/>\u2705 Conseils sur l\u2019orientation et les d\u00e9bouch\u00e9s professionnels<br data-start=\"747\" data-end=\"750\" \/>\u2705 \u00c9changes sur les stages, l\u2019alternance et les parcours d\u2019\u00e9tudes<\/p>\n<p data-start=\"818\" data-end=\"950\">\ud83d\ude80 <strong data-start=\"821\" data-end=\"864\">Un moment cl\u00e9 pour faire le bon choix !<\/strong> Que vous soyez \u00e9l\u00e8ve, parent ou en reconversion, cette journ\u00e9e est faite pour vous.<\/p>\n<p data-start=\"952\" data-end=\"1004\">\ud83d\udcac <strong data-start=\"955\" data-end=\"974\">Des questions ?<\/strong> Venez en parler avec nous !<\/p>\n<p data-start=\"1006\" data-end=\"1050\">\ud83d\udce2 <strong data-start=\"1009\" data-end=\"1048\">Partagez l&rsquo;info et venez nombreux !<\/strong><\/p>\n<p data-start=\"1052\" data-end=\"1108\">\ud83d\udd17 Plus d\u2019infos sur notre site : www.vallon-bonnevaux.fr<\/p>\n<p>&nbsp;<\/p>\n<p data-start=\"1110\" data-end=\"1311\">#Coll\u00e8geLyc\u00e9e #VallonBonnevaux #OrientationScolaire #Journ\u00e9ePortesOuvertes #Formation #Futurs\u00c9tudiants #ParcoursAvenir #R\u00e9ussirSonOrientation #\u00c9ducation #Lyc\u00e9ePro #Alternance #Stages #Orientation2024 #IFAS #IFAP #CPJEPS #Aidesoignant #auxiliairedepu\u00e9riculture #petiteenfance #SAPAT #Vente #animation<\/p>\n<p data-start=\"1110\" data-end=\"1311\">\n","protected":false},"excerpt":{"rendered":"<p>\ud83c\udf1f Coll\u00e9giens, lyc\u00e9ens, futurs \u00e9tudiants, en recherche de formation ? Venez d\u00e9couvrir toutes nos opportunit\u00e9s et pr\u00e9parez votre avenir ! Pr\u00e9sentation du coll\u00e8ge-lyc\u00e9e Vallon Bonnevaux \ud83d\udccd<span class=\"excerpt-hellip\"> [\u2026]<\/span><\/p>\n","protected":false},"author":2,"featured_media":2651,"comment_status":"open","ping_status":"open","sticky":false,"template":"","format":"standard","meta":{"_mi_skip_tracking":false,"_monsterinsights_sitenote_active":false,"_monsterinsights_sitenote_note":"","_monsterinsights_sitenote_category":0,"footnotes":""},"categories":[2,5],"tags":[],"class_list":["post-2652","post","type-post","status-publish","format-standard","has-post-thumbnail","hentry","category-actualites-infos","category-sortie-rencontre"],"yoast_head":"<!-- This site is optimized with the Yoast SEO plugin v20.8 - https:\/\/yoast.com\/wordpress\/plugins\/seo\/ -->\n<title>\ud83c\udf93 Journ\u00e9es d\u2019Orientation et d\u2019Information \u2013 Coll\u00e8ge-Lyc\u00e9e Vallon Bonnevaux \ud83c\udf93 - VB Mag<\/title>\n<meta name=\"robots\" content=\"index, follow, max-snippet:-1, max-image-preview:large, max-video-preview:-1\" \/>\n<link rel=\"canonical\" href=\"https:\/\/www.vallon-bonnevaux.fr\/vbmag\/\ud83c\udf93-journees-dorientation-et-dinformation-college-lycee-vallon-bonnevaux-\ud83c\udf93\/\" \/>\n<meta property=\"og:locale\" content=\"fr_FR\" \/>\n<meta property=\"og:type\" content=\"article\" \/>\n<meta property=\"og:title\" content=\"\ud83c\udf93 Journ\u00e9es d\u2019Orientation et d\u2019Information \u2013 Coll\u00e8ge-Lyc\u00e9e Vallon Bonnevaux \ud83c\udf93 - VB Mag\" \/>\n<meta property=\"og:description\" content=\"\ud83c\udf1f Coll\u00e9giens, lyc\u00e9ens, futurs \u00e9tudiants, en recherche de formation ? Venez d\u00e9couvrir toutes nos opportunit\u00e9s et pr\u00e9parez votre avenir ! Pr\u00e9sentation du coll\u00e8ge-lyc\u00e9e Vallon Bonnevaux \ud83d\udccd [\u2026]\" \/>\n<meta property=\"og:url\" content=\"https:\/\/www.vallon-bonnevaux.fr\/vbmag\/\ud83c\udf93-journees-dorientation-et-dinformation-college-lycee-vallon-bonnevaux-\ud83c\udf93\/\" \/>\n<meta property=\"og:site_name\" content=\"VB Mag\" \/>\n<meta property=\"article:publisher\" content=\"https:\/\/www.facebook.com\/lyceevallonbonnevaux\" \/>\n<meta property=\"article:published_time\" content=\"2025-03-11T10:11:58+00:00\" \/>\n<meta property=\"og:image\" content=\"https:\/\/www.vallon-bonnevaux.fr\/vbmag\/wp-content\/uploads\/2025\/03\/Affiche-JIO-2024-2025-ToutesFormations.png\" \/>\n\t<meta property=\"og:image:width\" content=\"849\" \/>\n\t<meta property=\"og:image:height\" content=\"1178\" \/>\n\t<meta property=\"og:image:type\" content=\"image\/png\" \/>\n<meta name=\"author\" content=\"VBCommunication\" \/>\n<meta name=\"twitter:card\" content=\"summary_large_image\" \/>\n<meta name=\"twitter:label1\" content=\"\u00c9crit par\" \/>\n\t<meta name=\"twitter:data1\" content=\"VBCommunication\" \/>\n\t<meta name=\"twitter:label2\" content=\"Dur\u00e9e de lecture estim\u00e9e\" \/>\n\t<meta name=\"twitter:data2\" content=\"1 minute\" \/>\n<script type=\"application\/ld+json\" class=\"yoast-schema-graph\">{\"@context\":\"https:\/\/schema.org\",\"@graph\":[{\"@type\":\"Article\",\"@id\":\"https:\/\/www.vallon-bonnevaux.fr\/vbmag\/%f0%9f%8e%93-journees-dorientation-et-dinformation-college-lycee-vallon-bonnevaux-%f0%9f%8e%93\/#article\",\"isPartOf\":{\"@id\":\"https:\/\/www.vallon-bonnevaux.fr\/vbmag\/%f0%9f%8e%93-journees-dorientation-et-dinformation-college-lycee-vallon-bonnevaux-%f0%9f%8e%93\/\"},\"author\":{\"name\":\"VBCommunication\",\"@id\":\"https:\/\/www.vallon-bonnevaux.fr\/vbmag\/#\/schema\/person\/78d4bedf135508e9d2b8d343575fdd31\"},\"headline\":\"\ud83c\udf93 Journ\u00e9es d\u2019Orientation et d\u2019Information \u2013 Coll\u00e8ge-Lyc\u00e9e Vallon Bonnevaux \ud83c\udf93\",\"datePublished\":\"2025-03-11T10:11:58+00:00\",\"dateModified\":\"2025-03-11T10:11:58+00:00\",\"mainEntityOfPage\":{\"@id\":\"https:\/\/www.vallon-bonnevaux.fr\/vbmag\/%f0%9f%8e%93-journees-dorientation-et-dinformation-college-lycee-vallon-bonnevaux-%f0%9f%8e%93\/\"},\"wordCount\":177,\"commentCount\":0,\"publisher\":{\"@id\":\"https:\/\/www.vallon-bonnevaux.fr\/vbmag\/#organization\"},\"articleSection\":[\"Actualit\u00e9s &amp; infos\",\"Sortie &amp; Rencontre\"],\"inLanguage\":\"fr-FR\",\"potentialAction\":[{\"@type\":\"CommentAction\",\"name\":\"Comment\",\"target\":[\"https:\/\/www.vallon-bonnevaux.fr\/vbmag\/%f0%9f%8e%93-journees-dorientation-et-dinformation-college-lycee-vallon-bonnevaux-%f0%9f%8e%93\/#respond\"]}]},{\"@type\":\"WebPage\",\"@id\":\"https:\/\/www.vallon-bonnevaux.fr\/vbmag\/%f0%9f%8e%93-journees-dorientation-et-dinformation-college-lycee-vallon-bonnevaux-%f0%9f%8e%93\/\",\"url\":\"https:\/\/www.vallon-bonnevaux.fr\/vbmag\/%f0%9f%8e%93-journees-dorientation-et-dinformation-college-lycee-vallon-bonnevaux-%f0%9f%8e%93\/\",\"name\":\"\ud83c\udf93 Journ\u00e9es d\u2019Orientation et d\u2019Information \u2013 Coll\u00e8ge-Lyc\u00e9e Vallon Bonnevaux \ud83c\udf93 - VB Mag\",\"isPartOf\":{\"@id\":\"https:\/\/www.vallon-bonnevaux.fr\/vbmag\/#website\"},\"datePublished\":\"2025-03-11T10:11:58+00:00\",\"dateModified\":\"2025-03-11T10:11:58+00:00\",\"breadcrumb\":{\"@id\":\"https:\/\/www.vallon-bonnevaux.fr\/vbmag\/%f0%9f%8e%93-journees-dorientation-et-dinformation-college-lycee-vallon-bonnevaux-%f0%9f%8e%93\/#breadcrumb\"},\"inLanguage\":\"fr-FR\",\"potentialAction\":[{\"@type\":\"ReadAction\",\"target\":[\"https:\/\/www.vallon-bonnevaux.fr\/vbmag\/%f0%9f%8e%93-journees-dorientation-et-dinformation-college-lycee-vallon-bonnevaux-%f0%9f%8e%93\/\"]}]},{\"@type\":\"BreadcrumbList\",\"@id\":\"https:\/\/www.vallon-bonnevaux.fr\/vbmag\/%f0%9f%8e%93-journees-dorientation-et-dinformation-college-lycee-vallon-bonnevaux-%f0%9f%8e%93\/#breadcrumb\",\"itemListElement\":[{\"@type\":\"ListItem\",\"position\":1,\"name\":\"Accueil\",\"item\":\"https:\/\/www.vallon-bonnevaux.fr\/vbmag\/\"},{\"@type\":\"ListItem\",\"position\":2,\"name\":\"\ud83c\udf93 Journ\u00e9es d\u2019Orientation et d\u2019Information \u2013 Coll\u00e8ge-Lyc\u00e9e Vallon Bonnevaux \ud83c\udf93\"}]},{\"@type\":\"WebSite\",\"@id\":\"https:\/\/www.vallon-bonnevaux.fr\/vbmag\/#website\",\"url\":\"https:\/\/www.vallon-bonnevaux.fr\/vbmag\/\",\"name\":\"VBmag\",\"description\":\"\",\"publisher\":{\"@id\":\"https:\/\/www.vallon-bonnevaux.fr\/vbmag\/#organization\"},\"potentialAction\":[{\"@type\":\"SearchAction\",\"target\":{\"@type\":\"EntryPoint\",\"urlTemplate\":\"https:\/\/www.vallon-bonnevaux.fr\/vbmag\/?s={search_term_string}\"},\"query-input\":\"required name=search_term_string\"}],\"inLanguage\":\"fr-FR\"},{\"@type\":\"Organization\",\"@id\":\"https:\/\/www.vallon-bonnevaux.fr\/vbmag\/#organization\",\"name\":\"VBmag\",\"url\":\"https:\/\/www.vallon-bonnevaux.fr\/vbmag\/\",\"logo\":{\"@type\":\"ImageObject\",\"inLanguage\":\"fr-FR\",\"@id\":\"https:\/\/www.vallon-bonnevaux.fr\/vbmag\/#\/schema\/logo\/image\/\",\"url\":\"https:\/\/www.vallon-bonnevaux.fr\/vbmag\/wp-content\/uploads\/2023\/02\/Bonnevaux-logo-VBmag.png\",\"contentUrl\":\"https:\/\/www.vallon-bonnevaux.fr\/vbmag\/wp-content\/uploads\/2023\/02\/Bonnevaux-logo-VBmag.png\",\"width\":314,\"height\":143,\"caption\":\"VBmag\"},\"image\":{\"@id\":\"https:\/\/www.vallon-bonnevaux.fr\/vbmag\/#\/schema\/logo\/image\/\"},\"sameAs\":[\"https:\/\/www.facebook.com\/lyceevallonbonnevaux\",\"https:\/\/www.instagram.com\/lycee_vallon_bonnevaux\/\",\"https:\/\/www.linkedin.com\/company\/leap-le-vallon-les-bonnevaux\/?originalSubdomain=fr\"]},{\"@type\":\"Person\",\"@id\":\"https:\/\/www.vallon-bonnevaux.fr\/vbmag\/#\/schema\/person\/78d4bedf135508e9d2b8d343575fdd31\",\"name\":\"VBCommunication\",\"image\":{\"@type\":\"ImageObject\",\"inLanguage\":\"fr-FR\",\"@id\":\"https:\/\/www.vallon-bonnevaux.fr\/vbmag\/#\/schema\/person\/image\/\",\"url\":\"https:\/\/secure.gravatar.com\/avatar\/58fa64ce54dbedb7c6633693d600c884a245b0f97746903170fa62aae026cedc?s=96&d=mm&r=g\",\"contentUrl\":\"https:\/\/secure.gravatar.com\/avatar\/58fa64ce54dbedb7c6633693d600c884a245b0f97746903170fa62aae026cedc?s=96&d=mm&r=g\",\"caption\":\"VBCommunication\"},\"url\":\"https:\/\/www.vallon-bonnevaux.fr\/vbmag\/author\/vbcommunication\/\"}]}<\/script>\n<!-- \/ Yoast SEO plugin. -->","yoast_head_json":{"title":"\ud83c\udf93 Journ\u00e9es d\u2019Orientation et d\u2019Information \u2013 Coll\u00e8ge-Lyc\u00e9e Vallon Bonnevaux \ud83c\udf93 - VB Mag","robots":{"index":"index","follow":"follow","max-snippet":"max-snippet:-1","max-image-preview":"max-image-preview:large","max-video-preview":"max-video-preview:-1"},"canonical":"https:\/\/www.vallon-bonnevaux.fr\/vbmag\/\ud83c\udf93-journees-dorientation-et-dinformation-college-lycee-vallon-bonnevaux-\ud83c\udf93\/","og_locale":"fr_FR","og_type":"article","og_title":"\ud83c\udf93 Journ\u00e9es d\u2019Orientation et d\u2019Information \u2013 Coll\u00e8ge-Lyc\u00e9e Vallon Bonnevaux \ud83c\udf93 - VB Mag","og_description":"\ud83c\udf1f Coll\u00e9giens, lyc\u00e9ens, futurs \u00e9tudiants, en recherche de formation ? Venez d\u00e9couvrir toutes nos opportunit\u00e9s et pr\u00e9parez votre avenir ! Pr\u00e9sentation du coll\u00e8ge-lyc\u00e9e Vallon Bonnevaux \ud83d\udccd [\u2026]","og_url":"https:\/\/www.vallon-bonnevaux.fr\/vbmag\/\ud83c\udf93-journees-dorientation-et-dinformation-college-lycee-vallon-bonnevaux-\ud83c\udf93\/","og_site_name":"VB Mag","article_publisher":"https:\/\/www.facebook.com\/lyceevallonbonnevaux","article_published_time":"2025-03-11T10:11:58+00:00","og_image":[{"width":849,"height":1178,"url":"https:\/\/www.vallon-bonnevaux.fr\/vbmag\/wp-content\/uploads\/2025\/03\/Affiche-JIO-2024-2025-ToutesFormations.png","type":"image\/png"}],"author":"VBCommunication","twitter_card":"summary_large_image","twitter_misc":{"\u00c9crit par":"VBCommunication","Dur\u00e9e de lecture estim\u00e9e":"1 minute"},"schema":{"@context":"https:\/\/schema.org","@graph":[{"@type":"Article","@id":"https:\/\/www.vallon-bonnevaux.fr\/vbmag\/%f0%9f%8e%93-journees-dorientation-et-dinformation-college-lycee-vallon-bonnevaux-%f0%9f%8e%93\/#article","isPartOf":{"@id":"https:\/\/www.vallon-bonnevaux.fr\/vbmag\/%f0%9f%8e%93-journees-dorientation-et-dinformation-college-lycee-vallon-bonnevaux-%f0%9f%8e%93\/"},"author":{"name":"VBCommunication","@id":"https:\/\/www.vallon-bonnevaux.fr\/vbmag\/#\/schema\/person\/78d4bedf135508e9d2b8d343575fdd31"},"headline":"\ud83c\udf93 Journ\u00e9es d\u2019Orientation et d\u2019Information \u2013 Coll\u00e8ge-Lyc\u00e9e Vallon Bonnevaux \ud83c\udf93","datePublished":"2025-03-11T10:11:58+00:00","dateModified":"2025-03-11T10:11:58+00:00","mainEntityOfPage":{"@id":"https:\/\/www.vallon-bonnevaux.fr\/vbmag\/%f0%9f%8e%93-journees-dorientation-et-dinformation-college-lycee-vallon-bonnevaux-%f0%9f%8e%93\/"},"wordCount":177,"commentCount":0,"publisher":{"@id":"https:\/\/www.vallon-bonnevaux.fr\/vbmag\/#organization"},"articleSection":["Actualit\u00e9s &amp; infos","Sortie &amp; Rencontre"],"inLanguage":"fr-FR","potentialAction":[{"@type":"CommentAction","name":"Comment","target":["https:\/\/www.vallon-bonnevaux.fr\/vbmag\/%f0%9f%8e%93-journees-dorientation-et-dinformation-college-lycee-vallon-bonnevaux-%f0%9f%8e%93\/#respond"]}]},{"@type":"WebPage","@id":"https:\/\/www.vallon-bonnevaux.fr\/vbmag\/%f0%9f%8e%93-journees-dorientation-et-dinformation-college-lycee-vallon-bonnevaux-%f0%9f%8e%93\/","url":"https:\/\/www.vallon-bonnevaux.fr\/vbmag\/%f0%9f%8e%93-journees-dorientation-et-dinformation-college-lycee-vallon-bonnevaux-%f0%9f%8e%93\/","name":"\ud83c\udf93 Journ\u00e9es d\u2019Orientation et d\u2019Information \u2013 Coll\u00e8ge-Lyc\u00e9e Vallon Bonnevaux \ud83c\udf93 - VB Mag","isPartOf":{"@id":"https:\/\/www.vallon-bonnevaux.fr\/vbmag\/#website"},"datePublished":"2025-03-11T10:11:58+00:00","dateModified":"2025-03-11T10:11:58+00:00","breadcrumb":{"@id":"https:\/\/www.vallon-bonnevaux.fr\/vbmag\/%f0%9f%8e%93-journees-dorientation-et-dinformation-college-lycee-vallon-bonnevaux-%f0%9f%8e%93\/#breadcrumb"},"inLanguage":"fr-FR","potentialAction":[{"@type":"ReadAction","target":["https:\/\/www.vallon-bonnevaux.fr\/vbmag\/%f0%9f%8e%93-journees-dorientation-et-dinformation-college-lycee-vallon-bonnevaux-%f0%9f%8e%93\/"]}]},{"@type":"BreadcrumbList","@id":"https:\/\/www.vallon-bonnevaux.fr\/vbmag\/%f0%9f%8e%93-journees-dorientation-et-dinformation-college-lycee-vallon-bonnevaux-%f0%9f%8e%93\/#breadcrumb","itemListElement":[{"@type":"ListItem","position":1,"name":"Accueil","item":"https:\/\/www.vallon-bonnevaux.fr\/vbmag\/"},{"@type":"ListItem","position":2,"name":"\ud83c\udf93 Journ\u00e9es d\u2019Orientation et d\u2019Information \u2013 Coll\u00e8ge-Lyc\u00e9e Vallon Bonnevaux \ud83c\udf93"}]},{"@type":"WebSite","@id":"https:\/\/www.vallon-bonnevaux.fr\/vbmag\/#website","url":"https:\/\/www.vallon-bonnevaux.fr\/vbmag\/","name":"VBmag","description":"","publisher":{"@id":"https:\/\/www.vallon-bonnevaux.fr\/vbmag\/#organization"},"potentialAction":[{"@type":"SearchAction","target":{"@type":"EntryPoint","urlTemplate":"https:\/\/www.vallon-bonnevaux.fr\/vbmag\/?s={search_term_string}"},"query-input":"required name=search_term_string"}],"inLanguage":"fr-FR"},{"@type":"Organization","@id":"https:\/\/www.vallon-bonnevaux.fr\/vbmag\/#organization","name":"VBmag","url":"https:\/\/www.vallon-bonnevaux.fr\/vbmag\/","logo":{"@type":"ImageObject","inLanguage":"fr-FR","@id":"https:\/\/www.vallon-bonnevaux.fr\/vbmag\/#\/schema\/logo\/image\/","url":"https:\/\/www.vallon-bonnevaux.fr\/vbmag\/wp-content\/uploads\/2023\/02\/Bonnevaux-logo-VBmag.png","contentUrl":"https:\/\/www.vallon-bonnevaux.fr\/vbmag\/wp-content\/uploads\/2023\/02\/Bonnevaux-logo-VBmag.png","width":314,"height":143,"caption":"VBmag"},"image":{"@id":"https:\/\/www.vallon-bonnevaux.fr\/vbmag\/#\/schema\/logo\/image\/"},"sameAs":["https:\/\/www.facebook.com\/lyceevallonbonnevaux","https:\/\/www.instagram.com\/lycee_vallon_bonnevaux\/","https:\/\/www.linkedin.com\/company\/leap-le-vallon-les-bonnevaux\/?originalSubdomain=fr"]},{"@type":"Person","@id":"https:\/\/www.vallon-bonnevaux.fr\/vbmag\/#\/schema\/person\/78d4bedf135508e9d2b8d343575fdd31","name":"VBCommunication","image":{"@type":"ImageObject","inLanguage":"fr-FR","@id":"https:\/\/www.vallon-bonnevaux.fr\/vbmag\/#\/schema\/person\/image\/","url":"https:\/\/secure.gravatar.com\/avatar\/58fa64ce54dbedb7c6633693d600c884a245b0f97746903170fa62aae026cedc?s=96&d=mm&r=g","contentUrl":"https:\/\/secure.gravatar.com\/avatar\/58fa64ce54dbedb7c6633693d600c884a245b0f97746903170fa62aae026cedc?s=96&d=mm&r=g","caption":"VBCommunication"},"url":"https:\/\/www.vallon-bonnevaux.fr\/vbmag\/author\/vbcommunication\/"}]}},"_links":{"self":[{"href":"https:\/\/www.vallon-bonnevaux.fr\/vbmag\/wp-json\/wp\/v2\/posts\/2652","targetHints":{"allow":["GET"]}}],"collection":[{"href":"https:\/\/www.vallon-bonnevaux.fr\/vbmag\/wp-json\/wp\/v2\/posts"}],"about":[{"href":"https:\/\/www.vallon-bonnevaux.fr\/vbmag\/wp-json\/wp\/v2\/types\/post"}],"author":[{"embeddable":true,"href":"https:\/\/www.vallon-bonnevaux.fr\/vbmag\/wp-json\/wp\/v2\/users\/2"}],"replies":[{"embeddable":true,"href":"https:\/\/www.vallon-bonnevaux.fr\/vbmag\/wp-json\/wp\/v2\/comments?post=2652"}],"version-history":[{"count":3,"href":"https:\/\/www.vallon-bonnevaux.fr\/vbmag\/wp-json\/wp\/v2\/posts\/2652\/revisions"}],"predecessor-version":[{"id":2655,"href":"https:\/\/www.vallon-bonnevaux.fr\/vbmag\/wp-json\/wp\/v2\/posts\/2652\/revisions\/2655"}],"wp:featuredmedia":[{"embeddable":true,"href":"https:\/\/www.vallon-bonnevaux.fr\/vbmag\/wp-json\/wp\/v2\/media\/2651"}],"wp:attachment":[{"href":"https:\/\/www.vallon-bonnevaux.fr\/vbmag\/wp-json\/wp\/v2\/media?parent=2652"}],"wp:term":[{"taxonomy":"category","embeddable":true,"href":"https:\/\/www.vallon-bonnevaux.fr\/vbmag\/wp-json\/wp\/v2\/categories?post=2652"},{"taxonomy":"post_tag","embeddable":true,"href":"https:\/\/www.vallon-bonnevaux.fr\/vbmag\/wp-json\/wp\/v2\/tags?post=2652"}],"curies":[{"name":"wp","href":"https:\/\/api.w.org\/{rel}","templated":true}]}}