{"id":2694,"date":"2025-03-28T12:43:50","date_gmt":"2025-03-28T11:43:50","guid":{"rendered":"https:\/\/www.vallon-bonnevaux.fr\/vbmag\/?p=2694"},"modified":"2025-03-28T12:47:36","modified_gmt":"2025-03-28T11:47:36","slug":"le-cap-sapver-met-la-vente-a-lhonneur-au-lycee-vallon-bonnevaux","status":"publish","type":"post","link":"https:\/\/www.vallon-bonnevaux.fr\/vbmag\/le-cap-sapver-met-la-vente-a-lhonneur-au-lycee-vallon-bonnevaux\/","title":{"rendered":"Le CAP SAPVER met la vente \u00e0 l&rsquo;honneur au lyc\u00e9e Vallon Bonnevaux"},"content":{"rendered":"<p>&nbsp;<\/p>\n<p class=\"\" data-start=\"447\" data-end=\"863\">Le <strong data-start=\"450\" data-end=\"464\">CAP SAPVER<\/strong> (Services aux Personnes et Vente en Espace Rural) est une <strong data-start=\"523\" data-end=\"552\">formation professionnelle<\/strong> polyvalente, qui pr\u00e9pare les \u00e9l\u00e8ves aux m\u00e9tiers de la <strong data-start=\"607\" data-end=\"616\">vente<\/strong> et du <strong data-start=\"623\" data-end=\"648\">service \u00e0 la personne<\/strong>. Au <strong data-start=\"653\" data-end=\"679\">lyc\u00e9e Vallon Bonnevaux<\/strong>, cette formation prend tout son sens \u00e0 travers des situations concr\u00e8tes, notamment <strong data-start=\"763\" data-end=\"796\">l\u2019\u00e9preuve d\u2019accueil du client<\/strong>, v\u00e9ritable test de comp\u00e9tences professionnelles et relationnelles.<\/p>\n<hr class=\"\" data-start=\"865\" data-end=\"868\" \/>\n<h2 class=\"\" data-start=\"870\" data-end=\"930\">\ud83c\udfaf Une formation en vente qui valorise la relation client<\/h2>\n<p class=\"\" data-start=\"932\" data-end=\"1089\">Au c\u0153ur de cette \u00e9preuve : la <strong data-start=\"962\" data-end=\"981\">relation client<\/strong>, une comp\u00e9tence incontournable dans les m\u00e9tiers du commerce. Les \u00e9l\u00e8ves doivent d\u00e9montrer leur capacit\u00e9 \u00e0 :<\/p>\n<ul data-start=\"1090\" data-end=\"1350\">\n<li class=\"\" data-start=\"1090\" data-end=\"1150\">\n<p class=\"\" data-start=\"1092\" data-end=\"1150\">Accueillir un client avec <strong data-start=\"1118\" data-end=\"1150\">chaleur et professionnalisme<\/strong><\/p>\n<\/li>\n<li class=\"\" data-start=\"1151\" data-end=\"1205\">\n<p class=\"\" data-start=\"1153\" data-end=\"1205\">Identifier ses besoins gr\u00e2ce \u00e0 une <strong data-start=\"1188\" data-end=\"1205\">\u00e9coute active<\/strong><\/p>\n<\/li>\n<li class=\"\" data-start=\"1206\" data-end=\"1266\">\n<p class=\"\" data-start=\"1208\" data-end=\"1266\"><strong data-start=\"1208\" data-end=\"1234\">Pr\u00e9senter des produits<\/strong> de mani\u00e8re claire et persuasive<\/p>\n<\/li>\n<li class=\"\" data-start=\"1267\" data-end=\"1309\">\n<p class=\"\" data-start=\"1269\" data-end=\"1309\">G\u00e9rer les <strong data-start=\"1279\" data-end=\"1293\">objections<\/strong> avec diplomatie<\/p>\n<\/li>\n<li class=\"\" data-start=\"1310\" data-end=\"1350\">\n<p class=\"\" data-start=\"1312\" data-end=\"1350\">Assurer un <strong data-start=\"1323\" data-end=\"1339\">suivi client<\/strong> de qualit\u00e9<\/p>\n<\/li>\n<\/ul>\n<p class=\"\" data-start=\"1352\" data-end=\"1532\">Cette \u00e9preuve montre que la <strong data-start=\"1380\" data-end=\"1389\">vente<\/strong> ne se r\u00e9sume pas \u00e0 proposer un produit : c\u2019est une <strong data-start=\"1441\" data-end=\"1463\">exp\u00e9rience humaine<\/strong>, un <strong data-start=\"1468\" data-end=\"1492\">\u00e9change de confiance<\/strong>, que les \u00e9l\u00e8ves apprennent \u00e0 ma\u00eetriser.<\/p>\n<hr class=\"\" data-start=\"1534\" data-end=\"1537\" \/>\n<h2 class=\"\" data-start=\"1539\" data-end=\"1593\">\ud83d\udecd\ufe0f La vente : un pilier de la formation CAP SAPVER<\/h2>\n<p class=\"\" data-start=\"1595\" data-end=\"1821\">Trop souvent r\u00e9duite \u00e0 sa dimension \u201cservice \u00e0 la personne\u201d, la formation <strong data-start=\"1669\" data-end=\"1679\">SAPVER<\/strong> comprend aussi un <strong data-start=\"1698\" data-end=\"1713\">volet vente<\/strong> solide et professionnalisant. Au lyc\u00e9e Vallon Bonnevaux, les \u00e9l\u00e8ves d\u00e9veloppent des comp\u00e9tences concr\u00e8tes :<\/p>\n<ul data-start=\"1822\" data-end=\"2016\">\n<li class=\"\" data-start=\"1822\" data-end=\"1860\">\n<p class=\"\" data-start=\"1824\" data-end=\"1860\">Mise en valeur des produits en rayon<\/p>\n<\/li>\n<li class=\"\" data-start=\"1861\" data-end=\"1896\">\n<p class=\"\" data-start=\"1863\" data-end=\"1896\">Organisation d\u2019un espace de vente<\/p>\n<\/li>\n<li class=\"\" data-start=\"1897\" data-end=\"1932\">\n<p class=\"\" data-start=\"1899\" data-end=\"1932\">Techniques de vente et de conseil<\/p>\n<\/li>\n<li class=\"\" data-start=\"1933\" data-end=\"1970\">\n<p class=\"\" data-start=\"1935\" data-end=\"1970\">Encaissement et fid\u00e9lisation client<\/p>\n<\/li>\n<li class=\"\" data-start=\"1971\" data-end=\"2016\">\n<p class=\"\" data-start=\"1973\" data-end=\"2016\">Participation \u00e0 des animations commerciales<\/p>\n<\/li>\n<\/ul>\n<p class=\"\" data-start=\"2018\" data-end=\"2175\">Gr\u00e2ce \u00e0 des <strong data-start=\"2030\" data-end=\"2054\">stages en entreprise<\/strong>, des projets concrets et des situations simul\u00e9es, les \u00e9l\u00e8ves gagnent en <strong data-start=\"2127\" data-end=\"2140\">assurance<\/strong> et en <strong data-start=\"2147\" data-end=\"2174\">savoir-faire commercial<\/strong>.<\/p>\n<hr class=\"\" data-start=\"2177\" data-end=\"2180\" \/>\n<h2 class=\"\" data-start=\"2182\" data-end=\"2251\">\ud83c\udf31 Les valeurs du lyc\u00e9e Vallon Bonnevaux au service de la r\u00e9ussite<\/h2>\n<p class=\"\" data-start=\"2253\" data-end=\"2360\">Le <strong data-start=\"2256\" data-end=\"2282\">lyc\u00e9e Vallon Bonnevaux<\/strong> se distingue par une approche p\u00e9dagogique fond\u00e9e sur des <strong data-start=\"2340\" data-end=\"2358\">valeurs fortes<\/strong> :<\/p>\n<ul data-start=\"2361\" data-end=\"2628\">\n<li class=\"\" data-start=\"2361\" data-end=\"2419\">\n<p class=\"\" data-start=\"2363\" data-end=\"2419\">\ud83e\udd1d <strong data-start=\"2366\" data-end=\"2383\">Bienveillance<\/strong> : pour cr\u00e9er un climat de confiance<\/p>\n<\/li>\n<li class=\"\" data-start=\"2420\" data-end=\"2472\">\n<p class=\"\" data-start=\"2422\" data-end=\"2472\">\ud83d\udca1 <strong data-start=\"2425\" data-end=\"2438\">Autonomie<\/strong> : pour responsabiliser les jeunes<\/p>\n<\/li>\n<li class=\"\" data-start=\"2473\" data-end=\"2549\">\n<p class=\"\" data-start=\"2475\" data-end=\"2549\">\ud83c\udf0d <strong data-start=\"2478\" data-end=\"2501\">Ancrage territorial<\/strong> : pour relier la formation aux r\u00e9alit\u00e9s locales<\/p>\n<\/li>\n<li class=\"\" data-start=\"2550\" data-end=\"2628\">\n<p class=\"\" data-start=\"2552\" data-end=\"2628\">\ud83c\udfaf <strong data-start=\"2555\" data-end=\"2567\">Ambition<\/strong> : pour encourager chaque \u00e9l\u00e8ve \u00e0 aller au bout de son projet<\/p>\n<\/li>\n<\/ul>\n<p class=\"\" data-start=\"2630\" data-end=\"2831\">Ces valeurs sont transmises tout au long du parcours de formation, notamment dans les modules de vente, o\u00f9 les \u00e9l\u00e8ves apprennent \u00e0 conjuguer <strong data-start=\"2771\" data-end=\"2797\">comp\u00e9tences techniques<\/strong> et <strong data-start=\"2801\" data-end=\"2830\">savoir-\u00eatre professionnel<\/strong>.<\/p>\n<hr class=\"\" data-start=\"2833\" data-end=\"2836\" \/>\n<h2 class=\"\" data-start=\"2838\" data-end=\"2914\">\ud83c\udf93 Le CAP SAPVER : une formation concr\u00e8te, humaine et professionnalisante<\/h2>\n<p class=\"\" data-start=\"2916\" data-end=\"3027\">Avec son <strong data-start=\"2925\" data-end=\"2958\">double volet Vente &amp; Services<\/strong>, le <strong data-start=\"2963\" data-end=\"2977\">CAP SAPVER<\/strong> ouvre des perspectives professionnelles vari\u00e9es :<\/p>\n<ul data-start=\"3028\" data-end=\"3126\">\n<li class=\"\" data-start=\"3028\" data-end=\"3048\">\n<p class=\"\" data-start=\"3030\" data-end=\"3048\">Employ\u00e9 commercial<\/p>\n<\/li>\n<li class=\"\" data-start=\"3049\" data-end=\"3070\">\n<p class=\"\" data-start=\"3051\" data-end=\"3070\">Conseiller de vente<\/p>\n<\/li>\n<li class=\"\" data-start=\"3071\" data-end=\"3088\">\n<p class=\"\" data-start=\"3073\" data-end=\"3088\">Agent d\u2019accueil<\/p>\n<\/li>\n<li class=\"\" data-start=\"3089\" data-end=\"3108\">\n<p class=\"\" data-start=\"3091\" data-end=\"3108\">Auxiliaire de vie<\/p>\n<\/li>\n<li class=\"\" data-start=\"3109\" data-end=\"3126\">\n<p class=\"\" data-start=\"3111\" data-end=\"3126\">Aide \u00e0 domicile<\/p>\n<\/li>\n<\/ul>\n<p class=\"\" data-start=\"3128\" data-end=\"3283\">C\u2019est \u00e9galement un tremplin vers une <strong data-start=\"3165\" data-end=\"3187\">poursuite d\u2019\u00e9tudes<\/strong>, en Bac Pro ou en apprentissage dans les domaines du <strong data-start=\"3241\" data-end=\"3282\">commerce, de l\u2019animation ou du social<\/strong>.<\/p>\n<hr class=\"\" data-start=\"3285\" data-end=\"3288\" \/>\n<h2 class=\"\" data-start=\"3290\" data-end=\"3366\">\ud83d\udccc En r\u00e9sum\u00e9 : pourquoi choisir le CAP SAPVER au lyc\u00e9e Vallon Bonnevaux ?<\/h2>\n<p class=\"\" data-start=\"3368\" data-end=\"3680\">\u2705 Une formation polyvalente et professionnalisante<br data-start=\"3418\" data-end=\"3421\" \/>\u2705 Une mise en situation r\u00e9elle avec l\u2019\u00e9preuve d\u2019accueil client<br data-start=\"3483\" data-end=\"3486\" \/>\u2705 Des comp\u00e9tences solides en <strong data-start=\"3515\" data-end=\"3543\">vente et relation client<\/strong><br data-start=\"3543\" data-end=\"3546\" \/>\u2705 Des <strong data-start=\"3552\" data-end=\"3581\">valeurs \u00e9ducatives fortes<\/strong> au service des \u00e9l\u00e8ves<br data-start=\"3603\" data-end=\"3606\" \/>\u2705 Un accompagnement individualis\u00e9 vers l\u2019emploi ou la poursuite d\u2019\u00e9tudes<\/p>\n<hr class=\"\" data-start=\"3682\" data-end=\"3685\" \/>\n<p class=\"\" data-start=\"3687\" data-end=\"3885\">\ud83d\udcf0 <strong data-start=\"3690\" data-end=\"3734\">\u00c0 lire, partager et d\u00e9couvrir dans VBMag<\/strong> : le CAP SAPVER du lyc\u00e9e Vallon Bonnevaux, une <strong data-start=\"3782\" data-end=\"3815\">formation ancr\u00e9e dans le r\u00e9el<\/strong>, tourn\u00e9e vers <strong data-start=\"3830\" data-end=\"3884\">l\u2019avenir des jeunes et les besoins des territoires<\/strong>.<\/p>\n","protected":false},"excerpt":{"rendered":"<p>&nbsp; Le CAP SAPVER (Services aux Personnes et Vente en Espace Rural) est une formation professionnelle polyvalente, qui pr\u00e9pare les \u00e9l\u00e8ves aux m\u00e9tiers de la vente<span class=\"excerpt-hellip\"> [\u2026]<\/span><\/p>\n","protected":false},"author":2,"featured_media":2698,"comment_status":"open","ping_status":"open","sticky":false,"template":"","format":"standard","meta":{"_mi_skip_tracking":false,"_monsterinsights_sitenote_active":false,"_monsterinsights_sitenote_note":"","_monsterinsights_sitenote_category":0,"footnotes":""},"categories":[3],"tags":[],"class_list":["post-2694","post","type-post","status-publish","format-standard","has-post-thumbnail","hentry","category-formation-pedagogie"],"yoast_head":"<!-- This site is optimized with the Yoast SEO plugin v20.8 - https:\/\/yoast.com\/wordpress\/plugins\/seo\/ -->\n<title>Le CAP SAPVER met la vente \u00e0 l&#039;honneur au lyc\u00e9e Vallon Bonnevaux - VB Mag<\/title>\n<meta name=\"robots\" content=\"index, follow, max-snippet:-1, max-image-preview:large, max-video-preview:-1\" \/>\n<link rel=\"canonical\" href=\"https:\/\/www.vallon-bonnevaux.fr\/vbmag\/le-cap-sapver-met-la-vente-a-lhonneur-au-lycee-vallon-bonnevaux\/\" \/>\n<meta property=\"og:locale\" content=\"fr_FR\" \/>\n<meta property=\"og:type\" content=\"article\" \/>\n<meta property=\"og:title\" content=\"Le CAP SAPVER met la vente \u00e0 l&#039;honneur au lyc\u00e9e Vallon Bonnevaux - VB Mag\" \/>\n<meta property=\"og:description\" content=\"&nbsp; Le CAP SAPVER (Services aux Personnes et Vente en Espace Rural) est une formation professionnelle polyvalente, qui pr\u00e9pare les \u00e9l\u00e8ves aux m\u00e9tiers de la vente [\u2026]\" \/>\n<meta property=\"og:url\" content=\"https:\/\/www.vallon-bonnevaux.fr\/vbmag\/le-cap-sapver-met-la-vente-a-lhonneur-au-lycee-vallon-bonnevaux\/\" \/>\n<meta property=\"og:site_name\" content=\"VB Mag\" \/>\n<meta property=\"article:publisher\" content=\"https:\/\/www.facebook.com\/lyceevallonbonnevaux\" \/>\n<meta property=\"article:published_time\" content=\"2025-03-28T11:43:50+00:00\" \/>\n<meta property=\"article:modified_time\" content=\"2025-03-28T11:47:36+00:00\" \/>\n<meta property=\"og:image\" content=\"https:\/\/www.vallon-bonnevaux.fr\/vbmag\/wp-content\/uploads\/2025\/03\/Accueil-Vente-Magasin-Pedagogique-CAP-SAPVER-rotated.jpeg\" \/>\n\t<meta property=\"og:image:width\" content=\"600\" \/>\n\t<meta property=\"og:image:height\" content=\"800\" \/>\n\t<meta property=\"og:image:type\" content=\"image\/jpeg\" \/>\n<meta name=\"author\" content=\"VBCommunication\" \/>\n<meta name=\"twitter:card\" content=\"summary_large_image\" \/>\n<meta name=\"twitter:label1\" content=\"\u00c9crit par\" \/>\n\t<meta name=\"twitter:data1\" content=\"VBCommunication\" \/>\n\t<meta name=\"twitter:label2\" content=\"Dur\u00e9e de lecture estim\u00e9e\" \/>\n\t<meta name=\"twitter:data2\" content=\"3 minutes\" \/>\n<script type=\"application\/ld+json\" class=\"yoast-schema-graph\">{\"@context\":\"https:\/\/schema.org\",\"@graph\":[{\"@type\":\"Article\",\"@id\":\"https:\/\/www.vallon-bonnevaux.fr\/vbmag\/le-cap-sapver-met-la-vente-a-lhonneur-au-lycee-vallon-bonnevaux\/#article\",\"isPartOf\":{\"@id\":\"https:\/\/www.vallon-bonnevaux.fr\/vbmag\/le-cap-sapver-met-la-vente-a-lhonneur-au-lycee-vallon-bonnevaux\/\"},\"author\":{\"name\":\"VBCommunication\",\"@id\":\"https:\/\/www.vallon-bonnevaux.fr\/vbmag\/#\/schema\/person\/78d4bedf135508e9d2b8d343575fdd31\"},\"headline\":\"Le CAP SAPVER met la vente \u00e0 l&rsquo;honneur au lyc\u00e9e Vallon Bonnevaux\",\"datePublished\":\"2025-03-28T11:43:50+00:00\",\"dateModified\":\"2025-03-28T11:47:36+00:00\",\"mainEntityOfPage\":{\"@id\":\"https:\/\/www.vallon-bonnevaux.fr\/vbmag\/le-cap-sapver-met-la-vente-a-lhonneur-au-lycee-vallon-bonnevaux\/\"},\"wordCount\":536,\"commentCount\":0,\"publisher\":{\"@id\":\"https:\/\/www.vallon-bonnevaux.fr\/vbmag\/#organization\"},\"articleSection\":[\"Formation &amp; P\u00e9dagogie\"],\"inLanguage\":\"fr-FR\",\"potentialAction\":[{\"@type\":\"CommentAction\",\"name\":\"Comment\",\"target\":[\"https:\/\/www.vallon-bonnevaux.fr\/vbmag\/le-cap-sapver-met-la-vente-a-lhonneur-au-lycee-vallon-bonnevaux\/#respond\"]}]},{\"@type\":\"WebPage\",\"@id\":\"https:\/\/www.vallon-bonnevaux.fr\/vbmag\/le-cap-sapver-met-la-vente-a-lhonneur-au-lycee-vallon-bonnevaux\/\",\"url\":\"https:\/\/www.vallon-bonnevaux.fr\/vbmag\/le-cap-sapver-met-la-vente-a-lhonneur-au-lycee-vallon-bonnevaux\/\",\"name\":\"Le CAP SAPVER met la vente \u00e0 l'honneur au lyc\u00e9e Vallon Bonnevaux - VB Mag\",\"isPartOf\":{\"@id\":\"https:\/\/www.vallon-bonnevaux.fr\/vbmag\/#website\"},\"datePublished\":\"2025-03-28T11:43:50+00:00\",\"dateModified\":\"2025-03-28T11:47:36+00:00\",\"breadcrumb\":{\"@id\":\"https:\/\/www.vallon-bonnevaux.fr\/vbmag\/le-cap-sapver-met-la-vente-a-lhonneur-au-lycee-vallon-bonnevaux\/#breadcrumb\"},\"inLanguage\":\"fr-FR\",\"potentialAction\":[{\"@type\":\"ReadAction\",\"target\":[\"https:\/\/www.vallon-bonnevaux.fr\/vbmag\/le-cap-sapver-met-la-vente-a-lhonneur-au-lycee-vallon-bonnevaux\/\"]}]},{\"@type\":\"BreadcrumbList\",\"@id\":\"https:\/\/www.vallon-bonnevaux.fr\/vbmag\/le-cap-sapver-met-la-vente-a-lhonneur-au-lycee-vallon-bonnevaux\/#breadcrumb\",\"itemListElement\":[{\"@type\":\"ListItem\",\"position\":1,\"name\":\"Accueil\",\"item\":\"https:\/\/www.vallon-bonnevaux.fr\/vbmag\/\"},{\"@type\":\"ListItem\",\"position\":2,\"name\":\"Le CAP SAPVER met la vente \u00e0 l&rsquo;honneur au lyc\u00e9e Vallon Bonnevaux\"}]},{\"@type\":\"WebSite\",\"@id\":\"https:\/\/www.vallon-bonnevaux.fr\/vbmag\/#website\",\"url\":\"https:\/\/www.vallon-bonnevaux.fr\/vbmag\/\",\"name\":\"VBmag\",\"description\":\"\",\"publisher\":{\"@id\":\"https:\/\/www.vallon-bonnevaux.fr\/vbmag\/#organization\"},\"potentialAction\":[{\"@type\":\"SearchAction\",\"target\":{\"@type\":\"EntryPoint\",\"urlTemplate\":\"https:\/\/www.vallon-bonnevaux.fr\/vbmag\/?s={search_term_string}\"},\"query-input\":\"required name=search_term_string\"}],\"inLanguage\":\"fr-FR\"},{\"@type\":\"Organization\",\"@id\":\"https:\/\/www.vallon-bonnevaux.fr\/vbmag\/#organization\",\"name\":\"VBmag\",\"url\":\"https:\/\/www.vallon-bonnevaux.fr\/vbmag\/\",\"logo\":{\"@type\":\"ImageObject\",\"inLanguage\":\"fr-FR\",\"@id\":\"https:\/\/www.vallon-bonnevaux.fr\/vbmag\/#\/schema\/logo\/image\/\",\"url\":\"https:\/\/www.vallon-bonnevaux.fr\/vbmag\/wp-content\/uploads\/2023\/02\/Bonnevaux-logo-VBmag.png\",\"contentUrl\":\"https:\/\/www.vallon-bonnevaux.fr\/vbmag\/wp-content\/uploads\/2023\/02\/Bonnevaux-logo-VBmag.png\",\"width\":314,\"height\":143,\"caption\":\"VBmag\"},\"image\":{\"@id\":\"https:\/\/www.vallon-bonnevaux.fr\/vbmag\/#\/schema\/logo\/image\/\"},\"sameAs\":[\"https:\/\/www.facebook.com\/lyceevallonbonnevaux\",\"https:\/\/www.instagram.com\/lycee_vallon_bonnevaux\/\",\"https:\/\/www.linkedin.com\/company\/leap-le-vallon-les-bonnevaux\/?originalSubdomain=fr\"]},{\"@type\":\"Person\",\"@id\":\"https:\/\/www.vallon-bonnevaux.fr\/vbmag\/#\/schema\/person\/78d4bedf135508e9d2b8d343575fdd31\",\"name\":\"VBCommunication\",\"image\":{\"@type\":\"ImageObject\",\"inLanguage\":\"fr-FR\",\"@id\":\"https:\/\/www.vallon-bonnevaux.fr\/vbmag\/#\/schema\/person\/image\/\",\"url\":\"https:\/\/secure.gravatar.com\/avatar\/58fa64ce54dbedb7c6633693d600c884a245b0f97746903170fa62aae026cedc?s=96&d=mm&r=g\",\"contentUrl\":\"https:\/\/secure.gravatar.com\/avatar\/58fa64ce54dbedb7c6633693d600c884a245b0f97746903170fa62aae026cedc?s=96&d=mm&r=g\",\"caption\":\"VBCommunication\"},\"url\":\"https:\/\/www.vallon-bonnevaux.fr\/vbmag\/author\/vbcommunication\/\"}]}<\/script>\n<!-- \/ Yoast SEO plugin. -->","yoast_head_json":{"title":"Le CAP SAPVER met la vente \u00e0 l'honneur au lyc\u00e9e Vallon Bonnevaux - VB Mag","robots":{"index":"index","follow":"follow","max-snippet":"max-snippet:-1","max-image-preview":"max-image-preview:large","max-video-preview":"max-video-preview:-1"},"canonical":"https:\/\/www.vallon-bonnevaux.fr\/vbmag\/le-cap-sapver-met-la-vente-a-lhonneur-au-lycee-vallon-bonnevaux\/","og_locale":"fr_FR","og_type":"article","og_title":"Le CAP SAPVER met la vente \u00e0 l'honneur au lyc\u00e9e Vallon Bonnevaux - VB Mag","og_description":"&nbsp; Le CAP SAPVER (Services aux Personnes et Vente en Espace Rural) est une formation professionnelle polyvalente, qui pr\u00e9pare les \u00e9l\u00e8ves aux m\u00e9tiers de la vente [\u2026]","og_url":"https:\/\/www.vallon-bonnevaux.fr\/vbmag\/le-cap-sapver-met-la-vente-a-lhonneur-au-lycee-vallon-bonnevaux\/","og_site_name":"VB Mag","article_publisher":"https:\/\/www.facebook.com\/lyceevallonbonnevaux","article_published_time":"2025-03-28T11:43:50+00:00","article_modified_time":"2025-03-28T11:47:36+00:00","og_image":[{"width":600,"height":800,"url":"https:\/\/www.vallon-bonnevaux.fr\/vbmag\/wp-content\/uploads\/2025\/03\/Accueil-Vente-Magasin-Pedagogique-CAP-SAPVER-rotated.jpeg","type":"image\/jpeg"}],"author":"VBCommunication","twitter_card":"summary_large_image","twitter_misc":{"\u00c9crit par":"VBCommunication","Dur\u00e9e de lecture estim\u00e9e":"3 minutes"},"schema":{"@context":"https:\/\/schema.org","@graph":[{"@type":"Article","@id":"https:\/\/www.vallon-bonnevaux.fr\/vbmag\/le-cap-sapver-met-la-vente-a-lhonneur-au-lycee-vallon-bonnevaux\/#article","isPartOf":{"@id":"https:\/\/www.vallon-bonnevaux.fr\/vbmag\/le-cap-sapver-met-la-vente-a-lhonneur-au-lycee-vallon-bonnevaux\/"},"author":{"name":"VBCommunication","@id":"https:\/\/www.vallon-bonnevaux.fr\/vbmag\/#\/schema\/person\/78d4bedf135508e9d2b8d343575fdd31"},"headline":"Le CAP SAPVER met la vente \u00e0 l&rsquo;honneur au lyc\u00e9e Vallon Bonnevaux","datePublished":"2025-03-28T11:43:50+00:00","dateModified":"2025-03-28T11:47:36+00:00","mainEntityOfPage":{"@id":"https:\/\/www.vallon-bonnevaux.fr\/vbmag\/le-cap-sapver-met-la-vente-a-lhonneur-au-lycee-vallon-bonnevaux\/"},"wordCount":536,"commentCount":0,"publisher":{"@id":"https:\/\/www.vallon-bonnevaux.fr\/vbmag\/#organization"},"articleSection":["Formation &amp; P\u00e9dagogie"],"inLanguage":"fr-FR","potentialAction":[{"@type":"CommentAction","name":"Comment","target":["https:\/\/www.vallon-bonnevaux.fr\/vbmag\/le-cap-sapver-met-la-vente-a-lhonneur-au-lycee-vallon-bonnevaux\/#respond"]}]},{"@type":"WebPage","@id":"https:\/\/www.vallon-bonnevaux.fr\/vbmag\/le-cap-sapver-met-la-vente-a-lhonneur-au-lycee-vallon-bonnevaux\/","url":"https:\/\/www.vallon-bonnevaux.fr\/vbmag\/le-cap-sapver-met-la-vente-a-lhonneur-au-lycee-vallon-bonnevaux\/","name":"Le CAP SAPVER met la vente \u00e0 l'honneur au lyc\u00e9e Vallon Bonnevaux - VB Mag","isPartOf":{"@id":"https:\/\/www.vallon-bonnevaux.fr\/vbmag\/#website"},"datePublished":"2025-03-28T11:43:50+00:00","dateModified":"2025-03-28T11:47:36+00:00","breadcrumb":{"@id":"https:\/\/www.vallon-bonnevaux.fr\/vbmag\/le-cap-sapver-met-la-vente-a-lhonneur-au-lycee-vallon-bonnevaux\/#breadcrumb"},"inLanguage":"fr-FR","potentialAction":[{"@type":"ReadAction","target":["https:\/\/www.vallon-bonnevaux.fr\/vbmag\/le-cap-sapver-met-la-vente-a-lhonneur-au-lycee-vallon-bonnevaux\/"]}]},{"@type":"BreadcrumbList","@id":"https:\/\/www.vallon-bonnevaux.fr\/vbmag\/le-cap-sapver-met-la-vente-a-lhonneur-au-lycee-vallon-bonnevaux\/#breadcrumb","itemListElement":[{"@type":"ListItem","position":1,"name":"Accueil","item":"https:\/\/www.vallon-bonnevaux.fr\/vbmag\/"},{"@type":"ListItem","position":2,"name":"Le CAP SAPVER met la vente \u00e0 l&rsquo;honneur au lyc\u00e9e Vallon Bonnevaux"}]},{"@type":"WebSite","@id":"https:\/\/www.vallon-bonnevaux.fr\/vbmag\/#website","url":"https:\/\/www.vallon-bonnevaux.fr\/vbmag\/","name":"VBmag","description":"","publisher":{"@id":"https:\/\/www.vallon-bonnevaux.fr\/vbmag\/#organization"},"potentialAction":[{"@type":"SearchAction","target":{"@type":"EntryPoint","urlTemplate":"https:\/\/www.vallon-bonnevaux.fr\/vbmag\/?s={search_term_string}"},"query-input":"required name=search_term_string"}],"inLanguage":"fr-FR"},{"@type":"Organization","@id":"https:\/\/www.vallon-bonnevaux.fr\/vbmag\/#organization","name":"VBmag","url":"https:\/\/www.vallon-bonnevaux.fr\/vbmag\/","logo":{"@type":"ImageObject","inLanguage":"fr-FR","@id":"https:\/\/www.vallon-bonnevaux.fr\/vbmag\/#\/schema\/logo\/image\/","url":"https:\/\/www.vallon-bonnevaux.fr\/vbmag\/wp-content\/uploads\/2023\/02\/Bonnevaux-logo-VBmag.png","contentUrl":"https:\/\/www.vallon-bonnevaux.fr\/vbmag\/wp-content\/uploads\/2023\/02\/Bonnevaux-logo-VBmag.png","width":314,"height":143,"caption":"VBmag"},"image":{"@id":"https:\/\/www.vallon-bonnevaux.fr\/vbmag\/#\/schema\/logo\/image\/"},"sameAs":["https:\/\/www.facebook.com\/lyceevallonbonnevaux","https:\/\/www.instagram.com\/lycee_vallon_bonnevaux\/","https:\/\/www.linkedin.com\/company\/leap-le-vallon-les-bonnevaux\/?originalSubdomain=fr"]},{"@type":"Person","@id":"https:\/\/www.vallon-bonnevaux.fr\/vbmag\/#\/schema\/person\/78d4bedf135508e9d2b8d343575fdd31","name":"VBCommunication","image":{"@type":"ImageObject","inLanguage":"fr-FR","@id":"https:\/\/www.vallon-bonnevaux.fr\/vbmag\/#\/schema\/person\/image\/","url":"https:\/\/secure.gravatar.com\/avatar\/58fa64ce54dbedb7c6633693d600c884a245b0f97746903170fa62aae026cedc?s=96&d=mm&r=g","contentUrl":"https:\/\/secure.gravatar.com\/avatar\/58fa64ce54dbedb7c6633693d600c884a245b0f97746903170fa62aae026cedc?s=96&d=mm&r=g","caption":"VBCommunication"},"url":"https:\/\/www.vallon-bonnevaux.fr\/vbmag\/author\/vbcommunication\/"}]}},"_links":{"self":[{"href":"https:\/\/www.vallon-bonnevaux.fr\/vbmag\/wp-json\/wp\/v2\/posts\/2694","targetHints":{"allow":["GET"]}}],"collection":[{"href":"https:\/\/www.vallon-bonnevaux.fr\/vbmag\/wp-json\/wp\/v2\/posts"}],"about":[{"href":"https:\/\/www.vallon-bonnevaux.fr\/vbmag\/wp-json\/wp\/v2\/types\/post"}],"author":[{"embeddable":true,"href":"https:\/\/www.vallon-bonnevaux.fr\/vbmag\/wp-json\/wp\/v2\/users\/2"}],"replies":[{"embeddable":true,"href":"https:\/\/www.vallon-bonnevaux.fr\/vbmag\/wp-json\/wp\/v2\/comments?post=2694"}],"version-history":[{"count":2,"href":"https:\/\/www.vallon-bonnevaux.fr\/vbmag\/wp-json\/wp\/v2\/posts\/2694\/revisions"}],"predecessor-version":[{"id":2699,"href":"https:\/\/www.vallon-bonnevaux.fr\/vbmag\/wp-json\/wp\/v2\/posts\/2694\/revisions\/2699"}],"wp:featuredmedia":[{"embeddable":true,"href":"https:\/\/www.vallon-bonnevaux.fr\/vbmag\/wp-json\/wp\/v2\/media\/2698"}],"wp:attachment":[{"href":"https:\/\/www.vallon-bonnevaux.fr\/vbmag\/wp-json\/wp\/v2\/media?parent=2694"}],"wp:term":[{"taxonomy":"category","embeddable":true,"href":"https:\/\/www.vallon-bonnevaux.fr\/vbmag\/wp-json\/wp\/v2\/categories?post=2694"},{"taxonomy":"post_tag","embeddable":true,"href":"https:\/\/www.vallon-bonnevaux.fr\/vbmag\/wp-json\/wp\/v2\/tags?post=2694"}],"curies":[{"name":"wp","href":"https:\/\/api.w.org\/{rel}","templated":true}]}}