{"id":2700,"date":"2025-03-31T21:46:06","date_gmt":"2025-03-31T19:46:06","guid":{"rendered":"https:\/\/www.vallon-bonnevaux.fr\/vbmag\/?p=2700"},"modified":"2025-03-31T21:46:06","modified_gmt":"2025-03-31T19:46:06","slug":"formation-aide-soignant-et-auxiliaire-de-puericulture-en-apprentissage-au-lycee-vallon-bonnevaux","status":"publish","type":"post","link":"https:\/\/www.vallon-bonnevaux.fr\/vbmag\/formation-aide-soignant-et-auxiliaire-de-puericulture-en-apprentissage-au-lycee-vallon-bonnevaux\/","title":{"rendered":"Formation Aide-Soignant et Auxiliaire de Pu\u00e9riculture en apprentissage au Lyc\u00e9e Vallon Bonnevaux"},"content":{"rendered":"<h3 class=\"\" data-start=\"1437\" data-end=\"1498\">Une formation professionnalisante \u00e0 Saint Jean de Bournay<\/h3>\n<p class=\"\" data-start=\"1500\" data-end=\"1884\">Le <strong data-start=\"1503\" data-end=\"1529\">Lyc\u00e9e Vallon Bonnevaux<\/strong>, situ\u00e9 \u00e0 <strong data-start=\"1539\" data-end=\"1564\">Saint Jean de Bournay<\/strong> dans le d\u00e9partement de l\u2019<strong data-start=\"1590\" data-end=\"1604\">Is\u00e8re (38)<\/strong>, propose depuis 2023 des <strong data-start=\"1630\" data-end=\"1661\">formations en apprentissage<\/strong> pour devenir <strong data-start=\"1675\" data-end=\"1692\">Aide-Soignant<\/strong> ou <strong data-start=\"1696\" data-end=\"1726\">Auxiliaire de Pu\u00e9riculture<\/strong>. Ces parcours professionnalisants s\u2019adressent \u00e0 tous ceux qui souhaitent s&rsquo;engager dans les m\u00e9tiers du <strong data-start=\"1830\" data-end=\"1883\">soin, de l&rsquo;accompagnement et de la petite enfance<\/strong>.<\/p>\n<h3 class=\"\" data-start=\"1886\" data-end=\"1942\">Apprendre un m\u00e9tier de sant\u00e9 gr\u00e2ce \u00e0 l\u2019apprentissage<\/h3>\n<p class=\"\" data-start=\"1944\" data-end=\"2331\">La formation, d\u2019une dur\u00e9e de <strong data-start=\"1973\" data-end=\"1984\">18 mois<\/strong>, alterne <strong data-start=\"1994\" data-end=\"2014\">cours th\u00e9oriques<\/strong> en institut et <strong data-start=\"2030\" data-end=\"2066\">p\u00e9riodes en milieu professionnel<\/strong> (h\u00f4pitaux, EHPAD, structures m\u00e9dico-sociales, cr\u00e8ches, etc.). Ce rythme en alternance permet aux apprentis de d\u00e9velopper des <strong data-start=\"2192\" data-end=\"2217\">comp\u00e9tences pratiques<\/strong> et relationnelles solides, indispensables pour r\u00e9ussir dans les secteurs du <strong data-start=\"2294\" data-end=\"2302\">soin<\/strong> et de la <strong data-start=\"2312\" data-end=\"2330\">petite enfance<\/strong>.<\/p>\n<h3 class=\"\" data-start=\"2333\" data-end=\"2376\">Une insertion professionnelle facilit\u00e9e<\/h3>\n<p class=\"\" data-start=\"2378\" data-end=\"2753\">Gr\u00e2ce \u00e0 l\u2019<strong data-start=\"2388\" data-end=\"2405\">apprentissage<\/strong>, les \u00e9l\u00e8ves b\u00e9n\u00e9ficient d\u2019une <strong data-start=\"2436\" data-end=\"2488\">int\u00e9gration progressive dans le monde du travail<\/strong>. \u00c0 l\u2019issue du cursus, la majorit\u00e9 d\u2019entre eux re\u00e7oivent d\u00e9j\u00e0 des <strong data-start=\"2554\" data-end=\"2581\">propositions d\u2019embauche<\/strong>. Le lyc\u00e9e entretient des <strong data-start=\"2607\" data-end=\"2659\">partenariats solides avec les structures locales<\/strong> (Is\u00e8re, Auvergne-Rh\u00f4ne-Alpes), ce qui facilite l\u2019acc\u00e8s \u00e0 l\u2019emploi d\u00e8s l\u2019obtention du dipl\u00f4me.<\/p>\n<h3 class=\"\" data-start=\"2755\" data-end=\"2800\">Une premi\u00e8re promotion motiv\u00e9e et engag\u00e9e<\/h3>\n<p class=\"\" data-start=\"2802\" data-end=\"3082\">La premi\u00e8re promotion a d\u00e9marr\u00e9 en <strong data-start=\"2837\" data-end=\"2850\">ao\u00fbt 2023<\/strong> et a termin\u00e9 ses cours en <strong data-start=\"2877\" data-end=\"2893\">f\u00e9vrier 2025<\/strong>. Les \u00e9tudiants attendent d\u00e9sormais la <strong data-start=\"2932\" data-end=\"2975\">validation de leur dipl\u00f4me par la DRETS<\/strong> (Direction R\u00e9gionale de l&rsquo;\u00c9conomie, de l&rsquo;Emploi, du Travail et des Solidarit\u00e9s), pr\u00e9vue en <strong data-start=\"3067\" data-end=\"3081\">avril 2025<\/strong>.<\/p>\n<h3 class=\"\" data-start=\"3084\" data-end=\"3132\">Pourquoi choisir le Lyc\u00e9e Vallon Bonnevaux ?<\/h3>\n<ul data-start=\"3134\" data-end=\"3373\">\n<li class=\"\" data-start=\"3134\" data-end=\"3193\">\n<p class=\"\" data-start=\"3136\" data-end=\"3193\">Un \u00e9tablissement reconnu dans la formation m\u00e9dico-sociale<\/p>\n<\/li>\n<li class=\"\" data-start=\"3194\" data-end=\"3230\">\n<p class=\"\" data-start=\"3196\" data-end=\"3230\">Des \u00e9quipes p\u00e9dagogiques investies<\/p>\n<\/li>\n<li class=\"\" data-start=\"3231\" data-end=\"3291\">\n<p class=\"\" data-start=\"3233\" data-end=\"3291\">Un r\u00e9seau de structures partenaires sur tout le territoire<\/p>\n<\/li>\n<li class=\"\" data-start=\"3292\" data-end=\"3373\">\n<p class=\"\" data-start=\"3294\" data-end=\"3373\">Une localisation id\u00e9ale entre <strong data-start=\"3324\" data-end=\"3344\">Bourgoin-Jallieu<\/strong>, <strong data-start=\"3346\" data-end=\"3356\">Vienne<\/strong>, et <strong data-start=\"3361\" data-end=\"3373\">Grenoble<\/strong><\/p>\n<\/li>\n<\/ul>\n<hr class=\"\" data-start=\"3375\" data-end=\"3378\" \/>\n<p class=\"\" data-start=\"3380\" data-end=\"3503\">\ud83c\udf93 Pour plus d\u2019informations, consultez notre site :<br data-start=\"3431\" data-end=\"3434\" \/>\ud83d\udc49 <a class=\"\" href=\"#\" rel=\"noopener\" data-start=\"3437\" data-end=\"3503\">www.lyceevallonbonnevaux.fr\/formations-sanitaires-et-sociales<\/a><\/p>\n","protected":false},"excerpt":{"rendered":"<p>Une formation professionnalisante \u00e0 Saint Jean de Bournay Le Lyc\u00e9e Vallon Bonnevaux, situ\u00e9 \u00e0 Saint Jean de Bournay dans le d\u00e9partement de l\u2019Is\u00e8re (38), propose depuis<span class=\"excerpt-hellip\"> [\u2026]<\/span><\/p>\n","protected":false},"author":2,"featured_media":2704,"comment_status":"open","ping_status":"open","sticky":false,"template":"","format":"standard","meta":{"_mi_skip_tracking":false,"_monsterinsights_sitenote_active":false,"_monsterinsights_sitenote_note":"","_monsterinsights_sitenote_category":0,"footnotes":""},"categories":[3],"tags":[],"class_list":["post-2700","post","type-post","status-publish","format-standard","has-post-thumbnail","hentry","category-formation-pedagogie"],"yoast_head":"<!-- This site is optimized with the Yoast SEO plugin v20.8 - https:\/\/yoast.com\/wordpress\/plugins\/seo\/ -->\n<title>Formation Aide-Soignant et Auxiliaire de Pu\u00e9riculture en apprentissage au Lyc\u00e9e Vallon Bonnevaux - VB Mag<\/title>\n<meta name=\"robots\" content=\"index, follow, max-snippet:-1, max-image-preview:large, max-video-preview:-1\" \/>\n<link rel=\"canonical\" href=\"https:\/\/www.vallon-bonnevaux.fr\/vbmag\/formation-aide-soignant-et-auxiliaire-de-puericulture-en-apprentissage-au-lycee-vallon-bonnevaux\/\" \/>\n<meta property=\"og:locale\" content=\"fr_FR\" \/>\n<meta property=\"og:type\" content=\"article\" \/>\n<meta property=\"og:title\" content=\"Formation Aide-Soignant et Auxiliaire de Pu\u00e9riculture en apprentissage au Lyc\u00e9e Vallon Bonnevaux - VB Mag\" \/>\n<meta property=\"og:description\" content=\"Une formation professionnalisante \u00e0 Saint Jean de Bournay Le Lyc\u00e9e Vallon Bonnevaux, situ\u00e9 \u00e0 Saint Jean de Bournay dans le d\u00e9partement de l\u2019Is\u00e8re (38), propose depuis [\u2026]\" \/>\n<meta property=\"og:url\" content=\"https:\/\/www.vallon-bonnevaux.fr\/vbmag\/formation-aide-soignant-et-auxiliaire-de-puericulture-en-apprentissage-au-lycee-vallon-bonnevaux\/\" \/>\n<meta property=\"og:site_name\" content=\"VB Mag\" \/>\n<meta property=\"article:publisher\" content=\"https:\/\/www.facebook.com\/lyceevallonbonnevaux\" \/>\n<meta property=\"article:published_time\" content=\"2025-03-31T19:46:06+00:00\" \/>\n<meta property=\"og:image\" content=\"https:\/\/www.vallon-bonnevaux.fr\/vbmag\/wp-content\/uploads\/2025\/03\/Formation-Aide-soignante-et-auxiliaire-puericultrice.jpg\" \/>\n\t<meta property=\"og:image:width\" content=\"800\" \/>\n\t<meta property=\"og:image:height\" content=\"600\" \/>\n\t<meta property=\"og:image:type\" content=\"image\/jpeg\" \/>\n<meta name=\"author\" content=\"VBCommunication\" \/>\n<meta name=\"twitter:card\" content=\"summary_large_image\" \/>\n<meta name=\"twitter:label1\" content=\"\u00c9crit par\" \/>\n\t<meta name=\"twitter:data1\" content=\"VBCommunication\" \/>\n\t<meta name=\"twitter:label2\" content=\"Dur\u00e9e de lecture estim\u00e9e\" \/>\n\t<meta name=\"twitter:data2\" content=\"2 minutes\" \/>\n<script type=\"application\/ld+json\" class=\"yoast-schema-graph\">{\"@context\":\"https:\/\/schema.org\",\"@graph\":[{\"@type\":\"Article\",\"@id\":\"https:\/\/www.vallon-bonnevaux.fr\/vbmag\/formation-aide-soignant-et-auxiliaire-de-puericulture-en-apprentissage-au-lycee-vallon-bonnevaux\/#article\",\"isPartOf\":{\"@id\":\"https:\/\/www.vallon-bonnevaux.fr\/vbmag\/formation-aide-soignant-et-auxiliaire-de-puericulture-en-apprentissage-au-lycee-vallon-bonnevaux\/\"},\"author\":{\"name\":\"VBCommunication\",\"@id\":\"https:\/\/www.vallon-bonnevaux.fr\/vbmag\/#\/schema\/person\/78d4bedf135508e9d2b8d343575fdd31\"},\"headline\":\"Formation Aide-Soignant et Auxiliaire de Pu\u00e9riculture en apprentissage au Lyc\u00e9e Vallon Bonnevaux\",\"datePublished\":\"2025-03-31T19:46:06+00:00\",\"dateModified\":\"2025-03-31T19:46:06+00:00\",\"mainEntityOfPage\":{\"@id\":\"https:\/\/www.vallon-bonnevaux.fr\/vbmag\/formation-aide-soignant-et-auxiliaire-de-puericulture-en-apprentissage-au-lycee-vallon-bonnevaux\/\"},\"wordCount\":330,\"commentCount\":0,\"publisher\":{\"@id\":\"https:\/\/www.vallon-bonnevaux.fr\/vbmag\/#organization\"},\"articleSection\":[\"Formation &amp; P\u00e9dagogie\"],\"inLanguage\":\"fr-FR\",\"potentialAction\":[{\"@type\":\"CommentAction\",\"name\":\"Comment\",\"target\":[\"https:\/\/www.vallon-bonnevaux.fr\/vbmag\/formation-aide-soignant-et-auxiliaire-de-puericulture-en-apprentissage-au-lycee-vallon-bonnevaux\/#respond\"]}]},{\"@type\":\"WebPage\",\"@id\":\"https:\/\/www.vallon-bonnevaux.fr\/vbmag\/formation-aide-soignant-et-auxiliaire-de-puericulture-en-apprentissage-au-lycee-vallon-bonnevaux\/\",\"url\":\"https:\/\/www.vallon-bonnevaux.fr\/vbmag\/formation-aide-soignant-et-auxiliaire-de-puericulture-en-apprentissage-au-lycee-vallon-bonnevaux\/\",\"name\":\"Formation Aide-Soignant et Auxiliaire de Pu\u00e9riculture en apprentissage au Lyc\u00e9e Vallon Bonnevaux - VB Mag\",\"isPartOf\":{\"@id\":\"https:\/\/www.vallon-bonnevaux.fr\/vbmag\/#website\"},\"datePublished\":\"2025-03-31T19:46:06+00:00\",\"dateModified\":\"2025-03-31T19:46:06+00:00\",\"breadcrumb\":{\"@id\":\"https:\/\/www.vallon-bonnevaux.fr\/vbmag\/formation-aide-soignant-et-auxiliaire-de-puericulture-en-apprentissage-au-lycee-vallon-bonnevaux\/#breadcrumb\"},\"inLanguage\":\"fr-FR\",\"potentialAction\":[{\"@type\":\"ReadAction\",\"target\":[\"https:\/\/www.vallon-bonnevaux.fr\/vbmag\/formation-aide-soignant-et-auxiliaire-de-puericulture-en-apprentissage-au-lycee-vallon-bonnevaux\/\"]}]},{\"@type\":\"BreadcrumbList\",\"@id\":\"https:\/\/www.vallon-bonnevaux.fr\/vbmag\/formation-aide-soignant-et-auxiliaire-de-puericulture-en-apprentissage-au-lycee-vallon-bonnevaux\/#breadcrumb\",\"itemListElement\":[{\"@type\":\"ListItem\",\"position\":1,\"name\":\"Accueil\",\"item\":\"https:\/\/www.vallon-bonnevaux.fr\/vbmag\/\"},{\"@type\":\"ListItem\",\"position\":2,\"name\":\"Formation Aide-Soignant et Auxiliaire de Pu\u00e9riculture en apprentissage au Lyc\u00e9e Vallon Bonnevaux\"}]},{\"@type\":\"WebSite\",\"@id\":\"https:\/\/www.vallon-bonnevaux.fr\/vbmag\/#website\",\"url\":\"https:\/\/www.vallon-bonnevaux.fr\/vbmag\/\",\"name\":\"VBmag\",\"description\":\"\",\"publisher\":{\"@id\":\"https:\/\/www.vallon-bonnevaux.fr\/vbmag\/#organization\"},\"potentialAction\":[{\"@type\":\"SearchAction\",\"target\":{\"@type\":\"EntryPoint\",\"urlTemplate\":\"https:\/\/www.vallon-bonnevaux.fr\/vbmag\/?s={search_term_string}\"},\"query-input\":\"required name=search_term_string\"}],\"inLanguage\":\"fr-FR\"},{\"@type\":\"Organization\",\"@id\":\"https:\/\/www.vallon-bonnevaux.fr\/vbmag\/#organization\",\"name\":\"VBmag\",\"url\":\"https:\/\/www.vallon-bonnevaux.fr\/vbmag\/\",\"logo\":{\"@type\":\"ImageObject\",\"inLanguage\":\"fr-FR\",\"@id\":\"https:\/\/www.vallon-bonnevaux.fr\/vbmag\/#\/schema\/logo\/image\/\",\"url\":\"https:\/\/www.vallon-bonnevaux.fr\/vbmag\/wp-content\/uploads\/2023\/02\/Bonnevaux-logo-VBmag.png\",\"contentUrl\":\"https:\/\/www.vallon-bonnevaux.fr\/vbmag\/wp-content\/uploads\/2023\/02\/Bonnevaux-logo-VBmag.png\",\"width\":314,\"height\":143,\"caption\":\"VBmag\"},\"image\":{\"@id\":\"https:\/\/www.vallon-bonnevaux.fr\/vbmag\/#\/schema\/logo\/image\/\"},\"sameAs\":[\"https:\/\/www.facebook.com\/lyceevallonbonnevaux\",\"https:\/\/www.instagram.com\/lycee_vallon_bonnevaux\/\",\"https:\/\/www.linkedin.com\/company\/leap-le-vallon-les-bonnevaux\/?originalSubdomain=fr\"]},{\"@type\":\"Person\",\"@id\":\"https:\/\/www.vallon-bonnevaux.fr\/vbmag\/#\/schema\/person\/78d4bedf135508e9d2b8d343575fdd31\",\"name\":\"VBCommunication\",\"image\":{\"@type\":\"ImageObject\",\"inLanguage\":\"fr-FR\",\"@id\":\"https:\/\/www.vallon-bonnevaux.fr\/vbmag\/#\/schema\/person\/image\/\",\"url\":\"https:\/\/secure.gravatar.com\/avatar\/58fa64ce54dbedb7c6633693d600c884a245b0f97746903170fa62aae026cedc?s=96&d=mm&r=g\",\"contentUrl\":\"https:\/\/secure.gravatar.com\/avatar\/58fa64ce54dbedb7c6633693d600c884a245b0f97746903170fa62aae026cedc?s=96&d=mm&r=g\",\"caption\":\"VBCommunication\"},\"url\":\"https:\/\/www.vallon-bonnevaux.fr\/vbmag\/author\/vbcommunication\/\"}]}<\/script>\n<!-- \/ Yoast SEO plugin. -->","yoast_head_json":{"title":"Formation Aide-Soignant et Auxiliaire de Pu\u00e9riculture en apprentissage au Lyc\u00e9e Vallon Bonnevaux - VB Mag","robots":{"index":"index","follow":"follow","max-snippet":"max-snippet:-1","max-image-preview":"max-image-preview:large","max-video-preview":"max-video-preview:-1"},"canonical":"https:\/\/www.vallon-bonnevaux.fr\/vbmag\/formation-aide-soignant-et-auxiliaire-de-puericulture-en-apprentissage-au-lycee-vallon-bonnevaux\/","og_locale":"fr_FR","og_type":"article","og_title":"Formation Aide-Soignant et Auxiliaire de Pu\u00e9riculture en apprentissage au Lyc\u00e9e Vallon Bonnevaux - VB Mag","og_description":"Une formation professionnalisante \u00e0 Saint Jean de Bournay Le Lyc\u00e9e Vallon Bonnevaux, situ\u00e9 \u00e0 Saint Jean de Bournay dans le d\u00e9partement de l\u2019Is\u00e8re (38), propose depuis [\u2026]","og_url":"https:\/\/www.vallon-bonnevaux.fr\/vbmag\/formation-aide-soignant-et-auxiliaire-de-puericulture-en-apprentissage-au-lycee-vallon-bonnevaux\/","og_site_name":"VB Mag","article_publisher":"https:\/\/www.facebook.com\/lyceevallonbonnevaux","article_published_time":"2025-03-31T19:46:06+00:00","og_image":[{"width":800,"height":600,"url":"https:\/\/www.vallon-bonnevaux.fr\/vbmag\/wp-content\/uploads\/2025\/03\/Formation-Aide-soignante-et-auxiliaire-puericultrice.jpg","type":"image\/jpeg"}],"author":"VBCommunication","twitter_card":"summary_large_image","twitter_misc":{"\u00c9crit par":"VBCommunication","Dur\u00e9e de lecture estim\u00e9e":"2 minutes"},"schema":{"@context":"https:\/\/schema.org","@graph":[{"@type":"Article","@id":"https:\/\/www.vallon-bonnevaux.fr\/vbmag\/formation-aide-soignant-et-auxiliaire-de-puericulture-en-apprentissage-au-lycee-vallon-bonnevaux\/#article","isPartOf":{"@id":"https:\/\/www.vallon-bonnevaux.fr\/vbmag\/formation-aide-soignant-et-auxiliaire-de-puericulture-en-apprentissage-au-lycee-vallon-bonnevaux\/"},"author":{"name":"VBCommunication","@id":"https:\/\/www.vallon-bonnevaux.fr\/vbmag\/#\/schema\/person\/78d4bedf135508e9d2b8d343575fdd31"},"headline":"Formation Aide-Soignant et Auxiliaire de Pu\u00e9riculture en apprentissage au Lyc\u00e9e Vallon Bonnevaux","datePublished":"2025-03-31T19:46:06+00:00","dateModified":"2025-03-31T19:46:06+00:00","mainEntityOfPage":{"@id":"https:\/\/www.vallon-bonnevaux.fr\/vbmag\/formation-aide-soignant-et-auxiliaire-de-puericulture-en-apprentissage-au-lycee-vallon-bonnevaux\/"},"wordCount":330,"commentCount":0,"publisher":{"@id":"https:\/\/www.vallon-bonnevaux.fr\/vbmag\/#organization"},"articleSection":["Formation &amp; P\u00e9dagogie"],"inLanguage":"fr-FR","potentialAction":[{"@type":"CommentAction","name":"Comment","target":["https:\/\/www.vallon-bonnevaux.fr\/vbmag\/formation-aide-soignant-et-auxiliaire-de-puericulture-en-apprentissage-au-lycee-vallon-bonnevaux\/#respond"]}]},{"@type":"WebPage","@id":"https:\/\/www.vallon-bonnevaux.fr\/vbmag\/formation-aide-soignant-et-auxiliaire-de-puericulture-en-apprentissage-au-lycee-vallon-bonnevaux\/","url":"https:\/\/www.vallon-bonnevaux.fr\/vbmag\/formation-aide-soignant-et-auxiliaire-de-puericulture-en-apprentissage-au-lycee-vallon-bonnevaux\/","name":"Formation Aide-Soignant et Auxiliaire de Pu\u00e9riculture en apprentissage au Lyc\u00e9e Vallon Bonnevaux - VB Mag","isPartOf":{"@id":"https:\/\/www.vallon-bonnevaux.fr\/vbmag\/#website"},"datePublished":"2025-03-31T19:46:06+00:00","dateModified":"2025-03-31T19:46:06+00:00","breadcrumb":{"@id":"https:\/\/www.vallon-bonnevaux.fr\/vbmag\/formation-aide-soignant-et-auxiliaire-de-puericulture-en-apprentissage-au-lycee-vallon-bonnevaux\/#breadcrumb"},"inLanguage":"fr-FR","potentialAction":[{"@type":"ReadAction","target":["https:\/\/www.vallon-bonnevaux.fr\/vbmag\/formation-aide-soignant-et-auxiliaire-de-puericulture-en-apprentissage-au-lycee-vallon-bonnevaux\/"]}]},{"@type":"BreadcrumbList","@id":"https:\/\/www.vallon-bonnevaux.fr\/vbmag\/formation-aide-soignant-et-auxiliaire-de-puericulture-en-apprentissage-au-lycee-vallon-bonnevaux\/#breadcrumb","itemListElement":[{"@type":"ListItem","position":1,"name":"Accueil","item":"https:\/\/www.vallon-bonnevaux.fr\/vbmag\/"},{"@type":"ListItem","position":2,"name":"Formation Aide-Soignant et Auxiliaire de Pu\u00e9riculture en apprentissage au Lyc\u00e9e Vallon Bonnevaux"}]},{"@type":"WebSite","@id":"https:\/\/www.vallon-bonnevaux.fr\/vbmag\/#website","url":"https:\/\/www.vallon-bonnevaux.fr\/vbmag\/","name":"VBmag","description":"","publisher":{"@id":"https:\/\/www.vallon-bonnevaux.fr\/vbmag\/#organization"},"potentialAction":[{"@type":"SearchAction","target":{"@type":"EntryPoint","urlTemplate":"https:\/\/www.vallon-bonnevaux.fr\/vbmag\/?s={search_term_string}"},"query-input":"required name=search_term_string"}],"inLanguage":"fr-FR"},{"@type":"Organization","@id":"https:\/\/www.vallon-bonnevaux.fr\/vbmag\/#organization","name":"VBmag","url":"https:\/\/www.vallon-bonnevaux.fr\/vbmag\/","logo":{"@type":"ImageObject","inLanguage":"fr-FR","@id":"https:\/\/www.vallon-bonnevaux.fr\/vbmag\/#\/schema\/logo\/image\/","url":"https:\/\/www.vallon-bonnevaux.fr\/vbmag\/wp-content\/uploads\/2023\/02\/Bonnevaux-logo-VBmag.png","contentUrl":"https:\/\/www.vallon-bonnevaux.fr\/vbmag\/wp-content\/uploads\/2023\/02\/Bonnevaux-logo-VBmag.png","width":314,"height":143,"caption":"VBmag"},"image":{"@id":"https:\/\/www.vallon-bonnevaux.fr\/vbmag\/#\/schema\/logo\/image\/"},"sameAs":["https:\/\/www.facebook.com\/lyceevallonbonnevaux","https:\/\/www.instagram.com\/lycee_vallon_bonnevaux\/","https:\/\/www.linkedin.com\/company\/leap-le-vallon-les-bonnevaux\/?originalSubdomain=fr"]},{"@type":"Person","@id":"https:\/\/www.vallon-bonnevaux.fr\/vbmag\/#\/schema\/person\/78d4bedf135508e9d2b8d343575fdd31","name":"VBCommunication","image":{"@type":"ImageObject","inLanguage":"fr-FR","@id":"https:\/\/www.vallon-bonnevaux.fr\/vbmag\/#\/schema\/person\/image\/","url":"https:\/\/secure.gravatar.com\/avatar\/58fa64ce54dbedb7c6633693d600c884a245b0f97746903170fa62aae026cedc?s=96&d=mm&r=g","contentUrl":"https:\/\/secure.gravatar.com\/avatar\/58fa64ce54dbedb7c6633693d600c884a245b0f97746903170fa62aae026cedc?s=96&d=mm&r=g","caption":"VBCommunication"},"url":"https:\/\/www.vallon-bonnevaux.fr\/vbmag\/author\/vbcommunication\/"}]}},"_links":{"self":[{"href":"https:\/\/www.vallon-bonnevaux.fr\/vbmag\/wp-json\/wp\/v2\/posts\/2700","targetHints":{"allow":["GET"]}}],"collection":[{"href":"https:\/\/www.vallon-bonnevaux.fr\/vbmag\/wp-json\/wp\/v2\/posts"}],"about":[{"href":"https:\/\/www.vallon-bonnevaux.fr\/vbmag\/wp-json\/wp\/v2\/types\/post"}],"author":[{"embeddable":true,"href":"https:\/\/www.vallon-bonnevaux.fr\/vbmag\/wp-json\/wp\/v2\/users\/2"}],"replies":[{"embeddable":true,"href":"https:\/\/www.vallon-bonnevaux.fr\/vbmag\/wp-json\/wp\/v2\/comments?post=2700"}],"version-history":[{"count":2,"href":"https:\/\/www.vallon-bonnevaux.fr\/vbmag\/wp-json\/wp\/v2\/posts\/2700\/revisions"}],"predecessor-version":[{"id":2705,"href":"https:\/\/www.vallon-bonnevaux.fr\/vbmag\/wp-json\/wp\/v2\/posts\/2700\/revisions\/2705"}],"wp:featuredmedia":[{"embeddable":true,"href":"https:\/\/www.vallon-bonnevaux.fr\/vbmag\/wp-json\/wp\/v2\/media\/2704"}],"wp:attachment":[{"href":"https:\/\/www.vallon-bonnevaux.fr\/vbmag\/wp-json\/wp\/v2\/media?parent=2700"}],"wp:term":[{"taxonomy":"category","embeddable":true,"href":"https:\/\/www.vallon-bonnevaux.fr\/vbmag\/wp-json\/wp\/v2\/categories?post=2700"},{"taxonomy":"post_tag","embeddable":true,"href":"https:\/\/www.vallon-bonnevaux.fr\/vbmag\/wp-json\/wp\/v2\/tags?post=2700"}],"curies":[{"name":"wp","href":"https:\/\/api.w.org\/{rel}","templated":true}]}}