{"id":2709,"date":"2025-04-04T15:51:39","date_gmt":"2025-04-04T13:51:39","guid":{"rendered":"https:\/\/www.vallon-bonnevaux.fr\/vbmag\/?p=2709"},"modified":"2025-04-04T16:00:39","modified_gmt":"2025-04-04T14:00:39","slug":"%f0%9f%8c%90-intelligence-artificielle-generative-conference-et-formation-au-lycee-vallon-bonnevaux","status":"publish","type":"post","link":"https:\/\/www.vallon-bonnevaux.fr\/vbmag\/%f0%9f%8c%90-intelligence-artificielle-generative-conference-et-formation-au-lycee-vallon-bonnevaux\/","title":{"rendered":"\ud83c\udf10 Intelligence artificielle g\u00e9n\u00e9rative : conf\u00e9rence et formation au lyc\u00e9e Vallon Bonnevaux"},"content":{"rendered":"<p><strong>Conf\u00e9rence \u2013 d\u00e9bat ouverte \u00e0 tous le 17 avril \u00e0 19h au lyc\u00e9e Vallon Bonnevaux<\/strong><\/p>\n<p>Le lyc\u00e9e <strong>Vallon Bonnevaux<\/strong> poursuit son engagement en faveur d\u2019une \u00e9ducation en phase avec les enjeux de demain. \u00c0 ce titre, nous organisons le <strong>mercredi 17 avril \u00e0 19h<\/strong> une <strong>conf\u00e9rence-d\u00e9bat sur l\u2019intelligence artificielle g\u00e9n\u00e9rative<\/strong>, dans nos locaux situ\u00e9s au <strong>3 rue Jeanne d\u2019Arc \u00e0 Saint-Jean-de-Bournay<\/strong>.<br \/>\n<strong>Cette conf\u00e9rence est ouverte \u00e0 toutes et tous \u2013 entr\u00e9e libre.<\/strong><\/p>\n<p>Face \u00e0 l\u2019\u00e9volution rapide des technologies et \u00e0 la mont\u00e9e en puissance des outils d\u2019IA g\u00e9n\u00e9rative (comme ChatGPT, DALL\u00b7E ou encore Copilot), cette rencontre sera l\u2019occasion de <strong>comprendre, questionner et d\u00e9battre<\/strong> :<\/p>\n<ul>\n<li>Quels usages dans l\u2019\u00e9ducation, la formation, la gestion ?<\/li>\n<li>Quelles opportunit\u00e9s et quels risques ?<\/li>\n<li>Comment rester acteurs et non spectateurs de ces mutations ?<\/li>\n<\/ul>\n<p>\ud83c\udf99\ufe0fBruno TERRASSON, enseignant et charg\u00e9 du d\u00e9veloppement des nouvelles technologies dans les lyc\u00e9e du CNEAP animera cette conf\u00e9rence.<\/p>\n<hr \/>\n<h3>Une formation \u00e0 l&rsquo;IA g\u00e9n\u00e9rative pour tous les professionnels de l\u2019\u00e9tablissement<\/h3>\n<p>Dans la continuit\u00e9 de cette soir\u00e9e, <strong>le jeudi 18 avril<\/strong>, l\u2019ensemble du personnel du lyc\u00e9e participera \u00e0 une <strong>journ\u00e9e de formation d\u00e9di\u00e9e \u00e0 l\u2019utilisation des outils d\u2019intelligence artificielle g\u00e9n\u00e9rative dans leurs pratiques professionnelles<\/strong>.<br \/>\nCette formation concernera tous les m\u00e9tiers pr\u00e9sents au sein de l\u2019\u00e9tablissement :<\/p>\n<ul>\n<li><strong>Enseignants et formateurs<\/strong>, pour penser de nouvelles d\u00e9marches p\u00e9dagogiques<\/li>\n<li><strong>Personnels administratifs et vie scolaire<\/strong>, pour explorer les usages de l\u2019IA dans la gestion, la communication ou le suivi des \u00e9l\u00e8ves<\/li>\n<li><strong>Agents d\u2019entretien et de maintenance<\/strong>, pour d\u00e9couvrir les applications possibles dans la logistique, la s\u00e9curit\u00e9 ou la maintenance assist\u00e9e<\/li>\n<\/ul>\n<hr \/>\n<h3>Une d\u00e9marche coh\u00e9rente avec les valeurs de Vallon Bonnevaux<\/h3>\n<p>\ud83d\udd0d Cette initiative s\u2019inscrit pleinement dans les <strong>valeurs de notre \u00e9tablissement<\/strong> :<\/p>\n<ul>\n<li>\n<ul>\n<li class=\"\" data-start=\"2679\" data-end=\"2724\">\n<p class=\"\" data-start=\"2681\" data-end=\"2724\">\ud83d\udcd8 <em data-start=\"2684\" data-end=\"2722\">Ouverture au monde et \u00e0 l\u2019innovation<\/em><\/p>\n<\/li>\n<li class=\"\" data-start=\"2725\" data-end=\"2793\">\n<p class=\"\" data-start=\"2727\" data-end=\"2793\">\ud83d\udcac <em data-start=\"2730\" data-end=\"2791\">Dialogue et esprit critique face aux nouvelles technologies<\/em><\/p>\n<\/li>\n<li class=\"\" data-start=\"2794\" data-end=\"2853\">\n<p class=\"\" data-start=\"2796\" data-end=\"2853\">\ud83e\udde0 <em data-start=\"2799\" data-end=\"2851\">Mont\u00e9e en comp\u00e9tences pour tous les professionnels<\/em><\/p>\n<\/li>\n<li class=\"\" data-start=\"2854\" data-end=\"2909\">\n<p class=\"\" data-start=\"2856\" data-end=\"2909\">\ud83d\udc65 <em data-start=\"2859\" data-end=\"2909\">Co-construction d\u2019une culture num\u00e9rique partag\u00e9e<\/em><\/p>\n<\/li>\n<\/ul>\n<\/li>\n<\/ul>\n<p>\ud83d\udca1 En initiant ce dialogue et cette mont\u00e9e en comp\u00e9tence collective, le lyc\u00e9e Vallon Bonnevaux r\u00e9affirme son ambition : <strong>pr\u00e9parer les citoyens et les professionnels de demain, en conscience et en confiance.<\/strong><\/p>\n<hr \/>\n<p>\ud83d\udcc5 <strong>Nous vous attendons nombreux le 17 avril \u00e0 19h pour cette conf\u00e9rence-d\u00e9bat ouverte \u00e0 tous !<\/strong><br \/>\nPour toute information compl\u00e9mentaire, n\u2019h\u00e9sitez pas \u00e0 contacter le lyc\u00e9e.<br \/>\n#VallonBonnevaux #IAg\u00e9n\u00e9rative #Conf\u00e9renceIA #VBMag #\u00c9ducationEtInnovation #ValeursVB<\/p>\n<hr \/>\n<p>&nbsp;<\/p>\n","protected":false},"excerpt":{"rendered":"<p>Conf\u00e9rence \u2013 d\u00e9bat ouverte \u00e0 tous le 17 avril \u00e0 19h au lyc\u00e9e Vallon Bonnevaux Le lyc\u00e9e Vallon Bonnevaux poursuit son engagement en faveur d\u2019une \u00e9ducation<span class=\"excerpt-hellip\"> [\u2026]<\/span><\/p>\n","protected":false},"author":2,"featured_media":2713,"comment_status":"open","ping_status":"open","sticky":false,"template":"","format":"standard","meta":{"_mi_skip_tracking":false,"_monsterinsights_sitenote_active":false,"_monsterinsights_sitenote_note":"","_monsterinsights_sitenote_category":0,"footnotes":""},"categories":[2],"tags":[],"class_list":["post-2709","post","type-post","status-publish","format-standard","has-post-thumbnail","hentry","category-actualites-infos"],"yoast_head":"<!-- This site is optimized with the Yoast SEO plugin v20.8 - https:\/\/yoast.com\/wordpress\/plugins\/seo\/ -->\n<title>\ud83c\udf10 Intelligence artificielle g\u00e9n\u00e9rative : conf\u00e9rence et formation au lyc\u00e9e Vallon Bonnevaux - VB Mag<\/title>\n<meta name=\"robots\" content=\"index, follow, max-snippet:-1, max-image-preview:large, max-video-preview:-1\" \/>\n<link rel=\"canonical\" href=\"https:\/\/www.vallon-bonnevaux.fr\/vbmag\/\ud83c\udf10-intelligence-artificielle-generative-conference-et-formation-au-lycee-vallon-bonnevaux\/\" \/>\n<meta property=\"og:locale\" content=\"fr_FR\" \/>\n<meta property=\"og:type\" content=\"article\" \/>\n<meta property=\"og:title\" content=\"\ud83c\udf10 Intelligence artificielle g\u00e9n\u00e9rative : conf\u00e9rence et formation au lyc\u00e9e Vallon Bonnevaux - VB Mag\" \/>\n<meta property=\"og:description\" content=\"Conf\u00e9rence \u2013 d\u00e9bat ouverte \u00e0 tous le 17 avril \u00e0 19h au lyc\u00e9e Vallon Bonnevaux Le lyc\u00e9e Vallon Bonnevaux poursuit son engagement en faveur d\u2019une \u00e9ducation [\u2026]\" \/>\n<meta property=\"og:url\" content=\"https:\/\/www.vallon-bonnevaux.fr\/vbmag\/\ud83c\udf10-intelligence-artificielle-generative-conference-et-formation-au-lycee-vallon-bonnevaux\/\" \/>\n<meta property=\"og:site_name\" content=\"VB Mag\" \/>\n<meta property=\"article:publisher\" content=\"https:\/\/www.facebook.com\/lyceevallonbonnevaux\" \/>\n<meta property=\"article:published_time\" content=\"2025-04-04T13:51:39+00:00\" \/>\n<meta property=\"article:modified_time\" content=\"2025-04-04T14:00:39+00:00\" \/>\n<meta property=\"og:image\" content=\"https:\/\/www.vallon-bonnevaux.fr\/vbmag\/wp-content\/uploads\/2025\/04\/AfficheConferenceIA_VallonBonnevaux.png\" \/>\n\t<meta property=\"og:image:width\" content=\"1472\" \/>\n\t<meta property=\"og:image:height\" content=\"832\" \/>\n\t<meta property=\"og:image:type\" content=\"image\/png\" \/>\n<meta name=\"author\" content=\"VBCommunication\" \/>\n<meta name=\"twitter:card\" content=\"summary_large_image\" \/>\n<meta name=\"twitter:label1\" content=\"\u00c9crit par\" \/>\n\t<meta name=\"twitter:data1\" content=\"VBCommunication\" \/>\n\t<meta name=\"twitter:label2\" content=\"Dur\u00e9e de lecture estim\u00e9e\" \/>\n\t<meta name=\"twitter:data2\" content=\"2 minutes\" \/>\n<script type=\"application\/ld+json\" class=\"yoast-schema-graph\">{\"@context\":\"https:\/\/schema.org\",\"@graph\":[{\"@type\":\"Article\",\"@id\":\"https:\/\/www.vallon-bonnevaux.fr\/vbmag\/%f0%9f%8c%90-intelligence-artificielle-generative-conference-et-formation-au-lycee-vallon-bonnevaux\/#article\",\"isPartOf\":{\"@id\":\"https:\/\/www.vallon-bonnevaux.fr\/vbmag\/%f0%9f%8c%90-intelligence-artificielle-generative-conference-et-formation-au-lycee-vallon-bonnevaux\/\"},\"author\":{\"name\":\"VBCommunication\",\"@id\":\"https:\/\/www.vallon-bonnevaux.fr\/vbmag\/#\/schema\/person\/78d4bedf135508e9d2b8d343575fdd31\"},\"headline\":\"\ud83c\udf10 Intelligence artificielle g\u00e9n\u00e9rative : conf\u00e9rence et formation au lyc\u00e9e Vallon Bonnevaux\",\"datePublished\":\"2025-04-04T13:51:39+00:00\",\"dateModified\":\"2025-04-04T14:00:39+00:00\",\"mainEntityOfPage\":{\"@id\":\"https:\/\/www.vallon-bonnevaux.fr\/vbmag\/%f0%9f%8c%90-intelligence-artificielle-generative-conference-et-formation-au-lycee-vallon-bonnevaux\/\"},\"wordCount\":421,\"commentCount\":0,\"publisher\":{\"@id\":\"https:\/\/www.vallon-bonnevaux.fr\/vbmag\/#organization\"},\"articleSection\":[\"Actualit\u00e9s &amp; infos\"],\"inLanguage\":\"fr-FR\",\"potentialAction\":[{\"@type\":\"CommentAction\",\"name\":\"Comment\",\"target\":[\"https:\/\/www.vallon-bonnevaux.fr\/vbmag\/%f0%9f%8c%90-intelligence-artificielle-generative-conference-et-formation-au-lycee-vallon-bonnevaux\/#respond\"]}]},{\"@type\":\"WebPage\",\"@id\":\"https:\/\/www.vallon-bonnevaux.fr\/vbmag\/%f0%9f%8c%90-intelligence-artificielle-generative-conference-et-formation-au-lycee-vallon-bonnevaux\/\",\"url\":\"https:\/\/www.vallon-bonnevaux.fr\/vbmag\/%f0%9f%8c%90-intelligence-artificielle-generative-conference-et-formation-au-lycee-vallon-bonnevaux\/\",\"name\":\"\ud83c\udf10 Intelligence artificielle g\u00e9n\u00e9rative : conf\u00e9rence et formation au lyc\u00e9e Vallon Bonnevaux - VB Mag\",\"isPartOf\":{\"@id\":\"https:\/\/www.vallon-bonnevaux.fr\/vbmag\/#website\"},\"datePublished\":\"2025-04-04T13:51:39+00:00\",\"dateModified\":\"2025-04-04T14:00:39+00:00\",\"breadcrumb\":{\"@id\":\"https:\/\/www.vallon-bonnevaux.fr\/vbmag\/%f0%9f%8c%90-intelligence-artificielle-generative-conference-et-formation-au-lycee-vallon-bonnevaux\/#breadcrumb\"},\"inLanguage\":\"fr-FR\",\"potentialAction\":[{\"@type\":\"ReadAction\",\"target\":[\"https:\/\/www.vallon-bonnevaux.fr\/vbmag\/%f0%9f%8c%90-intelligence-artificielle-generative-conference-et-formation-au-lycee-vallon-bonnevaux\/\"]}]},{\"@type\":\"BreadcrumbList\",\"@id\":\"https:\/\/www.vallon-bonnevaux.fr\/vbmag\/%f0%9f%8c%90-intelligence-artificielle-generative-conference-et-formation-au-lycee-vallon-bonnevaux\/#breadcrumb\",\"itemListElement\":[{\"@type\":\"ListItem\",\"position\":1,\"name\":\"Accueil\",\"item\":\"https:\/\/www.vallon-bonnevaux.fr\/vbmag\/\"},{\"@type\":\"ListItem\",\"position\":2,\"name\":\"\ud83c\udf10 Intelligence artificielle g\u00e9n\u00e9rative : conf\u00e9rence et formation au lyc\u00e9e Vallon Bonnevaux\"}]},{\"@type\":\"WebSite\",\"@id\":\"https:\/\/www.vallon-bonnevaux.fr\/vbmag\/#website\",\"url\":\"https:\/\/www.vallon-bonnevaux.fr\/vbmag\/\",\"name\":\"VBmag\",\"description\":\"\",\"publisher\":{\"@id\":\"https:\/\/www.vallon-bonnevaux.fr\/vbmag\/#organization\"},\"potentialAction\":[{\"@type\":\"SearchAction\",\"target\":{\"@type\":\"EntryPoint\",\"urlTemplate\":\"https:\/\/www.vallon-bonnevaux.fr\/vbmag\/?s={search_term_string}\"},\"query-input\":\"required name=search_term_string\"}],\"inLanguage\":\"fr-FR\"},{\"@type\":\"Organization\",\"@id\":\"https:\/\/www.vallon-bonnevaux.fr\/vbmag\/#organization\",\"name\":\"VBmag\",\"url\":\"https:\/\/www.vallon-bonnevaux.fr\/vbmag\/\",\"logo\":{\"@type\":\"ImageObject\",\"inLanguage\":\"fr-FR\",\"@id\":\"https:\/\/www.vallon-bonnevaux.fr\/vbmag\/#\/schema\/logo\/image\/\",\"url\":\"https:\/\/www.vallon-bonnevaux.fr\/vbmag\/wp-content\/uploads\/2023\/02\/Bonnevaux-logo-VBmag.png\",\"contentUrl\":\"https:\/\/www.vallon-bonnevaux.fr\/vbmag\/wp-content\/uploads\/2023\/02\/Bonnevaux-logo-VBmag.png\",\"width\":314,\"height\":143,\"caption\":\"VBmag\"},\"image\":{\"@id\":\"https:\/\/www.vallon-bonnevaux.fr\/vbmag\/#\/schema\/logo\/image\/\"},\"sameAs\":[\"https:\/\/www.facebook.com\/lyceevallonbonnevaux\",\"https:\/\/www.instagram.com\/lycee_vallon_bonnevaux\/\",\"https:\/\/www.linkedin.com\/company\/leap-le-vallon-les-bonnevaux\/?originalSubdomain=fr\"]},{\"@type\":\"Person\",\"@id\":\"https:\/\/www.vallon-bonnevaux.fr\/vbmag\/#\/schema\/person\/78d4bedf135508e9d2b8d343575fdd31\",\"name\":\"VBCommunication\",\"image\":{\"@type\":\"ImageObject\",\"inLanguage\":\"fr-FR\",\"@id\":\"https:\/\/www.vallon-bonnevaux.fr\/vbmag\/#\/schema\/person\/image\/\",\"url\":\"https:\/\/secure.gravatar.com\/avatar\/58fa64ce54dbedb7c6633693d600c884a245b0f97746903170fa62aae026cedc?s=96&d=mm&r=g\",\"contentUrl\":\"https:\/\/secure.gravatar.com\/avatar\/58fa64ce54dbedb7c6633693d600c884a245b0f97746903170fa62aae026cedc?s=96&d=mm&r=g\",\"caption\":\"VBCommunication\"},\"url\":\"https:\/\/www.vallon-bonnevaux.fr\/vbmag\/author\/vbcommunication\/\"}]}<\/script>\n<!-- \/ Yoast SEO plugin. -->","yoast_head_json":{"title":"\ud83c\udf10 Intelligence artificielle g\u00e9n\u00e9rative : conf\u00e9rence et formation au lyc\u00e9e Vallon Bonnevaux - VB Mag","robots":{"index":"index","follow":"follow","max-snippet":"max-snippet:-1","max-image-preview":"max-image-preview:large","max-video-preview":"max-video-preview:-1"},"canonical":"https:\/\/www.vallon-bonnevaux.fr\/vbmag\/\ud83c\udf10-intelligence-artificielle-generative-conference-et-formation-au-lycee-vallon-bonnevaux\/","og_locale":"fr_FR","og_type":"article","og_title":"\ud83c\udf10 Intelligence artificielle g\u00e9n\u00e9rative : conf\u00e9rence et formation au lyc\u00e9e Vallon Bonnevaux - VB Mag","og_description":"Conf\u00e9rence \u2013 d\u00e9bat ouverte \u00e0 tous le 17 avril \u00e0 19h au lyc\u00e9e Vallon Bonnevaux Le lyc\u00e9e Vallon Bonnevaux poursuit son engagement en faveur d\u2019une \u00e9ducation [\u2026]","og_url":"https:\/\/www.vallon-bonnevaux.fr\/vbmag\/\ud83c\udf10-intelligence-artificielle-generative-conference-et-formation-au-lycee-vallon-bonnevaux\/","og_site_name":"VB Mag","article_publisher":"https:\/\/www.facebook.com\/lyceevallonbonnevaux","article_published_time":"2025-04-04T13:51:39+00:00","article_modified_time":"2025-04-04T14:00:39+00:00","og_image":[{"width":1472,"height":832,"url":"https:\/\/www.vallon-bonnevaux.fr\/vbmag\/wp-content\/uploads\/2025\/04\/AfficheConferenceIA_VallonBonnevaux.png","type":"image\/png"}],"author":"VBCommunication","twitter_card":"summary_large_image","twitter_misc":{"\u00c9crit par":"VBCommunication","Dur\u00e9e de lecture estim\u00e9e":"2 minutes"},"schema":{"@context":"https:\/\/schema.org","@graph":[{"@type":"Article","@id":"https:\/\/www.vallon-bonnevaux.fr\/vbmag\/%f0%9f%8c%90-intelligence-artificielle-generative-conference-et-formation-au-lycee-vallon-bonnevaux\/#article","isPartOf":{"@id":"https:\/\/www.vallon-bonnevaux.fr\/vbmag\/%f0%9f%8c%90-intelligence-artificielle-generative-conference-et-formation-au-lycee-vallon-bonnevaux\/"},"author":{"name":"VBCommunication","@id":"https:\/\/www.vallon-bonnevaux.fr\/vbmag\/#\/schema\/person\/78d4bedf135508e9d2b8d343575fdd31"},"headline":"\ud83c\udf10 Intelligence artificielle g\u00e9n\u00e9rative : conf\u00e9rence et formation au lyc\u00e9e Vallon Bonnevaux","datePublished":"2025-04-04T13:51:39+00:00","dateModified":"2025-04-04T14:00:39+00:00","mainEntityOfPage":{"@id":"https:\/\/www.vallon-bonnevaux.fr\/vbmag\/%f0%9f%8c%90-intelligence-artificielle-generative-conference-et-formation-au-lycee-vallon-bonnevaux\/"},"wordCount":421,"commentCount":0,"publisher":{"@id":"https:\/\/www.vallon-bonnevaux.fr\/vbmag\/#organization"},"articleSection":["Actualit\u00e9s &amp; infos"],"inLanguage":"fr-FR","potentialAction":[{"@type":"CommentAction","name":"Comment","target":["https:\/\/www.vallon-bonnevaux.fr\/vbmag\/%f0%9f%8c%90-intelligence-artificielle-generative-conference-et-formation-au-lycee-vallon-bonnevaux\/#respond"]}]},{"@type":"WebPage","@id":"https:\/\/www.vallon-bonnevaux.fr\/vbmag\/%f0%9f%8c%90-intelligence-artificielle-generative-conference-et-formation-au-lycee-vallon-bonnevaux\/","url":"https:\/\/www.vallon-bonnevaux.fr\/vbmag\/%f0%9f%8c%90-intelligence-artificielle-generative-conference-et-formation-au-lycee-vallon-bonnevaux\/","name":"\ud83c\udf10 Intelligence artificielle g\u00e9n\u00e9rative : conf\u00e9rence et formation au lyc\u00e9e Vallon Bonnevaux - VB Mag","isPartOf":{"@id":"https:\/\/www.vallon-bonnevaux.fr\/vbmag\/#website"},"datePublished":"2025-04-04T13:51:39+00:00","dateModified":"2025-04-04T14:00:39+00:00","breadcrumb":{"@id":"https:\/\/www.vallon-bonnevaux.fr\/vbmag\/%f0%9f%8c%90-intelligence-artificielle-generative-conference-et-formation-au-lycee-vallon-bonnevaux\/#breadcrumb"},"inLanguage":"fr-FR","potentialAction":[{"@type":"ReadAction","target":["https:\/\/www.vallon-bonnevaux.fr\/vbmag\/%f0%9f%8c%90-intelligence-artificielle-generative-conference-et-formation-au-lycee-vallon-bonnevaux\/"]}]},{"@type":"BreadcrumbList","@id":"https:\/\/www.vallon-bonnevaux.fr\/vbmag\/%f0%9f%8c%90-intelligence-artificielle-generative-conference-et-formation-au-lycee-vallon-bonnevaux\/#breadcrumb","itemListElement":[{"@type":"ListItem","position":1,"name":"Accueil","item":"https:\/\/www.vallon-bonnevaux.fr\/vbmag\/"},{"@type":"ListItem","position":2,"name":"\ud83c\udf10 Intelligence artificielle g\u00e9n\u00e9rative : conf\u00e9rence et formation au lyc\u00e9e Vallon Bonnevaux"}]},{"@type":"WebSite","@id":"https:\/\/www.vallon-bonnevaux.fr\/vbmag\/#website","url":"https:\/\/www.vallon-bonnevaux.fr\/vbmag\/","name":"VBmag","description":"","publisher":{"@id":"https:\/\/www.vallon-bonnevaux.fr\/vbmag\/#organization"},"potentialAction":[{"@type":"SearchAction","target":{"@type":"EntryPoint","urlTemplate":"https:\/\/www.vallon-bonnevaux.fr\/vbmag\/?s={search_term_string}"},"query-input":"required name=search_term_string"}],"inLanguage":"fr-FR"},{"@type":"Organization","@id":"https:\/\/www.vallon-bonnevaux.fr\/vbmag\/#organization","name":"VBmag","url":"https:\/\/www.vallon-bonnevaux.fr\/vbmag\/","logo":{"@type":"ImageObject","inLanguage":"fr-FR","@id":"https:\/\/www.vallon-bonnevaux.fr\/vbmag\/#\/schema\/logo\/image\/","url":"https:\/\/www.vallon-bonnevaux.fr\/vbmag\/wp-content\/uploads\/2023\/02\/Bonnevaux-logo-VBmag.png","contentUrl":"https:\/\/www.vallon-bonnevaux.fr\/vbmag\/wp-content\/uploads\/2023\/02\/Bonnevaux-logo-VBmag.png","width":314,"height":143,"caption":"VBmag"},"image":{"@id":"https:\/\/www.vallon-bonnevaux.fr\/vbmag\/#\/schema\/logo\/image\/"},"sameAs":["https:\/\/www.facebook.com\/lyceevallonbonnevaux","https:\/\/www.instagram.com\/lycee_vallon_bonnevaux\/","https:\/\/www.linkedin.com\/company\/leap-le-vallon-les-bonnevaux\/?originalSubdomain=fr"]},{"@type":"Person","@id":"https:\/\/www.vallon-bonnevaux.fr\/vbmag\/#\/schema\/person\/78d4bedf135508e9d2b8d343575fdd31","name":"VBCommunication","image":{"@type":"ImageObject","inLanguage":"fr-FR","@id":"https:\/\/www.vallon-bonnevaux.fr\/vbmag\/#\/schema\/person\/image\/","url":"https:\/\/secure.gravatar.com\/avatar\/58fa64ce54dbedb7c6633693d600c884a245b0f97746903170fa62aae026cedc?s=96&d=mm&r=g","contentUrl":"https:\/\/secure.gravatar.com\/avatar\/58fa64ce54dbedb7c6633693d600c884a245b0f97746903170fa62aae026cedc?s=96&d=mm&r=g","caption":"VBCommunication"},"url":"https:\/\/www.vallon-bonnevaux.fr\/vbmag\/author\/vbcommunication\/"}]}},"_links":{"self":[{"href":"https:\/\/www.vallon-bonnevaux.fr\/vbmag\/wp-json\/wp\/v2\/posts\/2709","targetHints":{"allow":["GET"]}}],"collection":[{"href":"https:\/\/www.vallon-bonnevaux.fr\/vbmag\/wp-json\/wp\/v2\/posts"}],"about":[{"href":"https:\/\/www.vallon-bonnevaux.fr\/vbmag\/wp-json\/wp\/v2\/types\/post"}],"author":[{"embeddable":true,"href":"https:\/\/www.vallon-bonnevaux.fr\/vbmag\/wp-json\/wp\/v2\/users\/2"}],"replies":[{"embeddable":true,"href":"https:\/\/www.vallon-bonnevaux.fr\/vbmag\/wp-json\/wp\/v2\/comments?post=2709"}],"version-history":[{"count":3,"href":"https:\/\/www.vallon-bonnevaux.fr\/vbmag\/wp-json\/wp\/v2\/posts\/2709\/revisions"}],"predecessor-version":[{"id":2719,"href":"https:\/\/www.vallon-bonnevaux.fr\/vbmag\/wp-json\/wp\/v2\/posts\/2709\/revisions\/2719"}],"wp:featuredmedia":[{"embeddable":true,"href":"https:\/\/www.vallon-bonnevaux.fr\/vbmag\/wp-json\/wp\/v2\/media\/2713"}],"wp:attachment":[{"href":"https:\/\/www.vallon-bonnevaux.fr\/vbmag\/wp-json\/wp\/v2\/media?parent=2709"}],"wp:term":[{"taxonomy":"category","embeddable":true,"href":"https:\/\/www.vallon-bonnevaux.fr\/vbmag\/wp-json\/wp\/v2\/categories?post=2709"},{"taxonomy":"post_tag","embeddable":true,"href":"https:\/\/www.vallon-bonnevaux.fr\/vbmag\/wp-json\/wp\/v2\/tags?post=2709"}],"curies":[{"name":"wp","href":"https:\/\/api.w.org\/{rel}","templated":true}]}}