{"id":2738,"date":"2025-04-11T18:23:31","date_gmt":"2025-04-11T16:23:31","guid":{"rendered":"https:\/\/www.vallon-bonnevaux.fr\/vbmag\/?p=2738"},"modified":"2025-04-11T18:23:31","modified_gmt":"2025-04-11T16:23:31","slug":"dire-non-a-la-violence-une-intervention-marquante-pour-nos-eleves-de-4e","status":"publish","type":"post","link":"https:\/\/www.vallon-bonnevaux.fr\/vbmag\/dire-non-a-la-violence-une-intervention-marquante-pour-nos-eleves-de-4e\/","title":{"rendered":"Dire non \u00e0 la violence : une intervention marquante pour nos \u00e9l\u00e8ves de 4e"},"content":{"rendered":"<p class=\"\" data-start=\"378\" data-end=\"713\">\ud83d\uddd3\ufe0f <strong data-start=\"382\" data-end=\"394\">Ce jeudi<\/strong>, les \u00e9l\u00e8ves de <strong data-start=\"410\" data-end=\"423\">quatri\u00e8me<\/strong> du lyc\u00e9e Vallon Bonnevaux ont v\u00e9cu un temps fort de leur parcours citoyen. Une intervention de la <strong data-start=\"522\" data-end=\"586\">Maison de la Protection des Familles (MPF) de l\u2019Isle d\u2019Abeau<\/strong>, anim\u00e9e par un gendarme sp\u00e9cialis\u00e9, est venue \u00e9clairer un sujet essentiel : <strong data-start=\"663\" data-end=\"712\">la lutte contre toutes les formes de violence<\/strong>.<\/p>\n<h2 class=\"\" data-start=\"715\" data-end=\"760\">Une intervention en phase avec l\u2019actualit\u00e9<\/h2>\n<p class=\"\" data-start=\"762\" data-end=\"1144\">Alors que les enjeux autour du <strong data-start=\"793\" data-end=\"817\">harc\u00e8lement scolaire<\/strong>, des <strong data-start=\"823\" data-end=\"852\">violences intrafamiliales<\/strong> ou encore du <strong data-start=\"866\" data-end=\"886\">cyberharc\u00e8lement<\/strong> occupent r\u00e9guli\u00e8rement le devant de la sc\u00e8ne m\u00e9diatique, cette sensibilisation tombe \u00e0 point nomm\u00e9. Car si la violence prend parfois des formes visibles, elle peut aussi se manifester de mani\u00e8re plus insidieuse, dans les mots, les attitudes ou les silences.<\/p>\n<p class=\"\" data-start=\"1146\" data-end=\"1350\">\ud83d\udcac <strong data-start=\"1149\" data-end=\"1214\">Violence verbale, physique, psychologique, sexiste, num\u00e9rique<\/strong> : autant de r\u00e9alit\u00e9s abord\u00e9es sans d\u00e9tour, \u00e0 hauteur d\u2019\u00e9l\u00e8ve, pour que chacun puisse mieux comprendre, mieux identifier\u2026 et mieux agir.<\/p>\n<h2 class=\"\" data-start=\"1352\" data-end=\"1385\">Un temps d\u2019\u00e9coute et de parole<\/h2>\n<p class=\"\" data-start=\"1387\" data-end=\"1677\">\ud83e\udde0 \u00c0 travers des <strong data-start=\"1404\" data-end=\"1428\">situations concr\u00e8tes<\/strong>, des <strong data-start=\"1434\" data-end=\"1469\">questions-r\u00e9ponses interactives<\/strong> et des <strong data-start=\"1477\" data-end=\"1507\">t\u00e9moignages professionnels<\/strong>, les jeunes ont \u00e9t\u00e9 invit\u00e9s \u00e0 r\u00e9fl\u00e9chir \u00e0 leurs comportements, leurs \u00e9motions et leurs r\u00e9actions face \u00e0 la violence \u2014 qu\u2019ils en soient t\u00e9moins, victimes ou m\u00eame auteurs.<\/p>\n<p class=\"\" data-start=\"1679\" data-end=\"1869\">Les \u00e9changes ont \u00e9t\u00e9 nombreux, parfois spontan\u00e9s, souvent touchants. <strong data-start=\"1748\" data-end=\"1775\">La parole s\u2019est lib\u00e9r\u00e9e<\/strong> au fil de la s\u00e9ance, dans un cadre bienveillant et s\u00e9curis\u00e9, fid\u00e8le \u00e0 nos valeurs \u00e9ducatives.<\/p>\n<blockquote data-start=\"1871\" data-end=\"2002\">\n<p class=\"\" data-start=\"1873\" data-end=\"2002\">\u00ab Je ne savais pas qu\u2019on pouvait en parler aussi facilement \u00e0 un gendarme \u00bb, a confi\u00e9 l\u2019un des \u00e9l\u00e8ves \u00e0 la fin de l\u2019intervention.<\/p>\n<\/blockquote>\n<h2 class=\"\" data-start=\"2004\" data-end=\"2038\">Un acte \u00e9ducatif fort et engag\u00e9<\/h2>\n<p class=\"\" data-start=\"2040\" data-end=\"2358\">Cette d\u00e9marche s\u2019inscrit dans notre projet d\u2019\u00e9tablissement et nos priorit\u00e9s \u00e9ducatives : <strong data-start=\"2129\" data-end=\"2194\">\u00e9duquer \u00e0 la citoyennet\u00e9, \u00e0 l\u2019empathie et \u00e0 la responsabilit\u00e9<\/strong>. Elle vient renforcer les actions de pr\u00e9vention d\u00e9j\u00e0 men\u00e9es dans le cadre de la vie scolaire, des cours d\u2019EMC ou des ateliers sp\u00e9cifiques autour du vivre-ensemble.<\/p>\n<p class=\"\" data-start=\"2360\" data-end=\"2590\">\ud83e\udd1d Car <strong data-start=\"2367\" data-end=\"2379\">pr\u00e9venir<\/strong>, c\u2019est <strong data-start=\"2387\" data-end=\"2490\">former des jeunes capables de se respecter, de dire non \u00e0 la violence, et d\u2019oser demander de l\u2019aide<\/strong>. C\u2019est leur donner les cl\u00e9s pour grandir avec confiance et lucidit\u00e9 dans un monde parfois complexe.<\/p>\n<p class=\"\" data-start=\"2592\" data-end=\"2779\">\ud83d\udc4f Un immense merci \u00e0 l\u2019intervenant de la <strong data-start=\"2634\" data-end=\"2674\">Maison de la Protection des Familles<\/strong> pour la qualit\u00e9 de son approche, et \u00e0 l\u2019\u00e9quipe \u00e9ducative pour son engagement constant aupr\u00e8s des \u00e9l\u00e8ves.<\/p>\n<hr class=\"\" data-start=\"2781\" data-end=\"2784\" \/>\n<p class=\"\" data-start=\"2786\" data-end=\"2892\">\ud83d\udce3 <em data-start=\"2789\" data-end=\"2892\">Retrouvez tous nos projets \u00e9ducatifs sur VBmag, la vitrine de nos actions citoyennes et p\u00e9dagogiques.<\/em><\/p>\n<p class=\"\" data-start=\"2894\" data-end=\"3081\">\ud83d\udd16 <strong data-start=\"2897\" data-end=\"3081\">#Pr\u00e9ventionViolence #Citoyennet\u00e9 #Respect #MaisonProtectionDesFamilles #Lyc\u00e9eVallonBonnevaux #\u00c9ducationBienveillante #Harc\u00e8lementScolaire #\u00c9couteEtDialogue #Pr\u00e9venirCestAgir #VBmag<\/strong><\/p>\n","protected":false},"excerpt":{"rendered":"<p>\ud83d\uddd3\ufe0f Ce jeudi, les \u00e9l\u00e8ves de quatri\u00e8me du lyc\u00e9e Vallon Bonnevaux ont v\u00e9cu un temps fort de leur parcours citoyen. Une intervention de la Maison de<span class=\"excerpt-hellip\"> [\u2026]<\/span><\/p>\n","protected":false},"author":2,"featured_media":2740,"comment_status":"open","ping_status":"open","sticky":false,"template":"","format":"standard","meta":{"_mi_skip_tracking":false,"_monsterinsights_sitenote_active":false,"_monsterinsights_sitenote_note":"","_monsterinsights_sitenote_category":0,"footnotes":""},"categories":[2],"tags":[],"class_list":["post-2738","post","type-post","status-publish","format-standard","has-post-thumbnail","hentry","category-actualites-infos"],"yoast_head":"<!-- This site is optimized with the Yoast SEO plugin v20.8 - https:\/\/yoast.com\/wordpress\/plugins\/seo\/ -->\n<title>Dire non \u00e0 la violence : une intervention marquante pour nos \u00e9l\u00e8ves de 4e - VB Mag<\/title>\n<meta name=\"robots\" content=\"index, follow, max-snippet:-1, max-image-preview:large, max-video-preview:-1\" \/>\n<link rel=\"canonical\" href=\"https:\/\/www.vallon-bonnevaux.fr\/vbmag\/dire-non-a-la-violence-une-intervention-marquante-pour-nos-eleves-de-4e\/\" \/>\n<meta property=\"og:locale\" content=\"fr_FR\" \/>\n<meta property=\"og:type\" content=\"article\" \/>\n<meta property=\"og:title\" content=\"Dire non \u00e0 la violence : une intervention marquante pour nos \u00e9l\u00e8ves de 4e - VB Mag\" \/>\n<meta property=\"og:description\" content=\"\ud83d\uddd3\ufe0f Ce jeudi, les \u00e9l\u00e8ves de quatri\u00e8me du lyc\u00e9e Vallon Bonnevaux ont v\u00e9cu un temps fort de leur parcours citoyen. Une intervention de la Maison de [\u2026]\" \/>\n<meta property=\"og:url\" content=\"https:\/\/www.vallon-bonnevaux.fr\/vbmag\/dire-non-a-la-violence-une-intervention-marquante-pour-nos-eleves-de-4e\/\" \/>\n<meta property=\"og:site_name\" content=\"VB Mag\" \/>\n<meta property=\"article:publisher\" content=\"https:\/\/www.facebook.com\/lyceevallonbonnevaux\" \/>\n<meta property=\"article:published_time\" content=\"2025-04-11T16:23:31+00:00\" \/>\n<meta property=\"og:image\" content=\"https:\/\/www.vallon-bonnevaux.fr\/vbmag\/wp-content\/uploads\/2025\/04\/Non-a-la-violence_20250411-1.jpg\" \/>\n\t<meta property=\"og:image:width\" content=\"450\" \/>\n\t<meta property=\"og:image:height\" content=\"600\" \/>\n\t<meta property=\"og:image:type\" content=\"image\/jpeg\" \/>\n<meta name=\"author\" content=\"VBCommunication\" \/>\n<meta name=\"twitter:card\" content=\"summary_large_image\" \/>\n<meta name=\"twitter:label1\" content=\"\u00c9crit par\" \/>\n\t<meta name=\"twitter:data1\" content=\"VBCommunication\" \/>\n\t<meta name=\"twitter:label2\" content=\"Dur\u00e9e de lecture estim\u00e9e\" \/>\n\t<meta name=\"twitter:data2\" content=\"2 minutes\" \/>\n<script type=\"application\/ld+json\" class=\"yoast-schema-graph\">{\"@context\":\"https:\/\/schema.org\",\"@graph\":[{\"@type\":\"Article\",\"@id\":\"https:\/\/www.vallon-bonnevaux.fr\/vbmag\/dire-non-a-la-violence-une-intervention-marquante-pour-nos-eleves-de-4e\/#article\",\"isPartOf\":{\"@id\":\"https:\/\/www.vallon-bonnevaux.fr\/vbmag\/dire-non-a-la-violence-une-intervention-marquante-pour-nos-eleves-de-4e\/\"},\"author\":{\"name\":\"VBCommunication\",\"@id\":\"https:\/\/www.vallon-bonnevaux.fr\/vbmag\/#\/schema\/person\/78d4bedf135508e9d2b8d343575fdd31\"},\"headline\":\"Dire non \u00e0 la violence : une intervention marquante pour nos \u00e9l\u00e8ves de 4e\",\"datePublished\":\"2025-04-11T16:23:31+00:00\",\"dateModified\":\"2025-04-11T16:23:31+00:00\",\"mainEntityOfPage\":{\"@id\":\"https:\/\/www.vallon-bonnevaux.fr\/vbmag\/dire-non-a-la-violence-une-intervention-marquante-pour-nos-eleves-de-4e\/\"},\"wordCount\":449,\"commentCount\":0,\"publisher\":{\"@id\":\"https:\/\/www.vallon-bonnevaux.fr\/vbmag\/#organization\"},\"articleSection\":[\"Actualit\u00e9s &amp; infos\"],\"inLanguage\":\"fr-FR\",\"potentialAction\":[{\"@type\":\"CommentAction\",\"name\":\"Comment\",\"target\":[\"https:\/\/www.vallon-bonnevaux.fr\/vbmag\/dire-non-a-la-violence-une-intervention-marquante-pour-nos-eleves-de-4e\/#respond\"]}]},{\"@type\":\"WebPage\",\"@id\":\"https:\/\/www.vallon-bonnevaux.fr\/vbmag\/dire-non-a-la-violence-une-intervention-marquante-pour-nos-eleves-de-4e\/\",\"url\":\"https:\/\/www.vallon-bonnevaux.fr\/vbmag\/dire-non-a-la-violence-une-intervention-marquante-pour-nos-eleves-de-4e\/\",\"name\":\"Dire non \u00e0 la violence : une intervention marquante pour nos \u00e9l\u00e8ves de 4e - VB Mag\",\"isPartOf\":{\"@id\":\"https:\/\/www.vallon-bonnevaux.fr\/vbmag\/#website\"},\"datePublished\":\"2025-04-11T16:23:31+00:00\",\"dateModified\":\"2025-04-11T16:23:31+00:00\",\"breadcrumb\":{\"@id\":\"https:\/\/www.vallon-bonnevaux.fr\/vbmag\/dire-non-a-la-violence-une-intervention-marquante-pour-nos-eleves-de-4e\/#breadcrumb\"},\"inLanguage\":\"fr-FR\",\"potentialAction\":[{\"@type\":\"ReadAction\",\"target\":[\"https:\/\/www.vallon-bonnevaux.fr\/vbmag\/dire-non-a-la-violence-une-intervention-marquante-pour-nos-eleves-de-4e\/\"]}]},{\"@type\":\"BreadcrumbList\",\"@id\":\"https:\/\/www.vallon-bonnevaux.fr\/vbmag\/dire-non-a-la-violence-une-intervention-marquante-pour-nos-eleves-de-4e\/#breadcrumb\",\"itemListElement\":[{\"@type\":\"ListItem\",\"position\":1,\"name\":\"Accueil\",\"item\":\"https:\/\/www.vallon-bonnevaux.fr\/vbmag\/\"},{\"@type\":\"ListItem\",\"position\":2,\"name\":\"Dire non \u00e0 la violence : une intervention marquante pour nos \u00e9l\u00e8ves de 4e\"}]},{\"@type\":\"WebSite\",\"@id\":\"https:\/\/www.vallon-bonnevaux.fr\/vbmag\/#website\",\"url\":\"https:\/\/www.vallon-bonnevaux.fr\/vbmag\/\",\"name\":\"VBmag\",\"description\":\"\",\"publisher\":{\"@id\":\"https:\/\/www.vallon-bonnevaux.fr\/vbmag\/#organization\"},\"potentialAction\":[{\"@type\":\"SearchAction\",\"target\":{\"@type\":\"EntryPoint\",\"urlTemplate\":\"https:\/\/www.vallon-bonnevaux.fr\/vbmag\/?s={search_term_string}\"},\"query-input\":\"required name=search_term_string\"}],\"inLanguage\":\"fr-FR\"},{\"@type\":\"Organization\",\"@id\":\"https:\/\/www.vallon-bonnevaux.fr\/vbmag\/#organization\",\"name\":\"VBmag\",\"url\":\"https:\/\/www.vallon-bonnevaux.fr\/vbmag\/\",\"logo\":{\"@type\":\"ImageObject\",\"inLanguage\":\"fr-FR\",\"@id\":\"https:\/\/www.vallon-bonnevaux.fr\/vbmag\/#\/schema\/logo\/image\/\",\"url\":\"https:\/\/www.vallon-bonnevaux.fr\/vbmag\/wp-content\/uploads\/2023\/02\/Bonnevaux-logo-VBmag.png\",\"contentUrl\":\"https:\/\/www.vallon-bonnevaux.fr\/vbmag\/wp-content\/uploads\/2023\/02\/Bonnevaux-logo-VBmag.png\",\"width\":314,\"height\":143,\"caption\":\"VBmag\"},\"image\":{\"@id\":\"https:\/\/www.vallon-bonnevaux.fr\/vbmag\/#\/schema\/logo\/image\/\"},\"sameAs\":[\"https:\/\/www.facebook.com\/lyceevallonbonnevaux\",\"https:\/\/www.instagram.com\/lycee_vallon_bonnevaux\/\",\"https:\/\/www.linkedin.com\/company\/leap-le-vallon-les-bonnevaux\/?originalSubdomain=fr\"]},{\"@type\":\"Person\",\"@id\":\"https:\/\/www.vallon-bonnevaux.fr\/vbmag\/#\/schema\/person\/78d4bedf135508e9d2b8d343575fdd31\",\"name\":\"VBCommunication\",\"image\":{\"@type\":\"ImageObject\",\"inLanguage\":\"fr-FR\",\"@id\":\"https:\/\/www.vallon-bonnevaux.fr\/vbmag\/#\/schema\/person\/image\/\",\"url\":\"https:\/\/secure.gravatar.com\/avatar\/58fa64ce54dbedb7c6633693d600c884a245b0f97746903170fa62aae026cedc?s=96&d=mm&r=g\",\"contentUrl\":\"https:\/\/secure.gravatar.com\/avatar\/58fa64ce54dbedb7c6633693d600c884a245b0f97746903170fa62aae026cedc?s=96&d=mm&r=g\",\"caption\":\"VBCommunication\"},\"url\":\"https:\/\/www.vallon-bonnevaux.fr\/vbmag\/author\/vbcommunication\/\"}]}<\/script>\n<!-- \/ Yoast SEO plugin. -->","yoast_head_json":{"title":"Dire non \u00e0 la violence : une intervention marquante pour nos \u00e9l\u00e8ves de 4e - VB Mag","robots":{"index":"index","follow":"follow","max-snippet":"max-snippet:-1","max-image-preview":"max-image-preview:large","max-video-preview":"max-video-preview:-1"},"canonical":"https:\/\/www.vallon-bonnevaux.fr\/vbmag\/dire-non-a-la-violence-une-intervention-marquante-pour-nos-eleves-de-4e\/","og_locale":"fr_FR","og_type":"article","og_title":"Dire non \u00e0 la violence : une intervention marquante pour nos \u00e9l\u00e8ves de 4e - VB Mag","og_description":"\ud83d\uddd3\ufe0f Ce jeudi, les \u00e9l\u00e8ves de quatri\u00e8me du lyc\u00e9e Vallon Bonnevaux ont v\u00e9cu un temps fort de leur parcours citoyen. Une intervention de la Maison de [\u2026]","og_url":"https:\/\/www.vallon-bonnevaux.fr\/vbmag\/dire-non-a-la-violence-une-intervention-marquante-pour-nos-eleves-de-4e\/","og_site_name":"VB Mag","article_publisher":"https:\/\/www.facebook.com\/lyceevallonbonnevaux","article_published_time":"2025-04-11T16:23:31+00:00","og_image":[{"width":450,"height":600,"url":"https:\/\/www.vallon-bonnevaux.fr\/vbmag\/wp-content\/uploads\/2025\/04\/Non-a-la-violence_20250411-1.jpg","type":"image\/jpeg"}],"author":"VBCommunication","twitter_card":"summary_large_image","twitter_misc":{"\u00c9crit par":"VBCommunication","Dur\u00e9e de lecture estim\u00e9e":"2 minutes"},"schema":{"@context":"https:\/\/schema.org","@graph":[{"@type":"Article","@id":"https:\/\/www.vallon-bonnevaux.fr\/vbmag\/dire-non-a-la-violence-une-intervention-marquante-pour-nos-eleves-de-4e\/#article","isPartOf":{"@id":"https:\/\/www.vallon-bonnevaux.fr\/vbmag\/dire-non-a-la-violence-une-intervention-marquante-pour-nos-eleves-de-4e\/"},"author":{"name":"VBCommunication","@id":"https:\/\/www.vallon-bonnevaux.fr\/vbmag\/#\/schema\/person\/78d4bedf135508e9d2b8d343575fdd31"},"headline":"Dire non \u00e0 la violence : une intervention marquante pour nos \u00e9l\u00e8ves de 4e","datePublished":"2025-04-11T16:23:31+00:00","dateModified":"2025-04-11T16:23:31+00:00","mainEntityOfPage":{"@id":"https:\/\/www.vallon-bonnevaux.fr\/vbmag\/dire-non-a-la-violence-une-intervention-marquante-pour-nos-eleves-de-4e\/"},"wordCount":449,"commentCount":0,"publisher":{"@id":"https:\/\/www.vallon-bonnevaux.fr\/vbmag\/#organization"},"articleSection":["Actualit\u00e9s &amp; infos"],"inLanguage":"fr-FR","potentialAction":[{"@type":"CommentAction","name":"Comment","target":["https:\/\/www.vallon-bonnevaux.fr\/vbmag\/dire-non-a-la-violence-une-intervention-marquante-pour-nos-eleves-de-4e\/#respond"]}]},{"@type":"WebPage","@id":"https:\/\/www.vallon-bonnevaux.fr\/vbmag\/dire-non-a-la-violence-une-intervention-marquante-pour-nos-eleves-de-4e\/","url":"https:\/\/www.vallon-bonnevaux.fr\/vbmag\/dire-non-a-la-violence-une-intervention-marquante-pour-nos-eleves-de-4e\/","name":"Dire non \u00e0 la violence : une intervention marquante pour nos \u00e9l\u00e8ves de 4e - VB Mag","isPartOf":{"@id":"https:\/\/www.vallon-bonnevaux.fr\/vbmag\/#website"},"datePublished":"2025-04-11T16:23:31+00:00","dateModified":"2025-04-11T16:23:31+00:00","breadcrumb":{"@id":"https:\/\/www.vallon-bonnevaux.fr\/vbmag\/dire-non-a-la-violence-une-intervention-marquante-pour-nos-eleves-de-4e\/#breadcrumb"},"inLanguage":"fr-FR","potentialAction":[{"@type":"ReadAction","target":["https:\/\/www.vallon-bonnevaux.fr\/vbmag\/dire-non-a-la-violence-une-intervention-marquante-pour-nos-eleves-de-4e\/"]}]},{"@type":"BreadcrumbList","@id":"https:\/\/www.vallon-bonnevaux.fr\/vbmag\/dire-non-a-la-violence-une-intervention-marquante-pour-nos-eleves-de-4e\/#breadcrumb","itemListElement":[{"@type":"ListItem","position":1,"name":"Accueil","item":"https:\/\/www.vallon-bonnevaux.fr\/vbmag\/"},{"@type":"ListItem","position":2,"name":"Dire non \u00e0 la violence : une intervention marquante pour nos \u00e9l\u00e8ves de 4e"}]},{"@type":"WebSite","@id":"https:\/\/www.vallon-bonnevaux.fr\/vbmag\/#website","url":"https:\/\/www.vallon-bonnevaux.fr\/vbmag\/","name":"VBmag","description":"","publisher":{"@id":"https:\/\/www.vallon-bonnevaux.fr\/vbmag\/#organization"},"potentialAction":[{"@type":"SearchAction","target":{"@type":"EntryPoint","urlTemplate":"https:\/\/www.vallon-bonnevaux.fr\/vbmag\/?s={search_term_string}"},"query-input":"required name=search_term_string"}],"inLanguage":"fr-FR"},{"@type":"Organization","@id":"https:\/\/www.vallon-bonnevaux.fr\/vbmag\/#organization","name":"VBmag","url":"https:\/\/www.vallon-bonnevaux.fr\/vbmag\/","logo":{"@type":"ImageObject","inLanguage":"fr-FR","@id":"https:\/\/www.vallon-bonnevaux.fr\/vbmag\/#\/schema\/logo\/image\/","url":"https:\/\/www.vallon-bonnevaux.fr\/vbmag\/wp-content\/uploads\/2023\/02\/Bonnevaux-logo-VBmag.png","contentUrl":"https:\/\/www.vallon-bonnevaux.fr\/vbmag\/wp-content\/uploads\/2023\/02\/Bonnevaux-logo-VBmag.png","width":314,"height":143,"caption":"VBmag"},"image":{"@id":"https:\/\/www.vallon-bonnevaux.fr\/vbmag\/#\/schema\/logo\/image\/"},"sameAs":["https:\/\/www.facebook.com\/lyceevallonbonnevaux","https:\/\/www.instagram.com\/lycee_vallon_bonnevaux\/","https:\/\/www.linkedin.com\/company\/leap-le-vallon-les-bonnevaux\/?originalSubdomain=fr"]},{"@type":"Person","@id":"https:\/\/www.vallon-bonnevaux.fr\/vbmag\/#\/schema\/person\/78d4bedf135508e9d2b8d343575fdd31","name":"VBCommunication","image":{"@type":"ImageObject","inLanguage":"fr-FR","@id":"https:\/\/www.vallon-bonnevaux.fr\/vbmag\/#\/schema\/person\/image\/","url":"https:\/\/secure.gravatar.com\/avatar\/58fa64ce54dbedb7c6633693d600c884a245b0f97746903170fa62aae026cedc?s=96&d=mm&r=g","contentUrl":"https:\/\/secure.gravatar.com\/avatar\/58fa64ce54dbedb7c6633693d600c884a245b0f97746903170fa62aae026cedc?s=96&d=mm&r=g","caption":"VBCommunication"},"url":"https:\/\/www.vallon-bonnevaux.fr\/vbmag\/author\/vbcommunication\/"}]}},"_links":{"self":[{"href":"https:\/\/www.vallon-bonnevaux.fr\/vbmag\/wp-json\/wp\/v2\/posts\/2738","targetHints":{"allow":["GET"]}}],"collection":[{"href":"https:\/\/www.vallon-bonnevaux.fr\/vbmag\/wp-json\/wp\/v2\/posts"}],"about":[{"href":"https:\/\/www.vallon-bonnevaux.fr\/vbmag\/wp-json\/wp\/v2\/types\/post"}],"author":[{"embeddable":true,"href":"https:\/\/www.vallon-bonnevaux.fr\/vbmag\/wp-json\/wp\/v2\/users\/2"}],"replies":[{"embeddable":true,"href":"https:\/\/www.vallon-bonnevaux.fr\/vbmag\/wp-json\/wp\/v2\/comments?post=2738"}],"version-history":[{"count":2,"href":"https:\/\/www.vallon-bonnevaux.fr\/vbmag\/wp-json\/wp\/v2\/posts\/2738\/revisions"}],"predecessor-version":[{"id":2741,"href":"https:\/\/www.vallon-bonnevaux.fr\/vbmag\/wp-json\/wp\/v2\/posts\/2738\/revisions\/2741"}],"wp:featuredmedia":[{"embeddable":true,"href":"https:\/\/www.vallon-bonnevaux.fr\/vbmag\/wp-json\/wp\/v2\/media\/2740"}],"wp:attachment":[{"href":"https:\/\/www.vallon-bonnevaux.fr\/vbmag\/wp-json\/wp\/v2\/media?parent=2738"}],"wp:term":[{"taxonomy":"category","embeddable":true,"href":"https:\/\/www.vallon-bonnevaux.fr\/vbmag\/wp-json\/wp\/v2\/categories?post=2738"},{"taxonomy":"post_tag","embeddable":true,"href":"https:\/\/www.vallon-bonnevaux.fr\/vbmag\/wp-json\/wp\/v2\/tags?post=2738"}],"curies":[{"name":"wp","href":"https:\/\/api.w.org\/{rel}","templated":true}]}}