{"id":2759,"date":"2025-04-17T23:54:22","date_gmt":"2025-04-17T21:54:22","guid":{"rendered":"https:\/\/www.vallon-bonnevaux.fr\/vbmag\/?p=2759"},"modified":"2025-04-17T23:59:49","modified_gmt":"2025-04-17T21:59:49","slug":"%f0%9f%92%a1-a-vallon-bonnevaux-nous-faisons-le-choix-dune-intelligence-artificielle-ethique-raisonnee-et-constructive","status":"publish","type":"post","link":"https:\/\/www.vallon-bonnevaux.fr\/vbmag\/%f0%9f%92%a1-a-vallon-bonnevaux-nous-faisons-le-choix-dune-intelligence-artificielle-ethique-raisonnee-et-constructive\/","title":{"rendered":"\ud83d\udca1 \u00c0 Vallon Bonnevaux, nous faisons le choix d\u2019une intelligence artificielle \u00e9thique, raisonn\u00e9e et constructive"},"content":{"rendered":"<p class=\"\" data-start=\"282\" data-end=\"514\">Hier soir, le lyc\u00e9e Vallon Bonnevaux a organis\u00e9 une <strong data-start=\"334\" data-end=\"406\">conf\u00e9rence ouverte \u00e0 tous sur l\u2019intelligence artificielle g\u00e9n\u00e9rative<\/strong>, anim\u00e9e par <strong data-start=\"419\" data-end=\"438\">Bruno Terrasson<\/strong>, expert du r\u00e9seau CNEAP et passionn\u00e9 par les enjeux \u00e9ducatifs du num\u00e9rique.<\/p>\n<p class=\"\" data-start=\"516\" data-end=\"827\">Cette conf\u00e9rence a permis de poser des bases solides : comprendre les grands principes du machine learning, d\u00e9couvrir le fonctionnement des intelligences artificielles g\u00e9n\u00e9ratives, mais aussi \u00e9changer sur les opportunit\u00e9s et les limites qu\u2019elles repr\u00e9sentent dans nos pratiques professionnelles et personnelles.<\/p>\n<p class=\"\" data-start=\"829\" data-end=\"1109\">Les retours des participants \u2013 enseignants, \u00e9l\u00e8ves, personnels administratifs, habitants du territoire \u2013 ont \u00e9t\u00e9 tr\u00e8s positifs. Curiosit\u00e9, int\u00e9r\u00eat, parfois m\u00eame \u00e9tonnement : les regards ont \u00e9volu\u00e9. L\u2019IA a \u00e9t\u00e9 d\u00e9mystifi\u00e9e, et l\u2019envie d\u2019en comprendre davantage s\u2019est fait ressentir.<\/p>\n<hr class=\"\" data-start=\"1111\" data-end=\"1114\" \/>\n<h3 class=\"\" data-start=\"1116\" data-end=\"1176\">\ud83d\udcda Former pour mieux accompagner la transition num\u00e9rique<\/h3>\n<p class=\"\" data-start=\"1178\" data-end=\"1360\">Ce vendredi, l\u2019ensemble de la communaut\u00e9 \u00e9ducative de Vallon Bonnevaux sera r\u00e9unie pour une <strong data-start=\"1270\" data-end=\"1358\">journ\u00e9e de formation autour des usages professionnels de l\u2019intelligence artificielle<\/strong>.<\/p>\n<p class=\"\" data-start=\"1362\" data-end=\"1376\">Au programme :<\/p>\n<ul data-start=\"1377\" data-end=\"1854\">\n<li class=\"\" data-start=\"1377\" data-end=\"1502\">\n<p class=\"\" data-start=\"1379\" data-end=\"1502\">Une <strong data-start=\"1383\" data-end=\"1405\">conf\u00e9rence commune<\/strong> pour tous les personnels, afin d\u2019aligner les repr\u00e9sentations et de partager une culture commune.<\/p>\n<\/li>\n<li class=\"\" data-start=\"1503\" data-end=\"1854\">\n<p class=\"\" data-start=\"1505\" data-end=\"1534\">Deux <strong data-start=\"1510\" data-end=\"1532\">ateliers pratiques<\/strong> :<\/p>\n<ul data-start=\"1537\" data-end=\"1854\">\n<li class=\"\" data-start=\"1537\" data-end=\"1680\">\n<p class=\"\" data-start=\"1539\" data-end=\"1680\">L\u2019un d\u00e9di\u00e9 aux enseignants et formateurs, ax\u00e9 sur la cr\u00e9ation de contenus p\u00e9dagogiques, l\u2019\u00e9valuation ou encore la sc\u00e9narisation de s\u00e9quences.<\/p>\n<\/li>\n<li class=\"\" data-start=\"1683\" data-end=\"1854\">\n<p class=\"\" data-start=\"1685\" data-end=\"1854\">L\u2019autre destin\u00e9 aux personnels administratifs et techniques, centr\u00e9 sur l\u2019optimisation des t\u00e2ches du quotidien : r\u00e9daction, synth\u00e8se de documents, communication interne\u2026<\/p>\n<\/li>\n<\/ul>\n<\/li>\n<\/ul>\n<p class=\"\" data-start=\"1856\" data-end=\"2011\">L\u2019objectif est clair : <strong data-start=\"1879\" data-end=\"1924\">outiller chacun, quel que soit son m\u00e9tier<\/strong>, pour int\u00e9grer l\u2019IA de mani\u00e8re consciente, efficace et responsable dans ses pratiques.<\/p>\n<hr class=\"\" data-start=\"2013\" data-end=\"2016\" \/>\n<h3 class=\"\" data-start=\"2018\" data-end=\"2053\">\ud83c\udfaf Une vision \u00e9ducative de l\u2019IA<\/h3>\n<p class=\"\" data-start=\"2055\" data-end=\"2176\">L\u2019intelligence artificielle, utilis\u00e9e avec discernement, peut devenir un <strong data-start=\"2128\" data-end=\"2174\">v\u00e9ritable levier au service de l\u2019\u00e9ducation<\/strong> :<\/p>\n<ul data-start=\"2177\" data-end=\"2439\">\n<li class=\"\" data-start=\"2177\" data-end=\"2229\">\n<p class=\"\" data-start=\"2179\" data-end=\"2229\">Elle peut aider \u00e0 diff\u00e9rencier les apprentissages,<\/p>\n<\/li>\n<li class=\"\" data-start=\"2230\" data-end=\"2267\">\n<p class=\"\" data-start=\"2232\" data-end=\"2267\">Favoriser l\u2019innovation p\u00e9dagogique,<\/p>\n<\/li>\n<li class=\"\" data-start=\"2268\" data-end=\"2352\">\n<p class=\"\" data-start=\"2270\" data-end=\"2352\">All\u00e9ger certaines charges administratives pour recentrer l\u2019attention sur l\u2019humain,<\/p>\n<\/li>\n<li class=\"\" data-start=\"2353\" data-end=\"2439\">\n<p class=\"\" data-start=\"2355\" data-end=\"2439\">Et offrir aux \u00e9l\u00e8ves de nouvelles fa\u00e7ons d\u2019apprendre et de s\u2019approprier les savoirs.<\/p>\n<\/li>\n<\/ul>\n<p class=\"\" data-start=\"2441\" data-end=\"2668\">Mais elle nous invite aussi \u00e0 <strong data-start=\"2471\" data-end=\"2526\">r\u00e9fl\u00e9chir ensemble \u00e0 notre rapport \u00e0 la technologie<\/strong>, \u00e0 l\u2019\u00e9thique, \u00e0 la protection des donn\u00e9es, et \u00e0 notre mission fondamentale : celle d\u2019\u00e9duquer, d\u2019accompagner, de former des citoyens \u00e9clair\u00e9s.<\/p>\n<hr class=\"\" data-start=\"2670\" data-end=\"2673\" \/>\n<p class=\"\" data-start=\"2675\" data-end=\"2881\">Cette d\u00e9marche s\u2019inscrit dans la volont\u00e9 profonde de Vallon Bonnevaux de rester un \u00e9tablissement <strong data-start=\"2772\" data-end=\"2830\">ouvert, innovant et ancr\u00e9 dans les enjeux de son temps<\/strong>, sans jamais perdre de vue l\u2019essentiel : l\u2019humain.<\/p>\n<p class=\"\" data-start=\"3122\" data-end=\"3262\">#IA\u00e9ducation #EthiqueNum\u00e9rique #Transformation\u00c9ducative #Lyc\u00e9eVallonBonnevaux #InnovationP\u00e9dagogique #Leadership\u00c9ducatif #\u00c9ducationNum\u00e9rique<\/p>\n","protected":false},"excerpt":{"rendered":"<p>Hier soir, le lyc\u00e9e Vallon Bonnevaux a organis\u00e9 une conf\u00e9rence ouverte \u00e0 tous sur l\u2019intelligence artificielle g\u00e9n\u00e9rative, anim\u00e9e par Bruno Terrasson, expert du r\u00e9seau CNEAP et<span class=\"excerpt-hellip\"> [\u2026]<\/span><\/p>\n","protected":false},"author":2,"featured_media":0,"comment_status":"open","ping_status":"open","sticky":false,"template":"","format":"standard","meta":{"_mi_skip_tracking":false,"_monsterinsights_sitenote_active":false,"_monsterinsights_sitenote_note":"","_monsterinsights_sitenote_category":0,"footnotes":""},"categories":[2],"tags":[],"class_list":["post-2759","post","type-post","status-publish","format-standard","hentry","category-actualites-infos"],"yoast_head":"<!-- This site is optimized with the Yoast SEO plugin v20.8 - https:\/\/yoast.com\/wordpress\/plugins\/seo\/ -->\n<title>\ud83d\udca1 \u00c0 Vallon Bonnevaux, nous faisons le choix d\u2019une intelligence artificielle \u00e9thique, raisonn\u00e9e et constructive - VB Mag<\/title>\n<meta name=\"robots\" content=\"index, follow, max-snippet:-1, max-image-preview:large, max-video-preview:-1\" \/>\n<link rel=\"canonical\" href=\"https:\/\/www.vallon-bonnevaux.fr\/vbmag\/\ud83d\udca1-a-vallon-bonnevaux-nous-faisons-le-choix-dune-intelligence-artificielle-ethique-raisonnee-et-constructive\/\" \/>\n<meta property=\"og:locale\" content=\"fr_FR\" \/>\n<meta property=\"og:type\" content=\"article\" \/>\n<meta property=\"og:title\" content=\"\ud83d\udca1 \u00c0 Vallon Bonnevaux, nous faisons le choix d\u2019une intelligence artificielle \u00e9thique, raisonn\u00e9e et constructive - VB Mag\" \/>\n<meta property=\"og:description\" content=\"Hier soir, le lyc\u00e9e Vallon Bonnevaux a organis\u00e9 une conf\u00e9rence ouverte \u00e0 tous sur l\u2019intelligence artificielle g\u00e9n\u00e9rative, anim\u00e9e par Bruno Terrasson, expert du r\u00e9seau CNEAP et [\u2026]\" \/>\n<meta property=\"og:url\" content=\"https:\/\/www.vallon-bonnevaux.fr\/vbmag\/\ud83d\udca1-a-vallon-bonnevaux-nous-faisons-le-choix-dune-intelligence-artificielle-ethique-raisonnee-et-constructive\/\" \/>\n<meta property=\"og:site_name\" content=\"VB Mag\" \/>\n<meta property=\"article:publisher\" content=\"https:\/\/www.facebook.com\/lyceevallonbonnevaux\" \/>\n<meta property=\"article:published_time\" content=\"2025-04-17T21:54:22+00:00\" \/>\n<meta property=\"article:modified_time\" content=\"2025-04-17T21:59:49+00:00\" \/>\n<meta property=\"og:image\" content=\"https:\/\/www.vallon-bonnevaux.fr\/vbmag\/wp-content\/uploads\/2025\/04\/ConferenceIA-1024x683.png\" \/>\n\t<meta property=\"og:image:width\" content=\"1024\" \/>\n\t<meta property=\"og:image:height\" content=\"683\" \/>\n\t<meta property=\"og:image:type\" content=\"image\/png\" \/>\n<meta name=\"author\" content=\"VBCommunication\" \/>\n<meta name=\"twitter:card\" content=\"summary_large_image\" \/>\n<meta name=\"twitter:label1\" content=\"\u00c9crit par\" \/>\n\t<meta name=\"twitter:data1\" content=\"VBCommunication\" \/>\n\t<meta name=\"twitter:label2\" content=\"Dur\u00e9e de lecture estim\u00e9e\" \/>\n\t<meta name=\"twitter:data2\" content=\"2 minutes\" \/>\n<script type=\"application\/ld+json\" class=\"yoast-schema-graph\">{\"@context\":\"https:\/\/schema.org\",\"@graph\":[{\"@type\":\"Article\",\"@id\":\"https:\/\/www.vallon-bonnevaux.fr\/vbmag\/%f0%9f%92%a1-a-vallon-bonnevaux-nous-faisons-le-choix-dune-intelligence-artificielle-ethique-raisonnee-et-constructive\/#article\",\"isPartOf\":{\"@id\":\"https:\/\/www.vallon-bonnevaux.fr\/vbmag\/%f0%9f%92%a1-a-vallon-bonnevaux-nous-faisons-le-choix-dune-intelligence-artificielle-ethique-raisonnee-et-constructive\/\"},\"author\":{\"name\":\"VBCommunication\",\"@id\":\"https:\/\/www.vallon-bonnevaux.fr\/vbmag\/#\/schema\/person\/78d4bedf135508e9d2b8d343575fdd31\"},\"headline\":\"\ud83d\udca1 \u00c0 Vallon Bonnevaux, nous faisons le choix d\u2019une intelligence artificielle \u00e9thique, raisonn\u00e9e et constructive\",\"datePublished\":\"2025-04-17T21:54:22+00:00\",\"dateModified\":\"2025-04-17T21:59:49+00:00\",\"mainEntityOfPage\":{\"@id\":\"https:\/\/www.vallon-bonnevaux.fr\/vbmag\/%f0%9f%92%a1-a-vallon-bonnevaux-nous-faisons-le-choix-dune-intelligence-artificielle-ethique-raisonnee-et-constructive\/\"},\"wordCount\":438,\"commentCount\":0,\"publisher\":{\"@id\":\"https:\/\/www.vallon-bonnevaux.fr\/vbmag\/#organization\"},\"articleSection\":[\"Actualit\u00e9s &amp; infos\"],\"inLanguage\":\"fr-FR\",\"potentialAction\":[{\"@type\":\"CommentAction\",\"name\":\"Comment\",\"target\":[\"https:\/\/www.vallon-bonnevaux.fr\/vbmag\/%f0%9f%92%a1-a-vallon-bonnevaux-nous-faisons-le-choix-dune-intelligence-artificielle-ethique-raisonnee-et-constructive\/#respond\"]}]},{\"@type\":\"WebPage\",\"@id\":\"https:\/\/www.vallon-bonnevaux.fr\/vbmag\/%f0%9f%92%a1-a-vallon-bonnevaux-nous-faisons-le-choix-dune-intelligence-artificielle-ethique-raisonnee-et-constructive\/\",\"url\":\"https:\/\/www.vallon-bonnevaux.fr\/vbmag\/%f0%9f%92%a1-a-vallon-bonnevaux-nous-faisons-le-choix-dune-intelligence-artificielle-ethique-raisonnee-et-constructive\/\",\"name\":\"\ud83d\udca1 \u00c0 Vallon Bonnevaux, nous faisons le choix d\u2019une intelligence artificielle \u00e9thique, raisonn\u00e9e et constructive - VB Mag\",\"isPartOf\":{\"@id\":\"https:\/\/www.vallon-bonnevaux.fr\/vbmag\/#website\"},\"datePublished\":\"2025-04-17T21:54:22+00:00\",\"dateModified\":\"2025-04-17T21:59:49+00:00\",\"breadcrumb\":{\"@id\":\"https:\/\/www.vallon-bonnevaux.fr\/vbmag\/%f0%9f%92%a1-a-vallon-bonnevaux-nous-faisons-le-choix-dune-intelligence-artificielle-ethique-raisonnee-et-constructive\/#breadcrumb\"},\"inLanguage\":\"fr-FR\",\"potentialAction\":[{\"@type\":\"ReadAction\",\"target\":[\"https:\/\/www.vallon-bonnevaux.fr\/vbmag\/%f0%9f%92%a1-a-vallon-bonnevaux-nous-faisons-le-choix-dune-intelligence-artificielle-ethique-raisonnee-et-constructive\/\"]}]},{\"@type\":\"BreadcrumbList\",\"@id\":\"https:\/\/www.vallon-bonnevaux.fr\/vbmag\/%f0%9f%92%a1-a-vallon-bonnevaux-nous-faisons-le-choix-dune-intelligence-artificielle-ethique-raisonnee-et-constructive\/#breadcrumb\",\"itemListElement\":[{\"@type\":\"ListItem\",\"position\":1,\"name\":\"Accueil\",\"item\":\"https:\/\/www.vallon-bonnevaux.fr\/vbmag\/\"},{\"@type\":\"ListItem\",\"position\":2,\"name\":\"\ud83d\udca1 \u00c0 Vallon Bonnevaux, nous faisons le choix d\u2019une intelligence artificielle \u00e9thique, raisonn\u00e9e et constructive\"}]},{\"@type\":\"WebSite\",\"@id\":\"https:\/\/www.vallon-bonnevaux.fr\/vbmag\/#website\",\"url\":\"https:\/\/www.vallon-bonnevaux.fr\/vbmag\/\",\"name\":\"VBmag\",\"description\":\"\",\"publisher\":{\"@id\":\"https:\/\/www.vallon-bonnevaux.fr\/vbmag\/#organization\"},\"potentialAction\":[{\"@type\":\"SearchAction\",\"target\":{\"@type\":\"EntryPoint\",\"urlTemplate\":\"https:\/\/www.vallon-bonnevaux.fr\/vbmag\/?s={search_term_string}\"},\"query-input\":\"required name=search_term_string\"}],\"inLanguage\":\"fr-FR\"},{\"@type\":\"Organization\",\"@id\":\"https:\/\/www.vallon-bonnevaux.fr\/vbmag\/#organization\",\"name\":\"VBmag\",\"url\":\"https:\/\/www.vallon-bonnevaux.fr\/vbmag\/\",\"logo\":{\"@type\":\"ImageObject\",\"inLanguage\":\"fr-FR\",\"@id\":\"https:\/\/www.vallon-bonnevaux.fr\/vbmag\/#\/schema\/logo\/image\/\",\"url\":\"https:\/\/www.vallon-bonnevaux.fr\/vbmag\/wp-content\/uploads\/2023\/02\/Bonnevaux-logo-VBmag.png\",\"contentUrl\":\"https:\/\/www.vallon-bonnevaux.fr\/vbmag\/wp-content\/uploads\/2023\/02\/Bonnevaux-logo-VBmag.png\",\"width\":314,\"height\":143,\"caption\":\"VBmag\"},\"image\":{\"@id\":\"https:\/\/www.vallon-bonnevaux.fr\/vbmag\/#\/schema\/logo\/image\/\"},\"sameAs\":[\"https:\/\/www.facebook.com\/lyceevallonbonnevaux\",\"https:\/\/www.instagram.com\/lycee_vallon_bonnevaux\/\",\"https:\/\/www.linkedin.com\/company\/leap-le-vallon-les-bonnevaux\/?originalSubdomain=fr\"]},{\"@type\":\"Person\",\"@id\":\"https:\/\/www.vallon-bonnevaux.fr\/vbmag\/#\/schema\/person\/78d4bedf135508e9d2b8d343575fdd31\",\"name\":\"VBCommunication\",\"image\":{\"@type\":\"ImageObject\",\"inLanguage\":\"fr-FR\",\"@id\":\"https:\/\/www.vallon-bonnevaux.fr\/vbmag\/#\/schema\/person\/image\/\",\"url\":\"https:\/\/secure.gravatar.com\/avatar\/58fa64ce54dbedb7c6633693d600c884a245b0f97746903170fa62aae026cedc?s=96&d=mm&r=g\",\"contentUrl\":\"https:\/\/secure.gravatar.com\/avatar\/58fa64ce54dbedb7c6633693d600c884a245b0f97746903170fa62aae026cedc?s=96&d=mm&r=g\",\"caption\":\"VBCommunication\"},\"url\":\"https:\/\/www.vallon-bonnevaux.fr\/vbmag\/author\/vbcommunication\/\"}]}<\/script>\n<!-- \/ Yoast SEO plugin. -->","yoast_head_json":{"title":"\ud83d\udca1 \u00c0 Vallon Bonnevaux, nous faisons le choix d\u2019une intelligence artificielle \u00e9thique, raisonn\u00e9e et constructive - VB Mag","robots":{"index":"index","follow":"follow","max-snippet":"max-snippet:-1","max-image-preview":"max-image-preview:large","max-video-preview":"max-video-preview:-1"},"canonical":"https:\/\/www.vallon-bonnevaux.fr\/vbmag\/\ud83d\udca1-a-vallon-bonnevaux-nous-faisons-le-choix-dune-intelligence-artificielle-ethique-raisonnee-et-constructive\/","og_locale":"fr_FR","og_type":"article","og_title":"\ud83d\udca1 \u00c0 Vallon Bonnevaux, nous faisons le choix d\u2019une intelligence artificielle \u00e9thique, raisonn\u00e9e et constructive - VB Mag","og_description":"Hier soir, le lyc\u00e9e Vallon Bonnevaux a organis\u00e9 une conf\u00e9rence ouverte \u00e0 tous sur l\u2019intelligence artificielle g\u00e9n\u00e9rative, anim\u00e9e par Bruno Terrasson, expert du r\u00e9seau CNEAP et [\u2026]","og_url":"https:\/\/www.vallon-bonnevaux.fr\/vbmag\/\ud83d\udca1-a-vallon-bonnevaux-nous-faisons-le-choix-dune-intelligence-artificielle-ethique-raisonnee-et-constructive\/","og_site_name":"VB Mag","article_publisher":"https:\/\/www.facebook.com\/lyceevallonbonnevaux","article_published_time":"2025-04-17T21:54:22+00:00","article_modified_time":"2025-04-17T21:59:49+00:00","og_image":[{"width":1024,"height":683,"url":"https:\/\/www.vallon-bonnevaux.fr\/vbmag\/wp-content\/uploads\/2025\/04\/ConferenceIA-1024x683.png","type":"image\/png"}],"author":"VBCommunication","twitter_card":"summary_large_image","twitter_misc":{"\u00c9crit par":"VBCommunication","Dur\u00e9e de lecture estim\u00e9e":"2 minutes"},"schema":{"@context":"https:\/\/schema.org","@graph":[{"@type":"Article","@id":"https:\/\/www.vallon-bonnevaux.fr\/vbmag\/%f0%9f%92%a1-a-vallon-bonnevaux-nous-faisons-le-choix-dune-intelligence-artificielle-ethique-raisonnee-et-constructive\/#article","isPartOf":{"@id":"https:\/\/www.vallon-bonnevaux.fr\/vbmag\/%f0%9f%92%a1-a-vallon-bonnevaux-nous-faisons-le-choix-dune-intelligence-artificielle-ethique-raisonnee-et-constructive\/"},"author":{"name":"VBCommunication","@id":"https:\/\/www.vallon-bonnevaux.fr\/vbmag\/#\/schema\/person\/78d4bedf135508e9d2b8d343575fdd31"},"headline":"\ud83d\udca1 \u00c0 Vallon Bonnevaux, nous faisons le choix d\u2019une intelligence artificielle \u00e9thique, raisonn\u00e9e et constructive","datePublished":"2025-04-17T21:54:22+00:00","dateModified":"2025-04-17T21:59:49+00:00","mainEntityOfPage":{"@id":"https:\/\/www.vallon-bonnevaux.fr\/vbmag\/%f0%9f%92%a1-a-vallon-bonnevaux-nous-faisons-le-choix-dune-intelligence-artificielle-ethique-raisonnee-et-constructive\/"},"wordCount":438,"commentCount":0,"publisher":{"@id":"https:\/\/www.vallon-bonnevaux.fr\/vbmag\/#organization"},"articleSection":["Actualit\u00e9s &amp; infos"],"inLanguage":"fr-FR","potentialAction":[{"@type":"CommentAction","name":"Comment","target":["https:\/\/www.vallon-bonnevaux.fr\/vbmag\/%f0%9f%92%a1-a-vallon-bonnevaux-nous-faisons-le-choix-dune-intelligence-artificielle-ethique-raisonnee-et-constructive\/#respond"]}]},{"@type":"WebPage","@id":"https:\/\/www.vallon-bonnevaux.fr\/vbmag\/%f0%9f%92%a1-a-vallon-bonnevaux-nous-faisons-le-choix-dune-intelligence-artificielle-ethique-raisonnee-et-constructive\/","url":"https:\/\/www.vallon-bonnevaux.fr\/vbmag\/%f0%9f%92%a1-a-vallon-bonnevaux-nous-faisons-le-choix-dune-intelligence-artificielle-ethique-raisonnee-et-constructive\/","name":"\ud83d\udca1 \u00c0 Vallon Bonnevaux, nous faisons le choix d\u2019une intelligence artificielle \u00e9thique, raisonn\u00e9e et constructive - VB Mag","isPartOf":{"@id":"https:\/\/www.vallon-bonnevaux.fr\/vbmag\/#website"},"datePublished":"2025-04-17T21:54:22+00:00","dateModified":"2025-04-17T21:59:49+00:00","breadcrumb":{"@id":"https:\/\/www.vallon-bonnevaux.fr\/vbmag\/%f0%9f%92%a1-a-vallon-bonnevaux-nous-faisons-le-choix-dune-intelligence-artificielle-ethique-raisonnee-et-constructive\/#breadcrumb"},"inLanguage":"fr-FR","potentialAction":[{"@type":"ReadAction","target":["https:\/\/www.vallon-bonnevaux.fr\/vbmag\/%f0%9f%92%a1-a-vallon-bonnevaux-nous-faisons-le-choix-dune-intelligence-artificielle-ethique-raisonnee-et-constructive\/"]}]},{"@type":"BreadcrumbList","@id":"https:\/\/www.vallon-bonnevaux.fr\/vbmag\/%f0%9f%92%a1-a-vallon-bonnevaux-nous-faisons-le-choix-dune-intelligence-artificielle-ethique-raisonnee-et-constructive\/#breadcrumb","itemListElement":[{"@type":"ListItem","position":1,"name":"Accueil","item":"https:\/\/www.vallon-bonnevaux.fr\/vbmag\/"},{"@type":"ListItem","position":2,"name":"\ud83d\udca1 \u00c0 Vallon Bonnevaux, nous faisons le choix d\u2019une intelligence artificielle \u00e9thique, raisonn\u00e9e et constructive"}]},{"@type":"WebSite","@id":"https:\/\/www.vallon-bonnevaux.fr\/vbmag\/#website","url":"https:\/\/www.vallon-bonnevaux.fr\/vbmag\/","name":"VBmag","description":"","publisher":{"@id":"https:\/\/www.vallon-bonnevaux.fr\/vbmag\/#organization"},"potentialAction":[{"@type":"SearchAction","target":{"@type":"EntryPoint","urlTemplate":"https:\/\/www.vallon-bonnevaux.fr\/vbmag\/?s={search_term_string}"},"query-input":"required name=search_term_string"}],"inLanguage":"fr-FR"},{"@type":"Organization","@id":"https:\/\/www.vallon-bonnevaux.fr\/vbmag\/#organization","name":"VBmag","url":"https:\/\/www.vallon-bonnevaux.fr\/vbmag\/","logo":{"@type":"ImageObject","inLanguage":"fr-FR","@id":"https:\/\/www.vallon-bonnevaux.fr\/vbmag\/#\/schema\/logo\/image\/","url":"https:\/\/www.vallon-bonnevaux.fr\/vbmag\/wp-content\/uploads\/2023\/02\/Bonnevaux-logo-VBmag.png","contentUrl":"https:\/\/www.vallon-bonnevaux.fr\/vbmag\/wp-content\/uploads\/2023\/02\/Bonnevaux-logo-VBmag.png","width":314,"height":143,"caption":"VBmag"},"image":{"@id":"https:\/\/www.vallon-bonnevaux.fr\/vbmag\/#\/schema\/logo\/image\/"},"sameAs":["https:\/\/www.facebook.com\/lyceevallonbonnevaux","https:\/\/www.instagram.com\/lycee_vallon_bonnevaux\/","https:\/\/www.linkedin.com\/company\/leap-le-vallon-les-bonnevaux\/?originalSubdomain=fr"]},{"@type":"Person","@id":"https:\/\/www.vallon-bonnevaux.fr\/vbmag\/#\/schema\/person\/78d4bedf135508e9d2b8d343575fdd31","name":"VBCommunication","image":{"@type":"ImageObject","inLanguage":"fr-FR","@id":"https:\/\/www.vallon-bonnevaux.fr\/vbmag\/#\/schema\/person\/image\/","url":"https:\/\/secure.gravatar.com\/avatar\/58fa64ce54dbedb7c6633693d600c884a245b0f97746903170fa62aae026cedc?s=96&d=mm&r=g","contentUrl":"https:\/\/secure.gravatar.com\/avatar\/58fa64ce54dbedb7c6633693d600c884a245b0f97746903170fa62aae026cedc?s=96&d=mm&r=g","caption":"VBCommunication"},"url":"https:\/\/www.vallon-bonnevaux.fr\/vbmag\/author\/vbcommunication\/"}]}},"_links":{"self":[{"href":"https:\/\/www.vallon-bonnevaux.fr\/vbmag\/wp-json\/wp\/v2\/posts\/2759","targetHints":{"allow":["GET"]}}],"collection":[{"href":"https:\/\/www.vallon-bonnevaux.fr\/vbmag\/wp-json\/wp\/v2\/posts"}],"about":[{"href":"https:\/\/www.vallon-bonnevaux.fr\/vbmag\/wp-json\/wp\/v2\/types\/post"}],"author":[{"embeddable":true,"href":"https:\/\/www.vallon-bonnevaux.fr\/vbmag\/wp-json\/wp\/v2\/users\/2"}],"replies":[{"embeddable":true,"href":"https:\/\/www.vallon-bonnevaux.fr\/vbmag\/wp-json\/wp\/v2\/comments?post=2759"}],"version-history":[{"count":2,"href":"https:\/\/www.vallon-bonnevaux.fr\/vbmag\/wp-json\/wp\/v2\/posts\/2759\/revisions"}],"predecessor-version":[{"id":2761,"href":"https:\/\/www.vallon-bonnevaux.fr\/vbmag\/wp-json\/wp\/v2\/posts\/2759\/revisions\/2761"}],"wp:attachment":[{"href":"https:\/\/www.vallon-bonnevaux.fr\/vbmag\/wp-json\/wp\/v2\/media?parent=2759"}],"wp:term":[{"taxonomy":"category","embeddable":true,"href":"https:\/\/www.vallon-bonnevaux.fr\/vbmag\/wp-json\/wp\/v2\/categories?post=2759"},{"taxonomy":"post_tag","embeddable":true,"href":"https:\/\/www.vallon-bonnevaux.fr\/vbmag\/wp-json\/wp\/v2\/tags?post=2759"}],"curies":[{"name":"wp","href":"https:\/\/api.w.org\/{rel}","templated":true}]}}