{"id":2765,"date":"2025-04-30T14:31:40","date_gmt":"2025-04-30T12:31:40","guid":{"rendered":"https:\/\/www.vallon-bonnevaux.fr\/vbmag\/?p=2765"},"modified":"2025-04-30T14:58:15","modified_gmt":"2025-04-30T12:58:15","slug":"a-la-decouverte-des-serres-municipales-de-bourgoin-jallieu-une-immersion-professionnelle-pour-les-apprentis-cap-jardinier-paysagiste","status":"publish","type":"post","link":"https:\/\/www.vallon-bonnevaux.fr\/vbmag\/a-la-decouverte-des-serres-municipales-de-bourgoin-jallieu-une-immersion-professionnelle-pour-les-apprentis-cap-jardinier-paysagiste\/","title":{"rendered":"\u00c0 la d\u00e9couverte des serres municipales de Bourgoin-Jallieu : une immersion professionnelle pour les apprentis CAP Jardinier Paysagiste"},"content":{"rendered":"<h1 class=\"\" data-start=\"242\" data-end=\"388\">\ud83c\udf3f \ud83c\udf31<\/h1>\n<p class=\"\" data-start=\"390\" data-end=\"803\">Dans le cadre de leur <strong data-start=\"412\" data-end=\"453\">formation au CAP Jardinier Paysagiste<\/strong>, les apprentis du <strong data-start=\"472\" data-end=\"498\">Lyc\u00e9e Vallon Bonnevaux<\/strong> ont r\u00e9cemment particip\u00e9 \u00e0 une <strong data-start=\"529\" data-end=\"551\">visite p\u00e9dagogique<\/strong> au c\u0153ur des <strong data-start=\"564\" data-end=\"606\">serres municipales de Bourgoin-Jallieu<\/strong>. Une exp\u00e9rience enrichissante qui s\u2019inscrit pleinement dans les objectifs p\u00e9dagogiques du lyc\u00e9e et illustre son engagement pour une formation de terrain en lien avec les r\u00e9alit\u00e9s professionnelles.<\/p>\n<h3 class=\"\" data-start=\"805\" data-end=\"869\">\ud83c\udf3c Une rencontre avec les acteurs de l\u2019horticulture publique<\/h3>\n<p class=\"\" data-start=\"871\" data-end=\"1370\">Accueillis par un <strong data-start=\"889\" data-end=\"928\">agent technique horticole passionn\u00e9<\/strong>, les jeunes ont d\u00e9couvert l\u2019envers du d\u00e9cor d\u2019un service municipal souvent m\u00e9connu du grand public : la <strong data-start=\"1033\" data-end=\"1056\">production v\u00e9g\u00e9tale<\/strong>, la <strong data-start=\"1061\" data-end=\"1096\">gestion du fleurissement urbain<\/strong> et l\u2019<strong data-start=\"1102\" data-end=\"1133\">entretien des espaces verts<\/strong>. Gr\u00e2ce aux explications techniques et aux d\u00e9monstrations sur place, ils ont pu comprendre les diff\u00e9rentes missions qui rythment le quotidien des jardiniers municipaux et mesurer la rigueur et l&rsquo;organisation que ces fonctions requi\u00e8rent.<\/p>\n<h3 class=\"\" data-start=\"1372\" data-end=\"1424\">\ud83d\udd0d Renforcement des comp\u00e9tences professionnelles<\/h3>\n<p class=\"\" data-start=\"1426\" data-end=\"1505\">Encadr\u00e9s par leurs formateurs, les apprentis ont profit\u00e9 de cette sortie pour :<\/p>\n<ul data-start=\"1506\" data-end=\"1890\">\n<li class=\"\" data-start=\"1506\" data-end=\"1616\">\n<p class=\"\" data-start=\"1508\" data-end=\"1616\">\ud83d\udd0e <strong data-start=\"1511\" data-end=\"1577\">Approfondir leurs connaissances en reconnaissance des v\u00e9g\u00e9taux<\/strong>, indispensable dans leur futur m\u00e9tier,<\/p>\n<\/li>\n<li class=\"\" data-start=\"1617\" data-end=\"1699\">\n<p class=\"\" data-start=\"1619\" data-end=\"1699\">\ud83c\udf31 Observer des <strong data-start=\"1635\" data-end=\"1681\">techniques professionnelles d\u2019horticulture<\/strong> en contexte r\u00e9el,<\/p>\n<\/li>\n<li class=\"\" data-start=\"1700\" data-end=\"1890\">\n<p class=\"\" data-start=\"1702\" data-end=\"1890\">\ud83d\udcac \u00c9changer avec un professionnel exp\u00e9riment\u00e9 sur les <strong data-start=\"1756\" data-end=\"1810\">conditions de travail en collectivit\u00e9 territoriale<\/strong>, les \u00e9volutions possibles du m\u00e9tier, et les qualit\u00e9s attendues dans ce secteur.<\/p>\n<\/li>\n<\/ul>\n<p class=\"\" data-start=\"1892\" data-end=\"2109\">Cette immersion a permis de <strong data-start=\"1920\" data-end=\"1987\">confronter les enseignements th\u00e9oriques \u00e0 la r\u00e9alit\u00e9 du terrain<\/strong>, tout en suscitant des vocations et une meilleure compr\u00e9hension des d\u00e9bouch\u00e9s dans la <strong data-start=\"2074\" data-end=\"2108\">fonction publique territoriale<\/strong>.<\/p>\n<h3 class=\"\" data-start=\"2111\" data-end=\"2178\">\ud83c\udf0d Une action en coh\u00e9rence avec les valeurs de Vallon Bonnevaux<\/h3>\n<p class=\"\" data-start=\"2180\" data-end=\"2350\">Le <strong data-start=\"2183\" data-end=\"2209\">Lyc\u00e9e Vallon Bonnevaux<\/strong> place la professionnalisation au c\u0153ur de ses dispositifs de formation. Cette visite incarne les <strong data-start=\"2306\" data-end=\"2329\">valeurs fondatrices<\/strong> de l\u2019\u00e9tablissement :<\/p>\n<ul data-start=\"2351\" data-end=\"2641\">\n<li class=\"\" data-start=\"2351\" data-end=\"2436\">\n<p class=\"\" data-start=\"2353\" data-end=\"2436\">\u2705 <strong data-start=\"2355\" data-end=\"2381\">Transmission du savoir<\/strong> par l\u2019exp\u00e9rience et l\u2019\u00e9change avec les professionnels,<\/p>\n<\/li>\n<li class=\"\" data-start=\"2437\" data-end=\"2512\">\n<p class=\"\" data-start=\"2439\" data-end=\"2512\">\u2705 <strong data-start=\"2441\" data-end=\"2471\">Respect de l\u2019environnement<\/strong> et sensibilisation \u00e0 l\u2019\u00e9cologie urbaine,<\/p>\n<\/li>\n<li class=\"\" data-start=\"2513\" data-end=\"2584\">\n<p class=\"\" data-start=\"2515\" data-end=\"2584\">\u2705 <strong data-start=\"2517\" data-end=\"2548\">Ouverture sur le territoire<\/strong> et les m\u00e9tiers connexes du paysage,<\/p>\n<\/li>\n<li class=\"\" data-start=\"2585\" data-end=\"2641\">\n<p class=\"\" data-start=\"2587\" data-end=\"2641\">\u2705 <strong data-start=\"2589\" data-end=\"2603\">Engagement<\/strong> dans la r\u00e9ussite de chaque apprenant.<\/p>\n<\/li>\n<\/ul>\n<hr class=\"\" data-start=\"2643\" data-end=\"2646\" \/>\n<p class=\"\" data-start=\"2648\" data-end=\"2880\">\ud83c\udf93 En favorisant ce type de rencontre, le lyc\u00e9e continue d&rsquo;accompagner ses \u00e9l\u00e8ves dans la <strong data-start=\"2738\" data-end=\"2783\">construction de leur projet professionnel<\/strong>, en leur donnant les moyens d\u2019agir en futurs <strong data-start=\"2829\" data-end=\"2879\">acteurs responsables du cadre de vie de demain<\/strong>.<\/p>\n<p class=\"\" data-start=\"2882\" data-end=\"3071\">\ud83d\udc4f Un grand merci aux <strong data-start=\"2904\" data-end=\"2958\">\u00e9quipes techniques de la Ville de Bourgoin-Jallieu<\/strong> pour leur accueil, leur disponibilit\u00e9 et leur engagement en faveur de la formation des jeunes en apprentissage !<\/p>\n<hr class=\"\" data-start=\"3073\" data-end=\"3076\" \/>\n<p class=\"\" data-start=\"3078\" data-end=\"3179\">\ud83d\udccc <em data-start=\"3081\" data-end=\"3179\">Article publi\u00e9 dans le cadre des actualit\u00e9s du CAP Jardinier Paysagiste \u2013 Lyc\u00e9e Vallon Bonnevaux<\/em><\/p>\n<p class=\"\" data-start=\"3181\" data-end=\"3378\">\ud83d\udd16 <strong data-start=\"3184\" data-end=\"3378\">#CAPJardinierPaysagiste #VallonBonnevaux #HorticultureUrbaine #BourgoinJallieu #EspacesVerts #FormationProfessionnelle #Apprentissage #M\u00e9tiersDuPaysage #Environnement #TransmissionDesSavoirs<\/strong><\/p>\n","protected":false},"excerpt":{"rendered":"<p>\ud83c\udf3f \ud83c\udf31 Dans le cadre de leur formation au CAP Jardinier Paysagiste, les apprentis du Lyc\u00e9e Vallon Bonnevaux ont r\u00e9cemment particip\u00e9 \u00e0 une visite p\u00e9dagogique au<span class=\"excerpt-hellip\"> [\u2026]<\/span><\/p>\n","protected":false},"author":2,"featured_media":2763,"comment_status":"open","ping_status":"open","sticky":false,"template":"","format":"standard","meta":{"_mi_skip_tracking":false,"_monsterinsights_sitenote_active":false,"_monsterinsights_sitenote_note":"","_monsterinsights_sitenote_category":0,"footnotes":""},"categories":[2,3],"tags":[],"class_list":["post-2765","post","type-post","status-publish","format-standard","has-post-thumbnail","hentry","category-actualites-infos","category-formation-pedagogie"],"yoast_head":"<!-- This site is optimized with the Yoast SEO plugin v20.8 - https:\/\/yoast.com\/wordpress\/plugins\/seo\/ -->\n<title>\u00c0 la d\u00e9couverte des serres municipales de Bourgoin-Jallieu : une immersion professionnelle pour les apprentis CAP Jardinier Paysagiste - VB Mag<\/title>\n<meta name=\"robots\" content=\"index, follow, max-snippet:-1, max-image-preview:large, max-video-preview:-1\" \/>\n<link rel=\"canonical\" href=\"https:\/\/www.vallon-bonnevaux.fr\/vbmag\/a-la-decouverte-des-serres-municipales-de-bourgoin-jallieu-une-immersion-professionnelle-pour-les-apprentis-cap-jardinier-paysagiste\/\" \/>\n<meta property=\"og:locale\" content=\"fr_FR\" \/>\n<meta property=\"og:type\" content=\"article\" \/>\n<meta property=\"og:title\" content=\"\u00c0 la d\u00e9couverte des serres municipales de Bourgoin-Jallieu : une immersion professionnelle pour les apprentis CAP Jardinier Paysagiste - VB Mag\" \/>\n<meta property=\"og:description\" content=\"\ud83c\udf3f \ud83c\udf31 Dans le cadre de leur formation au CAP Jardinier Paysagiste, les apprentis du Lyc\u00e9e Vallon Bonnevaux ont r\u00e9cemment particip\u00e9 \u00e0 une visite p\u00e9dagogique au [\u2026]\" \/>\n<meta property=\"og:url\" content=\"https:\/\/www.vallon-bonnevaux.fr\/vbmag\/a-la-decouverte-des-serres-municipales-de-bourgoin-jallieu-une-immersion-professionnelle-pour-les-apprentis-cap-jardinier-paysagiste\/\" \/>\n<meta property=\"og:site_name\" content=\"VB Mag\" \/>\n<meta property=\"article:publisher\" content=\"https:\/\/www.facebook.com\/lyceevallonbonnevaux\" \/>\n<meta property=\"article:published_time\" content=\"2025-04-30T12:31:40+00:00\" \/>\n<meta property=\"article:modified_time\" content=\"2025-04-30T12:58:15+00:00\" \/>\n<meta property=\"og:image\" content=\"https:\/\/www.vallon-bonnevaux.fr\/vbmag\/wp-content\/uploads\/2025\/04\/CAP-Jardinier-Paysagiste-visite-serre-vegetaux-1.jpg\" \/>\n\t<meta property=\"og:image:width\" content=\"1440\" \/>\n\t<meta property=\"og:image:height\" content=\"1920\" \/>\n\t<meta property=\"og:image:type\" content=\"image\/jpeg\" \/>\n<meta name=\"author\" content=\"VBCommunication\" \/>\n<meta name=\"twitter:card\" content=\"summary_large_image\" \/>\n<meta name=\"twitter:label1\" content=\"\u00c9crit par\" \/>\n\t<meta name=\"twitter:data1\" content=\"VBCommunication\" \/>\n\t<meta name=\"twitter:label2\" content=\"Dur\u00e9e de lecture estim\u00e9e\" \/>\n\t<meta name=\"twitter:data2\" content=\"3 minutes\" \/>\n<script type=\"application\/ld+json\" class=\"yoast-schema-graph\">{\"@context\":\"https:\/\/schema.org\",\"@graph\":[{\"@type\":\"Article\",\"@id\":\"https:\/\/www.vallon-bonnevaux.fr\/vbmag\/a-la-decouverte-des-serres-municipales-de-bourgoin-jallieu-une-immersion-professionnelle-pour-les-apprentis-cap-jardinier-paysagiste\/#article\",\"isPartOf\":{\"@id\":\"https:\/\/www.vallon-bonnevaux.fr\/vbmag\/a-la-decouverte-des-serres-municipales-de-bourgoin-jallieu-une-immersion-professionnelle-pour-les-apprentis-cap-jardinier-paysagiste\/\"},\"author\":{\"name\":\"VBCommunication\",\"@id\":\"https:\/\/www.vallon-bonnevaux.fr\/vbmag\/#\/schema\/person\/78d4bedf135508e9d2b8d343575fdd31\"},\"headline\":\"\u00c0 la d\u00e9couverte des serres municipales de Bourgoin-Jallieu : une immersion professionnelle pour les apprentis CAP Jardinier Paysagiste\",\"datePublished\":\"2025-04-30T12:31:40+00:00\",\"dateModified\":\"2025-04-30T12:58:15+00:00\",\"mainEntityOfPage\":{\"@id\":\"https:\/\/www.vallon-bonnevaux.fr\/vbmag\/a-la-decouverte-des-serres-municipales-de-bourgoin-jallieu-une-immersion-professionnelle-pour-les-apprentis-cap-jardinier-paysagiste\/\"},\"wordCount\":449,\"commentCount\":0,\"publisher\":{\"@id\":\"https:\/\/www.vallon-bonnevaux.fr\/vbmag\/#organization\"},\"articleSection\":[\"Actualit\u00e9s &amp; infos\",\"Formation &amp; P\u00e9dagogie\"],\"inLanguage\":\"fr-FR\",\"potentialAction\":[{\"@type\":\"CommentAction\",\"name\":\"Comment\",\"target\":[\"https:\/\/www.vallon-bonnevaux.fr\/vbmag\/a-la-decouverte-des-serres-municipales-de-bourgoin-jallieu-une-immersion-professionnelle-pour-les-apprentis-cap-jardinier-paysagiste\/#respond\"]}]},{\"@type\":\"WebPage\",\"@id\":\"https:\/\/www.vallon-bonnevaux.fr\/vbmag\/a-la-decouverte-des-serres-municipales-de-bourgoin-jallieu-une-immersion-professionnelle-pour-les-apprentis-cap-jardinier-paysagiste\/\",\"url\":\"https:\/\/www.vallon-bonnevaux.fr\/vbmag\/a-la-decouverte-des-serres-municipales-de-bourgoin-jallieu-une-immersion-professionnelle-pour-les-apprentis-cap-jardinier-paysagiste\/\",\"name\":\"\u00c0 la d\u00e9couverte des serres municipales de Bourgoin-Jallieu : une immersion professionnelle pour les apprentis CAP Jardinier Paysagiste - VB Mag\",\"isPartOf\":{\"@id\":\"https:\/\/www.vallon-bonnevaux.fr\/vbmag\/#website\"},\"datePublished\":\"2025-04-30T12:31:40+00:00\",\"dateModified\":\"2025-04-30T12:58:15+00:00\",\"breadcrumb\":{\"@id\":\"https:\/\/www.vallon-bonnevaux.fr\/vbmag\/a-la-decouverte-des-serres-municipales-de-bourgoin-jallieu-une-immersion-professionnelle-pour-les-apprentis-cap-jardinier-paysagiste\/#breadcrumb\"},\"inLanguage\":\"fr-FR\",\"potentialAction\":[{\"@type\":\"ReadAction\",\"target\":[\"https:\/\/www.vallon-bonnevaux.fr\/vbmag\/a-la-decouverte-des-serres-municipales-de-bourgoin-jallieu-une-immersion-professionnelle-pour-les-apprentis-cap-jardinier-paysagiste\/\"]}]},{\"@type\":\"BreadcrumbList\",\"@id\":\"https:\/\/www.vallon-bonnevaux.fr\/vbmag\/a-la-decouverte-des-serres-municipales-de-bourgoin-jallieu-une-immersion-professionnelle-pour-les-apprentis-cap-jardinier-paysagiste\/#breadcrumb\",\"itemListElement\":[{\"@type\":\"ListItem\",\"position\":1,\"name\":\"Accueil\",\"item\":\"https:\/\/www.vallon-bonnevaux.fr\/vbmag\/\"},{\"@type\":\"ListItem\",\"position\":2,\"name\":\"\u00c0 la d\u00e9couverte des serres municipales de Bourgoin-Jallieu : une immersion professionnelle pour les apprentis CAP Jardinier Paysagiste\"}]},{\"@type\":\"WebSite\",\"@id\":\"https:\/\/www.vallon-bonnevaux.fr\/vbmag\/#website\",\"url\":\"https:\/\/www.vallon-bonnevaux.fr\/vbmag\/\",\"name\":\"VBmag\",\"description\":\"\",\"publisher\":{\"@id\":\"https:\/\/www.vallon-bonnevaux.fr\/vbmag\/#organization\"},\"potentialAction\":[{\"@type\":\"SearchAction\",\"target\":{\"@type\":\"EntryPoint\",\"urlTemplate\":\"https:\/\/www.vallon-bonnevaux.fr\/vbmag\/?s={search_term_string}\"},\"query-input\":\"required name=search_term_string\"}],\"inLanguage\":\"fr-FR\"},{\"@type\":\"Organization\",\"@id\":\"https:\/\/www.vallon-bonnevaux.fr\/vbmag\/#organization\",\"name\":\"VBmag\",\"url\":\"https:\/\/www.vallon-bonnevaux.fr\/vbmag\/\",\"logo\":{\"@type\":\"ImageObject\",\"inLanguage\":\"fr-FR\",\"@id\":\"https:\/\/www.vallon-bonnevaux.fr\/vbmag\/#\/schema\/logo\/image\/\",\"url\":\"https:\/\/www.vallon-bonnevaux.fr\/vbmag\/wp-content\/uploads\/2023\/02\/Bonnevaux-logo-VBmag.png\",\"contentUrl\":\"https:\/\/www.vallon-bonnevaux.fr\/vbmag\/wp-content\/uploads\/2023\/02\/Bonnevaux-logo-VBmag.png\",\"width\":314,\"height\":143,\"caption\":\"VBmag\"},\"image\":{\"@id\":\"https:\/\/www.vallon-bonnevaux.fr\/vbmag\/#\/schema\/logo\/image\/\"},\"sameAs\":[\"https:\/\/www.facebook.com\/lyceevallonbonnevaux\",\"https:\/\/www.instagram.com\/lycee_vallon_bonnevaux\/\",\"https:\/\/www.linkedin.com\/company\/leap-le-vallon-les-bonnevaux\/?originalSubdomain=fr\"]},{\"@type\":\"Person\",\"@id\":\"https:\/\/www.vallon-bonnevaux.fr\/vbmag\/#\/schema\/person\/78d4bedf135508e9d2b8d343575fdd31\",\"name\":\"VBCommunication\",\"image\":{\"@type\":\"ImageObject\",\"inLanguage\":\"fr-FR\",\"@id\":\"https:\/\/www.vallon-bonnevaux.fr\/vbmag\/#\/schema\/person\/image\/\",\"url\":\"https:\/\/secure.gravatar.com\/avatar\/58fa64ce54dbedb7c6633693d600c884a245b0f97746903170fa62aae026cedc?s=96&d=mm&r=g\",\"contentUrl\":\"https:\/\/secure.gravatar.com\/avatar\/58fa64ce54dbedb7c6633693d600c884a245b0f97746903170fa62aae026cedc?s=96&d=mm&r=g\",\"caption\":\"VBCommunication\"},\"url\":\"https:\/\/www.vallon-bonnevaux.fr\/vbmag\/author\/vbcommunication\/\"}]}<\/script>\n<!-- \/ Yoast SEO plugin. -->","yoast_head_json":{"title":"\u00c0 la d\u00e9couverte des serres municipales de Bourgoin-Jallieu : une immersion professionnelle pour les apprentis CAP Jardinier Paysagiste - VB Mag","robots":{"index":"index","follow":"follow","max-snippet":"max-snippet:-1","max-image-preview":"max-image-preview:large","max-video-preview":"max-video-preview:-1"},"canonical":"https:\/\/www.vallon-bonnevaux.fr\/vbmag\/a-la-decouverte-des-serres-municipales-de-bourgoin-jallieu-une-immersion-professionnelle-pour-les-apprentis-cap-jardinier-paysagiste\/","og_locale":"fr_FR","og_type":"article","og_title":"\u00c0 la d\u00e9couverte des serres municipales de Bourgoin-Jallieu : une immersion professionnelle pour les apprentis CAP Jardinier Paysagiste - VB Mag","og_description":"\ud83c\udf3f \ud83c\udf31 Dans le cadre de leur formation au CAP Jardinier Paysagiste, les apprentis du Lyc\u00e9e Vallon Bonnevaux ont r\u00e9cemment particip\u00e9 \u00e0 une visite p\u00e9dagogique au [\u2026]","og_url":"https:\/\/www.vallon-bonnevaux.fr\/vbmag\/a-la-decouverte-des-serres-municipales-de-bourgoin-jallieu-une-immersion-professionnelle-pour-les-apprentis-cap-jardinier-paysagiste\/","og_site_name":"VB Mag","article_publisher":"https:\/\/www.facebook.com\/lyceevallonbonnevaux","article_published_time":"2025-04-30T12:31:40+00:00","article_modified_time":"2025-04-30T12:58:15+00:00","og_image":[{"width":1440,"height":1920,"url":"https:\/\/www.vallon-bonnevaux.fr\/vbmag\/wp-content\/uploads\/2025\/04\/CAP-Jardinier-Paysagiste-visite-serre-vegetaux-1.jpg","type":"image\/jpeg"}],"author":"VBCommunication","twitter_card":"summary_large_image","twitter_misc":{"\u00c9crit par":"VBCommunication","Dur\u00e9e de lecture estim\u00e9e":"3 minutes"},"schema":{"@context":"https:\/\/schema.org","@graph":[{"@type":"Article","@id":"https:\/\/www.vallon-bonnevaux.fr\/vbmag\/a-la-decouverte-des-serres-municipales-de-bourgoin-jallieu-une-immersion-professionnelle-pour-les-apprentis-cap-jardinier-paysagiste\/#article","isPartOf":{"@id":"https:\/\/www.vallon-bonnevaux.fr\/vbmag\/a-la-decouverte-des-serres-municipales-de-bourgoin-jallieu-une-immersion-professionnelle-pour-les-apprentis-cap-jardinier-paysagiste\/"},"author":{"name":"VBCommunication","@id":"https:\/\/www.vallon-bonnevaux.fr\/vbmag\/#\/schema\/person\/78d4bedf135508e9d2b8d343575fdd31"},"headline":"\u00c0 la d\u00e9couverte des serres municipales de Bourgoin-Jallieu : une immersion professionnelle pour les apprentis CAP Jardinier Paysagiste","datePublished":"2025-04-30T12:31:40+00:00","dateModified":"2025-04-30T12:58:15+00:00","mainEntityOfPage":{"@id":"https:\/\/www.vallon-bonnevaux.fr\/vbmag\/a-la-decouverte-des-serres-municipales-de-bourgoin-jallieu-une-immersion-professionnelle-pour-les-apprentis-cap-jardinier-paysagiste\/"},"wordCount":449,"commentCount":0,"publisher":{"@id":"https:\/\/www.vallon-bonnevaux.fr\/vbmag\/#organization"},"articleSection":["Actualit\u00e9s &amp; infos","Formation &amp; P\u00e9dagogie"],"inLanguage":"fr-FR","potentialAction":[{"@type":"CommentAction","name":"Comment","target":["https:\/\/www.vallon-bonnevaux.fr\/vbmag\/a-la-decouverte-des-serres-municipales-de-bourgoin-jallieu-une-immersion-professionnelle-pour-les-apprentis-cap-jardinier-paysagiste\/#respond"]}]},{"@type":"WebPage","@id":"https:\/\/www.vallon-bonnevaux.fr\/vbmag\/a-la-decouverte-des-serres-municipales-de-bourgoin-jallieu-une-immersion-professionnelle-pour-les-apprentis-cap-jardinier-paysagiste\/","url":"https:\/\/www.vallon-bonnevaux.fr\/vbmag\/a-la-decouverte-des-serres-municipales-de-bourgoin-jallieu-une-immersion-professionnelle-pour-les-apprentis-cap-jardinier-paysagiste\/","name":"\u00c0 la d\u00e9couverte des serres municipales de Bourgoin-Jallieu : une immersion professionnelle pour les apprentis CAP Jardinier Paysagiste - VB Mag","isPartOf":{"@id":"https:\/\/www.vallon-bonnevaux.fr\/vbmag\/#website"},"datePublished":"2025-04-30T12:31:40+00:00","dateModified":"2025-04-30T12:58:15+00:00","breadcrumb":{"@id":"https:\/\/www.vallon-bonnevaux.fr\/vbmag\/a-la-decouverte-des-serres-municipales-de-bourgoin-jallieu-une-immersion-professionnelle-pour-les-apprentis-cap-jardinier-paysagiste\/#breadcrumb"},"inLanguage":"fr-FR","potentialAction":[{"@type":"ReadAction","target":["https:\/\/www.vallon-bonnevaux.fr\/vbmag\/a-la-decouverte-des-serres-municipales-de-bourgoin-jallieu-une-immersion-professionnelle-pour-les-apprentis-cap-jardinier-paysagiste\/"]}]},{"@type":"BreadcrumbList","@id":"https:\/\/www.vallon-bonnevaux.fr\/vbmag\/a-la-decouverte-des-serres-municipales-de-bourgoin-jallieu-une-immersion-professionnelle-pour-les-apprentis-cap-jardinier-paysagiste\/#breadcrumb","itemListElement":[{"@type":"ListItem","position":1,"name":"Accueil","item":"https:\/\/www.vallon-bonnevaux.fr\/vbmag\/"},{"@type":"ListItem","position":2,"name":"\u00c0 la d\u00e9couverte des serres municipales de Bourgoin-Jallieu : une immersion professionnelle pour les apprentis CAP Jardinier Paysagiste"}]},{"@type":"WebSite","@id":"https:\/\/www.vallon-bonnevaux.fr\/vbmag\/#website","url":"https:\/\/www.vallon-bonnevaux.fr\/vbmag\/","name":"VBmag","description":"","publisher":{"@id":"https:\/\/www.vallon-bonnevaux.fr\/vbmag\/#organization"},"potentialAction":[{"@type":"SearchAction","target":{"@type":"EntryPoint","urlTemplate":"https:\/\/www.vallon-bonnevaux.fr\/vbmag\/?s={search_term_string}"},"query-input":"required name=search_term_string"}],"inLanguage":"fr-FR"},{"@type":"Organization","@id":"https:\/\/www.vallon-bonnevaux.fr\/vbmag\/#organization","name":"VBmag","url":"https:\/\/www.vallon-bonnevaux.fr\/vbmag\/","logo":{"@type":"ImageObject","inLanguage":"fr-FR","@id":"https:\/\/www.vallon-bonnevaux.fr\/vbmag\/#\/schema\/logo\/image\/","url":"https:\/\/www.vallon-bonnevaux.fr\/vbmag\/wp-content\/uploads\/2023\/02\/Bonnevaux-logo-VBmag.png","contentUrl":"https:\/\/www.vallon-bonnevaux.fr\/vbmag\/wp-content\/uploads\/2023\/02\/Bonnevaux-logo-VBmag.png","width":314,"height":143,"caption":"VBmag"},"image":{"@id":"https:\/\/www.vallon-bonnevaux.fr\/vbmag\/#\/schema\/logo\/image\/"},"sameAs":["https:\/\/www.facebook.com\/lyceevallonbonnevaux","https:\/\/www.instagram.com\/lycee_vallon_bonnevaux\/","https:\/\/www.linkedin.com\/company\/leap-le-vallon-les-bonnevaux\/?originalSubdomain=fr"]},{"@type":"Person","@id":"https:\/\/www.vallon-bonnevaux.fr\/vbmag\/#\/schema\/person\/78d4bedf135508e9d2b8d343575fdd31","name":"VBCommunication","image":{"@type":"ImageObject","inLanguage":"fr-FR","@id":"https:\/\/www.vallon-bonnevaux.fr\/vbmag\/#\/schema\/person\/image\/","url":"https:\/\/secure.gravatar.com\/avatar\/58fa64ce54dbedb7c6633693d600c884a245b0f97746903170fa62aae026cedc?s=96&d=mm&r=g","contentUrl":"https:\/\/secure.gravatar.com\/avatar\/58fa64ce54dbedb7c6633693d600c884a245b0f97746903170fa62aae026cedc?s=96&d=mm&r=g","caption":"VBCommunication"},"url":"https:\/\/www.vallon-bonnevaux.fr\/vbmag\/author\/vbcommunication\/"}]}},"_links":{"self":[{"href":"https:\/\/www.vallon-bonnevaux.fr\/vbmag\/wp-json\/wp\/v2\/posts\/2765","targetHints":{"allow":["GET"]}}],"collection":[{"href":"https:\/\/www.vallon-bonnevaux.fr\/vbmag\/wp-json\/wp\/v2\/posts"}],"about":[{"href":"https:\/\/www.vallon-bonnevaux.fr\/vbmag\/wp-json\/wp\/v2\/types\/post"}],"author":[{"embeddable":true,"href":"https:\/\/www.vallon-bonnevaux.fr\/vbmag\/wp-json\/wp\/v2\/users\/2"}],"replies":[{"embeddable":true,"href":"https:\/\/www.vallon-bonnevaux.fr\/vbmag\/wp-json\/wp\/v2\/comments?post=2765"}],"version-history":[{"count":1,"href":"https:\/\/www.vallon-bonnevaux.fr\/vbmag\/wp-json\/wp\/v2\/posts\/2765\/revisions"}],"predecessor-version":[{"id":2766,"href":"https:\/\/www.vallon-bonnevaux.fr\/vbmag\/wp-json\/wp\/v2\/posts\/2765\/revisions\/2766"}],"wp:featuredmedia":[{"embeddable":true,"href":"https:\/\/www.vallon-bonnevaux.fr\/vbmag\/wp-json\/wp\/v2\/media\/2763"}],"wp:attachment":[{"href":"https:\/\/www.vallon-bonnevaux.fr\/vbmag\/wp-json\/wp\/v2\/media?parent=2765"}],"wp:term":[{"taxonomy":"category","embeddable":true,"href":"https:\/\/www.vallon-bonnevaux.fr\/vbmag\/wp-json\/wp\/v2\/categories?post=2765"},{"taxonomy":"post_tag","embeddable":true,"href":"https:\/\/www.vallon-bonnevaux.fr\/vbmag\/wp-json\/wp\/v2\/tags?post=2765"}],"curies":[{"name":"wp","href":"https:\/\/api.w.org\/{rel}","templated":true}]}}