{"id":2802,"date":"2025-05-24T23:57:15","date_gmt":"2025-05-24T21:57:15","guid":{"rendered":"https:\/\/www.vallon-bonnevaux.fr\/vbmag\/?p=2802"},"modified":"2025-05-28T09:27:03","modified_gmt":"2025-05-28T07:27:03","slug":"%f0%9f%8e%93-le-ministre-de-la-sante-en-visite-au-lycee-vallon-bonnevaux-une-reconnaissance-forte-pour-la-formation-paramedicale-en-territoire-rural","status":"publish","type":"post","link":"https:\/\/www.vallon-bonnevaux.fr\/vbmag\/%f0%9f%8e%93-le-ministre-de-la-sante-en-visite-au-lycee-vallon-bonnevaux-une-reconnaissance-forte-pour-la-formation-paramedicale-en-territoire-rural\/","title":{"rendered":"\ud83c\udf93 Le ministre de la Sant\u00e9 en visite au lyc\u00e9e Vallon Bonnevaux : une reconnaissance forte pour la formation param\u00e9dicale en territoire rural"},"content":{"rendered":"<p>&nbsp;<\/p>\n<p><img loading=\"lazy\" decoding=\"async\" class=\"alignnone size-medium wp-image-2807\" src=\"https:\/\/www.vallon-bonnevaux.fr\/vbmag\/wp-content\/uploads\/2025\/05\/shared-image-2-1-244x300.jpg\" alt=\"\" width=\"244\" height=\"300\" srcset=\"https:\/\/www.vallon-bonnevaux.fr\/vbmag\/wp-content\/uploads\/2025\/05\/shared-image-2-1-244x300.jpg 244w, https:\/\/www.vallon-bonnevaux.fr\/vbmag\/wp-content\/uploads\/2025\/05\/shared-image-2-1-119x146.jpg 119w, https:\/\/www.vallon-bonnevaux.fr\/vbmag\/wp-content\/uploads\/2025\/05\/shared-image-2-1-41x50.jpg 41w, https:\/\/www.vallon-bonnevaux.fr\/vbmag\/wp-content\/uploads\/2025\/05\/shared-image-2-1-61x75.jpg 61w, https:\/\/www.vallon-bonnevaux.fr\/vbmag\/wp-content\/uploads\/2025\/05\/shared-image-2-1.jpg 325w\" sizes=\"auto, (max-width: 244px) 100vw, 244px\" \/><img loading=\"lazy\" decoding=\"async\" class=\"alignnone size-medium wp-image-2806\" src=\"https:\/\/www.vallon-bonnevaux.fr\/vbmag\/wp-content\/uploads\/2025\/05\/shared-image-1-1-300x300.jpg\" alt=\"neuder remise diplome auxiliaire puericulture\" width=\"300\" height=\"300\" srcset=\"https:\/\/www.vallon-bonnevaux.fr\/vbmag\/wp-content\/uploads\/2025\/05\/shared-image-1-1-300x300.jpg 300w, https:\/\/www.vallon-bonnevaux.fr\/vbmag\/wp-content\/uploads\/2025\/05\/shared-image-1-1-150x150.jpg 150w, https:\/\/www.vallon-bonnevaux.fr\/vbmag\/wp-content\/uploads\/2025\/05\/shared-image-1-1-146x146.jpg 146w, https:\/\/www.vallon-bonnevaux.fr\/vbmag\/wp-content\/uploads\/2025\/05\/shared-image-1-1-50x50.jpg 50w, https:\/\/www.vallon-bonnevaux.fr\/vbmag\/wp-content\/uploads\/2025\/05\/shared-image-1-1-75x75.jpg 75w, https:\/\/www.vallon-bonnevaux.fr\/vbmag\/wp-content\/uploads\/2025\/05\/shared-image-1-1-85x85.jpg 85w, https:\/\/www.vallon-bonnevaux.fr\/vbmag\/wp-content\/uploads\/2025\/05\/shared-image-1-1-80x80.jpg 80w, https:\/\/www.vallon-bonnevaux.fr\/vbmag\/wp-content\/uploads\/2025\/05\/shared-image-1-1.jpg 400w\" sizes=\"auto, (max-width: 300px) 100vw, 300px\" \/><img loading=\"lazy\" decoding=\"async\" class=\"alignnone size-medium wp-image-2805\" src=\"https:\/\/www.vallon-bonnevaux.fr\/vbmag\/wp-content\/uploads\/2025\/05\/discour-fh-1-300x300.jpg\" alt=\"neuder discours remise diplome\" width=\"300\" height=\"300\" srcset=\"https:\/\/www.vallon-bonnevaux.fr\/vbmag\/wp-content\/uploads\/2025\/05\/discour-fh-1-300x300.jpg 300w, https:\/\/www.vallon-bonnevaux.fr\/vbmag\/wp-content\/uploads\/2025\/05\/discour-fh-1-150x150.jpg 150w, https:\/\/www.vallon-bonnevaux.fr\/vbmag\/wp-content\/uploads\/2025\/05\/discour-fh-1-146x146.jpg 146w, https:\/\/www.vallon-bonnevaux.fr\/vbmag\/wp-content\/uploads\/2025\/05\/discour-fh-1-50x50.jpg 50w, https:\/\/www.vallon-bonnevaux.fr\/vbmag\/wp-content\/uploads\/2025\/05\/discour-fh-1-75x75.jpg 75w, https:\/\/www.vallon-bonnevaux.fr\/vbmag\/wp-content\/uploads\/2025\/05\/discour-fh-1-85x85.jpg 85w, https:\/\/www.vallon-bonnevaux.fr\/vbmag\/wp-content\/uploads\/2025\/05\/discour-fh-1-80x80.jpg 80w, https:\/\/www.vallon-bonnevaux.fr\/vbmag\/wp-content\/uploads\/2025\/05\/discour-fh-1.jpg 400w\" sizes=\"auto, (max-width: 300px) 100vw, 300px\" \/><img loading=\"lazy\" decoding=\"async\" class=\"alignnone size-medium wp-image-2804\" src=\"https:\/\/www.vallon-bonnevaux.fr\/vbmag\/wp-content\/uploads\/2025\/05\/shared-image-3-300x300.jpg\" alt=\"neuder felicitations\" width=\"300\" height=\"300\" srcset=\"https:\/\/www.vallon-bonnevaux.fr\/vbmag\/wp-content\/uploads\/2025\/05\/shared-image-3-300x300.jpg 300w, https:\/\/www.vallon-bonnevaux.fr\/vbmag\/wp-content\/uploads\/2025\/05\/shared-image-3-150x150.jpg 150w, https:\/\/www.vallon-bonnevaux.fr\/vbmag\/wp-content\/uploads\/2025\/05\/shared-image-3-146x146.jpg 146w, https:\/\/www.vallon-bonnevaux.fr\/vbmag\/wp-content\/uploads\/2025\/05\/shared-image-3-50x50.jpg 50w, https:\/\/www.vallon-bonnevaux.fr\/vbmag\/wp-content\/uploads\/2025\/05\/shared-image-3-75x75.jpg 75w, https:\/\/www.vallon-bonnevaux.fr\/vbmag\/wp-content\/uploads\/2025\/05\/shared-image-3-85x85.jpg 85w, https:\/\/www.vallon-bonnevaux.fr\/vbmag\/wp-content\/uploads\/2025\/05\/shared-image-3-80x80.jpg 80w, https:\/\/www.vallon-bonnevaux.fr\/vbmag\/wp-content\/uploads\/2025\/05\/shared-image-3.jpg 400w\" sizes=\"auto, (max-width: 300px) 100vw, 300px\" \/><\/p>\n<p>Le lyc\u00e9e agricole priv\u00e9 <strong>Vallon Bonnevaux<\/strong>, implant\u00e9 \u00e0 Saint-Jean-de-Bournay (Is\u00e8re), a eu l\u2019honneur d\u2019accueillir <strong>Monsieur Yannick Neuder<\/strong>, ministre d\u00e9l\u00e9gu\u00e9 \u00e0 la Sant\u00e9 et \u00e0 l\u2019Acc\u00e8s aux soins, \u00e0 l\u2019occasion de la <strong>remise des dipl\u00f4mes des aides-soignants et auxiliaires de pu\u00e9riculture<\/strong>. Cette visite a marqu\u00e9 un moment fort pour notre \u00e9tablissement et pour l\u2019ensemble des acteurs de la formation param\u00e9dicale locale.<\/p>\n<h3>Une c\u00e9r\u00e9monie sous le signe de l&rsquo;engagement et de la reconnaissance<\/h3>\n<p>Cr\u00e9\u00e9 en 1949 par la congr\u00e9gation des Petites S\u0153urs de Notre-Dame, <strong>le lyc\u00e9e Vallon Bonnevaux<\/strong> poursuit une mission \u00e9ducative exigeante et solidaire, en lien \u00e9troit avec les r\u00e9alit\u00e9s de son territoire. Nos formations m\u00e9dico-sociales, ouvertes \u00e0 tous les profils, permettent \u00e0 de nombreux jeunes issus de milieux ruraux ou fragilis\u00e9s d\u2019acc\u00e9der \u00e0 des m\u00e9tiers en tension, porteurs de sens et d\u2019avenir.<\/p>\n<p>Lors de cette c\u00e9r\u00e9monie, le ministre a tenu \u00e0 souligner l\u2019importance de structures de proximit\u00e9 comme la n\u00f4tre :<\/p>\n<blockquote><p><em>\u00ab Il faut former plus, mieux, et partout. Vallon Bonnevaux incarne cette vision. \u00bb<\/em><\/p><\/blockquote>\n<p>Tous les dipl\u00f4m\u00e9s de la promotion 2024 ont valid\u00e9 leur titre avec succ\u00e8s. Ce 100 % de r\u00e9ussite vient saluer le travail remarquable de l\u2019\u00e9quipe p\u00e9dagogique et la motivation des apprenants.<\/p>\n<h3>Former en sant\u00e9, un d\u00e9fi de territoire<\/h3>\n<p>Au cours de son intervention, le chef d\u2019\u00e9tablissement a rappel\u00e9 les <strong>freins persistants \u00e0 l\u2019apprentissage dans les m\u00e9tiers du soin<\/strong>. Si la demande de formation est forte, les obstacles sont nombreux du c\u00f4t\u00e9 des employeurs :<\/p>\n<ul>\n<li>Un reste \u00e0 charge trop important pour les \u00e9tablissements publics de sant\u00e9.<\/li>\n<li>Des co\u00fbts salariaux difficilement supportables pour les structures associatives.<\/li>\n<li>Un recours inexistant \u00e0 l\u2019apprentissage dans les \u00e9tablissements \u00e0 but lucratif.<\/li>\n<li>Une incompatibilit\u00e9 entre les statuts des agents \u201cfaisant fonction\u201d et les conditions d\u2019acc\u00e8s \u00e0 l\u2019apprentissage.<\/li>\n<\/ul>\n<p>Par ailleurs, <strong>la baisse de la subvention de fonctionnement<\/strong> vers\u00e9e par le minist\u00e8re de l\u2019Agriculture met en p\u00e9ril l\u2019\u00e9quilibre financier de notre lyc\u00e9e. Cette \u00e9volution budg\u00e9taire repr\u00e9sente une perte de 160 000 \u20ac par an, alors m\u00eame que nos formations s\u2019inscrivent pleinement dans les objectifs d\u2019am\u00e9nagement du territoire et d\u2019\u00e9galit\u00e9 des chances.<\/p>\n<h3>Un ministre \u00e0 l\u2019\u00e9coute des besoins du terrain<\/h3>\n<p>Connaisseur des r\u00e9alit\u00e9s locales, <strong>Yannick Neuder<\/strong> a rappel\u00e9 son attachement \u00e0 la formation param\u00e9dicale de proximit\u00e9. Il a salu\u00e9 l&rsquo;engagement du lyc\u00e9e Vallon Bonnevaux, d\u00e9j\u00e0 soutenu par lui lorsqu\u2019il \u00e9tait d\u00e9put\u00e9 et conseiller r\u00e9gional. Aujourd\u2019hui ministre, il confirme sa volont\u00e9 de :<\/p>\n<ul>\n<li>Renforcer l\u2019attractivit\u00e9 des m\u00e9tiers du soin,<\/li>\n<li>D\u00e9velopper les formations en psychiatrie en partenariat avec les r\u00e9gions,<\/li>\n<li>Soutenir les \u00e9tablissements innovants,<\/li>\n<li>Et lancer un plan ambitieux de <strong>formation de 100 000 soignants par an \u00e0 l\u2019intelligence artificielle<\/strong>, aides-soignants et auxiliaires de pu\u00e9riculture inclus.<\/li>\n<\/ul>\n<h3>Un territoire mobilis\u00e9 pour l\u2019avenir<\/h3>\n<p>Cette visite minist\u00e9rielle repr\u00e9sente un <strong>signal fort pour le territoire<\/strong>, les jeunes en formation, les employeurs, et l\u2019ensemble des \u00e9quipes \u00e9ducatives. Elle vient confirmer que <strong>former en milieu rural, c\u2019est possible, n\u00e9cessaire et reconnu<\/strong>.<\/p>\n<p>\ud83d\udcac <em>\u00c0 Vallon Bonnevaux, inclusion, proximit\u00e9 et excellence p\u00e9dagogique sont au c\u0153ur de notre projet.<\/em><\/p>\n<hr \/>\n<p><strong>\ud83d\udccc Pour en savoir plus sur nos formations sanitaires et sociales, ou rejoindre la prochaine session :<\/strong><br \/>\n<a href=\"https:\/\/www.vallon-bonnevaux.fr\/formations\/diplome-detat-aide-soignante\/\">IFAS Is\u00e8re &#8211; Dipl\u00f4me d&rsquo;\u00e9tat Aide Soignant(e) &#8211; Vallon Bonnevaux<\/a><\/p>\n<hr \/>\n<p>&nbsp;<\/p>\n<p>&nbsp;<\/p>\n","protected":false},"excerpt":{"rendered":"<p>&nbsp; Le lyc\u00e9e agricole priv\u00e9 Vallon Bonnevaux, implant\u00e9 \u00e0 Saint-Jean-de-Bournay (Is\u00e8re), a eu l\u2019honneur d\u2019accueillir Monsieur Yannick Neuder, ministre d\u00e9l\u00e9gu\u00e9 \u00e0 la Sant\u00e9 et \u00e0 l\u2019Acc\u00e8s<span class=\"excerpt-hellip\"> [\u2026]<\/span><\/p>\n","protected":false},"author":2,"featured_media":2806,"comment_status":"open","ping_status":"open","sticky":false,"template":"","format":"standard","meta":{"_mi_skip_tracking":false,"_monsterinsights_sitenote_active":false,"_monsterinsights_sitenote_note":"","_monsterinsights_sitenote_category":0,"footnotes":""},"categories":[2],"tags":[],"class_list":["post-2802","post","type-post","status-publish","format-standard","has-post-thumbnail","hentry","category-actualites-infos"],"yoast_head":"<!-- This site is optimized with the Yoast SEO plugin v20.8 - https:\/\/yoast.com\/wordpress\/plugins\/seo\/ -->\n<title>\ud83c\udf93 Le ministre de la Sant\u00e9 en visite au lyc\u00e9e Vallon Bonnevaux : une reconnaissance forte pour la formation param\u00e9dicale en territoire rural - VB Mag<\/title>\n<meta name=\"robots\" content=\"index, follow, max-snippet:-1, max-image-preview:large, max-video-preview:-1\" \/>\n<link rel=\"canonical\" href=\"https:\/\/www.vallon-bonnevaux.fr\/vbmag\/\ud83c\udf93-le-ministre-de-la-sante-en-visite-au-lycee-vallon-bonnevaux-une-reconnaissance-forte-pour-la-formation-paramedicale-en-territoire-rural\/\" \/>\n<meta property=\"og:locale\" content=\"fr_FR\" \/>\n<meta property=\"og:type\" content=\"article\" \/>\n<meta property=\"og:title\" content=\"\ud83c\udf93 Le ministre de la Sant\u00e9 en visite au lyc\u00e9e Vallon Bonnevaux : une reconnaissance forte pour la formation param\u00e9dicale en territoire rural - VB Mag\" \/>\n<meta property=\"og:description\" content=\"&nbsp; Le lyc\u00e9e agricole priv\u00e9 Vallon Bonnevaux, implant\u00e9 \u00e0 Saint-Jean-de-Bournay (Is\u00e8re), a eu l\u2019honneur d\u2019accueillir Monsieur Yannick Neuder, ministre d\u00e9l\u00e9gu\u00e9 \u00e0 la Sant\u00e9 et \u00e0 l\u2019Acc\u00e8s [\u2026]\" \/>\n<meta property=\"og:url\" content=\"https:\/\/www.vallon-bonnevaux.fr\/vbmag\/\ud83c\udf93-le-ministre-de-la-sante-en-visite-au-lycee-vallon-bonnevaux-une-reconnaissance-forte-pour-la-formation-paramedicale-en-territoire-rural\/\" \/>\n<meta property=\"og:site_name\" content=\"VB Mag\" \/>\n<meta property=\"article:publisher\" content=\"https:\/\/www.facebook.com\/lyceevallonbonnevaux\" \/>\n<meta property=\"article:published_time\" content=\"2025-05-24T21:57:15+00:00\" \/>\n<meta property=\"article:modified_time\" content=\"2025-05-28T07:27:03+00:00\" \/>\n<meta property=\"og:image\" content=\"https:\/\/www.vallon-bonnevaux.fr\/vbmag\/wp-content\/uploads\/2025\/05\/shared-image-1-1.jpg\" \/>\n\t<meta property=\"og:image:width\" content=\"400\" \/>\n\t<meta property=\"og:image:height\" content=\"400\" \/>\n\t<meta property=\"og:image:type\" content=\"image\/jpeg\" \/>\n<meta name=\"author\" content=\"VBCommunication\" \/>\n<meta name=\"twitter:card\" content=\"summary_large_image\" \/>\n<meta name=\"twitter:label1\" content=\"\u00c9crit par\" \/>\n\t<meta name=\"twitter:data1\" content=\"VBCommunication\" \/>\n\t<meta name=\"twitter:label2\" content=\"Dur\u00e9e de lecture estim\u00e9e\" \/>\n\t<meta name=\"twitter:data2\" content=\"4 minutes\" \/>\n<script type=\"application\/ld+json\" class=\"yoast-schema-graph\">{\"@context\":\"https:\/\/schema.org\",\"@graph\":[{\"@type\":\"Article\",\"@id\":\"https:\/\/www.vallon-bonnevaux.fr\/vbmag\/%f0%9f%8e%93-le-ministre-de-la-sante-en-visite-au-lycee-vallon-bonnevaux-une-reconnaissance-forte-pour-la-formation-paramedicale-en-territoire-rural\/#article\",\"isPartOf\":{\"@id\":\"https:\/\/www.vallon-bonnevaux.fr\/vbmag\/%f0%9f%8e%93-le-ministre-de-la-sante-en-visite-au-lycee-vallon-bonnevaux-une-reconnaissance-forte-pour-la-formation-paramedicale-en-territoire-rural\/\"},\"author\":{\"name\":\"VBCommunication\",\"@id\":\"https:\/\/www.vallon-bonnevaux.fr\/vbmag\/#\/schema\/person\/78d4bedf135508e9d2b8d343575fdd31\"},\"headline\":\"\ud83c\udf93 Le ministre de la Sant\u00e9 en visite au lyc\u00e9e Vallon Bonnevaux : une reconnaissance forte pour la formation param\u00e9dicale en territoire rural\",\"datePublished\":\"2025-05-24T21:57:15+00:00\",\"dateModified\":\"2025-05-28T07:27:03+00:00\",\"mainEntityOfPage\":{\"@id\":\"https:\/\/www.vallon-bonnevaux.fr\/vbmag\/%f0%9f%8e%93-le-ministre-de-la-sante-en-visite-au-lycee-vallon-bonnevaux-une-reconnaissance-forte-pour-la-formation-paramedicale-en-territoire-rural\/\"},\"wordCount\":592,\"commentCount\":0,\"publisher\":{\"@id\":\"https:\/\/www.vallon-bonnevaux.fr\/vbmag\/#organization\"},\"articleSection\":[\"Actualit\u00e9s &amp; infos\"],\"inLanguage\":\"fr-FR\",\"potentialAction\":[{\"@type\":\"CommentAction\",\"name\":\"Comment\",\"target\":[\"https:\/\/www.vallon-bonnevaux.fr\/vbmag\/%f0%9f%8e%93-le-ministre-de-la-sante-en-visite-au-lycee-vallon-bonnevaux-une-reconnaissance-forte-pour-la-formation-paramedicale-en-territoire-rural\/#respond\"]}]},{\"@type\":\"WebPage\",\"@id\":\"https:\/\/www.vallon-bonnevaux.fr\/vbmag\/%f0%9f%8e%93-le-ministre-de-la-sante-en-visite-au-lycee-vallon-bonnevaux-une-reconnaissance-forte-pour-la-formation-paramedicale-en-territoire-rural\/\",\"url\":\"https:\/\/www.vallon-bonnevaux.fr\/vbmag\/%f0%9f%8e%93-le-ministre-de-la-sante-en-visite-au-lycee-vallon-bonnevaux-une-reconnaissance-forte-pour-la-formation-paramedicale-en-territoire-rural\/\",\"name\":\"\ud83c\udf93 Le ministre de la Sant\u00e9 en visite au lyc\u00e9e Vallon Bonnevaux : une reconnaissance forte pour la formation param\u00e9dicale en territoire rural - VB Mag\",\"isPartOf\":{\"@id\":\"https:\/\/www.vallon-bonnevaux.fr\/vbmag\/#website\"},\"datePublished\":\"2025-05-24T21:57:15+00:00\",\"dateModified\":\"2025-05-28T07:27:03+00:00\",\"breadcrumb\":{\"@id\":\"https:\/\/www.vallon-bonnevaux.fr\/vbmag\/%f0%9f%8e%93-le-ministre-de-la-sante-en-visite-au-lycee-vallon-bonnevaux-une-reconnaissance-forte-pour-la-formation-paramedicale-en-territoire-rural\/#breadcrumb\"},\"inLanguage\":\"fr-FR\",\"potentialAction\":[{\"@type\":\"ReadAction\",\"target\":[\"https:\/\/www.vallon-bonnevaux.fr\/vbmag\/%f0%9f%8e%93-le-ministre-de-la-sante-en-visite-au-lycee-vallon-bonnevaux-une-reconnaissance-forte-pour-la-formation-paramedicale-en-territoire-rural\/\"]}]},{\"@type\":\"BreadcrumbList\",\"@id\":\"https:\/\/www.vallon-bonnevaux.fr\/vbmag\/%f0%9f%8e%93-le-ministre-de-la-sante-en-visite-au-lycee-vallon-bonnevaux-une-reconnaissance-forte-pour-la-formation-paramedicale-en-territoire-rural\/#breadcrumb\",\"itemListElement\":[{\"@type\":\"ListItem\",\"position\":1,\"name\":\"Accueil\",\"item\":\"https:\/\/www.vallon-bonnevaux.fr\/vbmag\/\"},{\"@type\":\"ListItem\",\"position\":2,\"name\":\"\ud83c\udf93 Le ministre de la Sant\u00e9 en visite au lyc\u00e9e Vallon Bonnevaux : une reconnaissance forte pour la formation param\u00e9dicale en territoire rural\"}]},{\"@type\":\"WebSite\",\"@id\":\"https:\/\/www.vallon-bonnevaux.fr\/vbmag\/#website\",\"url\":\"https:\/\/www.vallon-bonnevaux.fr\/vbmag\/\",\"name\":\"VBmag\",\"description\":\"\",\"publisher\":{\"@id\":\"https:\/\/www.vallon-bonnevaux.fr\/vbmag\/#organization\"},\"potentialAction\":[{\"@type\":\"SearchAction\",\"target\":{\"@type\":\"EntryPoint\",\"urlTemplate\":\"https:\/\/www.vallon-bonnevaux.fr\/vbmag\/?s={search_term_string}\"},\"query-input\":\"required name=search_term_string\"}],\"inLanguage\":\"fr-FR\"},{\"@type\":\"Organization\",\"@id\":\"https:\/\/www.vallon-bonnevaux.fr\/vbmag\/#organization\",\"name\":\"VBmag\",\"url\":\"https:\/\/www.vallon-bonnevaux.fr\/vbmag\/\",\"logo\":{\"@type\":\"ImageObject\",\"inLanguage\":\"fr-FR\",\"@id\":\"https:\/\/www.vallon-bonnevaux.fr\/vbmag\/#\/schema\/logo\/image\/\",\"url\":\"https:\/\/www.vallon-bonnevaux.fr\/vbmag\/wp-content\/uploads\/2023\/02\/Bonnevaux-logo-VBmag.png\",\"contentUrl\":\"https:\/\/www.vallon-bonnevaux.fr\/vbmag\/wp-content\/uploads\/2023\/02\/Bonnevaux-logo-VBmag.png\",\"width\":314,\"height\":143,\"caption\":\"VBmag\"},\"image\":{\"@id\":\"https:\/\/www.vallon-bonnevaux.fr\/vbmag\/#\/schema\/logo\/image\/\"},\"sameAs\":[\"https:\/\/www.facebook.com\/lyceevallonbonnevaux\",\"https:\/\/www.instagram.com\/lycee_vallon_bonnevaux\/\",\"https:\/\/www.linkedin.com\/company\/leap-le-vallon-les-bonnevaux\/?originalSubdomain=fr\"]},{\"@type\":\"Person\",\"@id\":\"https:\/\/www.vallon-bonnevaux.fr\/vbmag\/#\/schema\/person\/78d4bedf135508e9d2b8d343575fdd31\",\"name\":\"VBCommunication\",\"image\":{\"@type\":\"ImageObject\",\"inLanguage\":\"fr-FR\",\"@id\":\"https:\/\/www.vallon-bonnevaux.fr\/vbmag\/#\/schema\/person\/image\/\",\"url\":\"https:\/\/secure.gravatar.com\/avatar\/58fa64ce54dbedb7c6633693d600c884a245b0f97746903170fa62aae026cedc?s=96&d=mm&r=g\",\"contentUrl\":\"https:\/\/secure.gravatar.com\/avatar\/58fa64ce54dbedb7c6633693d600c884a245b0f97746903170fa62aae026cedc?s=96&d=mm&r=g\",\"caption\":\"VBCommunication\"},\"url\":\"https:\/\/www.vallon-bonnevaux.fr\/vbmag\/author\/vbcommunication\/\"}]}<\/script>\n<!-- \/ Yoast SEO plugin. -->","yoast_head_json":{"title":"\ud83c\udf93 Le ministre de la Sant\u00e9 en visite au lyc\u00e9e Vallon Bonnevaux : une reconnaissance forte pour la formation param\u00e9dicale en territoire rural - VB Mag","robots":{"index":"index","follow":"follow","max-snippet":"max-snippet:-1","max-image-preview":"max-image-preview:large","max-video-preview":"max-video-preview:-1"},"canonical":"https:\/\/www.vallon-bonnevaux.fr\/vbmag\/\ud83c\udf93-le-ministre-de-la-sante-en-visite-au-lycee-vallon-bonnevaux-une-reconnaissance-forte-pour-la-formation-paramedicale-en-territoire-rural\/","og_locale":"fr_FR","og_type":"article","og_title":"\ud83c\udf93 Le ministre de la Sant\u00e9 en visite au lyc\u00e9e Vallon Bonnevaux : une reconnaissance forte pour la formation param\u00e9dicale en territoire rural - VB Mag","og_description":"&nbsp; Le lyc\u00e9e agricole priv\u00e9 Vallon Bonnevaux, implant\u00e9 \u00e0 Saint-Jean-de-Bournay (Is\u00e8re), a eu l\u2019honneur d\u2019accueillir Monsieur Yannick Neuder, ministre d\u00e9l\u00e9gu\u00e9 \u00e0 la Sant\u00e9 et \u00e0 l\u2019Acc\u00e8s [\u2026]","og_url":"https:\/\/www.vallon-bonnevaux.fr\/vbmag\/\ud83c\udf93-le-ministre-de-la-sante-en-visite-au-lycee-vallon-bonnevaux-une-reconnaissance-forte-pour-la-formation-paramedicale-en-territoire-rural\/","og_site_name":"VB Mag","article_publisher":"https:\/\/www.facebook.com\/lyceevallonbonnevaux","article_published_time":"2025-05-24T21:57:15+00:00","article_modified_time":"2025-05-28T07:27:03+00:00","og_image":[{"width":400,"height":400,"url":"https:\/\/www.vallon-bonnevaux.fr\/vbmag\/wp-content\/uploads\/2025\/05\/shared-image-1-1.jpg","type":"image\/jpeg"}],"author":"VBCommunication","twitter_card":"summary_large_image","twitter_misc":{"\u00c9crit par":"VBCommunication","Dur\u00e9e de lecture estim\u00e9e":"4 minutes"},"schema":{"@context":"https:\/\/schema.org","@graph":[{"@type":"Article","@id":"https:\/\/www.vallon-bonnevaux.fr\/vbmag\/%f0%9f%8e%93-le-ministre-de-la-sante-en-visite-au-lycee-vallon-bonnevaux-une-reconnaissance-forte-pour-la-formation-paramedicale-en-territoire-rural\/#article","isPartOf":{"@id":"https:\/\/www.vallon-bonnevaux.fr\/vbmag\/%f0%9f%8e%93-le-ministre-de-la-sante-en-visite-au-lycee-vallon-bonnevaux-une-reconnaissance-forte-pour-la-formation-paramedicale-en-territoire-rural\/"},"author":{"name":"VBCommunication","@id":"https:\/\/www.vallon-bonnevaux.fr\/vbmag\/#\/schema\/person\/78d4bedf135508e9d2b8d343575fdd31"},"headline":"\ud83c\udf93 Le ministre de la Sant\u00e9 en visite au lyc\u00e9e Vallon Bonnevaux : une reconnaissance forte pour la formation param\u00e9dicale en territoire rural","datePublished":"2025-05-24T21:57:15+00:00","dateModified":"2025-05-28T07:27:03+00:00","mainEntityOfPage":{"@id":"https:\/\/www.vallon-bonnevaux.fr\/vbmag\/%f0%9f%8e%93-le-ministre-de-la-sante-en-visite-au-lycee-vallon-bonnevaux-une-reconnaissance-forte-pour-la-formation-paramedicale-en-territoire-rural\/"},"wordCount":592,"commentCount":0,"publisher":{"@id":"https:\/\/www.vallon-bonnevaux.fr\/vbmag\/#organization"},"articleSection":["Actualit\u00e9s &amp; infos"],"inLanguage":"fr-FR","potentialAction":[{"@type":"CommentAction","name":"Comment","target":["https:\/\/www.vallon-bonnevaux.fr\/vbmag\/%f0%9f%8e%93-le-ministre-de-la-sante-en-visite-au-lycee-vallon-bonnevaux-une-reconnaissance-forte-pour-la-formation-paramedicale-en-territoire-rural\/#respond"]}]},{"@type":"WebPage","@id":"https:\/\/www.vallon-bonnevaux.fr\/vbmag\/%f0%9f%8e%93-le-ministre-de-la-sante-en-visite-au-lycee-vallon-bonnevaux-une-reconnaissance-forte-pour-la-formation-paramedicale-en-territoire-rural\/","url":"https:\/\/www.vallon-bonnevaux.fr\/vbmag\/%f0%9f%8e%93-le-ministre-de-la-sante-en-visite-au-lycee-vallon-bonnevaux-une-reconnaissance-forte-pour-la-formation-paramedicale-en-territoire-rural\/","name":"\ud83c\udf93 Le ministre de la Sant\u00e9 en visite au lyc\u00e9e Vallon Bonnevaux : une reconnaissance forte pour la formation param\u00e9dicale en territoire rural - VB Mag","isPartOf":{"@id":"https:\/\/www.vallon-bonnevaux.fr\/vbmag\/#website"},"datePublished":"2025-05-24T21:57:15+00:00","dateModified":"2025-05-28T07:27:03+00:00","breadcrumb":{"@id":"https:\/\/www.vallon-bonnevaux.fr\/vbmag\/%f0%9f%8e%93-le-ministre-de-la-sante-en-visite-au-lycee-vallon-bonnevaux-une-reconnaissance-forte-pour-la-formation-paramedicale-en-territoire-rural\/#breadcrumb"},"inLanguage":"fr-FR","potentialAction":[{"@type":"ReadAction","target":["https:\/\/www.vallon-bonnevaux.fr\/vbmag\/%f0%9f%8e%93-le-ministre-de-la-sante-en-visite-au-lycee-vallon-bonnevaux-une-reconnaissance-forte-pour-la-formation-paramedicale-en-territoire-rural\/"]}]},{"@type":"BreadcrumbList","@id":"https:\/\/www.vallon-bonnevaux.fr\/vbmag\/%f0%9f%8e%93-le-ministre-de-la-sante-en-visite-au-lycee-vallon-bonnevaux-une-reconnaissance-forte-pour-la-formation-paramedicale-en-territoire-rural\/#breadcrumb","itemListElement":[{"@type":"ListItem","position":1,"name":"Accueil","item":"https:\/\/www.vallon-bonnevaux.fr\/vbmag\/"},{"@type":"ListItem","position":2,"name":"\ud83c\udf93 Le ministre de la Sant\u00e9 en visite au lyc\u00e9e Vallon Bonnevaux : une reconnaissance forte pour la formation param\u00e9dicale en territoire rural"}]},{"@type":"WebSite","@id":"https:\/\/www.vallon-bonnevaux.fr\/vbmag\/#website","url":"https:\/\/www.vallon-bonnevaux.fr\/vbmag\/","name":"VBmag","description":"","publisher":{"@id":"https:\/\/www.vallon-bonnevaux.fr\/vbmag\/#organization"},"potentialAction":[{"@type":"SearchAction","target":{"@type":"EntryPoint","urlTemplate":"https:\/\/www.vallon-bonnevaux.fr\/vbmag\/?s={search_term_string}"},"query-input":"required name=search_term_string"}],"inLanguage":"fr-FR"},{"@type":"Organization","@id":"https:\/\/www.vallon-bonnevaux.fr\/vbmag\/#organization","name":"VBmag","url":"https:\/\/www.vallon-bonnevaux.fr\/vbmag\/","logo":{"@type":"ImageObject","inLanguage":"fr-FR","@id":"https:\/\/www.vallon-bonnevaux.fr\/vbmag\/#\/schema\/logo\/image\/","url":"https:\/\/www.vallon-bonnevaux.fr\/vbmag\/wp-content\/uploads\/2023\/02\/Bonnevaux-logo-VBmag.png","contentUrl":"https:\/\/www.vallon-bonnevaux.fr\/vbmag\/wp-content\/uploads\/2023\/02\/Bonnevaux-logo-VBmag.png","width":314,"height":143,"caption":"VBmag"},"image":{"@id":"https:\/\/www.vallon-bonnevaux.fr\/vbmag\/#\/schema\/logo\/image\/"},"sameAs":["https:\/\/www.facebook.com\/lyceevallonbonnevaux","https:\/\/www.instagram.com\/lycee_vallon_bonnevaux\/","https:\/\/www.linkedin.com\/company\/leap-le-vallon-les-bonnevaux\/?originalSubdomain=fr"]},{"@type":"Person","@id":"https:\/\/www.vallon-bonnevaux.fr\/vbmag\/#\/schema\/person\/78d4bedf135508e9d2b8d343575fdd31","name":"VBCommunication","image":{"@type":"ImageObject","inLanguage":"fr-FR","@id":"https:\/\/www.vallon-bonnevaux.fr\/vbmag\/#\/schema\/person\/image\/","url":"https:\/\/secure.gravatar.com\/avatar\/58fa64ce54dbedb7c6633693d600c884a245b0f97746903170fa62aae026cedc?s=96&d=mm&r=g","contentUrl":"https:\/\/secure.gravatar.com\/avatar\/58fa64ce54dbedb7c6633693d600c884a245b0f97746903170fa62aae026cedc?s=96&d=mm&r=g","caption":"VBCommunication"},"url":"https:\/\/www.vallon-bonnevaux.fr\/vbmag\/author\/vbcommunication\/"}]}},"_links":{"self":[{"href":"https:\/\/www.vallon-bonnevaux.fr\/vbmag\/wp-json\/wp\/v2\/posts\/2802","targetHints":{"allow":["GET"]}}],"collection":[{"href":"https:\/\/www.vallon-bonnevaux.fr\/vbmag\/wp-json\/wp\/v2\/posts"}],"about":[{"href":"https:\/\/www.vallon-bonnevaux.fr\/vbmag\/wp-json\/wp\/v2\/types\/post"}],"author":[{"embeddable":true,"href":"https:\/\/www.vallon-bonnevaux.fr\/vbmag\/wp-json\/wp\/v2\/users\/2"}],"replies":[{"embeddable":true,"href":"https:\/\/www.vallon-bonnevaux.fr\/vbmag\/wp-json\/wp\/v2\/comments?post=2802"}],"version-history":[{"count":3,"href":"https:\/\/www.vallon-bonnevaux.fr\/vbmag\/wp-json\/wp\/v2\/posts\/2802\/revisions"}],"predecessor-version":[{"id":2822,"href":"https:\/\/www.vallon-bonnevaux.fr\/vbmag\/wp-json\/wp\/v2\/posts\/2802\/revisions\/2822"}],"wp:featuredmedia":[{"embeddable":true,"href":"https:\/\/www.vallon-bonnevaux.fr\/vbmag\/wp-json\/wp\/v2\/media\/2806"}],"wp:attachment":[{"href":"https:\/\/www.vallon-bonnevaux.fr\/vbmag\/wp-json\/wp\/v2\/media?parent=2802"}],"wp:term":[{"taxonomy":"category","embeddable":true,"href":"https:\/\/www.vallon-bonnevaux.fr\/vbmag\/wp-json\/wp\/v2\/categories?post=2802"},{"taxonomy":"post_tag","embeddable":true,"href":"https:\/\/www.vallon-bonnevaux.fr\/vbmag\/wp-json\/wp\/v2\/tags?post=2802"}],"curies":[{"name":"wp","href":"https:\/\/api.w.org\/{rel}","templated":true}]}}