{"id":2951,"date":"2025-10-06T00:07:39","date_gmt":"2025-10-05T22:07:39","guid":{"rendered":"https:\/\/www.vallon-bonnevaux.fr\/vbmag\/?p=2951"},"modified":"2025-10-06T00:07:39","modified_gmt":"2025-10-05T22:07:39","slug":"capa-sapver-des-savoirs-transversaux-au-coeur-de-la-cuisine-pedagogique-vallon-bonnvaux","status":"publish","type":"post","link":"https:\/\/www.vallon-bonnevaux.fr\/vbmag\/capa-sapver-des-savoirs-transversaux-au-coeur-de-la-cuisine-pedagogique-vallon-bonnvaux\/","title":{"rendered":"Capa SAPVER : Des savoirs transversaux au c\u0153ur de la cuisine p\u00e9dagogique Vallon Bonnvaux"},"content":{"rendered":"<p><img loading=\"lazy\" decoding=\"async\" class=\"alignnone size-medium wp-image-2947\" src=\"https:\/\/www.vallon-bonnevaux.fr\/vbmag\/wp-content\/uploads\/2025\/10\/5F33827F-7297-438E-817D-657D68FCE3A0-300x200.png\" alt=\"\" width=\"300\" height=\"200\" srcset=\"https:\/\/www.vallon-bonnevaux.fr\/vbmag\/wp-content\/uploads\/2025\/10\/5F33827F-7297-438E-817D-657D68FCE3A0-300x200.png 300w, https:\/\/www.vallon-bonnevaux.fr\/vbmag\/wp-content\/uploads\/2025\/10\/5F33827F-7297-438E-817D-657D68FCE3A0-1024x683.png 1024w, https:\/\/www.vallon-bonnevaux.fr\/vbmag\/wp-content\/uploads\/2025\/10\/5F33827F-7297-438E-817D-657D68FCE3A0-768x512.png 768w, https:\/\/www.vallon-bonnevaux.fr\/vbmag\/wp-content\/uploads\/2025\/10\/5F33827F-7297-438E-817D-657D68FCE3A0-219x146.png 219w, https:\/\/www.vallon-bonnevaux.fr\/vbmag\/wp-content\/uploads\/2025\/10\/5F33827F-7297-438E-817D-657D68FCE3A0-50x33.png 50w, https:\/\/www.vallon-bonnevaux.fr\/vbmag\/wp-content\/uploads\/2025\/10\/5F33827F-7297-438E-817D-657D68FCE3A0-113x75.png 113w, https:\/\/www.vallon-bonnevaux.fr\/vbmag\/wp-content\/uploads\/2025\/10\/5F33827F-7297-438E-817D-657D68FCE3A0.png 1536w\" sizes=\"auto, (max-width: 300px) 100vw, 300px\" \/><\/p>\n<p>Au Lyc\u00e9e Vallon Bonnevaux, les \u00e9l\u00e8ves de premi\u00e8re ann\u00e9e CAPa SAPVER ont mis la main \u00e0 la p\u00e2te \u2014 au sens propre comme au figur\u00e9 !<\/p>\n<p>Dans le cadre du Module Professionnel 3, ils ont d\u00e9but\u00e9 leurs premiers ateliers culinaires apr\u00e8s deux s\u00e9ances consacr\u00e9es \u00e0 l\u2019hygi\u00e8ne des mains et de la cuisine.<\/p>\n<p>Avant m\u00eame de manier les couteaux, les jeunes ont appris \u00e0 adopter les bons r\u00e9flexes professionnels : se laver les mains correctement, organiser son plan de travail, nettoyer et d\u00e9sinfecter les surfaces\u2026 autant de gestes simples mais essentiels, garants de la qualit\u00e9 et de la s\u00e9curit\u00e9 alimentaire.<\/p>\n<p>Cette approche par la pratique permet d\u2019acqu\u00e9rir bien plus que des comp\u00e9tences techniques : les \u00e9l\u00e8ves d\u00e9veloppent leur autonomie, leur rigueur, leur sens de la coop\u00e9ration et du travail bien fait. Des savoirs transversaux qui fondent les m\u00e9tiers des services aux personnes et de la vie quotidienne.<\/p>\n<p>Pour ce premier atelier, place \u00e0 une recette aussi simple que formatrice : la compote de pommes maison. Choix des vari\u00e9t\u00e9s, d\u00e9coupe s\u00e9curis\u00e9e, dosage du sucre et contr\u00f4le de la cuisson\u2026 chaque \u00e9tape a \u00e9t\u00e9 l\u2019occasion de mobiliser des savoirs en lien direct avec les cours d\u2019hygi\u00e8ne et de nutrition.<\/p>\n<p>L\u2019ambiance \u00e9tait studieuse et conviviale, fid\u00e8le \u00e0 l\u2019esprit de Vallon Bonnevaux : apprendre autrement, dans un climat de confiance et de plaisir partag\u00e9.<\/p>\n<p>Et \u00e0 l\u2019heure de la d\u00e9gustation, les sourires en disaient long :<\/p>\n<p>\u00ab C\u2019est trop bon, je vais le refaire chez moi ! \u00bb<\/p>\n<p>Un atelier gourmand et formateur, o\u00f9 les \u00e9l\u00e8ves ont pu mesurer combien la pratique culinaire est aussi un excellent support pour apprendre \u00e0 s\u2019organiser, collaborer et valoriser ses comp\u00e9tences.<\/p>\n","protected":false},"excerpt":{"rendered":"<p>Au Lyc\u00e9e Vallon Bonnevaux, les \u00e9l\u00e8ves de premi\u00e8re ann\u00e9e CAPa SAPVER ont mis la main \u00e0 la p\u00e2te \u2014 au sens propre comme au figur\u00e9 !<span class=\"excerpt-hellip\"> [\u2026]<\/span><\/p>\n","protected":false},"author":2,"featured_media":0,"comment_status":"open","ping_status":"open","sticky":false,"template":"","format":"standard","meta":{"_mi_skip_tracking":false,"_monsterinsights_sitenote_active":false,"_monsterinsights_sitenote_note":"","_monsterinsights_sitenote_category":0,"footnotes":""},"categories":[1],"tags":[],"class_list":["post-2951","post","type-post","status-publish","format-standard","hentry","category-non-classe"],"yoast_head":"<!-- This site is optimized with the Yoast SEO plugin v20.8 - https:\/\/yoast.com\/wordpress\/plugins\/seo\/ -->\n<title>Capa SAPVER : Des savoirs transversaux au c\u0153ur de la cuisine p\u00e9dagogique Vallon Bonnvaux - VB Mag<\/title>\n<meta name=\"robots\" content=\"index, follow, max-snippet:-1, max-image-preview:large, max-video-preview:-1\" \/>\n<link rel=\"canonical\" href=\"https:\/\/www.vallon-bonnevaux.fr\/vbmag\/capa-sapver-des-savoirs-transversaux-au-coeur-de-la-cuisine-pedagogique-vallon-bonnvaux\/\" \/>\n<meta property=\"og:locale\" content=\"fr_FR\" \/>\n<meta property=\"og:type\" content=\"article\" \/>\n<meta property=\"og:title\" content=\"Capa SAPVER : Des savoirs transversaux au c\u0153ur de la cuisine p\u00e9dagogique Vallon Bonnvaux - VB Mag\" \/>\n<meta property=\"og:description\" content=\"Au Lyc\u00e9e Vallon Bonnevaux, les \u00e9l\u00e8ves de premi\u00e8re ann\u00e9e CAPa SAPVER ont mis la main \u00e0 la p\u00e2te \u2014 au sens propre comme au figur\u00e9 ! [\u2026]\" \/>\n<meta property=\"og:url\" content=\"https:\/\/www.vallon-bonnevaux.fr\/vbmag\/capa-sapver-des-savoirs-transversaux-au-coeur-de-la-cuisine-pedagogique-vallon-bonnvaux\/\" \/>\n<meta property=\"og:site_name\" content=\"VB Mag\" \/>\n<meta property=\"article:publisher\" content=\"https:\/\/www.facebook.com\/lyceevallonbonnevaux\" \/>\n<meta property=\"article:published_time\" content=\"2025-10-05T22:07:39+00:00\" \/>\n<meta property=\"og:image\" content=\"https:\/\/www.vallon-bonnevaux.fr\/vbmag\/wp-content\/uploads\/2025\/10\/5F33827F-7297-438E-817D-657D68FCE3A0-300x200.png\" \/>\n<meta name=\"author\" content=\"VBCommunication\" \/>\n<meta name=\"twitter:card\" content=\"summary_large_image\" \/>\n<meta name=\"twitter:label1\" content=\"\u00c9crit par\" \/>\n\t<meta name=\"twitter:data1\" content=\"VBCommunication\" \/>\n\t<meta name=\"twitter:label2\" content=\"Dur\u00e9e de lecture estim\u00e9e\" \/>\n\t<meta name=\"twitter:data2\" content=\"2 minutes\" \/>\n<script type=\"application\/ld+json\" class=\"yoast-schema-graph\">{\"@context\":\"https:\/\/schema.org\",\"@graph\":[{\"@type\":\"Article\",\"@id\":\"https:\/\/www.vallon-bonnevaux.fr\/vbmag\/capa-sapver-des-savoirs-transversaux-au-coeur-de-la-cuisine-pedagogique-vallon-bonnvaux\/#article\",\"isPartOf\":{\"@id\":\"https:\/\/www.vallon-bonnevaux.fr\/vbmag\/capa-sapver-des-savoirs-transversaux-au-coeur-de-la-cuisine-pedagogique-vallon-bonnvaux\/\"},\"author\":{\"name\":\"VBCommunication\",\"@id\":\"https:\/\/www.vallon-bonnevaux.fr\/vbmag\/#\/schema\/person\/78d4bedf135508e9d2b8d343575fdd31\"},\"headline\":\"Capa SAPVER : Des savoirs transversaux au c\u0153ur de la cuisine p\u00e9dagogique Vallon Bonnvaux\",\"datePublished\":\"2025-10-05T22:07:39+00:00\",\"dateModified\":\"2025-10-05T22:07:39+00:00\",\"mainEntityOfPage\":{\"@id\":\"https:\/\/www.vallon-bonnevaux.fr\/vbmag\/capa-sapver-des-savoirs-transversaux-au-coeur-de-la-cuisine-pedagogique-vallon-bonnvaux\/\"},\"wordCount\":309,\"commentCount\":0,\"publisher\":{\"@id\":\"https:\/\/www.vallon-bonnevaux.fr\/vbmag\/#organization\"},\"inLanguage\":\"fr-FR\",\"potentialAction\":[{\"@type\":\"CommentAction\",\"name\":\"Comment\",\"target\":[\"https:\/\/www.vallon-bonnevaux.fr\/vbmag\/capa-sapver-des-savoirs-transversaux-au-coeur-de-la-cuisine-pedagogique-vallon-bonnvaux\/#respond\"]}]},{\"@type\":\"WebPage\",\"@id\":\"https:\/\/www.vallon-bonnevaux.fr\/vbmag\/capa-sapver-des-savoirs-transversaux-au-coeur-de-la-cuisine-pedagogique-vallon-bonnvaux\/\",\"url\":\"https:\/\/www.vallon-bonnevaux.fr\/vbmag\/capa-sapver-des-savoirs-transversaux-au-coeur-de-la-cuisine-pedagogique-vallon-bonnvaux\/\",\"name\":\"Capa SAPVER : Des savoirs transversaux au c\u0153ur de la cuisine p\u00e9dagogique Vallon Bonnvaux - VB Mag\",\"isPartOf\":{\"@id\":\"https:\/\/www.vallon-bonnevaux.fr\/vbmag\/#website\"},\"datePublished\":\"2025-10-05T22:07:39+00:00\",\"dateModified\":\"2025-10-05T22:07:39+00:00\",\"breadcrumb\":{\"@id\":\"https:\/\/www.vallon-bonnevaux.fr\/vbmag\/capa-sapver-des-savoirs-transversaux-au-coeur-de-la-cuisine-pedagogique-vallon-bonnvaux\/#breadcrumb\"},\"inLanguage\":\"fr-FR\",\"potentialAction\":[{\"@type\":\"ReadAction\",\"target\":[\"https:\/\/www.vallon-bonnevaux.fr\/vbmag\/capa-sapver-des-savoirs-transversaux-au-coeur-de-la-cuisine-pedagogique-vallon-bonnvaux\/\"]}]},{\"@type\":\"BreadcrumbList\",\"@id\":\"https:\/\/www.vallon-bonnevaux.fr\/vbmag\/capa-sapver-des-savoirs-transversaux-au-coeur-de-la-cuisine-pedagogique-vallon-bonnvaux\/#breadcrumb\",\"itemListElement\":[{\"@type\":\"ListItem\",\"position\":1,\"name\":\"Accueil\",\"item\":\"https:\/\/www.vallon-bonnevaux.fr\/vbmag\/\"},{\"@type\":\"ListItem\",\"position\":2,\"name\":\"Capa SAPVER : Des savoirs transversaux au c\u0153ur de la cuisine p\u00e9dagogique Vallon Bonnvaux\"}]},{\"@type\":\"WebSite\",\"@id\":\"https:\/\/www.vallon-bonnevaux.fr\/vbmag\/#website\",\"url\":\"https:\/\/www.vallon-bonnevaux.fr\/vbmag\/\",\"name\":\"VBmag\",\"description\":\"\",\"publisher\":{\"@id\":\"https:\/\/www.vallon-bonnevaux.fr\/vbmag\/#organization\"},\"potentialAction\":[{\"@type\":\"SearchAction\",\"target\":{\"@type\":\"EntryPoint\",\"urlTemplate\":\"https:\/\/www.vallon-bonnevaux.fr\/vbmag\/?s={search_term_string}\"},\"query-input\":\"required name=search_term_string\"}],\"inLanguage\":\"fr-FR\"},{\"@type\":\"Organization\",\"@id\":\"https:\/\/www.vallon-bonnevaux.fr\/vbmag\/#organization\",\"name\":\"VBmag\",\"url\":\"https:\/\/www.vallon-bonnevaux.fr\/vbmag\/\",\"logo\":{\"@type\":\"ImageObject\",\"inLanguage\":\"fr-FR\",\"@id\":\"https:\/\/www.vallon-bonnevaux.fr\/vbmag\/#\/schema\/logo\/image\/\",\"url\":\"https:\/\/www.vallon-bonnevaux.fr\/vbmag\/wp-content\/uploads\/2023\/02\/Bonnevaux-logo-VBmag.png\",\"contentUrl\":\"https:\/\/www.vallon-bonnevaux.fr\/vbmag\/wp-content\/uploads\/2023\/02\/Bonnevaux-logo-VBmag.png\",\"width\":314,\"height\":143,\"caption\":\"VBmag\"},\"image\":{\"@id\":\"https:\/\/www.vallon-bonnevaux.fr\/vbmag\/#\/schema\/logo\/image\/\"},\"sameAs\":[\"https:\/\/www.facebook.com\/lyceevallonbonnevaux\",\"https:\/\/www.instagram.com\/lycee_vallon_bonnevaux\/\",\"https:\/\/www.linkedin.com\/company\/leap-le-vallon-les-bonnevaux\/?originalSubdomain=fr\"]},{\"@type\":\"Person\",\"@id\":\"https:\/\/www.vallon-bonnevaux.fr\/vbmag\/#\/schema\/person\/78d4bedf135508e9d2b8d343575fdd31\",\"name\":\"VBCommunication\",\"image\":{\"@type\":\"ImageObject\",\"inLanguage\":\"fr-FR\",\"@id\":\"https:\/\/www.vallon-bonnevaux.fr\/vbmag\/#\/schema\/person\/image\/\",\"url\":\"https:\/\/secure.gravatar.com\/avatar\/58fa64ce54dbedb7c6633693d600c884a245b0f97746903170fa62aae026cedc?s=96&d=mm&r=g\",\"contentUrl\":\"https:\/\/secure.gravatar.com\/avatar\/58fa64ce54dbedb7c6633693d600c884a245b0f97746903170fa62aae026cedc?s=96&d=mm&r=g\",\"caption\":\"VBCommunication\"},\"url\":\"https:\/\/www.vallon-bonnevaux.fr\/vbmag\/author\/vbcommunication\/\"}]}<\/script>\n<!-- \/ Yoast SEO plugin. -->","yoast_head_json":{"title":"Capa SAPVER : Des savoirs transversaux au c\u0153ur de la cuisine p\u00e9dagogique Vallon Bonnvaux - VB Mag","robots":{"index":"index","follow":"follow","max-snippet":"max-snippet:-1","max-image-preview":"max-image-preview:large","max-video-preview":"max-video-preview:-1"},"canonical":"https:\/\/www.vallon-bonnevaux.fr\/vbmag\/capa-sapver-des-savoirs-transversaux-au-coeur-de-la-cuisine-pedagogique-vallon-bonnvaux\/","og_locale":"fr_FR","og_type":"article","og_title":"Capa SAPVER : Des savoirs transversaux au c\u0153ur de la cuisine p\u00e9dagogique Vallon Bonnvaux - VB Mag","og_description":"Au Lyc\u00e9e Vallon Bonnevaux, les \u00e9l\u00e8ves de premi\u00e8re ann\u00e9e CAPa SAPVER ont mis la main \u00e0 la p\u00e2te \u2014 au sens propre comme au figur\u00e9 ! [\u2026]","og_url":"https:\/\/www.vallon-bonnevaux.fr\/vbmag\/capa-sapver-des-savoirs-transversaux-au-coeur-de-la-cuisine-pedagogique-vallon-bonnvaux\/","og_site_name":"VB Mag","article_publisher":"https:\/\/www.facebook.com\/lyceevallonbonnevaux","article_published_time":"2025-10-05T22:07:39+00:00","og_image":[{"url":"https:\/\/www.vallon-bonnevaux.fr\/vbmag\/wp-content\/uploads\/2025\/10\/5F33827F-7297-438E-817D-657D68FCE3A0-300x200.png"}],"author":"VBCommunication","twitter_card":"summary_large_image","twitter_misc":{"\u00c9crit par":"VBCommunication","Dur\u00e9e de lecture estim\u00e9e":"2 minutes"},"schema":{"@context":"https:\/\/schema.org","@graph":[{"@type":"Article","@id":"https:\/\/www.vallon-bonnevaux.fr\/vbmag\/capa-sapver-des-savoirs-transversaux-au-coeur-de-la-cuisine-pedagogique-vallon-bonnvaux\/#article","isPartOf":{"@id":"https:\/\/www.vallon-bonnevaux.fr\/vbmag\/capa-sapver-des-savoirs-transversaux-au-coeur-de-la-cuisine-pedagogique-vallon-bonnvaux\/"},"author":{"name":"VBCommunication","@id":"https:\/\/www.vallon-bonnevaux.fr\/vbmag\/#\/schema\/person\/78d4bedf135508e9d2b8d343575fdd31"},"headline":"Capa SAPVER : Des savoirs transversaux au c\u0153ur de la cuisine p\u00e9dagogique Vallon Bonnvaux","datePublished":"2025-10-05T22:07:39+00:00","dateModified":"2025-10-05T22:07:39+00:00","mainEntityOfPage":{"@id":"https:\/\/www.vallon-bonnevaux.fr\/vbmag\/capa-sapver-des-savoirs-transversaux-au-coeur-de-la-cuisine-pedagogique-vallon-bonnvaux\/"},"wordCount":309,"commentCount":0,"publisher":{"@id":"https:\/\/www.vallon-bonnevaux.fr\/vbmag\/#organization"},"inLanguage":"fr-FR","potentialAction":[{"@type":"CommentAction","name":"Comment","target":["https:\/\/www.vallon-bonnevaux.fr\/vbmag\/capa-sapver-des-savoirs-transversaux-au-coeur-de-la-cuisine-pedagogique-vallon-bonnvaux\/#respond"]}]},{"@type":"WebPage","@id":"https:\/\/www.vallon-bonnevaux.fr\/vbmag\/capa-sapver-des-savoirs-transversaux-au-coeur-de-la-cuisine-pedagogique-vallon-bonnvaux\/","url":"https:\/\/www.vallon-bonnevaux.fr\/vbmag\/capa-sapver-des-savoirs-transversaux-au-coeur-de-la-cuisine-pedagogique-vallon-bonnvaux\/","name":"Capa SAPVER : Des savoirs transversaux au c\u0153ur de la cuisine p\u00e9dagogique Vallon Bonnvaux - VB Mag","isPartOf":{"@id":"https:\/\/www.vallon-bonnevaux.fr\/vbmag\/#website"},"datePublished":"2025-10-05T22:07:39+00:00","dateModified":"2025-10-05T22:07:39+00:00","breadcrumb":{"@id":"https:\/\/www.vallon-bonnevaux.fr\/vbmag\/capa-sapver-des-savoirs-transversaux-au-coeur-de-la-cuisine-pedagogique-vallon-bonnvaux\/#breadcrumb"},"inLanguage":"fr-FR","potentialAction":[{"@type":"ReadAction","target":["https:\/\/www.vallon-bonnevaux.fr\/vbmag\/capa-sapver-des-savoirs-transversaux-au-coeur-de-la-cuisine-pedagogique-vallon-bonnvaux\/"]}]},{"@type":"BreadcrumbList","@id":"https:\/\/www.vallon-bonnevaux.fr\/vbmag\/capa-sapver-des-savoirs-transversaux-au-coeur-de-la-cuisine-pedagogique-vallon-bonnvaux\/#breadcrumb","itemListElement":[{"@type":"ListItem","position":1,"name":"Accueil","item":"https:\/\/www.vallon-bonnevaux.fr\/vbmag\/"},{"@type":"ListItem","position":2,"name":"Capa SAPVER : Des savoirs transversaux au c\u0153ur de la cuisine p\u00e9dagogique Vallon Bonnvaux"}]},{"@type":"WebSite","@id":"https:\/\/www.vallon-bonnevaux.fr\/vbmag\/#website","url":"https:\/\/www.vallon-bonnevaux.fr\/vbmag\/","name":"VBmag","description":"","publisher":{"@id":"https:\/\/www.vallon-bonnevaux.fr\/vbmag\/#organization"},"potentialAction":[{"@type":"SearchAction","target":{"@type":"EntryPoint","urlTemplate":"https:\/\/www.vallon-bonnevaux.fr\/vbmag\/?s={search_term_string}"},"query-input":"required name=search_term_string"}],"inLanguage":"fr-FR"},{"@type":"Organization","@id":"https:\/\/www.vallon-bonnevaux.fr\/vbmag\/#organization","name":"VBmag","url":"https:\/\/www.vallon-bonnevaux.fr\/vbmag\/","logo":{"@type":"ImageObject","inLanguage":"fr-FR","@id":"https:\/\/www.vallon-bonnevaux.fr\/vbmag\/#\/schema\/logo\/image\/","url":"https:\/\/www.vallon-bonnevaux.fr\/vbmag\/wp-content\/uploads\/2023\/02\/Bonnevaux-logo-VBmag.png","contentUrl":"https:\/\/www.vallon-bonnevaux.fr\/vbmag\/wp-content\/uploads\/2023\/02\/Bonnevaux-logo-VBmag.png","width":314,"height":143,"caption":"VBmag"},"image":{"@id":"https:\/\/www.vallon-bonnevaux.fr\/vbmag\/#\/schema\/logo\/image\/"},"sameAs":["https:\/\/www.facebook.com\/lyceevallonbonnevaux","https:\/\/www.instagram.com\/lycee_vallon_bonnevaux\/","https:\/\/www.linkedin.com\/company\/leap-le-vallon-les-bonnevaux\/?originalSubdomain=fr"]},{"@type":"Person","@id":"https:\/\/www.vallon-bonnevaux.fr\/vbmag\/#\/schema\/person\/78d4bedf135508e9d2b8d343575fdd31","name":"VBCommunication","image":{"@type":"ImageObject","inLanguage":"fr-FR","@id":"https:\/\/www.vallon-bonnevaux.fr\/vbmag\/#\/schema\/person\/image\/","url":"https:\/\/secure.gravatar.com\/avatar\/58fa64ce54dbedb7c6633693d600c884a245b0f97746903170fa62aae026cedc?s=96&d=mm&r=g","contentUrl":"https:\/\/secure.gravatar.com\/avatar\/58fa64ce54dbedb7c6633693d600c884a245b0f97746903170fa62aae026cedc?s=96&d=mm&r=g","caption":"VBCommunication"},"url":"https:\/\/www.vallon-bonnevaux.fr\/vbmag\/author\/vbcommunication\/"}]}},"_links":{"self":[{"href":"https:\/\/www.vallon-bonnevaux.fr\/vbmag\/wp-json\/wp\/v2\/posts\/2951","targetHints":{"allow":["GET"]}}],"collection":[{"href":"https:\/\/www.vallon-bonnevaux.fr\/vbmag\/wp-json\/wp\/v2\/posts"}],"about":[{"href":"https:\/\/www.vallon-bonnevaux.fr\/vbmag\/wp-json\/wp\/v2\/types\/post"}],"author":[{"embeddable":true,"href":"https:\/\/www.vallon-bonnevaux.fr\/vbmag\/wp-json\/wp\/v2\/users\/2"}],"replies":[{"embeddable":true,"href":"https:\/\/www.vallon-bonnevaux.fr\/vbmag\/wp-json\/wp\/v2\/comments?post=2951"}],"version-history":[{"count":1,"href":"https:\/\/www.vallon-bonnevaux.fr\/vbmag\/wp-json\/wp\/v2\/posts\/2951\/revisions"}],"predecessor-version":[{"id":2952,"href":"https:\/\/www.vallon-bonnevaux.fr\/vbmag\/wp-json\/wp\/v2\/posts\/2951\/revisions\/2952"}],"wp:attachment":[{"href":"https:\/\/www.vallon-bonnevaux.fr\/vbmag\/wp-json\/wp\/v2\/media?parent=2951"}],"wp:term":[{"taxonomy":"category","embeddable":true,"href":"https:\/\/www.vallon-bonnevaux.fr\/vbmag\/wp-json\/wp\/v2\/categories?post=2951"},{"taxonomy":"post_tag","embeddable":true,"href":"https:\/\/www.vallon-bonnevaux.fr\/vbmag\/wp-json\/wp\/v2\/tags?post=2951"}],"curies":[{"name":"wp","href":"https:\/\/api.w.org\/{rel}","templated":true}]}}