{"id":2958,"date":"2025-10-07T23:22:54","date_gmt":"2025-10-07T21:22:54","guid":{"rendered":"https:\/\/www.vallon-bonnevaux.fr\/vbmag\/?p=2958"},"modified":"2025-10-07T23:22:54","modified_gmt":"2025-10-07T21:22:54","slug":"lyceens-au-cinema-a-st-jean-de-bournay-les-eleves-de-bac-pro-sapat-du-lycee-vallon-bonnevaux-apprennent-a-lire-le-monde-a-travers-les-films-dauteur","status":"publish","type":"post","link":"https:\/\/www.vallon-bonnevaux.fr\/vbmag\/lyceens-au-cinema-a-st-jean-de-bournay-les-eleves-de-bac-pro-sapat-du-lycee-vallon-bonnevaux-apprennent-a-lire-le-monde-a-travers-les-films-dauteur\/","title":{"rendered":"Lyc\u00e9ens au cin\u00e9ma : A St Jean de Bournay, les \u00e9l\u00e8ves de BAC PRO SAPAT du lyc\u00e9e Vallon Bonnevaux apprennent \u00e0 lire le monde \u00e0 travers les films d\u2019auteur"},"content":{"rendered":"<h2 data-start=\"454\" data-end=\"527\"><img loading=\"lazy\" decoding=\"async\" class=\"size-medium wp-image-2961 alignleft\" src=\"https:\/\/www.vallon-bonnevaux.fr\/vbmag\/wp-content\/uploads\/2025\/10\/Joseph-lyceens-au-cinema-SAPAT-lycee-vallon-bonnevaux-st-jean-de-bournay-221x300.png\" alt=\"\" width=\"221\" height=\"300\" srcset=\"https:\/\/www.vallon-bonnevaux.fr\/vbmag\/wp-content\/uploads\/2025\/10\/Joseph-lyceens-au-cinema-SAPAT-lycee-vallon-bonnevaux-st-jean-de-bournay-221x300.png 221w, https:\/\/www.vallon-bonnevaux.fr\/vbmag\/wp-content\/uploads\/2025\/10\/Joseph-lyceens-au-cinema-SAPAT-lycee-vallon-bonnevaux-st-jean-de-bournay-108x146.png 108w, https:\/\/www.vallon-bonnevaux.fr\/vbmag\/wp-content\/uploads\/2025\/10\/Joseph-lyceens-au-cinema-SAPAT-lycee-vallon-bonnevaux-st-jean-de-bournay-37x50.png 37w, https:\/\/www.vallon-bonnevaux.fr\/vbmag\/wp-content\/uploads\/2025\/10\/Joseph-lyceens-au-cinema-SAPAT-lycee-vallon-bonnevaux-st-jean-de-bournay-55x75.png 55w, https:\/\/www.vallon-bonnevaux.fr\/vbmag\/wp-content\/uploads\/2025\/10\/Joseph-lyceens-au-cinema-SAPAT-lycee-vallon-bonnevaux-st-jean-de-bournay.png 310w\" sizes=\"auto, (max-width: 221px) 100vw, 221px\" \/><img loading=\"lazy\" decoding=\"async\" class=\"size-medium wp-image-2960 alignleft\" src=\"https:\/\/www.vallon-bonnevaux.fr\/vbmag\/wp-content\/uploads\/2025\/10\/Perdrix-lyceens-au-cinema-SAPAT-lycee-vallon-bonnevaux-st-jean-de-bournay-225x300.png\" alt=\"\" width=\"225\" height=\"300\" srcset=\"https:\/\/www.vallon-bonnevaux.fr\/vbmag\/wp-content\/uploads\/2025\/10\/Perdrix-lyceens-au-cinema-SAPAT-lycee-vallon-bonnevaux-st-jean-de-bournay-225x300.png 225w, https:\/\/www.vallon-bonnevaux.fr\/vbmag\/wp-content\/uploads\/2025\/10\/Perdrix-lyceens-au-cinema-SAPAT-lycee-vallon-bonnevaux-st-jean-de-bournay-768x1024.png 768w, https:\/\/www.vallon-bonnevaux.fr\/vbmag\/wp-content\/uploads\/2025\/10\/Perdrix-lyceens-au-cinema-SAPAT-lycee-vallon-bonnevaux-st-jean-de-bournay-1152x1536.png 1152w, https:\/\/www.vallon-bonnevaux.fr\/vbmag\/wp-content\/uploads\/2025\/10\/Perdrix-lyceens-au-cinema-SAPAT-lycee-vallon-bonnevaux-st-jean-de-bournay-110x146.png 110w, https:\/\/www.vallon-bonnevaux.fr\/vbmag\/wp-content\/uploads\/2025\/10\/Perdrix-lyceens-au-cinema-SAPAT-lycee-vallon-bonnevaux-st-jean-de-bournay-38x50.png 38w, https:\/\/www.vallon-bonnevaux.fr\/vbmag\/wp-content\/uploads\/2025\/10\/Perdrix-lyceens-au-cinema-SAPAT-lycee-vallon-bonnevaux-st-jean-de-bournay-56x75.png 56w, https:\/\/www.vallon-bonnevaux.fr\/vbmag\/wp-content\/uploads\/2025\/10\/Perdrix-lyceens-au-cinema-SAPAT-lycee-vallon-bonnevaux-st-jean-de-bournay.png 1200w\" sizes=\"auto, (max-width: 225px) 100vw, 225px\" \/><img loading=\"lazy\" decoding=\"async\" class=\"size-medium wp-image-2962 alignleft\" src=\"https:\/\/www.vallon-bonnevaux.fr\/vbmag\/wp-content\/uploads\/2025\/10\/Freda-lyceens-au-cinema-SAPAT-lycee-vallon-bonnevaux-st-jean-de-bournay-221x300.png\" alt=\"\" width=\"221\" height=\"300\" srcset=\"https:\/\/www.vallon-bonnevaux.fr\/vbmag\/wp-content\/uploads\/2025\/10\/Freda-lyceens-au-cinema-SAPAT-lycee-vallon-bonnevaux-st-jean-de-bournay-221x300.png 221w, https:\/\/www.vallon-bonnevaux.fr\/vbmag\/wp-content\/uploads\/2025\/10\/Freda-lyceens-au-cinema-SAPAT-lycee-vallon-bonnevaux-st-jean-de-bournay-754x1024.png 754w, https:\/\/www.vallon-bonnevaux.fr\/vbmag\/wp-content\/uploads\/2025\/10\/Freda-lyceens-au-cinema-SAPAT-lycee-vallon-bonnevaux-st-jean-de-bournay-768x1043.png 768w, https:\/\/www.vallon-bonnevaux.fr\/vbmag\/wp-content\/uploads\/2025\/10\/Freda-lyceens-au-cinema-SAPAT-lycee-vallon-bonnevaux-st-jean-de-bournay-1131x1536.png 1131w, https:\/\/www.vallon-bonnevaux.fr\/vbmag\/wp-content\/uploads\/2025\/10\/Freda-lyceens-au-cinema-SAPAT-lycee-vallon-bonnevaux-st-jean-de-bournay-107x146.png 107w, https:\/\/www.vallon-bonnevaux.fr\/vbmag\/wp-content\/uploads\/2025\/10\/Freda-lyceens-au-cinema-SAPAT-lycee-vallon-bonnevaux-st-jean-de-bournay-37x50.png 37w, https:\/\/www.vallon-bonnevaux.fr\/vbmag\/wp-content\/uploads\/2025\/10\/Freda-lyceens-au-cinema-SAPAT-lycee-vallon-bonnevaux-st-jean-de-bournay-55x75.png 55w, https:\/\/www.vallon-bonnevaux.fr\/vbmag\/wp-content\/uploads\/2025\/10\/Freda-lyceens-au-cinema-SAPAT-lycee-vallon-bonnevaux-st-jean-de-bournay.png 1178w\" sizes=\"auto, (max-width: 221px) 100vw, 221px\" \/><\/h2>\n<h2 data-start=\"454\" data-end=\"527\"><\/h2>\n<h2 data-start=\"454\" data-end=\"527\"><\/h2>\n<h2 data-start=\"454\" data-end=\"527\"><\/h2>\n<h2 data-start=\"454\" data-end=\"527\"><\/h2>\n<h2 data-start=\"454\" data-end=\"527\"><\/h2>\n<h1 data-start=\"454\" data-end=\"527\">\u00c0 Vallon Bonnevaux, le cin\u00e9ma devient un outil d\u2019\u00e9ducation au regard et \u00e0 l\u2019humanit\u00e9<\/h1>\n<p data-start=\"619\" data-end=\"1179\">Au lyc\u00e9e Vallon Bonnevaux, apprendre autrement, c\u2019est aussi apprendre \u00e0 <strong data-start=\"691\" data-end=\"712\">regarder le monde<\/strong>. Dans le cadre du dispositif <em data-start=\"742\" data-end=\"761\">Lyc\u00e9ens au cin\u00e9ma<\/em>, les \u00e9l\u00e8ves de <strong data-start=\"777\" data-end=\"866\">2nde et 1\u00e8re Bac Pro SAPAT (Services aux Personnes et Animation dans les Territoires)<\/strong> du site de <strong data-start=\"878\" data-end=\"903\">Saint-Jean-de-Bournay<\/strong> ont entam\u00e9 un parcours de d\u00e9couverte du cin\u00e9ma d\u2019auteur.<br data-start=\"960\" data-end=\"963\" \/>Ce dispositif, conduit en partenariat avec <strong data-start=\"1006\" data-end=\"1018\">l\u2019ACRIRA<\/strong> et le <strong data-start=\"1025\" data-end=\"1060\">cin\u00e9ma de Saint-Jean-de-Bournay<\/strong>, relie les apprentissages de lettres modernes \u00e0 une exp\u00e9rience culturelle forte : d\u00e9couvrir, comprendre, et ressentir.<\/p>\n<h2 data-start=\"1181\" data-end=\"1226\">Trois films, trois regards sur le monde<\/h2>\n<p data-start=\"1228\" data-end=\"1884\">Le cycle s\u2019articule autour de trois \u0153uvres singuli\u00e8res, choisies pour leur richesse artistique et la profondeur de leurs th\u00e9matiques.<br data-start=\"1361\" data-end=\"1364\" \/>\ud83d\udc49 <strong data-start=\"1367\" data-end=\"1376\">Freda<\/strong>, de Gessica G\u00e9n\u00e9us, dresse le portrait d\u2019une jeune femme ha\u00eftienne tiraill\u00e9e entre espoir, r\u00e9silience et qu\u00eate de dignit\u00e9 dans un pays en crise.<br data-start=\"1521\" data-end=\"1524\" \/>\ud83d\udc49 <strong data-start=\"1527\" data-end=\"1538\">Perdrix<\/strong>, d\u2019Erwan Le Duc, aborde la rencontre de l\u2019autre avec po\u00e9sie et humour, questionnant la norme sociale et la libert\u00e9 int\u00e9rieure.<br data-start=\"1665\" data-end=\"1668\" \/>\ud83d\udc49 Enfin, <strong data-start=\"1678\" data-end=\"1687\">Josep<\/strong>, film d\u2019animation d\u2019Aurel, cl\u00f4turera le parcours sur une note historique et humaniste, retra\u00e7ant la vie du dessinateur r\u00e9publicain espagnol Josep Bartol\u00ed, exil\u00e9 en France apr\u00e8s la guerre civile.<\/p>\n<p data-start=\"1886\" data-end=\"2115\">Chaque projection est suivie d\u2019un temps d\u2019analyse et d\u2019\u00e9change : les \u00e9l\u00e8ves apprennent \u00e0 <strong data-start=\"1975\" data-end=\"2020\">distinguer le point de vue du r\u00e9alisateur<\/strong>, \u00e0 <strong data-start=\"2024\" data-end=\"2061\">interpr\u00e9ter les choix artistiques<\/strong> et \u00e0 <strong data-start=\"2067\" data-end=\"2112\">exprimer leurs \u00e9motions et leurs opinions<\/strong>.<\/p>\n<blockquote data-start=\"2117\" data-end=\"2270\">\n<p data-start=\"2119\" data-end=\"2270\">\ud83c\udf9e\ufe0f <em data-start=\"2123\" data-end=\"2240\">\u00ab Ces films nous font r\u00e9fl\u00e9chir \u00e0 des r\u00e9alit\u00e9s qu\u2019on ne voit pas dans les blockbusters. On en ressort diff\u00e9rents \u00bb,<\/em> confie un \u00e9l\u00e8ve de 1re SAPAT.<\/p>\n<\/blockquote>\n<h2 data-start=\"2272\" data-end=\"2325\">Une p\u00e9dagogie de l\u2019ouverture et du discernement<\/h2>\n<p data-start=\"2327\" data-end=\"2431\">Ce projet illustre l\u2019un des axes majeurs du <strong data-start=\"2371\" data-end=\"2407\">projet d\u2019\u00e9tablissement 2018-2023<\/strong> de Vallon Bonnevaux :<\/p>\n<blockquote data-start=\"2432\" data-end=\"2611\">\n<p data-start=\"2434\" data-end=\"2611\"><em data-start=\"2434\" data-end=\"2574\">Permettre \u00e0 chaque apprenant de s\u2019ouvrir \u00e0 l\u2019Europe et au monde, et de devenir un adulte responsable, autonome et capable de discernement.<\/em><\/p>\n<\/blockquote>\n<p data-start=\"2613\" data-end=\"2679\">Le cin\u00e9ma devient alors un support d\u2019apprentissage transversal :<\/p>\n<ul data-start=\"2680\" data-end=\"2926\">\n<li data-start=\"2680\" data-end=\"2745\">\n<p data-start=\"2682\" data-end=\"2745\">il <strong data-start=\"2685\" data-end=\"2716\">nourrit la culture g\u00e9n\u00e9rale<\/strong> et la ma\u00eetrise du langage,<\/p>\n<\/li>\n<li data-start=\"2746\" data-end=\"2793\">\n<p data-start=\"2748\" data-end=\"2793\">il <strong data-start=\"2751\" data-end=\"2790\">d\u00e9veloppe la sensibilit\u00e9 artistique<\/strong>,<\/p>\n<\/li>\n<li data-start=\"2794\" data-end=\"2926\">\n<p data-start=\"2796\" data-end=\"2926\">et il <strong data-start=\"2802\" data-end=\"2837\">renforce la r\u00e9flexion citoyenne<\/strong>, en confrontant les \u00e9l\u00e8ves \u00e0 des questions de soci\u00e9t\u00e9, d\u2019identit\u00e9, de libert\u00e9 ou d\u2019exil.<\/p>\n<\/li>\n<\/ul>\n<p data-start=\"2928\" data-end=\"3140\">Autrement dit, une fa\u00e7on concr\u00e8te de relier les savoirs \u00e0 la vie \u2014 et de rappeler que, comme le dit la devise de Vallon Bonnevaux, <em data-start=\"3059\" data-end=\"3100\">\u00ab apprendre autrement, c\u2019est possible \u00bb<\/em>.<\/p>\n<h2 data-start=\"3142\" data-end=\"3215\">Une ouverture culturelle au service des valeurs de Vallon Bonnevaux<\/h2>\n<p data-start=\"3217\" data-end=\"3626\">Ce parcours s\u2019inscrit pleinement dans les <strong data-start=\"3259\" data-end=\"3298\">valeurs port\u00e9es par l\u2019\u00e9tablissement<\/strong> : respect, ouverture, engagement et solidarit\u00e9.<br data-start=\"3346\" data-end=\"3349\" \/>\u00c0 travers l\u2019art et la r\u00e9flexion collective, les \u00e9l\u00e8ves d\u00e9couvrent que la culture peut \u00eatre un levier d\u2019\u00e9mancipation, d\u2019esprit critique et d\u2019humanit\u00e9 \u2014 autant de qualit\u00e9s essentielles pour les futurs professionnels des services aux personnes et de l\u2019animation des territoires.<\/p>\n<blockquote data-start=\"3628\" data-end=\"3812\">\n<p data-start=\"3630\" data-end=\"3812\">\ud83c\udfac <em data-start=\"3633\" data-end=\"3767\">\u00ab Le cin\u00e9ma d\u2019auteur demande de l\u2019\u00e9coute, de la patience et de la curiosit\u00e9. Trois qualit\u00e9s qu\u2019on retrouve aussi dans leursfuturs m\u00e9tiers m\u00e9tiers \u00bb,<\/em> r\u00e9sume leur enseignante en lettres modernes.<\/p>\n<\/blockquote>\n<hr data-start=\"3814\" data-end=\"3817\" \/>\n<h3 data-start=\"3819\" data-end=\"3846\">\ud83d\udfe2 Pour aller plus loin<\/h3>\n<ul data-start=\"3847\" data-end=\"4288\">\n<li data-start=\"3847\" data-end=\"4001\">\n<p data-start=\"3849\" data-end=\"4001\">\ud83d\udcfd\ufe0f Dispositif <strong data-start=\"3864\" data-end=\"3885\">Lyc\u00e9ens au cin\u00e9ma<\/strong>, coordonn\u00e9 par l\u2019ACRIRA : un programme r\u00e9gional d\u2019\u00e9ducation \u00e0 l\u2019image soutenu par la R\u00e9gion Auvergne-Rh\u00f4ne-Alpes.<\/p>\n<\/li>\n<li data-start=\"4002\" data-end=\"4089\">\n<p data-start=\"4004\" data-end=\"4089\">\ud83d\udcac Projet int\u00e9gr\u00e9 au <strong data-start=\"4025\" data-end=\"4068\">Module d\u2019Expression et de Communication<\/strong> des Bac Pro SAPAT.<\/p>\n<\/li>\n<li data-start=\"4090\" data-end=\"4288\">\n<p data-start=\"4092\" data-end=\"4288\">\ud83c\udf0d Une action qui fait \u00e9cho au chantier du projet d\u2019\u00e9tablissement : <em data-start=\"4160\" data-end=\"4251\">\u00ab Sensibiliser les apprenants \u00e0 une attitude soci\u00e9tale et environnementale responsable. \u00bb<\/em><\/p>\n<\/li>\n<\/ul>\n","protected":false},"excerpt":{"rendered":"<p>\u00c0 Vallon Bonnevaux, le cin\u00e9ma devient un outil d\u2019\u00e9ducation au regard et \u00e0 l\u2019humanit\u00e9 Au lyc\u00e9e Vallon Bonnevaux, apprendre autrement, c\u2019est aussi apprendre \u00e0 regarder le<span class=\"excerpt-hellip\"> [\u2026]<\/span><\/p>\n","protected":false},"author":2,"featured_media":2962,"comment_status":"open","ping_status":"open","sticky":false,"template":"","format":"standard","meta":{"_mi_skip_tracking":false,"_monsterinsights_sitenote_active":false,"_monsterinsights_sitenote_note":"","_monsterinsights_sitenote_category":0,"footnotes":""},"categories":[7,3,1],"tags":[],"class_list":["post-2958","post","type-post","status-publish","format-standard","has-post-thumbnail","hentry","category-evenement-seminaire","category-formation-pedagogie","category-non-classe"],"yoast_head":"<!-- This site is optimized with the Yoast SEO plugin v20.8 - https:\/\/yoast.com\/wordpress\/plugins\/seo\/ -->\n<title>Lyc\u00e9ens au cin\u00e9ma : A St Jean de Bournay, les \u00e9l\u00e8ves de BAC PRO SAPAT du lyc\u00e9e Vallon Bonnevaux apprennent \u00e0 lire le monde \u00e0 travers les films d\u2019auteur - VB Mag<\/title>\n<meta name=\"robots\" content=\"index, follow, max-snippet:-1, max-image-preview:large, max-video-preview:-1\" \/>\n<link rel=\"canonical\" href=\"https:\/\/www.vallon-bonnevaux.fr\/vbmag\/lyceens-au-cinema-a-st-jean-de-bournay-les-eleves-de-bac-pro-sapat-du-lycee-vallon-bonnevaux-apprennent-a-lire-le-monde-a-travers-les-films-dauteur\/\" \/>\n<meta property=\"og:locale\" content=\"fr_FR\" \/>\n<meta property=\"og:type\" content=\"article\" \/>\n<meta property=\"og:title\" content=\"Lyc\u00e9ens au cin\u00e9ma : A St Jean de Bournay, les \u00e9l\u00e8ves de BAC PRO SAPAT du lyc\u00e9e Vallon Bonnevaux apprennent \u00e0 lire le monde \u00e0 travers les films d\u2019auteur - VB Mag\" \/>\n<meta property=\"og:description\" content=\"\u00c0 Vallon Bonnevaux, le cin\u00e9ma devient un outil d\u2019\u00e9ducation au regard et \u00e0 l\u2019humanit\u00e9 Au lyc\u00e9e Vallon Bonnevaux, apprendre autrement, c\u2019est aussi apprendre \u00e0 regarder le [\u2026]\" \/>\n<meta property=\"og:url\" content=\"https:\/\/www.vallon-bonnevaux.fr\/vbmag\/lyceens-au-cinema-a-st-jean-de-bournay-les-eleves-de-bac-pro-sapat-du-lycee-vallon-bonnevaux-apprennent-a-lire-le-monde-a-travers-les-films-dauteur\/\" \/>\n<meta property=\"og:site_name\" content=\"VB Mag\" \/>\n<meta property=\"article:publisher\" content=\"https:\/\/www.facebook.com\/lyceevallonbonnevaux\" \/>\n<meta property=\"article:published_time\" content=\"2025-10-07T21:22:54+00:00\" \/>\n<meta property=\"og:image\" content=\"https:\/\/www.vallon-bonnevaux.fr\/vbmag\/wp-content\/uploads\/2025\/10\/Freda-lyceens-au-cinema-SAPAT-lycee-vallon-bonnevaux-st-jean-de-bournay.png\" \/>\n\t<meta property=\"og:image:width\" content=\"1178\" \/>\n\t<meta property=\"og:image:height\" content=\"1600\" \/>\n\t<meta property=\"og:image:type\" content=\"image\/png\" \/>\n<meta name=\"author\" content=\"VBCommunication\" \/>\n<meta name=\"twitter:card\" content=\"summary_large_image\" \/>\n<meta name=\"twitter:label1\" content=\"\u00c9crit par\" \/>\n\t<meta name=\"twitter:data1\" content=\"VBCommunication\" \/>\n\t<meta name=\"twitter:label2\" content=\"Dur\u00e9e de lecture estim\u00e9e\" \/>\n\t<meta name=\"twitter:data2\" content=\"4 minutes\" \/>\n<script type=\"application\/ld+json\" class=\"yoast-schema-graph\">{\"@context\":\"https:\/\/schema.org\",\"@graph\":[{\"@type\":\"Article\",\"@id\":\"https:\/\/www.vallon-bonnevaux.fr\/vbmag\/lyceens-au-cinema-a-st-jean-de-bournay-les-eleves-de-bac-pro-sapat-du-lycee-vallon-bonnevaux-apprennent-a-lire-le-monde-a-travers-les-films-dauteur\/#article\",\"isPartOf\":{\"@id\":\"https:\/\/www.vallon-bonnevaux.fr\/vbmag\/lyceens-au-cinema-a-st-jean-de-bournay-les-eleves-de-bac-pro-sapat-du-lycee-vallon-bonnevaux-apprennent-a-lire-le-monde-a-travers-les-films-dauteur\/\"},\"author\":{\"name\":\"VBCommunication\",\"@id\":\"https:\/\/www.vallon-bonnevaux.fr\/vbmag\/#\/schema\/person\/78d4bedf135508e9d2b8d343575fdd31\"},\"headline\":\"Lyc\u00e9ens au cin\u00e9ma : A St Jean de Bournay, les \u00e9l\u00e8ves de BAC PRO SAPAT du lyc\u00e9e Vallon Bonnevaux apprennent \u00e0 lire le monde \u00e0 travers les films d\u2019auteur\",\"datePublished\":\"2025-10-07T21:22:54+00:00\",\"dateModified\":\"2025-10-07T21:22:54+00:00\",\"mainEntityOfPage\":{\"@id\":\"https:\/\/www.vallon-bonnevaux.fr\/vbmag\/lyceens-au-cinema-a-st-jean-de-bournay-les-eleves-de-bac-pro-sapat-du-lycee-vallon-bonnevaux-apprennent-a-lire-le-monde-a-travers-les-films-dauteur\/\"},\"wordCount\":627,\"commentCount\":0,\"publisher\":{\"@id\":\"https:\/\/www.vallon-bonnevaux.fr\/vbmag\/#organization\"},\"articleSection\":[\"\u00c9v\u00e9nement\",\"Formation &amp; P\u00e9dagogie\"],\"inLanguage\":\"fr-FR\",\"potentialAction\":[{\"@type\":\"CommentAction\",\"name\":\"Comment\",\"target\":[\"https:\/\/www.vallon-bonnevaux.fr\/vbmag\/lyceens-au-cinema-a-st-jean-de-bournay-les-eleves-de-bac-pro-sapat-du-lycee-vallon-bonnevaux-apprennent-a-lire-le-monde-a-travers-les-films-dauteur\/#respond\"]}]},{\"@type\":\"WebPage\",\"@id\":\"https:\/\/www.vallon-bonnevaux.fr\/vbmag\/lyceens-au-cinema-a-st-jean-de-bournay-les-eleves-de-bac-pro-sapat-du-lycee-vallon-bonnevaux-apprennent-a-lire-le-monde-a-travers-les-films-dauteur\/\",\"url\":\"https:\/\/www.vallon-bonnevaux.fr\/vbmag\/lyceens-au-cinema-a-st-jean-de-bournay-les-eleves-de-bac-pro-sapat-du-lycee-vallon-bonnevaux-apprennent-a-lire-le-monde-a-travers-les-films-dauteur\/\",\"name\":\"Lyc\u00e9ens au cin\u00e9ma : A St Jean de Bournay, les \u00e9l\u00e8ves de BAC PRO SAPAT du lyc\u00e9e Vallon Bonnevaux apprennent \u00e0 lire le monde \u00e0 travers les films d\u2019auteur - VB Mag\",\"isPartOf\":{\"@id\":\"https:\/\/www.vallon-bonnevaux.fr\/vbmag\/#website\"},\"datePublished\":\"2025-10-07T21:22:54+00:00\",\"dateModified\":\"2025-10-07T21:22:54+00:00\",\"breadcrumb\":{\"@id\":\"https:\/\/www.vallon-bonnevaux.fr\/vbmag\/lyceens-au-cinema-a-st-jean-de-bournay-les-eleves-de-bac-pro-sapat-du-lycee-vallon-bonnevaux-apprennent-a-lire-le-monde-a-travers-les-films-dauteur\/#breadcrumb\"},\"inLanguage\":\"fr-FR\",\"potentialAction\":[{\"@type\":\"ReadAction\",\"target\":[\"https:\/\/www.vallon-bonnevaux.fr\/vbmag\/lyceens-au-cinema-a-st-jean-de-bournay-les-eleves-de-bac-pro-sapat-du-lycee-vallon-bonnevaux-apprennent-a-lire-le-monde-a-travers-les-films-dauteur\/\"]}]},{\"@type\":\"BreadcrumbList\",\"@id\":\"https:\/\/www.vallon-bonnevaux.fr\/vbmag\/lyceens-au-cinema-a-st-jean-de-bournay-les-eleves-de-bac-pro-sapat-du-lycee-vallon-bonnevaux-apprennent-a-lire-le-monde-a-travers-les-films-dauteur\/#breadcrumb\",\"itemListElement\":[{\"@type\":\"ListItem\",\"position\":1,\"name\":\"Accueil\",\"item\":\"https:\/\/www.vallon-bonnevaux.fr\/vbmag\/\"},{\"@type\":\"ListItem\",\"position\":2,\"name\":\"Lyc\u00e9ens au cin\u00e9ma : A St Jean de Bournay, les \u00e9l\u00e8ves de BAC PRO SAPAT du lyc\u00e9e Vallon Bonnevaux apprennent \u00e0 lire le monde \u00e0 travers les films d\u2019auteur\"}]},{\"@type\":\"WebSite\",\"@id\":\"https:\/\/www.vallon-bonnevaux.fr\/vbmag\/#website\",\"url\":\"https:\/\/www.vallon-bonnevaux.fr\/vbmag\/\",\"name\":\"VBmag\",\"description\":\"\",\"publisher\":{\"@id\":\"https:\/\/www.vallon-bonnevaux.fr\/vbmag\/#organization\"},\"potentialAction\":[{\"@type\":\"SearchAction\",\"target\":{\"@type\":\"EntryPoint\",\"urlTemplate\":\"https:\/\/www.vallon-bonnevaux.fr\/vbmag\/?s={search_term_string}\"},\"query-input\":\"required name=search_term_string\"}],\"inLanguage\":\"fr-FR\"},{\"@type\":\"Organization\",\"@id\":\"https:\/\/www.vallon-bonnevaux.fr\/vbmag\/#organization\",\"name\":\"VBmag\",\"url\":\"https:\/\/www.vallon-bonnevaux.fr\/vbmag\/\",\"logo\":{\"@type\":\"ImageObject\",\"inLanguage\":\"fr-FR\",\"@id\":\"https:\/\/www.vallon-bonnevaux.fr\/vbmag\/#\/schema\/logo\/image\/\",\"url\":\"https:\/\/www.vallon-bonnevaux.fr\/vbmag\/wp-content\/uploads\/2023\/02\/Bonnevaux-logo-VBmag.png\",\"contentUrl\":\"https:\/\/www.vallon-bonnevaux.fr\/vbmag\/wp-content\/uploads\/2023\/02\/Bonnevaux-logo-VBmag.png\",\"width\":314,\"height\":143,\"caption\":\"VBmag\"},\"image\":{\"@id\":\"https:\/\/www.vallon-bonnevaux.fr\/vbmag\/#\/schema\/logo\/image\/\"},\"sameAs\":[\"https:\/\/www.facebook.com\/lyceevallonbonnevaux\",\"https:\/\/www.instagram.com\/lycee_vallon_bonnevaux\/\",\"https:\/\/www.linkedin.com\/company\/leap-le-vallon-les-bonnevaux\/?originalSubdomain=fr\"]},{\"@type\":\"Person\",\"@id\":\"https:\/\/www.vallon-bonnevaux.fr\/vbmag\/#\/schema\/person\/78d4bedf135508e9d2b8d343575fdd31\",\"name\":\"VBCommunication\",\"image\":{\"@type\":\"ImageObject\",\"inLanguage\":\"fr-FR\",\"@id\":\"https:\/\/www.vallon-bonnevaux.fr\/vbmag\/#\/schema\/person\/image\/\",\"url\":\"https:\/\/secure.gravatar.com\/avatar\/58fa64ce54dbedb7c6633693d600c884a245b0f97746903170fa62aae026cedc?s=96&d=mm&r=g\",\"contentUrl\":\"https:\/\/secure.gravatar.com\/avatar\/58fa64ce54dbedb7c6633693d600c884a245b0f97746903170fa62aae026cedc?s=96&d=mm&r=g\",\"caption\":\"VBCommunication\"},\"url\":\"https:\/\/www.vallon-bonnevaux.fr\/vbmag\/author\/vbcommunication\/\"}]}<\/script>\n<!-- \/ Yoast SEO plugin. -->","yoast_head_json":{"title":"Lyc\u00e9ens au cin\u00e9ma : A St Jean de Bournay, les \u00e9l\u00e8ves de BAC PRO SAPAT du lyc\u00e9e Vallon Bonnevaux apprennent \u00e0 lire le monde \u00e0 travers les films d\u2019auteur - VB Mag","robots":{"index":"index","follow":"follow","max-snippet":"max-snippet:-1","max-image-preview":"max-image-preview:large","max-video-preview":"max-video-preview:-1"},"canonical":"https:\/\/www.vallon-bonnevaux.fr\/vbmag\/lyceens-au-cinema-a-st-jean-de-bournay-les-eleves-de-bac-pro-sapat-du-lycee-vallon-bonnevaux-apprennent-a-lire-le-monde-a-travers-les-films-dauteur\/","og_locale":"fr_FR","og_type":"article","og_title":"Lyc\u00e9ens au cin\u00e9ma : A St Jean de Bournay, les \u00e9l\u00e8ves de BAC PRO SAPAT du lyc\u00e9e Vallon Bonnevaux apprennent \u00e0 lire le monde \u00e0 travers les films d\u2019auteur - VB Mag","og_description":"\u00c0 Vallon Bonnevaux, le cin\u00e9ma devient un outil d\u2019\u00e9ducation au regard et \u00e0 l\u2019humanit\u00e9 Au lyc\u00e9e Vallon Bonnevaux, apprendre autrement, c\u2019est aussi apprendre \u00e0 regarder le [\u2026]","og_url":"https:\/\/www.vallon-bonnevaux.fr\/vbmag\/lyceens-au-cinema-a-st-jean-de-bournay-les-eleves-de-bac-pro-sapat-du-lycee-vallon-bonnevaux-apprennent-a-lire-le-monde-a-travers-les-films-dauteur\/","og_site_name":"VB Mag","article_publisher":"https:\/\/www.facebook.com\/lyceevallonbonnevaux","article_published_time":"2025-10-07T21:22:54+00:00","og_image":[{"width":1178,"height":1600,"url":"https:\/\/www.vallon-bonnevaux.fr\/vbmag\/wp-content\/uploads\/2025\/10\/Freda-lyceens-au-cinema-SAPAT-lycee-vallon-bonnevaux-st-jean-de-bournay.png","type":"image\/png"}],"author":"VBCommunication","twitter_card":"summary_large_image","twitter_misc":{"\u00c9crit par":"VBCommunication","Dur\u00e9e de lecture estim\u00e9e":"4 minutes"},"schema":{"@context":"https:\/\/schema.org","@graph":[{"@type":"Article","@id":"https:\/\/www.vallon-bonnevaux.fr\/vbmag\/lyceens-au-cinema-a-st-jean-de-bournay-les-eleves-de-bac-pro-sapat-du-lycee-vallon-bonnevaux-apprennent-a-lire-le-monde-a-travers-les-films-dauteur\/#article","isPartOf":{"@id":"https:\/\/www.vallon-bonnevaux.fr\/vbmag\/lyceens-au-cinema-a-st-jean-de-bournay-les-eleves-de-bac-pro-sapat-du-lycee-vallon-bonnevaux-apprennent-a-lire-le-monde-a-travers-les-films-dauteur\/"},"author":{"name":"VBCommunication","@id":"https:\/\/www.vallon-bonnevaux.fr\/vbmag\/#\/schema\/person\/78d4bedf135508e9d2b8d343575fdd31"},"headline":"Lyc\u00e9ens au cin\u00e9ma : A St Jean de Bournay, les \u00e9l\u00e8ves de BAC PRO SAPAT du lyc\u00e9e Vallon Bonnevaux apprennent \u00e0 lire le monde \u00e0 travers les films d\u2019auteur","datePublished":"2025-10-07T21:22:54+00:00","dateModified":"2025-10-07T21:22:54+00:00","mainEntityOfPage":{"@id":"https:\/\/www.vallon-bonnevaux.fr\/vbmag\/lyceens-au-cinema-a-st-jean-de-bournay-les-eleves-de-bac-pro-sapat-du-lycee-vallon-bonnevaux-apprennent-a-lire-le-monde-a-travers-les-films-dauteur\/"},"wordCount":627,"commentCount":0,"publisher":{"@id":"https:\/\/www.vallon-bonnevaux.fr\/vbmag\/#organization"},"articleSection":["\u00c9v\u00e9nement","Formation &amp; P\u00e9dagogie"],"inLanguage":"fr-FR","potentialAction":[{"@type":"CommentAction","name":"Comment","target":["https:\/\/www.vallon-bonnevaux.fr\/vbmag\/lyceens-au-cinema-a-st-jean-de-bournay-les-eleves-de-bac-pro-sapat-du-lycee-vallon-bonnevaux-apprennent-a-lire-le-monde-a-travers-les-films-dauteur\/#respond"]}]},{"@type":"WebPage","@id":"https:\/\/www.vallon-bonnevaux.fr\/vbmag\/lyceens-au-cinema-a-st-jean-de-bournay-les-eleves-de-bac-pro-sapat-du-lycee-vallon-bonnevaux-apprennent-a-lire-le-monde-a-travers-les-films-dauteur\/","url":"https:\/\/www.vallon-bonnevaux.fr\/vbmag\/lyceens-au-cinema-a-st-jean-de-bournay-les-eleves-de-bac-pro-sapat-du-lycee-vallon-bonnevaux-apprennent-a-lire-le-monde-a-travers-les-films-dauteur\/","name":"Lyc\u00e9ens au cin\u00e9ma : A St Jean de Bournay, les \u00e9l\u00e8ves de BAC PRO SAPAT du lyc\u00e9e Vallon Bonnevaux apprennent \u00e0 lire le monde \u00e0 travers les films d\u2019auteur - VB Mag","isPartOf":{"@id":"https:\/\/www.vallon-bonnevaux.fr\/vbmag\/#website"},"datePublished":"2025-10-07T21:22:54+00:00","dateModified":"2025-10-07T21:22:54+00:00","breadcrumb":{"@id":"https:\/\/www.vallon-bonnevaux.fr\/vbmag\/lyceens-au-cinema-a-st-jean-de-bournay-les-eleves-de-bac-pro-sapat-du-lycee-vallon-bonnevaux-apprennent-a-lire-le-monde-a-travers-les-films-dauteur\/#breadcrumb"},"inLanguage":"fr-FR","potentialAction":[{"@type":"ReadAction","target":["https:\/\/www.vallon-bonnevaux.fr\/vbmag\/lyceens-au-cinema-a-st-jean-de-bournay-les-eleves-de-bac-pro-sapat-du-lycee-vallon-bonnevaux-apprennent-a-lire-le-monde-a-travers-les-films-dauteur\/"]}]},{"@type":"BreadcrumbList","@id":"https:\/\/www.vallon-bonnevaux.fr\/vbmag\/lyceens-au-cinema-a-st-jean-de-bournay-les-eleves-de-bac-pro-sapat-du-lycee-vallon-bonnevaux-apprennent-a-lire-le-monde-a-travers-les-films-dauteur\/#breadcrumb","itemListElement":[{"@type":"ListItem","position":1,"name":"Accueil","item":"https:\/\/www.vallon-bonnevaux.fr\/vbmag\/"},{"@type":"ListItem","position":2,"name":"Lyc\u00e9ens au cin\u00e9ma : A St Jean de Bournay, les \u00e9l\u00e8ves de BAC PRO SAPAT du lyc\u00e9e Vallon Bonnevaux apprennent \u00e0 lire le monde \u00e0 travers les films d\u2019auteur"}]},{"@type":"WebSite","@id":"https:\/\/www.vallon-bonnevaux.fr\/vbmag\/#website","url":"https:\/\/www.vallon-bonnevaux.fr\/vbmag\/","name":"VBmag","description":"","publisher":{"@id":"https:\/\/www.vallon-bonnevaux.fr\/vbmag\/#organization"},"potentialAction":[{"@type":"SearchAction","target":{"@type":"EntryPoint","urlTemplate":"https:\/\/www.vallon-bonnevaux.fr\/vbmag\/?s={search_term_string}"},"query-input":"required name=search_term_string"}],"inLanguage":"fr-FR"},{"@type":"Organization","@id":"https:\/\/www.vallon-bonnevaux.fr\/vbmag\/#organization","name":"VBmag","url":"https:\/\/www.vallon-bonnevaux.fr\/vbmag\/","logo":{"@type":"ImageObject","inLanguage":"fr-FR","@id":"https:\/\/www.vallon-bonnevaux.fr\/vbmag\/#\/schema\/logo\/image\/","url":"https:\/\/www.vallon-bonnevaux.fr\/vbmag\/wp-content\/uploads\/2023\/02\/Bonnevaux-logo-VBmag.png","contentUrl":"https:\/\/www.vallon-bonnevaux.fr\/vbmag\/wp-content\/uploads\/2023\/02\/Bonnevaux-logo-VBmag.png","width":314,"height":143,"caption":"VBmag"},"image":{"@id":"https:\/\/www.vallon-bonnevaux.fr\/vbmag\/#\/schema\/logo\/image\/"},"sameAs":["https:\/\/www.facebook.com\/lyceevallonbonnevaux","https:\/\/www.instagram.com\/lycee_vallon_bonnevaux\/","https:\/\/www.linkedin.com\/company\/leap-le-vallon-les-bonnevaux\/?originalSubdomain=fr"]},{"@type":"Person","@id":"https:\/\/www.vallon-bonnevaux.fr\/vbmag\/#\/schema\/person\/78d4bedf135508e9d2b8d343575fdd31","name":"VBCommunication","image":{"@type":"ImageObject","inLanguage":"fr-FR","@id":"https:\/\/www.vallon-bonnevaux.fr\/vbmag\/#\/schema\/person\/image\/","url":"https:\/\/secure.gravatar.com\/avatar\/58fa64ce54dbedb7c6633693d600c884a245b0f97746903170fa62aae026cedc?s=96&d=mm&r=g","contentUrl":"https:\/\/secure.gravatar.com\/avatar\/58fa64ce54dbedb7c6633693d600c884a245b0f97746903170fa62aae026cedc?s=96&d=mm&r=g","caption":"VBCommunication"},"url":"https:\/\/www.vallon-bonnevaux.fr\/vbmag\/author\/vbcommunication\/"}]}},"_links":{"self":[{"href":"https:\/\/www.vallon-bonnevaux.fr\/vbmag\/wp-json\/wp\/v2\/posts\/2958","targetHints":{"allow":["GET"]}}],"collection":[{"href":"https:\/\/www.vallon-bonnevaux.fr\/vbmag\/wp-json\/wp\/v2\/posts"}],"about":[{"href":"https:\/\/www.vallon-bonnevaux.fr\/vbmag\/wp-json\/wp\/v2\/types\/post"}],"author":[{"embeddable":true,"href":"https:\/\/www.vallon-bonnevaux.fr\/vbmag\/wp-json\/wp\/v2\/users\/2"}],"replies":[{"embeddable":true,"href":"https:\/\/www.vallon-bonnevaux.fr\/vbmag\/wp-json\/wp\/v2\/comments?post=2958"}],"version-history":[{"count":8,"href":"https:\/\/www.vallon-bonnevaux.fr\/vbmag\/wp-json\/wp\/v2\/posts\/2958\/revisions"}],"predecessor-version":[{"id":2969,"href":"https:\/\/www.vallon-bonnevaux.fr\/vbmag\/wp-json\/wp\/v2\/posts\/2958\/revisions\/2969"}],"wp:featuredmedia":[{"embeddable":true,"href":"https:\/\/www.vallon-bonnevaux.fr\/vbmag\/wp-json\/wp\/v2\/media\/2962"}],"wp:attachment":[{"href":"https:\/\/www.vallon-bonnevaux.fr\/vbmag\/wp-json\/wp\/v2\/media?parent=2958"}],"wp:term":[{"taxonomy":"category","embeddable":true,"href":"https:\/\/www.vallon-bonnevaux.fr\/vbmag\/wp-json\/wp\/v2\/categories?post=2958"},{"taxonomy":"post_tag","embeddable":true,"href":"https:\/\/www.vallon-bonnevaux.fr\/vbmag\/wp-json\/wp\/v2\/tags?post=2958"}],"curies":[{"name":"wp","href":"https:\/\/api.w.org\/{rel}","templated":true}]}}