{"id":2995,"date":"2025-10-15T06:36:06","date_gmt":"2025-10-15T04:36:06","guid":{"rendered":"https:\/\/www.vallon-bonnevaux.fr\/vbmag\/?p=2995"},"modified":"2025-10-15T06:36:06","modified_gmt":"2025-10-15T04:36:06","slug":"%f0%9f%97%b3%ef%b8%8f-education-a-la-citoyennete-au-lycee-vallon-bonnevaux-une-election-organisee-dans-les-regles-de-la-democratie-scolaire","status":"publish","type":"post","link":"https:\/\/www.vallon-bonnevaux.fr\/vbmag\/%f0%9f%97%b3%ef%b8%8f-education-a-la-citoyennete-au-lycee-vallon-bonnevaux-une-election-organisee-dans-les-regles-de-la-democratie-scolaire\/","title":{"rendered":"\ud83d\uddf3\ufe0f \u00c9ducation \u00e0 la citoyennet\u00e9 au lyc\u00e9e Vallon Bonnevaux : une \u00e9lection organis\u00e9e dans les r\u00e8gles de la d\u00e9mocratie scolaire"},"content":{"rendered":"<hr data-start=\"816\" data-end=\"819\" \/>\n<h2 data-start=\"821\" data-end=\"947\"><\/h2>\n<p data-start=\"949\" data-end=\"1429\">Le <strong data-start=\"952\" data-end=\"971\">lundi 6 octobre<\/strong>, les <strong data-start=\"977\" data-end=\"993\">\u00e9l\u00e8ves de 3e<\/strong> du <strong data-start=\"997\" data-end=\"1023\">lyc\u00e9e Vallon Bonnevaux<\/strong> ont particip\u00e9 \u00e0 l\u2019<strong data-start=\"1042\" data-end=\"1082\">\u00e9lection de leurs d\u00e9l\u00e9gu\u00e9s de classe<\/strong>, un moment structurant dans leur parcours de formation \u00e0 la <strong data-start=\"1143\" data-end=\"1158\">citoyennet\u00e9<\/strong>. Organis\u00e9e dans des conditions proches d\u2019un v\u00e9ritable scrutin, cette action p\u00e9dagogique s\u2019inscrit dans les axes du <strong data-start=\"1274\" data-end=\"1300\">projet d\u2019\u00e9tablissement<\/strong> : <strong data-start=\"1303\" data-end=\"1333\">responsabiliser les \u00e9l\u00e8ves<\/strong>, les <strong data-start=\"1339\" data-end=\"1373\">impliquer dans la vie scolaire<\/strong> et leur transmettre les <strong data-start=\"1398\" data-end=\"1428\">principes de la d\u00e9mocratie<\/strong>.<\/p>\n<hr data-start=\"1431\" data-end=\"1434\" \/>\n<h3 data-start=\"1436\" data-end=\"1496\">Comprendre le r\u00f4le de d\u00e9l\u00e9gu\u00e9 : un apprentissage citoyen<\/h3>\n<p data-start=\"1498\" data-end=\"1790\">Une <strong data-start=\"1502\" data-end=\"1528\">heure de vie de classe<\/strong> a permis aux \u00e9l\u00e8ves d\u2019\u00e9changer sur les <strong data-start=\"1568\" data-end=\"1591\">missions du d\u00e9l\u00e9gu\u00e9<\/strong>, son r\u00f4le de relais entre \u00e9l\u00e8ves, enseignants et \u00e9quipe \u00e9ducative, et les qualit\u00e9s n\u00e9cessaires \u00e0 cette fonction. Les anciens d\u00e9l\u00e9gu\u00e9s ont partag\u00e9 leurs exp\u00e9riences, donnant du sens \u00e0 cet engagement.<\/p>\n<p data-start=\"1792\" data-end=\"1938\">Quatre bin\u00f4mes candidats ont pr\u00e9sent\u00e9 leur <strong data-start=\"1835\" data-end=\"1856\">profession de foi<\/strong>, exposant clairement leurs id\u00e9es et projets pour l\u2019ann\u00e9e.<br data-start=\"1914\" data-end=\"1917\" \/>Les bin\u00f4mes en lice :<\/p>\n<ul data-start=\"1940\" data-end=\"2089\">\n<li data-start=\"1940\" data-end=\"2003\">\n<p data-start=\"1942\" data-end=\"2003\">Julia et Lou : \u00e0 l\u2019\u00e9coute, attentives aux besoins de chacun<\/p>\n<\/li>\n<li data-start=\"2004\" data-end=\"2089\">\n<p data-start=\"2006\" data-end=\"2089\">Nela et Lana : dynamiques, pr\u00eates \u00e0 proposer des projets pour renforcer la coh\u00e9sion<\/p>\n<\/li>\n<\/ul>\n<p data-start=\"2091\" data-end=\"2202\">Au terme du scrutin, <strong data-start=\"2112\" data-end=\"2121\">Ana\u00ebl<\/strong> (r\u00e9\u00e9lu) et <strong data-start=\"2133\" data-end=\"2142\">Nolan<\/strong> ont \u00e9t\u00e9 \u00e9lus, avec <strong data-start=\"2162\" data-end=\"2170\">Liam<\/strong> et <strong data-start=\"2174\" data-end=\"2184\">Nathan<\/strong> comme suppl\u00e9ants.<\/p>\n<hr data-start=\"2204\" data-end=\"2207\" \/>\n<h3 data-start=\"2209\" data-end=\"2269\">Une \u00e9lection organis\u00e9e selon les principes d\u00e9mocratiques<\/h3>\n<p data-start=\"2271\" data-end=\"2588\">Pour rendre cette <strong data-start=\"2289\" data-end=\"2319\">\u00e9ducation \u00e0 la citoyennet\u00e9<\/strong> concr\u00e8te, les enseignants ont mis en place un <strong data-start=\"2366\" data-end=\"2384\">bureau de vote<\/strong> avec isoloir, urne, bulletins de vote et feuille d\u2019\u00e9margement. Cette organisation a permis d\u2019aborder les notions de <strong data-start=\"2501\" data-end=\"2533\">majorit\u00e9 relative et absolue<\/strong>, ainsi que le respect du <strong data-start=\"2559\" data-end=\"2587\">vote libre et individuel<\/strong>.<\/p>\n<p data-start=\"2590\" data-end=\"2800\">Ce travail de terrain permet d\u2019<strong data-start=\"2621\" data-end=\"2660\">ancrer les valeurs de la R\u00e9publique<\/strong> dans les pratiques scolaires quotidiennes, tout en d\u00e9veloppant chez les \u00e9l\u00e8ves une meilleure compr\u00e9hension des <strong data-start=\"2772\" data-end=\"2799\">processus d\u00e9mocratiques<\/strong>.<\/p>\n<hr data-start=\"2802\" data-end=\"2805\" \/>\n<h3 data-start=\"2807\" data-end=\"2867\">Une action en lien direct avec le projet d\u2019\u00e9tablissement<\/h3>\n<p data-start=\"2869\" data-end=\"2981\">Cette d\u00e9marche p\u00e9dagogique s\u2019appuie sur plusieurs axes du <strong data-start=\"2927\" data-end=\"2979\">projet d\u2019\u00e9tablissement du lyc\u00e9e Vallon Bonnevaux<\/strong> :<\/p>\n<ul data-start=\"2983\" data-end=\"3201\">\n<li data-start=\"2983\" data-end=\"3045\">\n<p data-start=\"2985\" data-end=\"3045\">Valoriser l\u2019<strong data-start=\"2997\" data-end=\"3043\">engagement des \u00e9l\u00e8ves dans la vie scolaire<\/strong><\/p>\n<\/li>\n<li data-start=\"3046\" data-end=\"3130\">\n<p data-start=\"3048\" data-end=\"3130\">D\u00e9velopper l\u2019<strong data-start=\"3061\" data-end=\"3128\">autonomie, l\u2019esprit d\u2019initiative et le sens des responsabilit\u00e9s<\/strong><\/p>\n<\/li>\n<li data-start=\"3131\" data-end=\"3201\">\n<p data-start=\"3133\" data-end=\"3201\">Favoriser une <strong data-start=\"3147\" data-end=\"3201\">\u00e9ducation \u00e0 la citoyennet\u00e9 active et participative<\/strong><\/p>\n<\/li>\n<\/ul>\n<p data-start=\"3203\" data-end=\"3416\">Elle participe \u00e9galement \u00e0 la <strong data-start=\"3233\" data-end=\"3285\">construction de comp\u00e9tences sociales et civiques<\/strong> inscrites dans le <strong data-start=\"3304\" data-end=\"3320\">socle commun<\/strong>, tout en pr\u00e9parant les \u00e9l\u00e8ves \u00e0 s\u2019impliquer dans leur environnement, \u00e0 l\u2019\u00e9cole comme en dehors.<\/p>\n<hr data-start=\"3418\" data-end=\"3421\" \/>\n<h2 data-start=\"3423\" data-end=\"3440\">\ud83d\udccc En r\u00e9sum\u00e9 :<\/h2>\n<ul data-start=\"3441\" data-end=\"3785\">\n<li data-start=\"3441\" data-end=\"3522\">\n<p data-start=\"3443\" data-end=\"3522\">\u00c9lection des d\u00e9l\u00e9gu\u00e9s de 3e dans des conditions proches d\u2019un scrutin officiel<\/p>\n<\/li>\n<li data-start=\"3523\" data-end=\"3573\">\n<p data-start=\"3525\" data-end=\"3573\">Action p\u00e9dagogique int\u00e9gr\u00e9e \u00e0 la vie de classe<\/p>\n<\/li>\n<li data-start=\"3574\" data-end=\"3629\">\n<p data-start=\"3576\" data-end=\"3629\">Transmission des r\u00e8gles d\u00e9mocratiques et citoyennes<\/p>\n<\/li>\n<li data-start=\"3630\" data-end=\"3682\">\n<p data-start=\"3632\" data-end=\"3682\">Mise en \u0153uvre concr\u00e8te du projet d\u2019\u00e9tablissement<\/p>\n<\/li>\n<li data-start=\"3683\" data-end=\"3785\">\n<p data-start=\"3685\" data-end=\"3785\">D\u00e9veloppement de comp\u00e9tences transversales : expression orale, \u00e9coute, argumentation, responsabilit\u00e9<\/p>\n<\/li>\n<\/ul>\n","protected":false},"excerpt":{"rendered":"<p>Le lundi 6 octobre, les \u00e9l\u00e8ves de 3e du lyc\u00e9e Vallon Bonnevaux ont particip\u00e9 \u00e0 l\u2019\u00e9lection de leurs d\u00e9l\u00e9gu\u00e9s de classe, un moment structurant dans leur<span class=\"excerpt-hellip\"> [\u2026]<\/span><\/p>\n","protected":false},"author":2,"featured_media":0,"comment_status":"open","ping_status":"open","sticky":false,"template":"","format":"standard","meta":{"_mi_skip_tracking":false,"_monsterinsights_sitenote_active":false,"_monsterinsights_sitenote_note":"","_monsterinsights_sitenote_category":0,"footnotes":""},"categories":[7],"tags":[],"class_list":["post-2995","post","type-post","status-publish","format-standard","hentry","category-evenement-seminaire"],"yoast_head":"<!-- This site is optimized with the Yoast SEO plugin v20.8 - https:\/\/yoast.com\/wordpress\/plugins\/seo\/ -->\n<title>\ud83d\uddf3\ufe0f \u00c9ducation \u00e0 la citoyennet\u00e9 au lyc\u00e9e Vallon Bonnevaux : une \u00e9lection organis\u00e9e dans les r\u00e8gles de la d\u00e9mocratie scolaire - VB Mag<\/title>\n<meta name=\"robots\" content=\"index, follow, max-snippet:-1, max-image-preview:large, max-video-preview:-1\" \/>\n<link rel=\"canonical\" href=\"https:\/\/www.vallon-bonnevaux.fr\/vbmag\/\ud83d\uddf3\ufe0f-education-a-la-citoyennete-au-lycee-vallon-bonnevaux-une-election-organisee-dans-les-regles-de-la-democratie-scolaire\/\" \/>\n<meta property=\"og:locale\" content=\"fr_FR\" \/>\n<meta property=\"og:type\" content=\"article\" \/>\n<meta property=\"og:title\" content=\"\ud83d\uddf3\ufe0f \u00c9ducation \u00e0 la citoyennet\u00e9 au lyc\u00e9e Vallon Bonnevaux : une \u00e9lection organis\u00e9e dans les r\u00e8gles de la d\u00e9mocratie scolaire - VB Mag\" \/>\n<meta property=\"og:description\" content=\"Le lundi 6 octobre, les \u00e9l\u00e8ves de 3e du lyc\u00e9e Vallon Bonnevaux ont particip\u00e9 \u00e0 l\u2019\u00e9lection de leurs d\u00e9l\u00e9gu\u00e9s de classe, un moment structurant dans leur [\u2026]\" \/>\n<meta property=\"og:url\" content=\"https:\/\/www.vallon-bonnevaux.fr\/vbmag\/\ud83d\uddf3\ufe0f-education-a-la-citoyennete-au-lycee-vallon-bonnevaux-une-election-organisee-dans-les-regles-de-la-democratie-scolaire\/\" \/>\n<meta property=\"og:site_name\" content=\"VB Mag\" \/>\n<meta property=\"article:publisher\" content=\"https:\/\/www.facebook.com\/lyceevallonbonnevaux\" \/>\n<meta property=\"article:published_time\" content=\"2025-10-15T04:36:06+00:00\" \/>\n<meta name=\"author\" content=\"VBCommunication\" \/>\n<meta name=\"twitter:card\" content=\"summary_large_image\" \/>\n<meta name=\"twitter:label1\" content=\"\u00c9crit par\" \/>\n\t<meta name=\"twitter:data1\" content=\"VBCommunication\" \/>\n\t<meta name=\"twitter:label2\" content=\"Dur\u00e9e de lecture estim\u00e9e\" \/>\n\t<meta name=\"twitter:data2\" content=\"3 minutes\" \/>\n<script type=\"application\/ld+json\" class=\"yoast-schema-graph\">{\"@context\":\"https:\/\/schema.org\",\"@graph\":[{\"@type\":\"Article\",\"@id\":\"https:\/\/www.vallon-bonnevaux.fr\/vbmag\/%f0%9f%97%b3%ef%b8%8f-education-a-la-citoyennete-au-lycee-vallon-bonnevaux-une-election-organisee-dans-les-regles-de-la-democratie-scolaire\/#article\",\"isPartOf\":{\"@id\":\"https:\/\/www.vallon-bonnevaux.fr\/vbmag\/%f0%9f%97%b3%ef%b8%8f-education-a-la-citoyennete-au-lycee-vallon-bonnevaux-une-election-organisee-dans-les-regles-de-la-democratie-scolaire\/\"},\"author\":{\"name\":\"VBCommunication\",\"@id\":\"https:\/\/www.vallon-bonnevaux.fr\/vbmag\/#\/schema\/person\/78d4bedf135508e9d2b8d343575fdd31\"},\"headline\":\"\ud83d\uddf3\ufe0f \u00c9ducation \u00e0 la citoyennet\u00e9 au lyc\u00e9e Vallon Bonnevaux : une \u00e9lection organis\u00e9e dans les r\u00e8gles de la d\u00e9mocratie scolaire\",\"datePublished\":\"2025-10-15T04:36:06+00:00\",\"dateModified\":\"2025-10-15T04:36:06+00:00\",\"mainEntityOfPage\":{\"@id\":\"https:\/\/www.vallon-bonnevaux.fr\/vbmag\/%f0%9f%97%b3%ef%b8%8f-education-a-la-citoyennete-au-lycee-vallon-bonnevaux-une-election-organisee-dans-les-regles-de-la-democratie-scolaire\/\"},\"wordCount\":481,\"commentCount\":0,\"publisher\":{\"@id\":\"https:\/\/www.vallon-bonnevaux.fr\/vbmag\/#organization\"},\"articleSection\":[\"\u00c9v\u00e9nement\"],\"inLanguage\":\"fr-FR\",\"potentialAction\":[{\"@type\":\"CommentAction\",\"name\":\"Comment\",\"target\":[\"https:\/\/www.vallon-bonnevaux.fr\/vbmag\/%f0%9f%97%b3%ef%b8%8f-education-a-la-citoyennete-au-lycee-vallon-bonnevaux-une-election-organisee-dans-les-regles-de-la-democratie-scolaire\/#respond\"]}]},{\"@type\":\"WebPage\",\"@id\":\"https:\/\/www.vallon-bonnevaux.fr\/vbmag\/%f0%9f%97%b3%ef%b8%8f-education-a-la-citoyennete-au-lycee-vallon-bonnevaux-une-election-organisee-dans-les-regles-de-la-democratie-scolaire\/\",\"url\":\"https:\/\/www.vallon-bonnevaux.fr\/vbmag\/%f0%9f%97%b3%ef%b8%8f-education-a-la-citoyennete-au-lycee-vallon-bonnevaux-une-election-organisee-dans-les-regles-de-la-democratie-scolaire\/\",\"name\":\"\ud83d\uddf3\ufe0f \u00c9ducation \u00e0 la citoyennet\u00e9 au lyc\u00e9e Vallon Bonnevaux : une \u00e9lection organis\u00e9e dans les r\u00e8gles de la d\u00e9mocratie scolaire - VB Mag\",\"isPartOf\":{\"@id\":\"https:\/\/www.vallon-bonnevaux.fr\/vbmag\/#website\"},\"datePublished\":\"2025-10-15T04:36:06+00:00\",\"dateModified\":\"2025-10-15T04:36:06+00:00\",\"breadcrumb\":{\"@id\":\"https:\/\/www.vallon-bonnevaux.fr\/vbmag\/%f0%9f%97%b3%ef%b8%8f-education-a-la-citoyennete-au-lycee-vallon-bonnevaux-une-election-organisee-dans-les-regles-de-la-democratie-scolaire\/#breadcrumb\"},\"inLanguage\":\"fr-FR\",\"potentialAction\":[{\"@type\":\"ReadAction\",\"target\":[\"https:\/\/www.vallon-bonnevaux.fr\/vbmag\/%f0%9f%97%b3%ef%b8%8f-education-a-la-citoyennete-au-lycee-vallon-bonnevaux-une-election-organisee-dans-les-regles-de-la-democratie-scolaire\/\"]}]},{\"@type\":\"BreadcrumbList\",\"@id\":\"https:\/\/www.vallon-bonnevaux.fr\/vbmag\/%f0%9f%97%b3%ef%b8%8f-education-a-la-citoyennete-au-lycee-vallon-bonnevaux-une-election-organisee-dans-les-regles-de-la-democratie-scolaire\/#breadcrumb\",\"itemListElement\":[{\"@type\":\"ListItem\",\"position\":1,\"name\":\"Accueil\",\"item\":\"https:\/\/www.vallon-bonnevaux.fr\/vbmag\/\"},{\"@type\":\"ListItem\",\"position\":2,\"name\":\"\ud83d\uddf3\ufe0f \u00c9ducation \u00e0 la citoyennet\u00e9 au lyc\u00e9e Vallon Bonnevaux : une \u00e9lection organis\u00e9e dans les r\u00e8gles de la d\u00e9mocratie scolaire\"}]},{\"@type\":\"WebSite\",\"@id\":\"https:\/\/www.vallon-bonnevaux.fr\/vbmag\/#website\",\"url\":\"https:\/\/www.vallon-bonnevaux.fr\/vbmag\/\",\"name\":\"VBmag\",\"description\":\"\",\"publisher\":{\"@id\":\"https:\/\/www.vallon-bonnevaux.fr\/vbmag\/#organization\"},\"potentialAction\":[{\"@type\":\"SearchAction\",\"target\":{\"@type\":\"EntryPoint\",\"urlTemplate\":\"https:\/\/www.vallon-bonnevaux.fr\/vbmag\/?s={search_term_string}\"},\"query-input\":\"required name=search_term_string\"}],\"inLanguage\":\"fr-FR\"},{\"@type\":\"Organization\",\"@id\":\"https:\/\/www.vallon-bonnevaux.fr\/vbmag\/#organization\",\"name\":\"VBmag\",\"url\":\"https:\/\/www.vallon-bonnevaux.fr\/vbmag\/\",\"logo\":{\"@type\":\"ImageObject\",\"inLanguage\":\"fr-FR\",\"@id\":\"https:\/\/www.vallon-bonnevaux.fr\/vbmag\/#\/schema\/logo\/image\/\",\"url\":\"https:\/\/www.vallon-bonnevaux.fr\/vbmag\/wp-content\/uploads\/2023\/02\/Bonnevaux-logo-VBmag.png\",\"contentUrl\":\"https:\/\/www.vallon-bonnevaux.fr\/vbmag\/wp-content\/uploads\/2023\/02\/Bonnevaux-logo-VBmag.png\",\"width\":314,\"height\":143,\"caption\":\"VBmag\"},\"image\":{\"@id\":\"https:\/\/www.vallon-bonnevaux.fr\/vbmag\/#\/schema\/logo\/image\/\"},\"sameAs\":[\"https:\/\/www.facebook.com\/lyceevallonbonnevaux\",\"https:\/\/www.instagram.com\/lycee_vallon_bonnevaux\/\",\"https:\/\/www.linkedin.com\/company\/leap-le-vallon-les-bonnevaux\/?originalSubdomain=fr\"]},{\"@type\":\"Person\",\"@id\":\"https:\/\/www.vallon-bonnevaux.fr\/vbmag\/#\/schema\/person\/78d4bedf135508e9d2b8d343575fdd31\",\"name\":\"VBCommunication\",\"image\":{\"@type\":\"ImageObject\",\"inLanguage\":\"fr-FR\",\"@id\":\"https:\/\/www.vallon-bonnevaux.fr\/vbmag\/#\/schema\/person\/image\/\",\"url\":\"https:\/\/secure.gravatar.com\/avatar\/58fa64ce54dbedb7c6633693d600c884a245b0f97746903170fa62aae026cedc?s=96&d=mm&r=g\",\"contentUrl\":\"https:\/\/secure.gravatar.com\/avatar\/58fa64ce54dbedb7c6633693d600c884a245b0f97746903170fa62aae026cedc?s=96&d=mm&r=g\",\"caption\":\"VBCommunication\"},\"url\":\"https:\/\/www.vallon-bonnevaux.fr\/vbmag\/author\/vbcommunication\/\"}]}<\/script>\n<!-- \/ Yoast SEO plugin. -->","yoast_head_json":{"title":"\ud83d\uddf3\ufe0f \u00c9ducation \u00e0 la citoyennet\u00e9 au lyc\u00e9e Vallon Bonnevaux : une \u00e9lection organis\u00e9e dans les r\u00e8gles de la d\u00e9mocratie scolaire - VB Mag","robots":{"index":"index","follow":"follow","max-snippet":"max-snippet:-1","max-image-preview":"max-image-preview:large","max-video-preview":"max-video-preview:-1"},"canonical":"https:\/\/www.vallon-bonnevaux.fr\/vbmag\/\ud83d\uddf3\ufe0f-education-a-la-citoyennete-au-lycee-vallon-bonnevaux-une-election-organisee-dans-les-regles-de-la-democratie-scolaire\/","og_locale":"fr_FR","og_type":"article","og_title":"\ud83d\uddf3\ufe0f \u00c9ducation \u00e0 la citoyennet\u00e9 au lyc\u00e9e Vallon Bonnevaux : une \u00e9lection organis\u00e9e dans les r\u00e8gles de la d\u00e9mocratie scolaire - VB Mag","og_description":"Le lundi 6 octobre, les \u00e9l\u00e8ves de 3e du lyc\u00e9e Vallon Bonnevaux ont particip\u00e9 \u00e0 l\u2019\u00e9lection de leurs d\u00e9l\u00e9gu\u00e9s de classe, un moment structurant dans leur [\u2026]","og_url":"https:\/\/www.vallon-bonnevaux.fr\/vbmag\/\ud83d\uddf3\ufe0f-education-a-la-citoyennete-au-lycee-vallon-bonnevaux-une-election-organisee-dans-les-regles-de-la-democratie-scolaire\/","og_site_name":"VB Mag","article_publisher":"https:\/\/www.facebook.com\/lyceevallonbonnevaux","article_published_time":"2025-10-15T04:36:06+00:00","author":"VBCommunication","twitter_card":"summary_large_image","twitter_misc":{"\u00c9crit par":"VBCommunication","Dur\u00e9e de lecture estim\u00e9e":"3 minutes"},"schema":{"@context":"https:\/\/schema.org","@graph":[{"@type":"Article","@id":"https:\/\/www.vallon-bonnevaux.fr\/vbmag\/%f0%9f%97%b3%ef%b8%8f-education-a-la-citoyennete-au-lycee-vallon-bonnevaux-une-election-organisee-dans-les-regles-de-la-democratie-scolaire\/#article","isPartOf":{"@id":"https:\/\/www.vallon-bonnevaux.fr\/vbmag\/%f0%9f%97%b3%ef%b8%8f-education-a-la-citoyennete-au-lycee-vallon-bonnevaux-une-election-organisee-dans-les-regles-de-la-democratie-scolaire\/"},"author":{"name":"VBCommunication","@id":"https:\/\/www.vallon-bonnevaux.fr\/vbmag\/#\/schema\/person\/78d4bedf135508e9d2b8d343575fdd31"},"headline":"\ud83d\uddf3\ufe0f \u00c9ducation \u00e0 la citoyennet\u00e9 au lyc\u00e9e Vallon Bonnevaux : une \u00e9lection organis\u00e9e dans les r\u00e8gles de la d\u00e9mocratie scolaire","datePublished":"2025-10-15T04:36:06+00:00","dateModified":"2025-10-15T04:36:06+00:00","mainEntityOfPage":{"@id":"https:\/\/www.vallon-bonnevaux.fr\/vbmag\/%f0%9f%97%b3%ef%b8%8f-education-a-la-citoyennete-au-lycee-vallon-bonnevaux-une-election-organisee-dans-les-regles-de-la-democratie-scolaire\/"},"wordCount":481,"commentCount":0,"publisher":{"@id":"https:\/\/www.vallon-bonnevaux.fr\/vbmag\/#organization"},"articleSection":["\u00c9v\u00e9nement"],"inLanguage":"fr-FR","potentialAction":[{"@type":"CommentAction","name":"Comment","target":["https:\/\/www.vallon-bonnevaux.fr\/vbmag\/%f0%9f%97%b3%ef%b8%8f-education-a-la-citoyennete-au-lycee-vallon-bonnevaux-une-election-organisee-dans-les-regles-de-la-democratie-scolaire\/#respond"]}]},{"@type":"WebPage","@id":"https:\/\/www.vallon-bonnevaux.fr\/vbmag\/%f0%9f%97%b3%ef%b8%8f-education-a-la-citoyennete-au-lycee-vallon-bonnevaux-une-election-organisee-dans-les-regles-de-la-democratie-scolaire\/","url":"https:\/\/www.vallon-bonnevaux.fr\/vbmag\/%f0%9f%97%b3%ef%b8%8f-education-a-la-citoyennete-au-lycee-vallon-bonnevaux-une-election-organisee-dans-les-regles-de-la-democratie-scolaire\/","name":"\ud83d\uddf3\ufe0f \u00c9ducation \u00e0 la citoyennet\u00e9 au lyc\u00e9e Vallon Bonnevaux : une \u00e9lection organis\u00e9e dans les r\u00e8gles de la d\u00e9mocratie scolaire - VB Mag","isPartOf":{"@id":"https:\/\/www.vallon-bonnevaux.fr\/vbmag\/#website"},"datePublished":"2025-10-15T04:36:06+00:00","dateModified":"2025-10-15T04:36:06+00:00","breadcrumb":{"@id":"https:\/\/www.vallon-bonnevaux.fr\/vbmag\/%f0%9f%97%b3%ef%b8%8f-education-a-la-citoyennete-au-lycee-vallon-bonnevaux-une-election-organisee-dans-les-regles-de-la-democratie-scolaire\/#breadcrumb"},"inLanguage":"fr-FR","potentialAction":[{"@type":"ReadAction","target":["https:\/\/www.vallon-bonnevaux.fr\/vbmag\/%f0%9f%97%b3%ef%b8%8f-education-a-la-citoyennete-au-lycee-vallon-bonnevaux-une-election-organisee-dans-les-regles-de-la-democratie-scolaire\/"]}]},{"@type":"BreadcrumbList","@id":"https:\/\/www.vallon-bonnevaux.fr\/vbmag\/%f0%9f%97%b3%ef%b8%8f-education-a-la-citoyennete-au-lycee-vallon-bonnevaux-une-election-organisee-dans-les-regles-de-la-democratie-scolaire\/#breadcrumb","itemListElement":[{"@type":"ListItem","position":1,"name":"Accueil","item":"https:\/\/www.vallon-bonnevaux.fr\/vbmag\/"},{"@type":"ListItem","position":2,"name":"\ud83d\uddf3\ufe0f \u00c9ducation \u00e0 la citoyennet\u00e9 au lyc\u00e9e Vallon Bonnevaux : une \u00e9lection organis\u00e9e dans les r\u00e8gles de la d\u00e9mocratie scolaire"}]},{"@type":"WebSite","@id":"https:\/\/www.vallon-bonnevaux.fr\/vbmag\/#website","url":"https:\/\/www.vallon-bonnevaux.fr\/vbmag\/","name":"VBmag","description":"","publisher":{"@id":"https:\/\/www.vallon-bonnevaux.fr\/vbmag\/#organization"},"potentialAction":[{"@type":"SearchAction","target":{"@type":"EntryPoint","urlTemplate":"https:\/\/www.vallon-bonnevaux.fr\/vbmag\/?s={search_term_string}"},"query-input":"required name=search_term_string"}],"inLanguage":"fr-FR"},{"@type":"Organization","@id":"https:\/\/www.vallon-bonnevaux.fr\/vbmag\/#organization","name":"VBmag","url":"https:\/\/www.vallon-bonnevaux.fr\/vbmag\/","logo":{"@type":"ImageObject","inLanguage":"fr-FR","@id":"https:\/\/www.vallon-bonnevaux.fr\/vbmag\/#\/schema\/logo\/image\/","url":"https:\/\/www.vallon-bonnevaux.fr\/vbmag\/wp-content\/uploads\/2023\/02\/Bonnevaux-logo-VBmag.png","contentUrl":"https:\/\/www.vallon-bonnevaux.fr\/vbmag\/wp-content\/uploads\/2023\/02\/Bonnevaux-logo-VBmag.png","width":314,"height":143,"caption":"VBmag"},"image":{"@id":"https:\/\/www.vallon-bonnevaux.fr\/vbmag\/#\/schema\/logo\/image\/"},"sameAs":["https:\/\/www.facebook.com\/lyceevallonbonnevaux","https:\/\/www.instagram.com\/lycee_vallon_bonnevaux\/","https:\/\/www.linkedin.com\/company\/leap-le-vallon-les-bonnevaux\/?originalSubdomain=fr"]},{"@type":"Person","@id":"https:\/\/www.vallon-bonnevaux.fr\/vbmag\/#\/schema\/person\/78d4bedf135508e9d2b8d343575fdd31","name":"VBCommunication","image":{"@type":"ImageObject","inLanguage":"fr-FR","@id":"https:\/\/www.vallon-bonnevaux.fr\/vbmag\/#\/schema\/person\/image\/","url":"https:\/\/secure.gravatar.com\/avatar\/58fa64ce54dbedb7c6633693d600c884a245b0f97746903170fa62aae026cedc?s=96&d=mm&r=g","contentUrl":"https:\/\/secure.gravatar.com\/avatar\/58fa64ce54dbedb7c6633693d600c884a245b0f97746903170fa62aae026cedc?s=96&d=mm&r=g","caption":"VBCommunication"},"url":"https:\/\/www.vallon-bonnevaux.fr\/vbmag\/author\/vbcommunication\/"}]}},"_links":{"self":[{"href":"https:\/\/www.vallon-bonnevaux.fr\/vbmag\/wp-json\/wp\/v2\/posts\/2995","targetHints":{"allow":["GET"]}}],"collection":[{"href":"https:\/\/www.vallon-bonnevaux.fr\/vbmag\/wp-json\/wp\/v2\/posts"}],"about":[{"href":"https:\/\/www.vallon-bonnevaux.fr\/vbmag\/wp-json\/wp\/v2\/types\/post"}],"author":[{"embeddable":true,"href":"https:\/\/www.vallon-bonnevaux.fr\/vbmag\/wp-json\/wp\/v2\/users\/2"}],"replies":[{"embeddable":true,"href":"https:\/\/www.vallon-bonnevaux.fr\/vbmag\/wp-json\/wp\/v2\/comments?post=2995"}],"version-history":[{"count":1,"href":"https:\/\/www.vallon-bonnevaux.fr\/vbmag\/wp-json\/wp\/v2\/posts\/2995\/revisions"}],"predecessor-version":[{"id":2996,"href":"https:\/\/www.vallon-bonnevaux.fr\/vbmag\/wp-json\/wp\/v2\/posts\/2995\/revisions\/2996"}],"wp:attachment":[{"href":"https:\/\/www.vallon-bonnevaux.fr\/vbmag\/wp-json\/wp\/v2\/media?parent=2995"}],"wp:term":[{"taxonomy":"category","embeddable":true,"href":"https:\/\/www.vallon-bonnevaux.fr\/vbmag\/wp-json\/wp\/v2\/categories?post=2995"},{"taxonomy":"post_tag","embeddable":true,"href":"https:\/\/www.vallon-bonnevaux.fr\/vbmag\/wp-json\/wp\/v2\/tags?post=2995"}],"curies":[{"name":"wp","href":"https:\/\/api.w.org\/{rel}","templated":true}]}}