{"id":3162,"date":"2025-11-21T18:46:48","date_gmt":"2025-11-21T17:46:48","guid":{"rendered":"https:\/\/www.vallon-bonnevaux.fr\/vbmag\/?p=3162"},"modified":"2026-04-20T10:37:28","modified_gmt":"2026-04-20T08:37:28","slug":"decryptage-du-handicap-sensoriel-une-rencontre-precieuse-pour-les-terminales-sapat","status":"publish","type":"post","link":"https:\/\/www.vallon-bonnevaux.fr\/vbmag\/decryptage-du-handicap-sensoriel-une-rencontre-precieuse-pour-les-terminales-sapat\/","title":{"rendered":"D\u00e9cryptage du handicap sensoriel : une rencontre enrichissante pour les Terminales SAPAT"},"content":{"rendered":"<p data-start=\"308\" data-end=\"663\"><em data-start=\"370\" data-end=\"663\">Les Terminales SAPAT du lyc\u00e9e Vallon Bonnevaux ont rencontr\u00e9 la cheffe de service Autonomie et une r\u00e9f\u00e9rente m\u00e9dico-sociale du D\u00e9partement de l\u2019Is\u00e8re. Une s\u00e9ance concr\u00e8te pour comprendre le fonctionnement de la MDPH, le r\u00f4le des professionnels et le parcours d\u2019un dossier handicap sensoriel.<\/em><\/p>\n<p><img loading=\"lazy\" decoding=\"async\" class=\"alignnone size-medium wp-image-3163\" src=\"https:\/\/www.vallon-bonnevaux.fr\/vbmag\/wp-content\/uploads\/2025\/11\/SAPAT-HANDICAP-VALLON-BONNEVAUX-ST-JEAN-DE-BOURNAY-300x225.jpg\" alt=\"\" width=\"300\" height=\"225\" srcset=\"https:\/\/www.vallon-bonnevaux.fr\/vbmag\/wp-content\/uploads\/2025\/11\/SAPAT-HANDICAP-VALLON-BONNEVAUX-ST-JEAN-DE-BOURNAY-300x225.jpg 300w, https:\/\/www.vallon-bonnevaux.fr\/vbmag\/wp-content\/uploads\/2025\/11\/SAPAT-HANDICAP-VALLON-BONNEVAUX-ST-JEAN-DE-BOURNAY-1024x768.jpg 1024w, https:\/\/www.vallon-bonnevaux.fr\/vbmag\/wp-content\/uploads\/2025\/11\/SAPAT-HANDICAP-VALLON-BONNEVAUX-ST-JEAN-DE-BOURNAY-768x576.jpg 768w, https:\/\/www.vallon-bonnevaux.fr\/vbmag\/wp-content\/uploads\/2025\/11\/SAPAT-HANDICAP-VALLON-BONNEVAUX-ST-JEAN-DE-BOURNAY-1536x1152.jpg 1536w, https:\/\/www.vallon-bonnevaux.fr\/vbmag\/wp-content\/uploads\/2025\/11\/SAPAT-HANDICAP-VALLON-BONNEVAUX-ST-JEAN-DE-BOURNAY-2048x1536.jpg 2048w, https:\/\/www.vallon-bonnevaux.fr\/vbmag\/wp-content\/uploads\/2025\/11\/SAPAT-HANDICAP-VALLON-BONNEVAUX-ST-JEAN-DE-BOURNAY-195x146.jpg 195w, https:\/\/www.vallon-bonnevaux.fr\/vbmag\/wp-content\/uploads\/2025\/11\/SAPAT-HANDICAP-VALLON-BONNEVAUX-ST-JEAN-DE-BOURNAY-50x38.jpg 50w, https:\/\/www.vallon-bonnevaux.fr\/vbmag\/wp-content\/uploads\/2025\/11\/SAPAT-HANDICAP-VALLON-BONNEVAUX-ST-JEAN-DE-BOURNAY-100x75.jpg 100w, https:\/\/www.vallon-bonnevaux.fr\/vbmag\/wp-content\/uploads\/2025\/11\/SAPAT-HANDICAP-VALLON-BONNEVAUX-ST-JEAN-DE-BOURNAY-960x720.jpg 960w\" sizes=\"auto, (max-width: 300px) 100vw, 300px\" \/><\/p>\n<hr data-start=\"665\" data-end=\"668\" \/>\n<h2 data-start=\"670\" data-end=\"754\"><strong data-start=\"673\" data-end=\"754\">Comprendre concr\u00e8tement l\u2019action publique en faveur des personnes vuln\u00e9rables<\/strong><\/h2>\n<p data-start=\"756\" data-end=\"1117\">Dans le cadre du MP11 d\u00e9di\u00e9 au handicap sensoriel, les \u00e9l\u00e8ves de Terminale SAPAT ont accueilli la cheffe de service Autonomie ainsi qu\u2019une r\u00e9f\u00e9rente m\u00e9dico-sociale du D\u00e9partement de l\u2019Is\u00e8re.<br data-start=\"946\" data-end=\"949\" \/>Cette intervention a offert un regard clair et structur\u00e9 sur l\u2019organisation d\u00e9partementale qui accompagne les personnes \u00e2g\u00e9es et les personnes en situation de handicap.<\/p>\n<p data-start=\"1119\" data-end=\"1325\">Au-del\u00e0 des notions abord\u00e9es en cours, cette rencontre a permis aux \u00e9l\u00e8ves de mieux saisir le fonctionnement des dispositifs, les \u00e9tapes administratives et le travail pluridisciplinaire men\u00e9 sur le terrain.<\/p>\n<hr data-start=\"1327\" data-end=\"1330\" \/>\n<h2 data-start=\"1332\" data-end=\"1403\"><strong data-start=\"1335\" data-end=\"1403\">MDPH, droits, accompagnement : une vision compl\u00e8te et accessible<\/strong><\/h2>\n<p data-start=\"1405\" data-end=\"1515\">Les intervenantes ont pr\u00e9sent\u00e9 les missions essentielles de la <strong data-start=\"1468\" data-end=\"1493\">Maison de l\u2019Autonomie<\/strong> et de la <strong data-start=\"1503\" data-end=\"1511\">MDPH<\/strong> :<\/p>\n<ul data-start=\"1516\" data-end=\"1685\">\n<li data-start=\"1516\" data-end=\"1573\">\n<p data-start=\"1518\" data-end=\"1573\">accueil et orientation des personnes et des familles,<\/p>\n<\/li>\n<li data-start=\"1574\" data-end=\"1601\">\n<p data-start=\"1576\" data-end=\"1601\">\u00e9valuation des besoins,<\/p>\n<\/li>\n<li data-start=\"1602\" data-end=\"1647\">\n<p data-start=\"1604\" data-end=\"1647\">mobilisation des droits (AAP, PCH, AAH\u2026),<\/p>\n<\/li>\n<li data-start=\"1648\" data-end=\"1685\">\n<p data-start=\"1650\" data-end=\"1685\">passage du dossier devant la CDAPH.<\/p>\n<\/li>\n<\/ul>\n<p data-start=\"1687\" data-end=\"1827\">Les \u00e9l\u00e8ves ont ainsi pu comprendre comment se structure un parcours d\u2019accompagnement, depuis la premi\u00e8re demande jusqu\u2019\u00e0 la d\u00e9cision finale.<\/p>\n<hr data-start=\"1829\" data-end=\"1832\" \/>\n<h2 data-start=\"1834\" data-end=\"1907\"><strong data-start=\"1837\" data-end=\"1907\">Le m\u00e9tier de r\u00e9f\u00e9rente m\u00e9dico-sociale : un engagement de proximit\u00e9<\/strong><\/h2>\n<p data-start=\"1909\" data-end=\"1985\">La r\u00e9f\u00e9rente m\u00e9dico-sociale a ensuite d\u00e9taill\u00e9 ses missions quotidiennes :<\/p>\n<ul data-start=\"1986\" data-end=\"2279\">\n<li data-start=\"1986\" data-end=\"2013\">\n<p data-start=\"1988\" data-end=\"2013\"><strong data-start=\"1988\" data-end=\"2010\">visites \u00e0 domicile<\/strong>,<\/p>\n<\/li>\n<li data-start=\"2014\" data-end=\"2079\">\n<p data-start=\"2016\" data-end=\"2079\"><strong data-start=\"2016\" data-end=\"2076\">\u00e9valuations des situations et identification des besoins<\/strong>,<\/p>\n<\/li>\n<li data-start=\"2080\" data-end=\"2117\">\n<p data-start=\"2082\" data-end=\"2117\"><strong data-start=\"2082\" data-end=\"2114\">\u00e9laboration des plans d\u2019aide<\/strong>,<\/p>\n<\/li>\n<li data-start=\"2118\" data-end=\"2174\">\n<p data-start=\"2120\" data-end=\"2174\"><strong data-start=\"2120\" data-end=\"2171\">coordination avec les partenaires du territoire<\/strong>,<\/p>\n<\/li>\n<li data-start=\"2175\" data-end=\"2226\">\n<p data-start=\"2177\" data-end=\"2226\"><strong data-start=\"2177\" data-end=\"2223\">veille sur les situations de vuln\u00e9rabilit\u00e9<\/strong>,<\/p>\n<\/li>\n<li data-start=\"2227\" data-end=\"2279\">\n<p data-start=\"2229\" data-end=\"2279\"><strong data-start=\"2229\" data-end=\"2278\">actions de pr\u00e9vention de la perte d\u2019autonomie<\/strong>.<\/p>\n<\/li>\n<\/ul>\n<p data-start=\"2281\" data-end=\"2434\">Cette pr\u00e9sentation a permis aux \u00e9l\u00e8ves de d\u00e9couvrir un m\u00e9tier \u00e0 forte dimension relationnelle, souvent m\u00e9connu, mais central dans le champ m\u00e9dico-social.<\/p>\n<hr data-start=\"2436\" data-end=\"2439\" \/>\n<h2 data-start=\"2441\" data-end=\"2502\"><strong data-start=\"2444\" data-end=\"2502\">Un cas pratique pour donner du sens aux apprentissages<\/strong><\/h2>\n<p data-start=\"2504\" data-end=\"2798\">\u00c0 partir d\u2019un dossier r\u00e9el anonymis\u00e9, les Terminales SAPAT ont analys\u00e9 les diff\u00e9rentes \u00e9tapes d\u2019accompagnement d\u2019une personne en situation de handicap sensoriel.<br data-start=\"2665\" data-end=\"2668\" \/>Ils ont pu suivre l\u2019ensemble du parcours : demande initiale, \u00e9valuation, d\u00e9cision, mise en place des aides, suivi et coordination.<\/p>\n<p data-start=\"2800\" data-end=\"2976\">Cet exercice a renforc\u00e9 leur compr\u00e9hension des enjeux li\u00e9s au handicap et a illustr\u00e9 concr\u00e8tement les comp\u00e9tences qu\u2019ils mobiliseront demain en stage et dans leur futur m\u00e9tier.<\/p>\n<hr data-start=\"2978\" data-end=\"2981\" \/>\n<h2 data-start=\"2983\" data-end=\"3054\"><strong data-start=\"2986\" data-end=\"3054\">Une rencontre formatrice au service de leur projet professionnel<\/strong><\/h2>\n<p data-start=\"3056\" data-end=\"3144\">Cette intervention constitue un apport essentiel au MP11. Elle permet \u00e0 chaque \u00e9l\u00e8ve :<\/p>\n<ul data-start=\"3145\" data-end=\"3380\">\n<li data-start=\"3145\" data-end=\"3192\">\n<p data-start=\"3147\" data-end=\"3192\">de mieux comprendre les dispositifs locaux,<\/p>\n<\/li>\n<li data-start=\"3193\" data-end=\"3261\">\n<p data-start=\"3195\" data-end=\"3261\">d\u2019appr\u00e9hender les responsabilit\u00e9s des professionnels du secteur,<\/p>\n<\/li>\n<li data-start=\"3262\" data-end=\"3337\">\n<p data-start=\"3264\" data-end=\"3337\">de d\u00e9velopper une vision plus pr\u00e9cise des m\u00e9tiers et de leurs missions,<\/p>\n<\/li>\n<li data-start=\"3338\" data-end=\"3380\">\n<p data-start=\"3340\" data-end=\"3380\">de renforcer sa posture professionnelle.<\/p>\n<\/li>\n<\/ul>\n<hr data-start=\"3382\" data-end=\"3385\" \/>\n<h2 data-start=\"3387\" data-end=\"3434\"><strong data-start=\"3390\" data-end=\"3434\">Un grand merci au D\u00e9partement de l\u2019Is\u00e8re<\/strong><\/h2>\n<p data-start=\"3436\" data-end=\"3620\">Le lyc\u00e9e Vallon Bonnevaux remercie chaleureusement la cheffe de service Autonomie et la r\u00e9f\u00e9rente m\u00e9dico-sociale pour la qualit\u00e9 de leur intervention et le temps consacr\u00e9 \u00e0 nos \u00e9l\u00e8ves.<\/p>\n<p data-start=\"3436\" data-end=\"3620\">Pour en savoir plus : <a href=\"https:\/\/www.vallon-bonnevaux.fr\/formations\/bac-pro-sapat-services-aux-personnes-et-animation-dans-les-territoires\/\">BAC Pro SAPAT Services Aux Personnes et Animation dans les Territoires &#8211; Vallon Bonnevaux<\/a><\/p>\n","protected":false},"excerpt":{"rendered":"<p>Les Terminales SAPAT du lyc\u00e9e Vallon Bonnevaux ont rencontr\u00e9 la cheffe de service Autonomie et une r\u00e9f\u00e9rente m\u00e9dico-sociale du D\u00e9partement de l\u2019Is\u00e8re. Une s\u00e9ance concr\u00e8te pour<span class=\"excerpt-hellip\"> [\u2026]<\/span><\/p>\n","protected":false},"author":2,"featured_media":3163,"comment_status":"open","ping_status":"open","sticky":false,"template":"","format":"standard","meta":{"_mi_skip_tracking":false,"_monsterinsights_sitenote_active":false,"_monsterinsights_sitenote_note":"","_monsterinsights_sitenote_category":0,"footnotes":""},"categories":[2,3],"tags":[],"class_list":["post-3162","post","type-post","status-publish","format-standard","has-post-thumbnail","hentry","category-actualites-infos","category-formation-pedagogie"],"yoast_head":"<!-- This site is optimized with the Yoast SEO plugin v20.8 - https:\/\/yoast.com\/wordpress\/plugins\/seo\/ -->\n<title>D\u00e9cryptage du handicap sensoriel : une rencontre enrichissante pour les Terminales SAPAT - VB Mag<\/title>\n<meta name=\"robots\" content=\"index, follow, max-snippet:-1, max-image-preview:large, max-video-preview:-1\" \/>\n<link rel=\"canonical\" href=\"https:\/\/www.vallon-bonnevaux.fr\/vbmag\/decryptage-du-handicap-sensoriel-une-rencontre-precieuse-pour-les-terminales-sapat\/\" \/>\n<meta property=\"og:locale\" content=\"fr_FR\" \/>\n<meta property=\"og:type\" content=\"article\" \/>\n<meta property=\"og:title\" content=\"D\u00e9cryptage du handicap sensoriel : une rencontre enrichissante pour les Terminales SAPAT - VB Mag\" \/>\n<meta property=\"og:description\" content=\"Les Terminales SAPAT du lyc\u00e9e Vallon Bonnevaux ont rencontr\u00e9 la cheffe de service Autonomie et une r\u00e9f\u00e9rente m\u00e9dico-sociale du D\u00e9partement de l\u2019Is\u00e8re. Une s\u00e9ance concr\u00e8te pour [\u2026]\" \/>\n<meta property=\"og:url\" content=\"https:\/\/www.vallon-bonnevaux.fr\/vbmag\/decryptage-du-handicap-sensoriel-une-rencontre-precieuse-pour-les-terminales-sapat\/\" \/>\n<meta property=\"og:site_name\" content=\"VB Mag\" \/>\n<meta property=\"article:publisher\" content=\"https:\/\/www.facebook.com\/lyceevallonbonnevaux\" \/>\n<meta property=\"article:published_time\" content=\"2025-11-21T17:46:48+00:00\" \/>\n<meta property=\"article:modified_time\" content=\"2026-04-20T08:37:28+00:00\" \/>\n<meta property=\"og:image\" content=\"https:\/\/www.vallon-bonnevaux.fr\/vbmag\/wp-content\/uploads\/2025\/11\/SAPAT-HANDICAP-VALLON-BONNEVAUX-ST-JEAN-DE-BOURNAY-scaled.jpg\" \/>\n\t<meta property=\"og:image:width\" content=\"2560\" \/>\n\t<meta property=\"og:image:height\" content=\"1920\" \/>\n\t<meta property=\"og:image:type\" content=\"image\/jpeg\" \/>\n<meta name=\"author\" content=\"VBCommunication\" \/>\n<meta name=\"twitter:card\" content=\"summary_large_image\" \/>\n<meta name=\"twitter:label1\" content=\"\u00c9crit par\" \/>\n\t<meta name=\"twitter:data1\" content=\"VBCommunication\" \/>\n\t<meta name=\"twitter:label2\" content=\"Dur\u00e9e de lecture estim\u00e9e\" \/>\n\t<meta name=\"twitter:data2\" content=\"3 minutes\" \/>\n<script type=\"application\/ld+json\" class=\"yoast-schema-graph\">{\"@context\":\"https:\/\/schema.org\",\"@graph\":[{\"@type\":\"Article\",\"@id\":\"https:\/\/www.vallon-bonnevaux.fr\/vbmag\/decryptage-du-handicap-sensoriel-une-rencontre-precieuse-pour-les-terminales-sapat\/#article\",\"isPartOf\":{\"@id\":\"https:\/\/www.vallon-bonnevaux.fr\/vbmag\/decryptage-du-handicap-sensoriel-une-rencontre-precieuse-pour-les-terminales-sapat\/\"},\"author\":{\"name\":\"VBCommunication\",\"@id\":\"https:\/\/www.vallon-bonnevaux.fr\/vbmag\/#\/schema\/person\/78d4bedf135508e9d2b8d343575fdd31\"},\"headline\":\"D\u00e9cryptage du handicap sensoriel : une rencontre enrichissante pour les Terminales SAPAT\",\"datePublished\":\"2025-11-21T17:46:48+00:00\",\"dateModified\":\"2026-04-20T08:37:28+00:00\",\"mainEntityOfPage\":{\"@id\":\"https:\/\/www.vallon-bonnevaux.fr\/vbmag\/decryptage-du-handicap-sensoriel-une-rencontre-precieuse-pour-les-terminales-sapat\/\"},\"wordCount\":545,\"commentCount\":0,\"publisher\":{\"@id\":\"https:\/\/www.vallon-bonnevaux.fr\/vbmag\/#organization\"},\"articleSection\":[\"Actualit\u00e9s &amp; infos\",\"Formation &amp; P\u00e9dagogie\"],\"inLanguage\":\"fr-FR\",\"potentialAction\":[{\"@type\":\"CommentAction\",\"name\":\"Comment\",\"target\":[\"https:\/\/www.vallon-bonnevaux.fr\/vbmag\/decryptage-du-handicap-sensoriel-une-rencontre-precieuse-pour-les-terminales-sapat\/#respond\"]}]},{\"@type\":\"WebPage\",\"@id\":\"https:\/\/www.vallon-bonnevaux.fr\/vbmag\/decryptage-du-handicap-sensoriel-une-rencontre-precieuse-pour-les-terminales-sapat\/\",\"url\":\"https:\/\/www.vallon-bonnevaux.fr\/vbmag\/decryptage-du-handicap-sensoriel-une-rencontre-precieuse-pour-les-terminales-sapat\/\",\"name\":\"D\u00e9cryptage du handicap sensoriel : une rencontre enrichissante pour les Terminales SAPAT - VB Mag\",\"isPartOf\":{\"@id\":\"https:\/\/www.vallon-bonnevaux.fr\/vbmag\/#website\"},\"datePublished\":\"2025-11-21T17:46:48+00:00\",\"dateModified\":\"2026-04-20T08:37:28+00:00\",\"breadcrumb\":{\"@id\":\"https:\/\/www.vallon-bonnevaux.fr\/vbmag\/decryptage-du-handicap-sensoriel-une-rencontre-precieuse-pour-les-terminales-sapat\/#breadcrumb\"},\"inLanguage\":\"fr-FR\",\"potentialAction\":[{\"@type\":\"ReadAction\",\"target\":[\"https:\/\/www.vallon-bonnevaux.fr\/vbmag\/decryptage-du-handicap-sensoriel-une-rencontre-precieuse-pour-les-terminales-sapat\/\"]}]},{\"@type\":\"BreadcrumbList\",\"@id\":\"https:\/\/www.vallon-bonnevaux.fr\/vbmag\/decryptage-du-handicap-sensoriel-une-rencontre-precieuse-pour-les-terminales-sapat\/#breadcrumb\",\"itemListElement\":[{\"@type\":\"ListItem\",\"position\":1,\"name\":\"Accueil\",\"item\":\"https:\/\/www.vallon-bonnevaux.fr\/vbmag\/\"},{\"@type\":\"ListItem\",\"position\":2,\"name\":\"D\u00e9cryptage du handicap sensoriel : une rencontre enrichissante pour les Terminales SAPAT\"}]},{\"@type\":\"WebSite\",\"@id\":\"https:\/\/www.vallon-bonnevaux.fr\/vbmag\/#website\",\"url\":\"https:\/\/www.vallon-bonnevaux.fr\/vbmag\/\",\"name\":\"VBmag\",\"description\":\"\",\"publisher\":{\"@id\":\"https:\/\/www.vallon-bonnevaux.fr\/vbmag\/#organization\"},\"potentialAction\":[{\"@type\":\"SearchAction\",\"target\":{\"@type\":\"EntryPoint\",\"urlTemplate\":\"https:\/\/www.vallon-bonnevaux.fr\/vbmag\/?s={search_term_string}\"},\"query-input\":\"required name=search_term_string\"}],\"inLanguage\":\"fr-FR\"},{\"@type\":\"Organization\",\"@id\":\"https:\/\/www.vallon-bonnevaux.fr\/vbmag\/#organization\",\"name\":\"VBmag\",\"url\":\"https:\/\/www.vallon-bonnevaux.fr\/vbmag\/\",\"logo\":{\"@type\":\"ImageObject\",\"inLanguage\":\"fr-FR\",\"@id\":\"https:\/\/www.vallon-bonnevaux.fr\/vbmag\/#\/schema\/logo\/image\/\",\"url\":\"https:\/\/www.vallon-bonnevaux.fr\/vbmag\/wp-content\/uploads\/2023\/02\/Bonnevaux-logo-VBmag.png\",\"contentUrl\":\"https:\/\/www.vallon-bonnevaux.fr\/vbmag\/wp-content\/uploads\/2023\/02\/Bonnevaux-logo-VBmag.png\",\"width\":314,\"height\":143,\"caption\":\"VBmag\"},\"image\":{\"@id\":\"https:\/\/www.vallon-bonnevaux.fr\/vbmag\/#\/schema\/logo\/image\/\"},\"sameAs\":[\"https:\/\/www.facebook.com\/lyceevallonbonnevaux\",\"https:\/\/www.instagram.com\/lycee_vallon_bonnevaux\/\",\"https:\/\/www.linkedin.com\/company\/leap-le-vallon-les-bonnevaux\/?originalSubdomain=fr\"]},{\"@type\":\"Person\",\"@id\":\"https:\/\/www.vallon-bonnevaux.fr\/vbmag\/#\/schema\/person\/78d4bedf135508e9d2b8d343575fdd31\",\"name\":\"VBCommunication\",\"image\":{\"@type\":\"ImageObject\",\"inLanguage\":\"fr-FR\",\"@id\":\"https:\/\/www.vallon-bonnevaux.fr\/vbmag\/#\/schema\/person\/image\/\",\"url\":\"https:\/\/secure.gravatar.com\/avatar\/58fa64ce54dbedb7c6633693d600c884a245b0f97746903170fa62aae026cedc?s=96&d=mm&r=g\",\"contentUrl\":\"https:\/\/secure.gravatar.com\/avatar\/58fa64ce54dbedb7c6633693d600c884a245b0f97746903170fa62aae026cedc?s=96&d=mm&r=g\",\"caption\":\"VBCommunication\"},\"url\":\"https:\/\/www.vallon-bonnevaux.fr\/vbmag\/author\/vbcommunication\/\"}]}<\/script>\n<!-- \/ Yoast SEO plugin. -->","yoast_head_json":{"title":"D\u00e9cryptage du handicap sensoriel : une rencontre enrichissante pour les Terminales SAPAT - VB Mag","robots":{"index":"index","follow":"follow","max-snippet":"max-snippet:-1","max-image-preview":"max-image-preview:large","max-video-preview":"max-video-preview:-1"},"canonical":"https:\/\/www.vallon-bonnevaux.fr\/vbmag\/decryptage-du-handicap-sensoriel-une-rencontre-precieuse-pour-les-terminales-sapat\/","og_locale":"fr_FR","og_type":"article","og_title":"D\u00e9cryptage du handicap sensoriel : une rencontre enrichissante pour les Terminales SAPAT - VB Mag","og_description":"Les Terminales SAPAT du lyc\u00e9e Vallon Bonnevaux ont rencontr\u00e9 la cheffe de service Autonomie et une r\u00e9f\u00e9rente m\u00e9dico-sociale du D\u00e9partement de l\u2019Is\u00e8re. Une s\u00e9ance concr\u00e8te pour [\u2026]","og_url":"https:\/\/www.vallon-bonnevaux.fr\/vbmag\/decryptage-du-handicap-sensoriel-une-rencontre-precieuse-pour-les-terminales-sapat\/","og_site_name":"VB Mag","article_publisher":"https:\/\/www.facebook.com\/lyceevallonbonnevaux","article_published_time":"2025-11-21T17:46:48+00:00","article_modified_time":"2026-04-20T08:37:28+00:00","og_image":[{"width":2560,"height":1920,"url":"https:\/\/www.vallon-bonnevaux.fr\/vbmag\/wp-content\/uploads\/2025\/11\/SAPAT-HANDICAP-VALLON-BONNEVAUX-ST-JEAN-DE-BOURNAY-scaled.jpg","type":"image\/jpeg"}],"author":"VBCommunication","twitter_card":"summary_large_image","twitter_misc":{"\u00c9crit par":"VBCommunication","Dur\u00e9e de lecture estim\u00e9e":"3 minutes"},"schema":{"@context":"https:\/\/schema.org","@graph":[{"@type":"Article","@id":"https:\/\/www.vallon-bonnevaux.fr\/vbmag\/decryptage-du-handicap-sensoriel-une-rencontre-precieuse-pour-les-terminales-sapat\/#article","isPartOf":{"@id":"https:\/\/www.vallon-bonnevaux.fr\/vbmag\/decryptage-du-handicap-sensoriel-une-rencontre-precieuse-pour-les-terminales-sapat\/"},"author":{"name":"VBCommunication","@id":"https:\/\/www.vallon-bonnevaux.fr\/vbmag\/#\/schema\/person\/78d4bedf135508e9d2b8d343575fdd31"},"headline":"D\u00e9cryptage du handicap sensoriel : une rencontre enrichissante pour les Terminales SAPAT","datePublished":"2025-11-21T17:46:48+00:00","dateModified":"2026-04-20T08:37:28+00:00","mainEntityOfPage":{"@id":"https:\/\/www.vallon-bonnevaux.fr\/vbmag\/decryptage-du-handicap-sensoriel-une-rencontre-precieuse-pour-les-terminales-sapat\/"},"wordCount":545,"commentCount":0,"publisher":{"@id":"https:\/\/www.vallon-bonnevaux.fr\/vbmag\/#organization"},"articleSection":["Actualit\u00e9s &amp; infos","Formation &amp; P\u00e9dagogie"],"inLanguage":"fr-FR","potentialAction":[{"@type":"CommentAction","name":"Comment","target":["https:\/\/www.vallon-bonnevaux.fr\/vbmag\/decryptage-du-handicap-sensoriel-une-rencontre-precieuse-pour-les-terminales-sapat\/#respond"]}]},{"@type":"WebPage","@id":"https:\/\/www.vallon-bonnevaux.fr\/vbmag\/decryptage-du-handicap-sensoriel-une-rencontre-precieuse-pour-les-terminales-sapat\/","url":"https:\/\/www.vallon-bonnevaux.fr\/vbmag\/decryptage-du-handicap-sensoriel-une-rencontre-precieuse-pour-les-terminales-sapat\/","name":"D\u00e9cryptage du handicap sensoriel : une rencontre enrichissante pour les Terminales SAPAT - VB Mag","isPartOf":{"@id":"https:\/\/www.vallon-bonnevaux.fr\/vbmag\/#website"},"datePublished":"2025-11-21T17:46:48+00:00","dateModified":"2026-04-20T08:37:28+00:00","breadcrumb":{"@id":"https:\/\/www.vallon-bonnevaux.fr\/vbmag\/decryptage-du-handicap-sensoriel-une-rencontre-precieuse-pour-les-terminales-sapat\/#breadcrumb"},"inLanguage":"fr-FR","potentialAction":[{"@type":"ReadAction","target":["https:\/\/www.vallon-bonnevaux.fr\/vbmag\/decryptage-du-handicap-sensoriel-une-rencontre-precieuse-pour-les-terminales-sapat\/"]}]},{"@type":"BreadcrumbList","@id":"https:\/\/www.vallon-bonnevaux.fr\/vbmag\/decryptage-du-handicap-sensoriel-une-rencontre-precieuse-pour-les-terminales-sapat\/#breadcrumb","itemListElement":[{"@type":"ListItem","position":1,"name":"Accueil","item":"https:\/\/www.vallon-bonnevaux.fr\/vbmag\/"},{"@type":"ListItem","position":2,"name":"D\u00e9cryptage du handicap sensoriel : une rencontre enrichissante pour les Terminales SAPAT"}]},{"@type":"WebSite","@id":"https:\/\/www.vallon-bonnevaux.fr\/vbmag\/#website","url":"https:\/\/www.vallon-bonnevaux.fr\/vbmag\/","name":"VBmag","description":"","publisher":{"@id":"https:\/\/www.vallon-bonnevaux.fr\/vbmag\/#organization"},"potentialAction":[{"@type":"SearchAction","target":{"@type":"EntryPoint","urlTemplate":"https:\/\/www.vallon-bonnevaux.fr\/vbmag\/?s={search_term_string}"},"query-input":"required name=search_term_string"}],"inLanguage":"fr-FR"},{"@type":"Organization","@id":"https:\/\/www.vallon-bonnevaux.fr\/vbmag\/#organization","name":"VBmag","url":"https:\/\/www.vallon-bonnevaux.fr\/vbmag\/","logo":{"@type":"ImageObject","inLanguage":"fr-FR","@id":"https:\/\/www.vallon-bonnevaux.fr\/vbmag\/#\/schema\/logo\/image\/","url":"https:\/\/www.vallon-bonnevaux.fr\/vbmag\/wp-content\/uploads\/2023\/02\/Bonnevaux-logo-VBmag.png","contentUrl":"https:\/\/www.vallon-bonnevaux.fr\/vbmag\/wp-content\/uploads\/2023\/02\/Bonnevaux-logo-VBmag.png","width":314,"height":143,"caption":"VBmag"},"image":{"@id":"https:\/\/www.vallon-bonnevaux.fr\/vbmag\/#\/schema\/logo\/image\/"},"sameAs":["https:\/\/www.facebook.com\/lyceevallonbonnevaux","https:\/\/www.instagram.com\/lycee_vallon_bonnevaux\/","https:\/\/www.linkedin.com\/company\/leap-le-vallon-les-bonnevaux\/?originalSubdomain=fr"]},{"@type":"Person","@id":"https:\/\/www.vallon-bonnevaux.fr\/vbmag\/#\/schema\/person\/78d4bedf135508e9d2b8d343575fdd31","name":"VBCommunication","image":{"@type":"ImageObject","inLanguage":"fr-FR","@id":"https:\/\/www.vallon-bonnevaux.fr\/vbmag\/#\/schema\/person\/image\/","url":"https:\/\/secure.gravatar.com\/avatar\/58fa64ce54dbedb7c6633693d600c884a245b0f97746903170fa62aae026cedc?s=96&d=mm&r=g","contentUrl":"https:\/\/secure.gravatar.com\/avatar\/58fa64ce54dbedb7c6633693d600c884a245b0f97746903170fa62aae026cedc?s=96&d=mm&r=g","caption":"VBCommunication"},"url":"https:\/\/www.vallon-bonnevaux.fr\/vbmag\/author\/vbcommunication\/"}]}},"_links":{"self":[{"href":"https:\/\/www.vallon-bonnevaux.fr\/vbmag\/wp-json\/wp\/v2\/posts\/3162","targetHints":{"allow":["GET"]}}],"collection":[{"href":"https:\/\/www.vallon-bonnevaux.fr\/vbmag\/wp-json\/wp\/v2\/posts"}],"about":[{"href":"https:\/\/www.vallon-bonnevaux.fr\/vbmag\/wp-json\/wp\/v2\/types\/post"}],"author":[{"embeddable":true,"href":"https:\/\/www.vallon-bonnevaux.fr\/vbmag\/wp-json\/wp\/v2\/users\/2"}],"replies":[{"embeddable":true,"href":"https:\/\/www.vallon-bonnevaux.fr\/vbmag\/wp-json\/wp\/v2\/comments?post=3162"}],"version-history":[{"count":5,"href":"https:\/\/www.vallon-bonnevaux.fr\/vbmag\/wp-json\/wp\/v2\/posts\/3162\/revisions"}],"predecessor-version":[{"id":3168,"href":"https:\/\/www.vallon-bonnevaux.fr\/vbmag\/wp-json\/wp\/v2\/posts\/3162\/revisions\/3168"}],"wp:featuredmedia":[{"embeddable":true,"href":"https:\/\/www.vallon-bonnevaux.fr\/vbmag\/wp-json\/wp\/v2\/media\/3163"}],"wp:attachment":[{"href":"https:\/\/www.vallon-bonnevaux.fr\/vbmag\/wp-json\/wp\/v2\/media?parent=3162"}],"wp:term":[{"taxonomy":"category","embeddable":true,"href":"https:\/\/www.vallon-bonnevaux.fr\/vbmag\/wp-json\/wp\/v2\/categories?post=3162"},{"taxonomy":"post_tag","embeddable":true,"href":"https:\/\/www.vallon-bonnevaux.fr\/vbmag\/wp-json\/wp\/v2\/tags?post=3162"}],"curies":[{"name":"wp","href":"https:\/\/api.w.org\/{rel}","templated":true}]}}