{"id":3234,"date":"2025-12-12T18:33:42","date_gmt":"2025-12-12T17:33:42","guid":{"rendered":"https:\/\/www.vallon-bonnevaux.fr\/vbmag\/?p=3234"},"modified":"2026-04-20T10:25:36","modified_gmt":"2026-04-20T08:25:36","slug":"quand-la-gendarmerie-sinvite-en-classe-preparer-son-avenir-des-la-4%e1%b5%89-a-vallon-bonnevaux","status":"publish","type":"post","link":"https:\/\/www.vallon-bonnevaux.fr\/vbmag\/quand-la-gendarmerie-sinvite-en-classe-preparer-son-avenir-des-la-4%e1%b5%89-a-vallon-bonnevaux\/","title":{"rendered":"Quand la gendarmerie s\u2019invite en classe : pr\u00e9parer son avenir d\u00e8s la 4\u1d49 \u00e0 Vallon Bonnevaux"},"content":{"rendered":"<h3 data-start=\"0\" data-end=\"94\"><img loading=\"lazy\" decoding=\"async\" class=\"alignnone size-medium wp-image-3235\" style=\"font-size: 14px;\" src=\"https:\/\/www.vallon-bonnevaux.fr\/vbmag\/wp-content\/uploads\/2025\/12\/4EME-ORIENTATION-GENDARMERIE-VALLON-BONNEVAUX-ST-JEAN-DE-BOURNAY-300x138.jpg\" alt=\"\" width=\"300\" height=\"138\" srcset=\"https:\/\/www.vallon-bonnevaux.fr\/vbmag\/wp-content\/uploads\/2025\/12\/4EME-ORIENTATION-GENDARMERIE-VALLON-BONNEVAUX-ST-JEAN-DE-BOURNAY-300x138.jpg 300w, https:\/\/www.vallon-bonnevaux.fr\/vbmag\/wp-content\/uploads\/2025\/12\/4EME-ORIENTATION-GENDARMERIE-VALLON-BONNEVAUX-ST-JEAN-DE-BOURNAY-768x354.jpg 768w, https:\/\/www.vallon-bonnevaux.fr\/vbmag\/wp-content\/uploads\/2025\/12\/4EME-ORIENTATION-GENDARMERIE-VALLON-BONNEVAUX-ST-JEAN-DE-BOURNAY-260x120.jpg 260w, https:\/\/www.vallon-bonnevaux.fr\/vbmag\/wp-content\/uploads\/2025\/12\/4EME-ORIENTATION-GENDARMERIE-VALLON-BONNEVAUX-ST-JEAN-DE-BOURNAY-50x23.jpg 50w, https:\/\/www.vallon-bonnevaux.fr\/vbmag\/wp-content\/uploads\/2025\/12\/4EME-ORIENTATION-GENDARMERIE-VALLON-BONNEVAUX-ST-JEAN-DE-BOURNAY-150x69.jpg 150w, https:\/\/www.vallon-bonnevaux.fr\/vbmag\/wp-content\/uploads\/2025\/12\/4EME-ORIENTATION-GENDARMERIE-VALLON-BONNEVAUX-ST-JEAN-DE-BOURNAY.jpg 960w\" sizes=\"auto, (max-width: 300px) 100vw, 300px\" \/><\/h3>\n<p>Au lyc\u00e9e Vallon Bonnevaux, les \u00e9l\u00e8ves de 4\u1d49 d\u00e9couvrent les m\u00e9tiers d\u00e8s le coll\u00e8ge. L\u2019intervention de la Gendarmerie nationale illustre une p\u00e9dagogie concr\u00e8te qui donne du sens \u00e0 la scolarit\u00e9 et aide les jeunes \u00e0 construire leur avenir professionnel.<\/p>\n<p data-start=\"96\" data-end=\"355\">L\u2019orientation ne se r\u00e9sume pas \u00e0 des choix th\u00e9oriques ou \u00e0 des formulaires en fin d\u2019ann\u00e9e. Elle se construit progressivement, d\u00e8s la classe de 4\u1d49, au contact du r\u00e9el, des professionnels et des m\u00e9tiers qui font vivre les territoires.<\/p>\n<p data-start=\"357\" data-end=\"630\">C\u2019est dans cet esprit qu\u2019une intervention de la <strong data-start=\"405\" data-end=\"430\">Gendarmerie nationale<\/strong> a \u00e9t\u00e9 propos\u00e9e aux \u00e9l\u00e8ves. Une rencontre concr\u00e8te, structurante, qui illustre pleinement la philosophie de l\u2019\u00e9tablissement : <strong data-start=\"556\" data-end=\"629\">donner du sens aux apprentissages et aider chaque jeune \u00e0 se projeter<\/strong>.<\/p>\n<hr data-start=\"632\" data-end=\"635\" \/>\n<h3 data-start=\"637\" data-end=\"708\">D\u00e9couvrir un m\u00e9tier, comprendre un parcours, r\u00e9fl\u00e9chir \u00e0 son projet<\/h3>\n<p data-start=\"710\" data-end=\"921\">Lors de cette intervention, l\u2019adjudante <strong data-start=\"750\" data-end=\"764\">Prenveille<\/strong>, membre de la cellule recrutement de la gendarmerie pour le secteur Nord-Is\u00e8re, est venue pr\u00e9senter aux \u00e9l\u00e8ves les multiples facettes du m\u00e9tier de gendarme.<\/p>\n<p data-start=\"923\" data-end=\"972\">Au-del\u00e0 de l\u2019uniforme, les \u00e9l\u00e8ves ont d\u00e9couvert :<\/p>\n<ul data-start=\"973\" data-end=\"1380\">\n<li data-start=\"973\" data-end=\"1027\">\n<p data-start=\"975\" data-end=\"1027\">la diversit\u00e9 des <strong data-start=\"992\" data-end=\"1004\">missions<\/strong> exerc\u00e9es au quotidien,<\/p>\n<\/li>\n<li data-start=\"1028\" data-end=\"1067\">\n<p data-start=\"1030\" data-end=\"1067\">les <strong data-start=\"1034\" data-end=\"1056\">conditions d\u2019acc\u00e8s<\/strong> au m\u00e9tier,<\/p>\n<\/li>\n<li data-start=\"1068\" data-end=\"1169\">\n<p data-start=\"1070\" data-end=\"1169\">les <strong data-start=\"1074\" data-end=\"1109\">parcours de formation possibles<\/strong>, dont le Bac Pro M\u00e9tiers de la S\u00e9curit\u00e9 \u00e0 Bourgoin-Jallieu,<\/p>\n<\/li>\n<li data-start=\"1170\" data-end=\"1217\">\n<p data-start=\"1172\" data-end=\"1217\">les <strong data-start=\"1176\" data-end=\"1202\">\u00e9volutions de carri\u00e8re<\/strong> envisageables,<\/p>\n<\/li>\n<li data-start=\"1218\" data-end=\"1380\">\n<p data-start=\"1220\" data-end=\"1380\">et les <strong data-start=\"1227\" data-end=\"1252\">valeurs fondamentales<\/strong> qui structurent cet engagement professionnel : discipline, sens du collectif, responsabilit\u00e9, engagement au service des autres.<\/p>\n<\/li>\n<\/ul>\n<p data-start=\"1382\" data-end=\"1607\">Les \u00e9changes ont \u00e9t\u00e9 nourris et spontan\u00e9s. Les \u00e9l\u00e8ves ont pos\u00e9 de nombreuses questions sur la r\u00e9alit\u00e9 du terrain, le rythme de vie, les contraintes mais aussi les motivations qui poussent \u00e0 s\u2019engager dans ce type de carri\u00e8re.<\/p>\n<hr data-start=\"1609\" data-end=\"1612\" \/>\n<h3 data-start=\"1614\" data-end=\"1692\">La 4\u1d49 \u00e0 Vallon Bonnevaux : un temps cl\u00e9 pour donner du sens \u00e0 la scolarit\u00e9<\/h3>\n<p data-start=\"1694\" data-end=\"2026\">Cette intervention illustre parfaitement ce qui fait la sp\u00e9cificit\u00e9 des classes de <strong data-start=\"1777\" data-end=\"1835\">4\u1d49 et 3\u1d49 de l\u2019enseignement agricole \u00e0 Vallon Bonnevaux<\/strong>. Ici, la scolarit\u00e9 ne se limite pas \u00e0 l\u2019acquisition de connaissances scolaires : elle est pens\u00e9e comme un <strong data-start=\"1942\" data-end=\"2025\">temps d\u2019exploration, de construction personnelle et de projection vers l\u2019avenir<\/strong>.<\/p>\n<p data-start=\"2028\" data-end=\"2063\">D\u00e8s la 4\u1d49, les \u00e9l\u00e8ves b\u00e9n\u00e9ficient :<\/p>\n<ul data-start=\"2064\" data-end=\"2272\">\n<li data-start=\"2064\" data-end=\"2119\">\n<p data-start=\"2066\" data-end=\"2119\">de <strong data-start=\"2069\" data-end=\"2118\">rencontres r\u00e9guli\u00e8res avec des professionnels<\/strong>,<\/p>\n<\/li>\n<li data-start=\"2120\" data-end=\"2161\">\n<p data-start=\"2122\" data-end=\"2161\">de <strong data-start=\"2125\" data-end=\"2160\">stages et de mises en situation<\/strong>,<\/p>\n<\/li>\n<li data-start=\"2162\" data-end=\"2197\">\n<p data-start=\"2164\" data-end=\"2197\">de projets p\u00e9dagogiques concrets,<\/p>\n<\/li>\n<li data-start=\"2198\" data-end=\"2272\">\n<p data-start=\"2200\" data-end=\"2272\">d\u2019un <strong data-start=\"2205\" data-end=\"2237\">accompagnement individualis\u00e9<\/strong> pour r\u00e9fl\u00e9chir \u00e0 leur orientation.<\/p>\n<\/li>\n<\/ul>\n<p data-start=\"2274\" data-end=\"2472\">Ces exp\u00e9riences permettent aux jeunes de mieux se conna\u00eetre, d\u2019identifier leurs centres d\u2019int\u00e9r\u00eat et de comprendre les r\u00e9alit\u00e9s du monde professionnel, bien avant les choix d\u2019orientation d\u00e9finitifs.<\/p>\n<hr data-start=\"2474\" data-end=\"2477\" \/>\n<h3 data-start=\"2479\" data-end=\"2545\">Former des jeunes acteurs de leur avenir et de leur territoire<\/h3>\n<p data-start=\"2547\" data-end=\"2817\">En accueillant la gendarmerie en classe, Vallon Bonnevaux affirme \u00e9galement son r\u00f4le d\u2019acteur \u00e9ducatif ancr\u00e9 dans son territoire. Les \u00e9l\u00e8ves d\u00e9couvrent des m\u00e9tiers utiles, porteurs de sens, et prennent conscience des opportunit\u00e9s professionnelles existantes \u00e0 proximit\u00e9.<\/p>\n<p data-start=\"2819\" data-end=\"3026\">Pour certains, cette rencontre a fait na\u00eetre une v\u00e9ritable r\u00e9flexion, voire une vocation. Pour tous, elle a contribu\u00e9 \u00e0 renforcer la motivation scolaire en donnant un <strong data-start=\"2986\" data-end=\"3006\">objectif concret<\/strong> aux apprentissages.<\/p>\n<hr data-start=\"3028\" data-end=\"3031\" \/>\n<h3 data-start=\"3033\" data-end=\"3104\">Choisir Vallon Bonnevaux d\u00e8s la 4\u1d49, un choix qui fait la diff\u00e9rence<\/h3>\n<p data-start=\"3106\" data-end=\"3165\">Venir en 4\u1d49 \u00e0 Vallon Bonnevaux, c\u2019est offrir \u00e0 son enfant :<\/p>\n<ul data-start=\"3166\" data-end=\"3314\">\n<li data-start=\"3166\" data-end=\"3190\">\n<p data-start=\"3168\" data-end=\"3190\">un cadre bienveillant,<\/p>\n<\/li>\n<li data-start=\"3191\" data-end=\"3214\">\n<p data-start=\"3193\" data-end=\"3214\">une p\u00e9dagogie active,<\/p>\n<\/li>\n<li data-start=\"3215\" data-end=\"3238\">\n<p data-start=\"3217\" data-end=\"3238\">des projets concrets,<\/p>\n<\/li>\n<li data-start=\"3239\" data-end=\"3314\">\n<p data-start=\"3241\" data-end=\"3314\">et un accompagnement attentif pour construire progressivement son avenir.<\/p>\n<\/li>\n<\/ul>\n<p data-start=\"3316\" data-end=\"3481\" data-is-last-node=\"\" data-is-only-node=\"\">Parce que <strong data-start=\"3326\" data-end=\"3374\">donner du sens \u00e0 la scolarit\u00e9 d\u00e8s le coll\u00e8ge<\/strong>, c\u2019est permettre \u00e0 chaque jeune de reprendre confiance, de s\u2019engager et de devenir acteur de son parcours.<\/p>\n","protected":false},"excerpt":{"rendered":"<p>Au lyc\u00e9e Vallon Bonnevaux, les \u00e9l\u00e8ves de 4\u1d49 d\u00e9couvrent les m\u00e9tiers d\u00e8s le coll\u00e8ge. L\u2019intervention de la Gendarmerie nationale illustre une p\u00e9dagogie concr\u00e8te qui donne du<span class=\"excerpt-hellip\"> [\u2026]<\/span><\/p>\n","protected":false},"author":2,"featured_media":3235,"comment_status":"open","ping_status":"open","sticky":false,"template":"","format":"standard","meta":{"_mi_skip_tracking":false,"_monsterinsights_sitenote_active":false,"_monsterinsights_sitenote_note":"","_monsterinsights_sitenote_category":0,"footnotes":""},"categories":[2,3],"tags":[],"class_list":["post-3234","post","type-post","status-publish","format-standard","has-post-thumbnail","hentry","category-actualites-infos","category-formation-pedagogie"],"yoast_head":"<!-- This site is optimized with the Yoast SEO plugin v20.8 - https:\/\/yoast.com\/wordpress\/plugins\/seo\/ -->\n<title>Quand la gendarmerie s\u2019invite en classe : pr\u00e9parer son avenir d\u00e8s la 4\u1d49 \u00e0 Vallon Bonnevaux - VB Mag<\/title>\n<meta name=\"robots\" content=\"index, follow, max-snippet:-1, max-image-preview:large, max-video-preview:-1\" \/>\n<link rel=\"canonical\" href=\"https:\/\/www.vallon-bonnevaux.fr\/vbmag\/quand-la-gendarmerie-sinvite-en-classe-preparer-son-avenir-des-la-4\u1d49-a-vallon-bonnevaux\/\" \/>\n<meta property=\"og:locale\" content=\"fr_FR\" \/>\n<meta property=\"og:type\" content=\"article\" \/>\n<meta property=\"og:title\" content=\"Quand la gendarmerie s\u2019invite en classe : pr\u00e9parer son avenir d\u00e8s la 4\u1d49 \u00e0 Vallon Bonnevaux - VB Mag\" \/>\n<meta property=\"og:description\" content=\"Au lyc\u00e9e Vallon Bonnevaux, les \u00e9l\u00e8ves de 4\u1d49 d\u00e9couvrent les m\u00e9tiers d\u00e8s le coll\u00e8ge. L\u2019intervention de la Gendarmerie nationale illustre une p\u00e9dagogie concr\u00e8te qui donne du [\u2026]\" \/>\n<meta property=\"og:url\" content=\"https:\/\/www.vallon-bonnevaux.fr\/vbmag\/quand-la-gendarmerie-sinvite-en-classe-preparer-son-avenir-des-la-4\u1d49-a-vallon-bonnevaux\/\" \/>\n<meta property=\"og:site_name\" content=\"VB Mag\" \/>\n<meta property=\"article:publisher\" content=\"https:\/\/www.facebook.com\/lyceevallonbonnevaux\" \/>\n<meta property=\"article:published_time\" content=\"2025-12-12T17:33:42+00:00\" \/>\n<meta property=\"article:modified_time\" content=\"2026-04-20T08:25:36+00:00\" \/>\n<meta property=\"og:image\" content=\"https:\/\/www.vallon-bonnevaux.fr\/vbmag\/wp-content\/uploads\/2025\/12\/4EME-ORIENTATION-GENDARMERIE-VALLON-BONNEVAUX-ST-JEAN-DE-BOURNAY.jpg\" \/>\n\t<meta property=\"og:image:width\" content=\"960\" \/>\n\t<meta property=\"og:image:height\" content=\"442\" \/>\n\t<meta property=\"og:image:type\" content=\"image\/jpeg\" \/>\n<meta name=\"author\" content=\"VBCommunication\" \/>\n<meta name=\"twitter:card\" content=\"summary_large_image\" \/>\n<meta name=\"twitter:label1\" content=\"\u00c9crit par\" \/>\n\t<meta name=\"twitter:data1\" content=\"VBCommunication\" \/>\n\t<meta name=\"twitter:label2\" content=\"Dur\u00e9e de lecture estim\u00e9e\" \/>\n\t<meta name=\"twitter:data2\" content=\"3 minutes\" \/>\n<script type=\"application\/ld+json\" class=\"yoast-schema-graph\">{\"@context\":\"https:\/\/schema.org\",\"@graph\":[{\"@type\":\"Article\",\"@id\":\"https:\/\/www.vallon-bonnevaux.fr\/vbmag\/quand-la-gendarmerie-sinvite-en-classe-preparer-son-avenir-des-la-4%e1%b5%89-a-vallon-bonnevaux\/#article\",\"isPartOf\":{\"@id\":\"https:\/\/www.vallon-bonnevaux.fr\/vbmag\/quand-la-gendarmerie-sinvite-en-classe-preparer-son-avenir-des-la-4%e1%b5%89-a-vallon-bonnevaux\/\"},\"author\":{\"name\":\"VBCommunication\",\"@id\":\"https:\/\/www.vallon-bonnevaux.fr\/vbmag\/#\/schema\/person\/78d4bedf135508e9d2b8d343575fdd31\"},\"headline\":\"Quand la gendarmerie s\u2019invite en classe : pr\u00e9parer son avenir d\u00e8s la 4\u1d49 \u00e0 Vallon Bonnevaux\",\"datePublished\":\"2025-12-12T17:33:42+00:00\",\"dateModified\":\"2026-04-20T08:25:36+00:00\",\"mainEntityOfPage\":{\"@id\":\"https:\/\/www.vallon-bonnevaux.fr\/vbmag\/quand-la-gendarmerie-sinvite-en-classe-preparer-son-avenir-des-la-4%e1%b5%89-a-vallon-bonnevaux\/\"},\"wordCount\":598,\"commentCount\":0,\"publisher\":{\"@id\":\"https:\/\/www.vallon-bonnevaux.fr\/vbmag\/#organization\"},\"articleSection\":[\"Actualit\u00e9s &amp; infos\",\"Formation &amp; P\u00e9dagogie\"],\"inLanguage\":\"fr-FR\",\"potentialAction\":[{\"@type\":\"CommentAction\",\"name\":\"Comment\",\"target\":[\"https:\/\/www.vallon-bonnevaux.fr\/vbmag\/quand-la-gendarmerie-sinvite-en-classe-preparer-son-avenir-des-la-4%e1%b5%89-a-vallon-bonnevaux\/#respond\"]}]},{\"@type\":\"WebPage\",\"@id\":\"https:\/\/www.vallon-bonnevaux.fr\/vbmag\/quand-la-gendarmerie-sinvite-en-classe-preparer-son-avenir-des-la-4%e1%b5%89-a-vallon-bonnevaux\/\",\"url\":\"https:\/\/www.vallon-bonnevaux.fr\/vbmag\/quand-la-gendarmerie-sinvite-en-classe-preparer-son-avenir-des-la-4%e1%b5%89-a-vallon-bonnevaux\/\",\"name\":\"Quand la gendarmerie s\u2019invite en classe : pr\u00e9parer son avenir d\u00e8s la 4\u1d49 \u00e0 Vallon Bonnevaux - VB Mag\",\"isPartOf\":{\"@id\":\"https:\/\/www.vallon-bonnevaux.fr\/vbmag\/#website\"},\"datePublished\":\"2025-12-12T17:33:42+00:00\",\"dateModified\":\"2026-04-20T08:25:36+00:00\",\"breadcrumb\":{\"@id\":\"https:\/\/www.vallon-bonnevaux.fr\/vbmag\/quand-la-gendarmerie-sinvite-en-classe-preparer-son-avenir-des-la-4%e1%b5%89-a-vallon-bonnevaux\/#breadcrumb\"},\"inLanguage\":\"fr-FR\",\"potentialAction\":[{\"@type\":\"ReadAction\",\"target\":[\"https:\/\/www.vallon-bonnevaux.fr\/vbmag\/quand-la-gendarmerie-sinvite-en-classe-preparer-son-avenir-des-la-4%e1%b5%89-a-vallon-bonnevaux\/\"]}]},{\"@type\":\"BreadcrumbList\",\"@id\":\"https:\/\/www.vallon-bonnevaux.fr\/vbmag\/quand-la-gendarmerie-sinvite-en-classe-preparer-son-avenir-des-la-4%e1%b5%89-a-vallon-bonnevaux\/#breadcrumb\",\"itemListElement\":[{\"@type\":\"ListItem\",\"position\":1,\"name\":\"Accueil\",\"item\":\"https:\/\/www.vallon-bonnevaux.fr\/vbmag\/\"},{\"@type\":\"ListItem\",\"position\":2,\"name\":\"Quand la gendarmerie s\u2019invite en classe : pr\u00e9parer son avenir d\u00e8s la 4\u1d49 \u00e0 Vallon Bonnevaux\"}]},{\"@type\":\"WebSite\",\"@id\":\"https:\/\/www.vallon-bonnevaux.fr\/vbmag\/#website\",\"url\":\"https:\/\/www.vallon-bonnevaux.fr\/vbmag\/\",\"name\":\"VBmag\",\"description\":\"\",\"publisher\":{\"@id\":\"https:\/\/www.vallon-bonnevaux.fr\/vbmag\/#organization\"},\"potentialAction\":[{\"@type\":\"SearchAction\",\"target\":{\"@type\":\"EntryPoint\",\"urlTemplate\":\"https:\/\/www.vallon-bonnevaux.fr\/vbmag\/?s={search_term_string}\"},\"query-input\":\"required name=search_term_string\"}],\"inLanguage\":\"fr-FR\"},{\"@type\":\"Organization\",\"@id\":\"https:\/\/www.vallon-bonnevaux.fr\/vbmag\/#organization\",\"name\":\"VBmag\",\"url\":\"https:\/\/www.vallon-bonnevaux.fr\/vbmag\/\",\"logo\":{\"@type\":\"ImageObject\",\"inLanguage\":\"fr-FR\",\"@id\":\"https:\/\/www.vallon-bonnevaux.fr\/vbmag\/#\/schema\/logo\/image\/\",\"url\":\"https:\/\/www.vallon-bonnevaux.fr\/vbmag\/wp-content\/uploads\/2023\/02\/Bonnevaux-logo-VBmag.png\",\"contentUrl\":\"https:\/\/www.vallon-bonnevaux.fr\/vbmag\/wp-content\/uploads\/2023\/02\/Bonnevaux-logo-VBmag.png\",\"width\":314,\"height\":143,\"caption\":\"VBmag\"},\"image\":{\"@id\":\"https:\/\/www.vallon-bonnevaux.fr\/vbmag\/#\/schema\/logo\/image\/\"},\"sameAs\":[\"https:\/\/www.facebook.com\/lyceevallonbonnevaux\",\"https:\/\/www.instagram.com\/lycee_vallon_bonnevaux\/\",\"https:\/\/www.linkedin.com\/company\/leap-le-vallon-les-bonnevaux\/?originalSubdomain=fr\"]},{\"@type\":\"Person\",\"@id\":\"https:\/\/www.vallon-bonnevaux.fr\/vbmag\/#\/schema\/person\/78d4bedf135508e9d2b8d343575fdd31\",\"name\":\"VBCommunication\",\"image\":{\"@type\":\"ImageObject\",\"inLanguage\":\"fr-FR\",\"@id\":\"https:\/\/www.vallon-bonnevaux.fr\/vbmag\/#\/schema\/person\/image\/\",\"url\":\"https:\/\/secure.gravatar.com\/avatar\/58fa64ce54dbedb7c6633693d600c884a245b0f97746903170fa62aae026cedc?s=96&d=mm&r=g\",\"contentUrl\":\"https:\/\/secure.gravatar.com\/avatar\/58fa64ce54dbedb7c6633693d600c884a245b0f97746903170fa62aae026cedc?s=96&d=mm&r=g\",\"caption\":\"VBCommunication\"},\"url\":\"https:\/\/www.vallon-bonnevaux.fr\/vbmag\/author\/vbcommunication\/\"}]}<\/script>\n<!-- \/ Yoast SEO plugin. -->","yoast_head_json":{"title":"Quand la gendarmerie s\u2019invite en classe : pr\u00e9parer son avenir d\u00e8s la 4\u1d49 \u00e0 Vallon Bonnevaux - VB Mag","robots":{"index":"index","follow":"follow","max-snippet":"max-snippet:-1","max-image-preview":"max-image-preview:large","max-video-preview":"max-video-preview:-1"},"canonical":"https:\/\/www.vallon-bonnevaux.fr\/vbmag\/quand-la-gendarmerie-sinvite-en-classe-preparer-son-avenir-des-la-4\u1d49-a-vallon-bonnevaux\/","og_locale":"fr_FR","og_type":"article","og_title":"Quand la gendarmerie s\u2019invite en classe : pr\u00e9parer son avenir d\u00e8s la 4\u1d49 \u00e0 Vallon Bonnevaux - VB Mag","og_description":"Au lyc\u00e9e Vallon Bonnevaux, les \u00e9l\u00e8ves de 4\u1d49 d\u00e9couvrent les m\u00e9tiers d\u00e8s le coll\u00e8ge. L\u2019intervention de la Gendarmerie nationale illustre une p\u00e9dagogie concr\u00e8te qui donne du [\u2026]","og_url":"https:\/\/www.vallon-bonnevaux.fr\/vbmag\/quand-la-gendarmerie-sinvite-en-classe-preparer-son-avenir-des-la-4\u1d49-a-vallon-bonnevaux\/","og_site_name":"VB Mag","article_publisher":"https:\/\/www.facebook.com\/lyceevallonbonnevaux","article_published_time":"2025-12-12T17:33:42+00:00","article_modified_time":"2026-04-20T08:25:36+00:00","og_image":[{"width":960,"height":442,"url":"https:\/\/www.vallon-bonnevaux.fr\/vbmag\/wp-content\/uploads\/2025\/12\/4EME-ORIENTATION-GENDARMERIE-VALLON-BONNEVAUX-ST-JEAN-DE-BOURNAY.jpg","type":"image\/jpeg"}],"author":"VBCommunication","twitter_card":"summary_large_image","twitter_misc":{"\u00c9crit par":"VBCommunication","Dur\u00e9e de lecture estim\u00e9e":"3 minutes"},"schema":{"@context":"https:\/\/schema.org","@graph":[{"@type":"Article","@id":"https:\/\/www.vallon-bonnevaux.fr\/vbmag\/quand-la-gendarmerie-sinvite-en-classe-preparer-son-avenir-des-la-4%e1%b5%89-a-vallon-bonnevaux\/#article","isPartOf":{"@id":"https:\/\/www.vallon-bonnevaux.fr\/vbmag\/quand-la-gendarmerie-sinvite-en-classe-preparer-son-avenir-des-la-4%e1%b5%89-a-vallon-bonnevaux\/"},"author":{"name":"VBCommunication","@id":"https:\/\/www.vallon-bonnevaux.fr\/vbmag\/#\/schema\/person\/78d4bedf135508e9d2b8d343575fdd31"},"headline":"Quand la gendarmerie s\u2019invite en classe : pr\u00e9parer son avenir d\u00e8s la 4\u1d49 \u00e0 Vallon Bonnevaux","datePublished":"2025-12-12T17:33:42+00:00","dateModified":"2026-04-20T08:25:36+00:00","mainEntityOfPage":{"@id":"https:\/\/www.vallon-bonnevaux.fr\/vbmag\/quand-la-gendarmerie-sinvite-en-classe-preparer-son-avenir-des-la-4%e1%b5%89-a-vallon-bonnevaux\/"},"wordCount":598,"commentCount":0,"publisher":{"@id":"https:\/\/www.vallon-bonnevaux.fr\/vbmag\/#organization"},"articleSection":["Actualit\u00e9s &amp; infos","Formation &amp; P\u00e9dagogie"],"inLanguage":"fr-FR","potentialAction":[{"@type":"CommentAction","name":"Comment","target":["https:\/\/www.vallon-bonnevaux.fr\/vbmag\/quand-la-gendarmerie-sinvite-en-classe-preparer-son-avenir-des-la-4%e1%b5%89-a-vallon-bonnevaux\/#respond"]}]},{"@type":"WebPage","@id":"https:\/\/www.vallon-bonnevaux.fr\/vbmag\/quand-la-gendarmerie-sinvite-en-classe-preparer-son-avenir-des-la-4%e1%b5%89-a-vallon-bonnevaux\/","url":"https:\/\/www.vallon-bonnevaux.fr\/vbmag\/quand-la-gendarmerie-sinvite-en-classe-preparer-son-avenir-des-la-4%e1%b5%89-a-vallon-bonnevaux\/","name":"Quand la gendarmerie s\u2019invite en classe : pr\u00e9parer son avenir d\u00e8s la 4\u1d49 \u00e0 Vallon Bonnevaux - VB Mag","isPartOf":{"@id":"https:\/\/www.vallon-bonnevaux.fr\/vbmag\/#website"},"datePublished":"2025-12-12T17:33:42+00:00","dateModified":"2026-04-20T08:25:36+00:00","breadcrumb":{"@id":"https:\/\/www.vallon-bonnevaux.fr\/vbmag\/quand-la-gendarmerie-sinvite-en-classe-preparer-son-avenir-des-la-4%e1%b5%89-a-vallon-bonnevaux\/#breadcrumb"},"inLanguage":"fr-FR","potentialAction":[{"@type":"ReadAction","target":["https:\/\/www.vallon-bonnevaux.fr\/vbmag\/quand-la-gendarmerie-sinvite-en-classe-preparer-son-avenir-des-la-4%e1%b5%89-a-vallon-bonnevaux\/"]}]},{"@type":"BreadcrumbList","@id":"https:\/\/www.vallon-bonnevaux.fr\/vbmag\/quand-la-gendarmerie-sinvite-en-classe-preparer-son-avenir-des-la-4%e1%b5%89-a-vallon-bonnevaux\/#breadcrumb","itemListElement":[{"@type":"ListItem","position":1,"name":"Accueil","item":"https:\/\/www.vallon-bonnevaux.fr\/vbmag\/"},{"@type":"ListItem","position":2,"name":"Quand la gendarmerie s\u2019invite en classe : pr\u00e9parer son avenir d\u00e8s la 4\u1d49 \u00e0 Vallon Bonnevaux"}]},{"@type":"WebSite","@id":"https:\/\/www.vallon-bonnevaux.fr\/vbmag\/#website","url":"https:\/\/www.vallon-bonnevaux.fr\/vbmag\/","name":"VBmag","description":"","publisher":{"@id":"https:\/\/www.vallon-bonnevaux.fr\/vbmag\/#organization"},"potentialAction":[{"@type":"SearchAction","target":{"@type":"EntryPoint","urlTemplate":"https:\/\/www.vallon-bonnevaux.fr\/vbmag\/?s={search_term_string}"},"query-input":"required name=search_term_string"}],"inLanguage":"fr-FR"},{"@type":"Organization","@id":"https:\/\/www.vallon-bonnevaux.fr\/vbmag\/#organization","name":"VBmag","url":"https:\/\/www.vallon-bonnevaux.fr\/vbmag\/","logo":{"@type":"ImageObject","inLanguage":"fr-FR","@id":"https:\/\/www.vallon-bonnevaux.fr\/vbmag\/#\/schema\/logo\/image\/","url":"https:\/\/www.vallon-bonnevaux.fr\/vbmag\/wp-content\/uploads\/2023\/02\/Bonnevaux-logo-VBmag.png","contentUrl":"https:\/\/www.vallon-bonnevaux.fr\/vbmag\/wp-content\/uploads\/2023\/02\/Bonnevaux-logo-VBmag.png","width":314,"height":143,"caption":"VBmag"},"image":{"@id":"https:\/\/www.vallon-bonnevaux.fr\/vbmag\/#\/schema\/logo\/image\/"},"sameAs":["https:\/\/www.facebook.com\/lyceevallonbonnevaux","https:\/\/www.instagram.com\/lycee_vallon_bonnevaux\/","https:\/\/www.linkedin.com\/company\/leap-le-vallon-les-bonnevaux\/?originalSubdomain=fr"]},{"@type":"Person","@id":"https:\/\/www.vallon-bonnevaux.fr\/vbmag\/#\/schema\/person\/78d4bedf135508e9d2b8d343575fdd31","name":"VBCommunication","image":{"@type":"ImageObject","inLanguage":"fr-FR","@id":"https:\/\/www.vallon-bonnevaux.fr\/vbmag\/#\/schema\/person\/image\/","url":"https:\/\/secure.gravatar.com\/avatar\/58fa64ce54dbedb7c6633693d600c884a245b0f97746903170fa62aae026cedc?s=96&d=mm&r=g","contentUrl":"https:\/\/secure.gravatar.com\/avatar\/58fa64ce54dbedb7c6633693d600c884a245b0f97746903170fa62aae026cedc?s=96&d=mm&r=g","caption":"VBCommunication"},"url":"https:\/\/www.vallon-bonnevaux.fr\/vbmag\/author\/vbcommunication\/"}]}},"_links":{"self":[{"href":"https:\/\/www.vallon-bonnevaux.fr\/vbmag\/wp-json\/wp\/v2\/posts\/3234","targetHints":{"allow":["GET"]}}],"collection":[{"href":"https:\/\/www.vallon-bonnevaux.fr\/vbmag\/wp-json\/wp\/v2\/posts"}],"about":[{"href":"https:\/\/www.vallon-bonnevaux.fr\/vbmag\/wp-json\/wp\/v2\/types\/post"}],"author":[{"embeddable":true,"href":"https:\/\/www.vallon-bonnevaux.fr\/vbmag\/wp-json\/wp\/v2\/users\/2"}],"replies":[{"embeddable":true,"href":"https:\/\/www.vallon-bonnevaux.fr\/vbmag\/wp-json\/wp\/v2\/comments?post=3234"}],"version-history":[{"count":1,"href":"https:\/\/www.vallon-bonnevaux.fr\/vbmag\/wp-json\/wp\/v2\/posts\/3234\/revisions"}],"predecessor-version":[{"id":3236,"href":"https:\/\/www.vallon-bonnevaux.fr\/vbmag\/wp-json\/wp\/v2\/posts\/3234\/revisions\/3236"}],"wp:featuredmedia":[{"embeddable":true,"href":"https:\/\/www.vallon-bonnevaux.fr\/vbmag\/wp-json\/wp\/v2\/media\/3235"}],"wp:attachment":[{"href":"https:\/\/www.vallon-bonnevaux.fr\/vbmag\/wp-json\/wp\/v2\/media?parent=3234"}],"wp:term":[{"taxonomy":"category","embeddable":true,"href":"https:\/\/www.vallon-bonnevaux.fr\/vbmag\/wp-json\/wp\/v2\/categories?post=3234"},{"taxonomy":"post_tag","embeddable":true,"href":"https:\/\/www.vallon-bonnevaux.fr\/vbmag\/wp-json\/wp\/v2\/tags?post=3234"}],"curies":[{"name":"wp","href":"https:\/\/api.w.org\/{rel}","templated":true}]}}