{"id":3238,"date":"2025-12-12T19:01:04","date_gmt":"2025-12-12T18:01:04","guid":{"rendered":"https:\/\/www.vallon-bonnevaux.fr\/vbmag\/?p=3238"},"modified":"2026-04-20T10:26:20","modified_gmt":"2026-04-20T08:26:20","slug":"%f0%9f%93%9a-cap-sapver-une-sortie-a-la-mediatheque-de-st-jean-de-bournay-pour-relier-culture-territoire-et-enseignement-professionnel","status":"publish","type":"post","link":"https:\/\/www.vallon-bonnevaux.fr\/vbmag\/%f0%9f%93%9a-cap-sapver-une-sortie-a-la-mediatheque-de-st-jean-de-bournay-pour-relier-culture-territoire-et-enseignement-professionnel\/","title":{"rendered":"\ud83d\udcda CAP SAPVER : une sortie \u00e0 la m\u00e9diath\u00e8que, de St Jean de Bournay, pour relier culture, territoire et enseignement professionnel"},"content":{"rendered":"<p data-start=\"225\" data-end=\"333\"><img loading=\"lazy\" decoding=\"async\" class=\"alignnone size-medium wp-image-3237\" src=\"https:\/\/www.vallon-bonnevaux.fr\/vbmag\/wp-content\/uploads\/2025\/12\/CAP-SAPVER-MEDIATHEQUE-VALLON-BONNEVAUX-ST-JEAN-DE-BOURNAY-300x225.png\" alt=\"\" width=\"300\" height=\"225\" srcset=\"https:\/\/www.vallon-bonnevaux.fr\/vbmag\/wp-content\/uploads\/2025\/12\/CAP-SAPVER-MEDIATHEQUE-VALLON-BONNEVAUX-ST-JEAN-DE-BOURNAY-300x225.png 300w, https:\/\/www.vallon-bonnevaux.fr\/vbmag\/wp-content\/uploads\/2025\/12\/CAP-SAPVER-MEDIATHEQUE-VALLON-BONNEVAUX-ST-JEAN-DE-BOURNAY-1024x768.png 1024w, https:\/\/www.vallon-bonnevaux.fr\/vbmag\/wp-content\/uploads\/2025\/12\/CAP-SAPVER-MEDIATHEQUE-VALLON-BONNEVAUX-ST-JEAN-DE-BOURNAY-768x576.png 768w, https:\/\/www.vallon-bonnevaux.fr\/vbmag\/wp-content\/uploads\/2025\/12\/CAP-SAPVER-MEDIATHEQUE-VALLON-BONNEVAUX-ST-JEAN-DE-BOURNAY-195x146.png 195w, https:\/\/www.vallon-bonnevaux.fr\/vbmag\/wp-content\/uploads\/2025\/12\/CAP-SAPVER-MEDIATHEQUE-VALLON-BONNEVAUX-ST-JEAN-DE-BOURNAY-50x37.png 50w, https:\/\/www.vallon-bonnevaux.fr\/vbmag\/wp-content\/uploads\/2025\/12\/CAP-SAPVER-MEDIATHEQUE-VALLON-BONNEVAUX-ST-JEAN-DE-BOURNAY-100x75.png 100w, https:\/\/www.vallon-bonnevaux.fr\/vbmag\/wp-content\/uploads\/2025\/12\/CAP-SAPVER-MEDIATHEQUE-VALLON-BONNEVAUX-ST-JEAN-DE-BOURNAY-960x720.png 960w, https:\/\/www.vallon-bonnevaux.fr\/vbmag\/wp-content\/uploads\/2025\/12\/CAP-SAPVER-MEDIATHEQUE-VALLON-BONNEVAUX-ST-JEAN-DE-BOURNAY.png 1219w\" sizes=\"auto, (max-width: 300px) 100vw, 300px\" \/><\/p>\n<p data-start=\"225\" data-end=\"333\">Sortie p\u00e9dagogique des \u00e9l\u00e8ves de CAP SAPVER, Services aux personnes et Vente en espace rural, du lyc\u00e9e Vallon Bonnevaux \u00e0 la m\u00e9diath\u00e8que de l\u2019Orangerie : une action pour relier culture, territoire et formation professionnelle, dans les domaines du service \u00e0 la personne et de la vente.<\/p>\n<p data-start=\"335\" data-end=\"527\">Les \u00e9l\u00e8ves de <strong data-start=\"349\" data-end=\"373\">CAP SAPVER 1\u02b3\u1d49 ann\u00e9e<\/strong> du lyc\u00e9e Vallon Bonnevaux ont r\u00e9cemment particip\u00e9 \u00e0 une sortie p\u00e9dagogique \u00e0 la <strong data-start=\"454\" data-end=\"484\">m\u00e9diath\u00e8que de l\u2019Orangerie<\/strong>, \u00e9quipement culturel majeur du territoire.<\/p>\n<p data-start=\"529\" data-end=\"728\">Accueillis par <strong data-start=\"544\" data-end=\"564\">Myriam P\u00e9trequin<\/strong>, responsable de la m\u00e9diath\u00e8que, les \u00e9l\u00e8ves ont d\u00e9couvert le fonctionnement d\u2019un lieu culturel de proximit\u00e9 et le r\u00f4le qu\u2019il joue au quotidien aupr\u00e8s des habitants.<\/p>\n<h3 data-start=\"730\" data-end=\"791\">Comprendre le r\u00f4le d\u2019un \u00e9quipement culturel de territoire<\/h3>\n<p data-start=\"793\" data-end=\"859\">La visite a permis d\u2019aborder plusieurs dimensions essentielles :<\/p>\n<ul data-start=\"860\" data-end=\"1192\">\n<li data-start=\"860\" data-end=\"926\">\n<p data-start=\"862\" data-end=\"926\">les <strong data-start=\"866\" data-end=\"892\">animations culturelles<\/strong> propos\u00e9es \u00e0 diff\u00e9rents publics,<\/p>\n<\/li>\n<li data-start=\"927\" data-end=\"1000\">\n<p data-start=\"929\" data-end=\"1000\">la m\u00e9diath\u00e8que comme <strong data-start=\"950\" data-end=\"997\">lieu de lien social et d\u2019acc\u00e8s \u00e0 la culture<\/strong>,<\/p>\n<\/li>\n<li data-start=\"1001\" data-end=\"1066\">\n<p data-start=\"1003\" data-end=\"1066\">la diversit\u00e9 des <strong data-start=\"1020\" data-end=\"1045\">ressources et espaces<\/strong> mis \u00e0 disposition,<\/p>\n<\/li>\n<li data-start=\"1067\" data-end=\"1192\">\n<p data-start=\"1069\" data-end=\"1192\">l\u2019\u00e9volution des <strong data-start=\"1085\" data-end=\"1125\">pratiques de lecture chez les jeunes<\/strong>, \u00e9voqu\u00e9e \u00e0 partir d\u2019\u00e9changes directs et spontan\u00e9s avec les \u00e9l\u00e8ves.<\/p>\n<\/li>\n<\/ul>\n<p data-start=\"1194\" data-end=\"1399\">Au-del\u00e0 de la d\u00e9couverte du lieu, cette rencontre a favoris\u00e9 une r\u00e9flexion sur la place de la culture dans la vie locale et sur la mani\u00e8re dont les structures culturelles r\u00e9pondent aux besoins des usagers.<\/p>\n<h3 data-start=\"1401\" data-end=\"1477\">Culture et formation professionnelle : des comp\u00e9tences \u00e9troitement li\u00e9es<\/h3>\n<p data-start=\"1479\" data-end=\"1663\">Cette sortie illustre pleinement la p\u00e9dagogie port\u00e9e par le lyc\u00e9e Vallon Bonnevaux : <strong data-start=\"1564\" data-end=\"1644\">culture et enseignement professionnel sont compl\u00e9mentaires et indissociables<\/strong>, y compris en CAP.<\/p>\n<p data-start=\"1665\" data-end=\"1847\">Les comp\u00e9tences mobilis\u00e9es lors de cette visite font directement \u00e9cho aux m\u00e9tiers pr\u00e9par\u00e9s en <strong data-start=\"1759\" data-end=\"1773\">CAP SAPVER<\/strong>, dans les secteurs du <strong data-start=\"1796\" data-end=\"1821\">service \u00e0 la personne<\/strong> comme de la <strong data-start=\"1834\" data-end=\"1843\">vente<\/strong> :<\/p>\n<ul data-start=\"1848\" data-end=\"2017\">\n<li data-start=\"1848\" data-end=\"1885\">\n<p data-start=\"1850\" data-end=\"1885\">accueillir et orienter un public,<\/p>\n<\/li>\n<li data-start=\"1886\" data-end=\"1922\">\n<p data-start=\"1888\" data-end=\"1922\">comprendre des attentes vari\u00e9es,<\/p>\n<\/li>\n<li data-start=\"1923\" data-end=\"1971\">\n<p data-start=\"1925\" data-end=\"1971\">adopter une posture professionnelle adapt\u00e9e,<\/p>\n<\/li>\n<li data-start=\"1972\" data-end=\"2017\">\n<p data-start=\"1974\" data-end=\"2017\">s\u2019inscrire dans un r\u00e9seau d\u2019acteurs locaux.<\/p>\n<\/li>\n<\/ul>\n<p data-start=\"2019\" data-end=\"2151\">Autant de savoir-faire et de savoir-\u00eatre essentiels pour \u00e9voluer dans des m\u00e9tiers de relation, ancr\u00e9s dans la r\u00e9alit\u00e9 du territoire.<\/p>\n<h3 data-start=\"2153\" data-end=\"2200\">Une formation ancr\u00e9e dans la r\u00e9alit\u00e9 locale<\/h3>\n<p data-start=\"2202\" data-end=\"2471\">\u00c0 Vallon Bonnevaux, les apprentissages prennent tout leur sens lorsqu\u2019ils sont reli\u00e9s \u00e0 des situations concr\u00e8tes. Cette sortie \u00e0 la m\u00e9diath\u00e8que s\u2019inscrit dans cette dynamique : <strong data-start=\"2379\" data-end=\"2470\">former des professionnels ouverts, curieux et capables de comprendre leur environnement<\/strong>.<\/p>\n<p data-start=\"2473\" data-end=\"2659\">Une exp\u00e9rience enrichissante pour les \u00e9l\u00e8ves, qui confirme que <strong data-start=\"2536\" data-end=\"2615\">l\u2019ouverture culturelle est un levier de r\u00e9ussite et de professionnalisation<\/strong>, d\u00e8s les premiers niveaux de qualification.<\/p>\n<hr data-start=\"2661\" data-end=\"2664\" \/>\n<h3 data-start=\"2666\" data-end=\"2703\">\ud83d\udd0e M\u00e9ta-description (SEO \u2013 VBMag)<\/h3>\n<p data-start=\"2705\" data-end=\"2940\">Sortie p\u00e9dagogique des \u00e9l\u00e8ves de CAP SAPVER du lyc\u00e9e Vallon Bonnevaux \u00e0 la m\u00e9diath\u00e8que de l\u2019Orangerie : une action pour relier culture, territoire et formation professionnelle, dans les domaines du service \u00e0 la personne et de la vente.<\/p>\n","protected":false},"excerpt":{"rendered":"<p>Sortie p\u00e9dagogique des \u00e9l\u00e8ves de CAP SAPVER, Services aux personnes et Vente en espace rural, du lyc\u00e9e Vallon Bonnevaux \u00e0 la m\u00e9diath\u00e8que de l\u2019Orangerie : une<span class=\"excerpt-hellip\"> [\u2026]<\/span><\/p>\n","protected":false},"author":2,"featured_media":3237,"comment_status":"open","ping_status":"open","sticky":false,"template":"","format":"standard","meta":{"_mi_skip_tracking":false,"_monsterinsights_sitenote_active":false,"_monsterinsights_sitenote_note":"","_monsterinsights_sitenote_category":0,"footnotes":""},"categories":[2,3],"tags":[],"class_list":["post-3238","post","type-post","status-publish","format-standard","has-post-thumbnail","hentry","category-actualites-infos","category-formation-pedagogie"],"yoast_head":"<!-- This site is optimized with the Yoast SEO plugin v20.8 - https:\/\/yoast.com\/wordpress\/plugins\/seo\/ -->\n<title>\ud83d\udcda CAP SAPVER : une sortie \u00e0 la m\u00e9diath\u00e8que, de St Jean de Bournay, pour relier culture, territoire et enseignement professionnel - VB Mag<\/title>\n<meta name=\"robots\" content=\"index, follow, max-snippet:-1, max-image-preview:large, max-video-preview:-1\" \/>\n<link rel=\"canonical\" href=\"https:\/\/www.vallon-bonnevaux.fr\/vbmag\/\ud83d\udcda-cap-sapver-une-sortie-a-la-mediatheque-de-st-jean-de-bournay-pour-relier-culture-territoire-et-enseignement-professionnel\/\" \/>\n<meta property=\"og:locale\" content=\"fr_FR\" \/>\n<meta property=\"og:type\" content=\"article\" \/>\n<meta property=\"og:title\" content=\"\ud83d\udcda CAP SAPVER : une sortie \u00e0 la m\u00e9diath\u00e8que, de St Jean de Bournay, pour relier culture, territoire et enseignement professionnel - VB Mag\" \/>\n<meta property=\"og:description\" content=\"Sortie p\u00e9dagogique des \u00e9l\u00e8ves de CAP SAPVER, Services aux personnes et Vente en espace rural, du lyc\u00e9e Vallon Bonnevaux \u00e0 la m\u00e9diath\u00e8que de l\u2019Orangerie : une [\u2026]\" \/>\n<meta property=\"og:url\" content=\"https:\/\/www.vallon-bonnevaux.fr\/vbmag\/\ud83d\udcda-cap-sapver-une-sortie-a-la-mediatheque-de-st-jean-de-bournay-pour-relier-culture-territoire-et-enseignement-professionnel\/\" \/>\n<meta property=\"og:site_name\" content=\"VB Mag\" \/>\n<meta property=\"article:publisher\" content=\"https:\/\/www.facebook.com\/lyceevallonbonnevaux\" \/>\n<meta property=\"article:published_time\" content=\"2025-12-12T18:01:04+00:00\" \/>\n<meta property=\"article:modified_time\" content=\"2026-04-20T08:26:20+00:00\" \/>\n<meta property=\"og:image\" content=\"https:\/\/www.vallon-bonnevaux.fr\/vbmag\/wp-content\/uploads\/2025\/12\/CAP-SAPVER-MEDIATHEQUE-VALLON-BONNEVAUX-ST-JEAN-DE-BOURNAY.png\" \/>\n\t<meta property=\"og:image:width\" content=\"1219\" \/>\n\t<meta property=\"og:image:height\" content=\"914\" \/>\n\t<meta property=\"og:image:type\" content=\"image\/png\" \/>\n<meta name=\"author\" content=\"VBCommunication\" \/>\n<meta name=\"twitter:card\" content=\"summary_large_image\" \/>\n<meta name=\"twitter:label1\" content=\"\u00c9crit par\" \/>\n\t<meta name=\"twitter:data1\" content=\"VBCommunication\" \/>\n\t<meta name=\"twitter:label2\" content=\"Dur\u00e9e de lecture estim\u00e9e\" \/>\n\t<meta name=\"twitter:data2\" content=\"3 minutes\" \/>\n<script type=\"application\/ld+json\" class=\"yoast-schema-graph\">{\"@context\":\"https:\/\/schema.org\",\"@graph\":[{\"@type\":\"Article\",\"@id\":\"https:\/\/www.vallon-bonnevaux.fr\/vbmag\/%f0%9f%93%9a-cap-sapver-une-sortie-a-la-mediatheque-de-st-jean-de-bournay-pour-relier-culture-territoire-et-enseignement-professionnel\/#article\",\"isPartOf\":{\"@id\":\"https:\/\/www.vallon-bonnevaux.fr\/vbmag\/%f0%9f%93%9a-cap-sapver-une-sortie-a-la-mediatheque-de-st-jean-de-bournay-pour-relier-culture-territoire-et-enseignement-professionnel\/\"},\"author\":{\"name\":\"VBCommunication\",\"@id\":\"https:\/\/www.vallon-bonnevaux.fr\/vbmag\/#\/schema\/person\/78d4bedf135508e9d2b8d343575fdd31\"},\"headline\":\"\ud83d\udcda CAP SAPVER : une sortie \u00e0 la m\u00e9diath\u00e8que, de St Jean de Bournay, pour relier culture, territoire et enseignement professionnel\",\"datePublished\":\"2025-12-12T18:01:04+00:00\",\"dateModified\":\"2026-04-20T08:26:20+00:00\",\"mainEntityOfPage\":{\"@id\":\"https:\/\/www.vallon-bonnevaux.fr\/vbmag\/%f0%9f%93%9a-cap-sapver-une-sortie-a-la-mediatheque-de-st-jean-de-bournay-pour-relier-culture-territoire-et-enseignement-professionnel\/\"},\"wordCount\":493,\"commentCount\":0,\"publisher\":{\"@id\":\"https:\/\/www.vallon-bonnevaux.fr\/vbmag\/#organization\"},\"articleSection\":[\"Actualit\u00e9s &amp; infos\",\"Formation &amp; P\u00e9dagogie\"],\"inLanguage\":\"fr-FR\",\"potentialAction\":[{\"@type\":\"CommentAction\",\"name\":\"Comment\",\"target\":[\"https:\/\/www.vallon-bonnevaux.fr\/vbmag\/%f0%9f%93%9a-cap-sapver-une-sortie-a-la-mediatheque-de-st-jean-de-bournay-pour-relier-culture-territoire-et-enseignement-professionnel\/#respond\"]}]},{\"@type\":\"WebPage\",\"@id\":\"https:\/\/www.vallon-bonnevaux.fr\/vbmag\/%f0%9f%93%9a-cap-sapver-une-sortie-a-la-mediatheque-de-st-jean-de-bournay-pour-relier-culture-territoire-et-enseignement-professionnel\/\",\"url\":\"https:\/\/www.vallon-bonnevaux.fr\/vbmag\/%f0%9f%93%9a-cap-sapver-une-sortie-a-la-mediatheque-de-st-jean-de-bournay-pour-relier-culture-territoire-et-enseignement-professionnel\/\",\"name\":\"\ud83d\udcda CAP SAPVER : une sortie \u00e0 la m\u00e9diath\u00e8que, de St Jean de Bournay, pour relier culture, territoire et enseignement professionnel - VB Mag\",\"isPartOf\":{\"@id\":\"https:\/\/www.vallon-bonnevaux.fr\/vbmag\/#website\"},\"datePublished\":\"2025-12-12T18:01:04+00:00\",\"dateModified\":\"2026-04-20T08:26:20+00:00\",\"breadcrumb\":{\"@id\":\"https:\/\/www.vallon-bonnevaux.fr\/vbmag\/%f0%9f%93%9a-cap-sapver-une-sortie-a-la-mediatheque-de-st-jean-de-bournay-pour-relier-culture-territoire-et-enseignement-professionnel\/#breadcrumb\"},\"inLanguage\":\"fr-FR\",\"potentialAction\":[{\"@type\":\"ReadAction\",\"target\":[\"https:\/\/www.vallon-bonnevaux.fr\/vbmag\/%f0%9f%93%9a-cap-sapver-une-sortie-a-la-mediatheque-de-st-jean-de-bournay-pour-relier-culture-territoire-et-enseignement-professionnel\/\"]}]},{\"@type\":\"BreadcrumbList\",\"@id\":\"https:\/\/www.vallon-bonnevaux.fr\/vbmag\/%f0%9f%93%9a-cap-sapver-une-sortie-a-la-mediatheque-de-st-jean-de-bournay-pour-relier-culture-territoire-et-enseignement-professionnel\/#breadcrumb\",\"itemListElement\":[{\"@type\":\"ListItem\",\"position\":1,\"name\":\"Accueil\",\"item\":\"https:\/\/www.vallon-bonnevaux.fr\/vbmag\/\"},{\"@type\":\"ListItem\",\"position\":2,\"name\":\"\ud83d\udcda CAP SAPVER : une sortie \u00e0 la m\u00e9diath\u00e8que, de St Jean de Bournay, pour relier culture, territoire et enseignement professionnel\"}]},{\"@type\":\"WebSite\",\"@id\":\"https:\/\/www.vallon-bonnevaux.fr\/vbmag\/#website\",\"url\":\"https:\/\/www.vallon-bonnevaux.fr\/vbmag\/\",\"name\":\"VBmag\",\"description\":\"\",\"publisher\":{\"@id\":\"https:\/\/www.vallon-bonnevaux.fr\/vbmag\/#organization\"},\"potentialAction\":[{\"@type\":\"SearchAction\",\"target\":{\"@type\":\"EntryPoint\",\"urlTemplate\":\"https:\/\/www.vallon-bonnevaux.fr\/vbmag\/?s={search_term_string}\"},\"query-input\":\"required name=search_term_string\"}],\"inLanguage\":\"fr-FR\"},{\"@type\":\"Organization\",\"@id\":\"https:\/\/www.vallon-bonnevaux.fr\/vbmag\/#organization\",\"name\":\"VBmag\",\"url\":\"https:\/\/www.vallon-bonnevaux.fr\/vbmag\/\",\"logo\":{\"@type\":\"ImageObject\",\"inLanguage\":\"fr-FR\",\"@id\":\"https:\/\/www.vallon-bonnevaux.fr\/vbmag\/#\/schema\/logo\/image\/\",\"url\":\"https:\/\/www.vallon-bonnevaux.fr\/vbmag\/wp-content\/uploads\/2023\/02\/Bonnevaux-logo-VBmag.png\",\"contentUrl\":\"https:\/\/www.vallon-bonnevaux.fr\/vbmag\/wp-content\/uploads\/2023\/02\/Bonnevaux-logo-VBmag.png\",\"width\":314,\"height\":143,\"caption\":\"VBmag\"},\"image\":{\"@id\":\"https:\/\/www.vallon-bonnevaux.fr\/vbmag\/#\/schema\/logo\/image\/\"},\"sameAs\":[\"https:\/\/www.facebook.com\/lyceevallonbonnevaux\",\"https:\/\/www.instagram.com\/lycee_vallon_bonnevaux\/\",\"https:\/\/www.linkedin.com\/company\/leap-le-vallon-les-bonnevaux\/?originalSubdomain=fr\"]},{\"@type\":\"Person\",\"@id\":\"https:\/\/www.vallon-bonnevaux.fr\/vbmag\/#\/schema\/person\/78d4bedf135508e9d2b8d343575fdd31\",\"name\":\"VBCommunication\",\"image\":{\"@type\":\"ImageObject\",\"inLanguage\":\"fr-FR\",\"@id\":\"https:\/\/www.vallon-bonnevaux.fr\/vbmag\/#\/schema\/person\/image\/\",\"url\":\"https:\/\/secure.gravatar.com\/avatar\/58fa64ce54dbedb7c6633693d600c884a245b0f97746903170fa62aae026cedc?s=96&d=mm&r=g\",\"contentUrl\":\"https:\/\/secure.gravatar.com\/avatar\/58fa64ce54dbedb7c6633693d600c884a245b0f97746903170fa62aae026cedc?s=96&d=mm&r=g\",\"caption\":\"VBCommunication\"},\"url\":\"https:\/\/www.vallon-bonnevaux.fr\/vbmag\/author\/vbcommunication\/\"}]}<\/script>\n<!-- \/ Yoast SEO plugin. -->","yoast_head_json":{"title":"\ud83d\udcda CAP SAPVER : une sortie \u00e0 la m\u00e9diath\u00e8que, de St Jean de Bournay, pour relier culture, territoire et enseignement professionnel - VB Mag","robots":{"index":"index","follow":"follow","max-snippet":"max-snippet:-1","max-image-preview":"max-image-preview:large","max-video-preview":"max-video-preview:-1"},"canonical":"https:\/\/www.vallon-bonnevaux.fr\/vbmag\/\ud83d\udcda-cap-sapver-une-sortie-a-la-mediatheque-de-st-jean-de-bournay-pour-relier-culture-territoire-et-enseignement-professionnel\/","og_locale":"fr_FR","og_type":"article","og_title":"\ud83d\udcda CAP SAPVER : une sortie \u00e0 la m\u00e9diath\u00e8que, de St Jean de Bournay, pour relier culture, territoire et enseignement professionnel - VB Mag","og_description":"Sortie p\u00e9dagogique des \u00e9l\u00e8ves de CAP SAPVER, Services aux personnes et Vente en espace rural, du lyc\u00e9e Vallon Bonnevaux \u00e0 la m\u00e9diath\u00e8que de l\u2019Orangerie : une [\u2026]","og_url":"https:\/\/www.vallon-bonnevaux.fr\/vbmag\/\ud83d\udcda-cap-sapver-une-sortie-a-la-mediatheque-de-st-jean-de-bournay-pour-relier-culture-territoire-et-enseignement-professionnel\/","og_site_name":"VB Mag","article_publisher":"https:\/\/www.facebook.com\/lyceevallonbonnevaux","article_published_time":"2025-12-12T18:01:04+00:00","article_modified_time":"2026-04-20T08:26:20+00:00","og_image":[{"width":1219,"height":914,"url":"https:\/\/www.vallon-bonnevaux.fr\/vbmag\/wp-content\/uploads\/2025\/12\/CAP-SAPVER-MEDIATHEQUE-VALLON-BONNEVAUX-ST-JEAN-DE-BOURNAY.png","type":"image\/png"}],"author":"VBCommunication","twitter_card":"summary_large_image","twitter_misc":{"\u00c9crit par":"VBCommunication","Dur\u00e9e de lecture estim\u00e9e":"3 minutes"},"schema":{"@context":"https:\/\/schema.org","@graph":[{"@type":"Article","@id":"https:\/\/www.vallon-bonnevaux.fr\/vbmag\/%f0%9f%93%9a-cap-sapver-une-sortie-a-la-mediatheque-de-st-jean-de-bournay-pour-relier-culture-territoire-et-enseignement-professionnel\/#article","isPartOf":{"@id":"https:\/\/www.vallon-bonnevaux.fr\/vbmag\/%f0%9f%93%9a-cap-sapver-une-sortie-a-la-mediatheque-de-st-jean-de-bournay-pour-relier-culture-territoire-et-enseignement-professionnel\/"},"author":{"name":"VBCommunication","@id":"https:\/\/www.vallon-bonnevaux.fr\/vbmag\/#\/schema\/person\/78d4bedf135508e9d2b8d343575fdd31"},"headline":"\ud83d\udcda CAP SAPVER : une sortie \u00e0 la m\u00e9diath\u00e8que, de St Jean de Bournay, pour relier culture, territoire et enseignement professionnel","datePublished":"2025-12-12T18:01:04+00:00","dateModified":"2026-04-20T08:26:20+00:00","mainEntityOfPage":{"@id":"https:\/\/www.vallon-bonnevaux.fr\/vbmag\/%f0%9f%93%9a-cap-sapver-une-sortie-a-la-mediatheque-de-st-jean-de-bournay-pour-relier-culture-territoire-et-enseignement-professionnel\/"},"wordCount":493,"commentCount":0,"publisher":{"@id":"https:\/\/www.vallon-bonnevaux.fr\/vbmag\/#organization"},"articleSection":["Actualit\u00e9s &amp; infos","Formation &amp; P\u00e9dagogie"],"inLanguage":"fr-FR","potentialAction":[{"@type":"CommentAction","name":"Comment","target":["https:\/\/www.vallon-bonnevaux.fr\/vbmag\/%f0%9f%93%9a-cap-sapver-une-sortie-a-la-mediatheque-de-st-jean-de-bournay-pour-relier-culture-territoire-et-enseignement-professionnel\/#respond"]}]},{"@type":"WebPage","@id":"https:\/\/www.vallon-bonnevaux.fr\/vbmag\/%f0%9f%93%9a-cap-sapver-une-sortie-a-la-mediatheque-de-st-jean-de-bournay-pour-relier-culture-territoire-et-enseignement-professionnel\/","url":"https:\/\/www.vallon-bonnevaux.fr\/vbmag\/%f0%9f%93%9a-cap-sapver-une-sortie-a-la-mediatheque-de-st-jean-de-bournay-pour-relier-culture-territoire-et-enseignement-professionnel\/","name":"\ud83d\udcda CAP SAPVER : une sortie \u00e0 la m\u00e9diath\u00e8que, de St Jean de Bournay, pour relier culture, territoire et enseignement professionnel - VB Mag","isPartOf":{"@id":"https:\/\/www.vallon-bonnevaux.fr\/vbmag\/#website"},"datePublished":"2025-12-12T18:01:04+00:00","dateModified":"2026-04-20T08:26:20+00:00","breadcrumb":{"@id":"https:\/\/www.vallon-bonnevaux.fr\/vbmag\/%f0%9f%93%9a-cap-sapver-une-sortie-a-la-mediatheque-de-st-jean-de-bournay-pour-relier-culture-territoire-et-enseignement-professionnel\/#breadcrumb"},"inLanguage":"fr-FR","potentialAction":[{"@type":"ReadAction","target":["https:\/\/www.vallon-bonnevaux.fr\/vbmag\/%f0%9f%93%9a-cap-sapver-une-sortie-a-la-mediatheque-de-st-jean-de-bournay-pour-relier-culture-territoire-et-enseignement-professionnel\/"]}]},{"@type":"BreadcrumbList","@id":"https:\/\/www.vallon-bonnevaux.fr\/vbmag\/%f0%9f%93%9a-cap-sapver-une-sortie-a-la-mediatheque-de-st-jean-de-bournay-pour-relier-culture-territoire-et-enseignement-professionnel\/#breadcrumb","itemListElement":[{"@type":"ListItem","position":1,"name":"Accueil","item":"https:\/\/www.vallon-bonnevaux.fr\/vbmag\/"},{"@type":"ListItem","position":2,"name":"\ud83d\udcda CAP SAPVER : une sortie \u00e0 la m\u00e9diath\u00e8que, de St Jean de Bournay, pour relier culture, territoire et enseignement professionnel"}]},{"@type":"WebSite","@id":"https:\/\/www.vallon-bonnevaux.fr\/vbmag\/#website","url":"https:\/\/www.vallon-bonnevaux.fr\/vbmag\/","name":"VBmag","description":"","publisher":{"@id":"https:\/\/www.vallon-bonnevaux.fr\/vbmag\/#organization"},"potentialAction":[{"@type":"SearchAction","target":{"@type":"EntryPoint","urlTemplate":"https:\/\/www.vallon-bonnevaux.fr\/vbmag\/?s={search_term_string}"},"query-input":"required name=search_term_string"}],"inLanguage":"fr-FR"},{"@type":"Organization","@id":"https:\/\/www.vallon-bonnevaux.fr\/vbmag\/#organization","name":"VBmag","url":"https:\/\/www.vallon-bonnevaux.fr\/vbmag\/","logo":{"@type":"ImageObject","inLanguage":"fr-FR","@id":"https:\/\/www.vallon-bonnevaux.fr\/vbmag\/#\/schema\/logo\/image\/","url":"https:\/\/www.vallon-bonnevaux.fr\/vbmag\/wp-content\/uploads\/2023\/02\/Bonnevaux-logo-VBmag.png","contentUrl":"https:\/\/www.vallon-bonnevaux.fr\/vbmag\/wp-content\/uploads\/2023\/02\/Bonnevaux-logo-VBmag.png","width":314,"height":143,"caption":"VBmag"},"image":{"@id":"https:\/\/www.vallon-bonnevaux.fr\/vbmag\/#\/schema\/logo\/image\/"},"sameAs":["https:\/\/www.facebook.com\/lyceevallonbonnevaux","https:\/\/www.instagram.com\/lycee_vallon_bonnevaux\/","https:\/\/www.linkedin.com\/company\/leap-le-vallon-les-bonnevaux\/?originalSubdomain=fr"]},{"@type":"Person","@id":"https:\/\/www.vallon-bonnevaux.fr\/vbmag\/#\/schema\/person\/78d4bedf135508e9d2b8d343575fdd31","name":"VBCommunication","image":{"@type":"ImageObject","inLanguage":"fr-FR","@id":"https:\/\/www.vallon-bonnevaux.fr\/vbmag\/#\/schema\/person\/image\/","url":"https:\/\/secure.gravatar.com\/avatar\/58fa64ce54dbedb7c6633693d600c884a245b0f97746903170fa62aae026cedc?s=96&d=mm&r=g","contentUrl":"https:\/\/secure.gravatar.com\/avatar\/58fa64ce54dbedb7c6633693d600c884a245b0f97746903170fa62aae026cedc?s=96&d=mm&r=g","caption":"VBCommunication"},"url":"https:\/\/www.vallon-bonnevaux.fr\/vbmag\/author\/vbcommunication\/"}]}},"_links":{"self":[{"href":"https:\/\/www.vallon-bonnevaux.fr\/vbmag\/wp-json\/wp\/v2\/posts\/3238","targetHints":{"allow":["GET"]}}],"collection":[{"href":"https:\/\/www.vallon-bonnevaux.fr\/vbmag\/wp-json\/wp\/v2\/posts"}],"about":[{"href":"https:\/\/www.vallon-bonnevaux.fr\/vbmag\/wp-json\/wp\/v2\/types\/post"}],"author":[{"embeddable":true,"href":"https:\/\/www.vallon-bonnevaux.fr\/vbmag\/wp-json\/wp\/v2\/users\/2"}],"replies":[{"embeddable":true,"href":"https:\/\/www.vallon-bonnevaux.fr\/vbmag\/wp-json\/wp\/v2\/comments?post=3238"}],"version-history":[{"count":3,"href":"https:\/\/www.vallon-bonnevaux.fr\/vbmag\/wp-json\/wp\/v2\/posts\/3238\/revisions"}],"predecessor-version":[{"id":3241,"href":"https:\/\/www.vallon-bonnevaux.fr\/vbmag\/wp-json\/wp\/v2\/posts\/3238\/revisions\/3241"}],"wp:featuredmedia":[{"embeddable":true,"href":"https:\/\/www.vallon-bonnevaux.fr\/vbmag\/wp-json\/wp\/v2\/media\/3237"}],"wp:attachment":[{"href":"https:\/\/www.vallon-bonnevaux.fr\/vbmag\/wp-json\/wp\/v2\/media?parent=3238"}],"wp:term":[{"taxonomy":"category","embeddable":true,"href":"https:\/\/www.vallon-bonnevaux.fr\/vbmag\/wp-json\/wp\/v2\/categories?post=3238"},{"taxonomy":"post_tag","embeddable":true,"href":"https:\/\/www.vallon-bonnevaux.fr\/vbmag\/wp-json\/wp\/v2\/tags?post=3238"}],"curies":[{"name":"wp","href":"https:\/\/api.w.org\/{rel}","templated":true}]}}