{"id":3242,"date":"2025-12-12T19:32:28","date_gmt":"2025-12-12T18:32:28","guid":{"rendered":"https:\/\/www.vallon-bonnevaux.fr\/vbmag\/?p=3242"},"modified":"2026-04-20T10:26:58","modified_gmt":"2026-04-20T08:26:58","slug":"nos-territoires-dhier-et-daujourdhui-les-cap-sapver-a-la-decouverte-de-levolution-de-leurs-villages","status":"publish","type":"post","link":"https:\/\/www.vallon-bonnevaux.fr\/vbmag\/nos-territoires-dhier-et-daujourdhui-les-cap-sapver-a-la-decouverte-de-levolution-de-leurs-villages\/","title":{"rendered":"Nos territoires d\u2019hier et d\u2019aujourd\u2019hui : les CAP SAPVER \u00e0 la d\u00e9couverte de l\u2019\u00e9volution de leurs villages"},"content":{"rendered":"<p data-start=\"384\" data-end=\"609\"><img loading=\"lazy\" decoding=\"async\" class=\"alignnone size-medium wp-image-3248\" src=\"https:\/\/www.vallon-bonnevaux.fr\/vbmag\/wp-content\/uploads\/2025\/12\/CAP-SAPVER-TERRITOIRE-4-VALLON-BONNEVAUX-ST-JEAN-DE-BOURNAY-300x169.jpg\" alt=\"\" width=\"300\" height=\"169\" srcset=\"https:\/\/www.vallon-bonnevaux.fr\/vbmag\/wp-content\/uploads\/2025\/12\/CAP-SAPVER-TERRITOIRE-4-VALLON-BONNEVAUX-ST-JEAN-DE-BOURNAY-300x169.jpg 300w, https:\/\/www.vallon-bonnevaux.fr\/vbmag\/wp-content\/uploads\/2025\/12\/CAP-SAPVER-TERRITOIRE-4-VALLON-BONNEVAUX-ST-JEAN-DE-BOURNAY-1024x576.jpg 1024w, https:\/\/www.vallon-bonnevaux.fr\/vbmag\/wp-content\/uploads\/2025\/12\/CAP-SAPVER-TERRITOIRE-4-VALLON-BONNEVAUX-ST-JEAN-DE-BOURNAY-768x432.jpg 768w, https:\/\/www.vallon-bonnevaux.fr\/vbmag\/wp-content\/uploads\/2025\/12\/CAP-SAPVER-TERRITOIRE-4-VALLON-BONNEVAUX-ST-JEAN-DE-BOURNAY-1536x864.jpg 1536w, https:\/\/www.vallon-bonnevaux.fr\/vbmag\/wp-content\/uploads\/2025\/12\/CAP-SAPVER-TERRITOIRE-4-VALLON-BONNEVAUX-ST-JEAN-DE-BOURNAY-260x146.jpg 260w, https:\/\/www.vallon-bonnevaux.fr\/vbmag\/wp-content\/uploads\/2025\/12\/CAP-SAPVER-TERRITOIRE-4-VALLON-BONNEVAUX-ST-JEAN-DE-BOURNAY-50x28.jpg 50w, https:\/\/www.vallon-bonnevaux.fr\/vbmag\/wp-content\/uploads\/2025\/12\/CAP-SAPVER-TERRITOIRE-4-VALLON-BONNEVAUX-ST-JEAN-DE-BOURNAY-133x75.jpg 133w, https:\/\/www.vallon-bonnevaux.fr\/vbmag\/wp-content\/uploads\/2025\/12\/CAP-SAPVER-TERRITOIRE-4-VALLON-BONNEVAUX-ST-JEAN-DE-BOURNAY-1200x675.jpg 1200w, https:\/\/www.vallon-bonnevaux.fr\/vbmag\/wp-content\/uploads\/2025\/12\/CAP-SAPVER-TERRITOIRE-4-VALLON-BONNEVAUX-ST-JEAN-DE-BOURNAY.jpg 2044w\" sizes=\"auto, (max-width: 300px) 100vw, 300px\" \/><img loading=\"lazy\" decoding=\"async\" class=\"alignnone size-medium wp-image-3247\" src=\"https:\/\/www.vallon-bonnevaux.fr\/vbmag\/wp-content\/uploads\/2025\/12\/CAP-SAPVER-TERRITOIRE-3-VALLON-BONNEVAUX-ST-JEAN-DE-BOURNAY-300x169.jpg\" alt=\"\" width=\"300\" height=\"169\" srcset=\"https:\/\/www.vallon-bonnevaux.fr\/vbmag\/wp-content\/uploads\/2025\/12\/CAP-SAPVER-TERRITOIRE-3-VALLON-BONNEVAUX-ST-JEAN-DE-BOURNAY-300x169.jpg 300w, https:\/\/www.vallon-bonnevaux.fr\/vbmag\/wp-content\/uploads\/2025\/12\/CAP-SAPVER-TERRITOIRE-3-VALLON-BONNEVAUX-ST-JEAN-DE-BOURNAY-1024x576.jpg 1024w, https:\/\/www.vallon-bonnevaux.fr\/vbmag\/wp-content\/uploads\/2025\/12\/CAP-SAPVER-TERRITOIRE-3-VALLON-BONNEVAUX-ST-JEAN-DE-BOURNAY-768x432.jpg 768w, https:\/\/www.vallon-bonnevaux.fr\/vbmag\/wp-content\/uploads\/2025\/12\/CAP-SAPVER-TERRITOIRE-3-VALLON-BONNEVAUX-ST-JEAN-DE-BOURNAY-1536x864.jpg 1536w, https:\/\/www.vallon-bonnevaux.fr\/vbmag\/wp-content\/uploads\/2025\/12\/CAP-SAPVER-TERRITOIRE-3-VALLON-BONNEVAUX-ST-JEAN-DE-BOURNAY-260x146.jpg 260w, https:\/\/www.vallon-bonnevaux.fr\/vbmag\/wp-content\/uploads\/2025\/12\/CAP-SAPVER-TERRITOIRE-3-VALLON-BONNEVAUX-ST-JEAN-DE-BOURNAY-50x28.jpg 50w, https:\/\/www.vallon-bonnevaux.fr\/vbmag\/wp-content\/uploads\/2025\/12\/CAP-SAPVER-TERRITOIRE-3-VALLON-BONNEVAUX-ST-JEAN-DE-BOURNAY-133x75.jpg 133w, https:\/\/www.vallon-bonnevaux.fr\/vbmag\/wp-content\/uploads\/2025\/12\/CAP-SAPVER-TERRITOIRE-3-VALLON-BONNEVAUX-ST-JEAN-DE-BOURNAY-1200x675.jpg 1200w, https:\/\/www.vallon-bonnevaux.fr\/vbmag\/wp-content\/uploads\/2025\/12\/CAP-SAPVER-TERRITOIRE-3-VALLON-BONNEVAUX-ST-JEAN-DE-BOURNAY.jpg 2044w\" sizes=\"auto, (max-width: 300px) 100vw, 300px\" \/><\/p>\n<p data-start=\"384\" data-end=\"609\">\u00c0 travers l\u2019analyse d\u2019archives photographiques, les \u00e9l\u00e8ves de CAP SAPVER du lyc\u00e9e Vallon Bonnevaux \u00e9tudient l\u2019\u00e9volution de leurs villages et d\u00e9veloppent une r\u00e9flexion citoyenne sur les territoires ruraux d\u2019hier et de demain.<\/p>\n<hr data-start=\"611\" data-end=\"614\" \/>\n<h3 data-start=\"616\" data-end=\"663\">Comprendre son territoire pour mieux y agir<\/h3>\n<p data-start=\"665\" data-end=\"1086\">Les \u00e9l\u00e8ves de <strong data-start=\"679\" data-end=\"693\">CAP SAPVER<\/strong> du lyc\u00e9e Vallon Bonnevaux ont r\u00e9cemment men\u00e9 un travail de r\u00e9flexion autour de l\u2019\u00e9volution de leurs villages, dans le cadre du projet interdisciplinaire <strong data-start=\"847\" data-end=\"872\">\u00ab Mon village id\u00e9al \u00bb<\/strong>.<br data-start=\"873\" data-end=\"876\" \/>Cette s\u00e9ance s\u2019est appuy\u00e9e sur l\u2019\u00e9tude d\u2019<strong data-start=\"917\" data-end=\"955\">archives photographiques anciennes<\/strong>, permettant aux \u00e9l\u00e8ves de porter un regard attentif sur les transformations des territoires ruraux qu\u2019ils connaissent aujourd\u2019hui.<\/p>\n<p data-start=\"1088\" data-end=\"1432\">\u00c0 partir de clich\u00e9s d\u2019\u00e9poque, les \u00e9l\u00e8ves ont observ\u00e9 les \u00e9volutions du b\u00e2ti, de la voirie, des commerces de proximit\u00e9 ou encore des espaces de vie collective. Un travail d\u2019analyse qui les a amen\u00e9s \u00e0 comprendre que ces changements ne sont jamais neutres, mais r\u00e9sultent de <strong data-start=\"1360\" data-end=\"1431\">choix collectifs, d\u2019\u00e9volutions \u00e9conomiques et de mutations sociales<\/strong>.<\/p>\n<hr data-start=\"1434\" data-end=\"1437\" \/>\n<h3 data-start=\"1439\" data-end=\"1496\">D\u00e9velopper un regard critique sur l\u2019am\u00e9nagement rural<\/h3>\n<p data-start=\"1498\" data-end=\"1799\">Loin d\u2019un simple exercice d\u2019observation, cette activit\u00e9 a permis aux \u00e9l\u00e8ves de <strong data-start=\"1577\" data-end=\"1612\">d\u00e9velopper leur esprit critique<\/strong> et de questionner l\u2019am\u00e9nagement de leur territoire.<br data-start=\"1664\" data-end=\"1667\" \/>Quels services ont disparu ? Quels usages ont \u00e9volu\u00e9 ? Comment les villages se sont-ils adapt\u00e9s aux nouveaux besoins des habitants ?<\/p>\n<p data-start=\"1801\" data-end=\"2041\">Autant de questions qui ont nourri des \u00e9changes riches et structurants, invitant les \u00e9l\u00e8ves \u00e0 r\u00e9fl\u00e9chir aux enjeux actuels des espaces ruraux : attractivit\u00e9, services \u00e0 la population, lien social, mobilit\u00e9 ou encore qualit\u00e9 du cadre de vie.<\/p>\n<hr data-start=\"2043\" data-end=\"2046\" \/>\n<h3 data-start=\"2048\" data-end=\"2109\">Une d\u00e9marche pleinement inscrite dans la formation SAPVER<\/h3>\n<p data-start=\"2111\" data-end=\"2433\">Ce projet trouve toute sa place dans la formation <strong data-start=\"2161\" data-end=\"2212\">Services aux Personnes et Vente en Espace Rural<\/strong>. Comprendre les territoires, leurs sp\u00e9cificit\u00e9s et leurs transformations constitue un socle essentiel pour les futurs professionnels appel\u00e9s \u00e0 intervenir aupr\u00e8s des <strong data-start=\"2378\" data-end=\"2432\">personnes, des familles et des communaut\u00e9s locales<\/strong>.<\/p>\n<p data-start=\"2435\" data-end=\"2656\">En d\u00e9veloppant des comp\u00e9tences d\u2019observation, d\u2019analyse et d\u2019expression, les \u00e9l\u00e8ves renforcent leur capacit\u00e9 \u00e0 s\u2019inscrire dans une <strong data-start=\"2566\" data-end=\"2610\">logique de service et d\u2019engagement local<\/strong>, en lien direct avec les r\u00e9alit\u00e9s du terrain.<\/p>\n<hr data-start=\"2658\" data-end=\"2661\" \/>\n<h3 data-start=\"2663\" data-end=\"2696\">Imaginer le village de demain<\/h3>\n<p data-start=\"2698\" data-end=\"3060\">Cette s\u00e9ance marque une \u00e9tape importante du projet \u00ab Mon village id\u00e9al \u00bb. Forte des constats r\u00e9alis\u00e9s \u00e0 partir du pass\u00e9 et du pr\u00e9sent, la r\u00e9flexion se poursuit d\u00e9sormais vers l\u2019avenir.<br data-start=\"2882\" data-end=\"2885\" \/>Les \u00e9l\u00e8ves seront amen\u00e9s \u00e0 <strong data-start=\"2912\" data-end=\"2965\">concevoir leur propre vision du village de demain<\/strong>, en tenant compte des besoins des habitants, des enjeux sociaux et des r\u00e9alit\u00e9s territoriales.<\/p>\n<p data-start=\"3062\" data-end=\"3385\">Une d\u00e9marche p\u00e9dagogique qui conjugue <strong data-start=\"3100\" data-end=\"3165\">patrimoine local, r\u00e9flexion citoyenne et projet professionnel<\/strong>, et qui illustre pleinement l\u2019ambition du CAP SAPVER au lyc\u00e9e Vallon Bonnevaux : former des jeunes <strong data-start=\"3265\" data-end=\"3295\">acteurs de leur territoire<\/strong>, conscients de leur r\u00f4le et capables de s\u2019engager de mani\u00e8re \u00e9clair\u00e9e dans la vie locale.<\/p>\n","protected":false},"excerpt":{"rendered":"<p>\u00c0 travers l\u2019analyse d\u2019archives photographiques, les \u00e9l\u00e8ves de CAP SAPVER du lyc\u00e9e Vallon Bonnevaux \u00e9tudient l\u2019\u00e9volution de leurs villages et d\u00e9veloppent une r\u00e9flexion citoyenne sur les<span class=\"excerpt-hellip\"> [\u2026]<\/span><\/p>\n","protected":false},"author":2,"featured_media":3245,"comment_status":"open","ping_status":"open","sticky":false,"template":"","format":"standard","meta":{"_mi_skip_tracking":false,"_monsterinsights_sitenote_active":false,"_monsterinsights_sitenote_note":"","_monsterinsights_sitenote_category":0,"footnotes":""},"categories":[2,3],"tags":[],"class_list":["post-3242","post","type-post","status-publish","format-standard","has-post-thumbnail","hentry","category-actualites-infos","category-formation-pedagogie"],"yoast_head":"<!-- This site is optimized with the Yoast SEO plugin v20.8 - https:\/\/yoast.com\/wordpress\/plugins\/seo\/ -->\n<title>Nos territoires d\u2019hier et d\u2019aujourd\u2019hui : les CAP SAPVER \u00e0 la d\u00e9couverte de l\u2019\u00e9volution de leurs villages - VB Mag<\/title>\n<meta name=\"robots\" content=\"index, follow, max-snippet:-1, max-image-preview:large, max-video-preview:-1\" \/>\n<link rel=\"canonical\" href=\"https:\/\/www.vallon-bonnevaux.fr\/vbmag\/nos-territoires-dhier-et-daujourdhui-les-cap-sapver-a-la-decouverte-de-levolution-de-leurs-villages\/\" \/>\n<meta property=\"og:locale\" content=\"fr_FR\" \/>\n<meta property=\"og:type\" content=\"article\" \/>\n<meta property=\"og:title\" content=\"Nos territoires d\u2019hier et d\u2019aujourd\u2019hui : les CAP SAPVER \u00e0 la d\u00e9couverte de l\u2019\u00e9volution de leurs villages - VB Mag\" \/>\n<meta property=\"og:description\" content=\"\u00c0 travers l\u2019analyse d\u2019archives photographiques, les \u00e9l\u00e8ves de CAP SAPVER du lyc\u00e9e Vallon Bonnevaux \u00e9tudient l\u2019\u00e9volution de leurs villages et d\u00e9veloppent une r\u00e9flexion citoyenne sur les [\u2026]\" \/>\n<meta property=\"og:url\" content=\"https:\/\/www.vallon-bonnevaux.fr\/vbmag\/nos-territoires-dhier-et-daujourdhui-les-cap-sapver-a-la-decouverte-de-levolution-de-leurs-villages\/\" \/>\n<meta property=\"og:site_name\" content=\"VB Mag\" \/>\n<meta property=\"article:publisher\" content=\"https:\/\/www.facebook.com\/lyceevallonbonnevaux\" \/>\n<meta property=\"article:published_time\" content=\"2025-12-12T18:32:28+00:00\" \/>\n<meta property=\"article:modified_time\" content=\"2026-04-20T08:26:58+00:00\" \/>\n<meta property=\"og:image\" content=\"https:\/\/www.vallon-bonnevaux.fr\/vbmag\/wp-content\/uploads\/2025\/12\/CAP-SAPVER-TERRITOIRE-1-VALLON-BONNEVAUX-ST-JEAN-DE-BOURNAY.jpg\" \/>\n\t<meta property=\"og:image:width\" content=\"1150\" \/>\n\t<meta property=\"og:image:height\" content=\"2044\" \/>\n\t<meta property=\"og:image:type\" content=\"image\/jpeg\" \/>\n<meta name=\"author\" content=\"VBCommunication\" \/>\n<meta name=\"twitter:card\" content=\"summary_large_image\" \/>\n<meta name=\"twitter:label1\" content=\"\u00c9crit par\" \/>\n\t<meta name=\"twitter:data1\" content=\"VBCommunication\" \/>\n\t<meta name=\"twitter:label2\" content=\"Dur\u00e9e de lecture estim\u00e9e\" \/>\n\t<meta name=\"twitter:data2\" content=\"3 minutes\" \/>\n<script type=\"application\/ld+json\" class=\"yoast-schema-graph\">{\"@context\":\"https:\/\/schema.org\",\"@graph\":[{\"@type\":\"Article\",\"@id\":\"https:\/\/www.vallon-bonnevaux.fr\/vbmag\/nos-territoires-dhier-et-daujourdhui-les-cap-sapver-a-la-decouverte-de-levolution-de-leurs-villages\/#article\",\"isPartOf\":{\"@id\":\"https:\/\/www.vallon-bonnevaux.fr\/vbmag\/nos-territoires-dhier-et-daujourdhui-les-cap-sapver-a-la-decouverte-de-levolution-de-leurs-villages\/\"},\"author\":{\"name\":\"VBCommunication\",\"@id\":\"https:\/\/www.vallon-bonnevaux.fr\/vbmag\/#\/schema\/person\/78d4bedf135508e9d2b8d343575fdd31\"},\"headline\":\"Nos territoires d\u2019hier et d\u2019aujourd\u2019hui : les CAP SAPVER \u00e0 la d\u00e9couverte de l\u2019\u00e9volution de leurs villages\",\"datePublished\":\"2025-12-12T18:32:28+00:00\",\"dateModified\":\"2026-04-20T08:26:58+00:00\",\"mainEntityOfPage\":{\"@id\":\"https:\/\/www.vallon-bonnevaux.fr\/vbmag\/nos-territoires-dhier-et-daujourdhui-les-cap-sapver-a-la-decouverte-de-levolution-de-leurs-villages\/\"},\"wordCount\":518,\"commentCount\":0,\"publisher\":{\"@id\":\"https:\/\/www.vallon-bonnevaux.fr\/vbmag\/#organization\"},\"articleSection\":[\"Actualit\u00e9s &amp; infos\",\"Formation &amp; P\u00e9dagogie\"],\"inLanguage\":\"fr-FR\",\"potentialAction\":[{\"@type\":\"CommentAction\",\"name\":\"Comment\",\"target\":[\"https:\/\/www.vallon-bonnevaux.fr\/vbmag\/nos-territoires-dhier-et-daujourdhui-les-cap-sapver-a-la-decouverte-de-levolution-de-leurs-villages\/#respond\"]}]},{\"@type\":\"WebPage\",\"@id\":\"https:\/\/www.vallon-bonnevaux.fr\/vbmag\/nos-territoires-dhier-et-daujourdhui-les-cap-sapver-a-la-decouverte-de-levolution-de-leurs-villages\/\",\"url\":\"https:\/\/www.vallon-bonnevaux.fr\/vbmag\/nos-territoires-dhier-et-daujourdhui-les-cap-sapver-a-la-decouverte-de-levolution-de-leurs-villages\/\",\"name\":\"Nos territoires d\u2019hier et d\u2019aujourd\u2019hui : les CAP SAPVER \u00e0 la d\u00e9couverte de l\u2019\u00e9volution de leurs villages - VB Mag\",\"isPartOf\":{\"@id\":\"https:\/\/www.vallon-bonnevaux.fr\/vbmag\/#website\"},\"datePublished\":\"2025-12-12T18:32:28+00:00\",\"dateModified\":\"2026-04-20T08:26:58+00:00\",\"breadcrumb\":{\"@id\":\"https:\/\/www.vallon-bonnevaux.fr\/vbmag\/nos-territoires-dhier-et-daujourdhui-les-cap-sapver-a-la-decouverte-de-levolution-de-leurs-villages\/#breadcrumb\"},\"inLanguage\":\"fr-FR\",\"potentialAction\":[{\"@type\":\"ReadAction\",\"target\":[\"https:\/\/www.vallon-bonnevaux.fr\/vbmag\/nos-territoires-dhier-et-daujourdhui-les-cap-sapver-a-la-decouverte-de-levolution-de-leurs-villages\/\"]}]},{\"@type\":\"BreadcrumbList\",\"@id\":\"https:\/\/www.vallon-bonnevaux.fr\/vbmag\/nos-territoires-dhier-et-daujourdhui-les-cap-sapver-a-la-decouverte-de-levolution-de-leurs-villages\/#breadcrumb\",\"itemListElement\":[{\"@type\":\"ListItem\",\"position\":1,\"name\":\"Accueil\",\"item\":\"https:\/\/www.vallon-bonnevaux.fr\/vbmag\/\"},{\"@type\":\"ListItem\",\"position\":2,\"name\":\"Nos territoires d\u2019hier et d\u2019aujourd\u2019hui : les CAP SAPVER \u00e0 la d\u00e9couverte de l\u2019\u00e9volution de leurs villages\"}]},{\"@type\":\"WebSite\",\"@id\":\"https:\/\/www.vallon-bonnevaux.fr\/vbmag\/#website\",\"url\":\"https:\/\/www.vallon-bonnevaux.fr\/vbmag\/\",\"name\":\"VBmag\",\"description\":\"\",\"publisher\":{\"@id\":\"https:\/\/www.vallon-bonnevaux.fr\/vbmag\/#organization\"},\"potentialAction\":[{\"@type\":\"SearchAction\",\"target\":{\"@type\":\"EntryPoint\",\"urlTemplate\":\"https:\/\/www.vallon-bonnevaux.fr\/vbmag\/?s={search_term_string}\"},\"query-input\":\"required name=search_term_string\"}],\"inLanguage\":\"fr-FR\"},{\"@type\":\"Organization\",\"@id\":\"https:\/\/www.vallon-bonnevaux.fr\/vbmag\/#organization\",\"name\":\"VBmag\",\"url\":\"https:\/\/www.vallon-bonnevaux.fr\/vbmag\/\",\"logo\":{\"@type\":\"ImageObject\",\"inLanguage\":\"fr-FR\",\"@id\":\"https:\/\/www.vallon-bonnevaux.fr\/vbmag\/#\/schema\/logo\/image\/\",\"url\":\"https:\/\/www.vallon-bonnevaux.fr\/vbmag\/wp-content\/uploads\/2023\/02\/Bonnevaux-logo-VBmag.png\",\"contentUrl\":\"https:\/\/www.vallon-bonnevaux.fr\/vbmag\/wp-content\/uploads\/2023\/02\/Bonnevaux-logo-VBmag.png\",\"width\":314,\"height\":143,\"caption\":\"VBmag\"},\"image\":{\"@id\":\"https:\/\/www.vallon-bonnevaux.fr\/vbmag\/#\/schema\/logo\/image\/\"},\"sameAs\":[\"https:\/\/www.facebook.com\/lyceevallonbonnevaux\",\"https:\/\/www.instagram.com\/lycee_vallon_bonnevaux\/\",\"https:\/\/www.linkedin.com\/company\/leap-le-vallon-les-bonnevaux\/?originalSubdomain=fr\"]},{\"@type\":\"Person\",\"@id\":\"https:\/\/www.vallon-bonnevaux.fr\/vbmag\/#\/schema\/person\/78d4bedf135508e9d2b8d343575fdd31\",\"name\":\"VBCommunication\",\"image\":{\"@type\":\"ImageObject\",\"inLanguage\":\"fr-FR\",\"@id\":\"https:\/\/www.vallon-bonnevaux.fr\/vbmag\/#\/schema\/person\/image\/\",\"url\":\"https:\/\/secure.gravatar.com\/avatar\/58fa64ce54dbedb7c6633693d600c884a245b0f97746903170fa62aae026cedc?s=96&d=mm&r=g\",\"contentUrl\":\"https:\/\/secure.gravatar.com\/avatar\/58fa64ce54dbedb7c6633693d600c884a245b0f97746903170fa62aae026cedc?s=96&d=mm&r=g\",\"caption\":\"VBCommunication\"},\"url\":\"https:\/\/www.vallon-bonnevaux.fr\/vbmag\/author\/vbcommunication\/\"}]}<\/script>\n<!-- \/ Yoast SEO plugin. -->","yoast_head_json":{"title":"Nos territoires d\u2019hier et d\u2019aujourd\u2019hui : les CAP SAPVER \u00e0 la d\u00e9couverte de l\u2019\u00e9volution de leurs villages - VB Mag","robots":{"index":"index","follow":"follow","max-snippet":"max-snippet:-1","max-image-preview":"max-image-preview:large","max-video-preview":"max-video-preview:-1"},"canonical":"https:\/\/www.vallon-bonnevaux.fr\/vbmag\/nos-territoires-dhier-et-daujourdhui-les-cap-sapver-a-la-decouverte-de-levolution-de-leurs-villages\/","og_locale":"fr_FR","og_type":"article","og_title":"Nos territoires d\u2019hier et d\u2019aujourd\u2019hui : les CAP SAPVER \u00e0 la d\u00e9couverte de l\u2019\u00e9volution de leurs villages - VB Mag","og_description":"\u00c0 travers l\u2019analyse d\u2019archives photographiques, les \u00e9l\u00e8ves de CAP SAPVER du lyc\u00e9e Vallon Bonnevaux \u00e9tudient l\u2019\u00e9volution de leurs villages et d\u00e9veloppent une r\u00e9flexion citoyenne sur les [\u2026]","og_url":"https:\/\/www.vallon-bonnevaux.fr\/vbmag\/nos-territoires-dhier-et-daujourdhui-les-cap-sapver-a-la-decouverte-de-levolution-de-leurs-villages\/","og_site_name":"VB Mag","article_publisher":"https:\/\/www.facebook.com\/lyceevallonbonnevaux","article_published_time":"2025-12-12T18:32:28+00:00","article_modified_time":"2026-04-20T08:26:58+00:00","og_image":[{"width":1150,"height":2044,"url":"https:\/\/www.vallon-bonnevaux.fr\/vbmag\/wp-content\/uploads\/2025\/12\/CAP-SAPVER-TERRITOIRE-1-VALLON-BONNEVAUX-ST-JEAN-DE-BOURNAY.jpg","type":"image\/jpeg"}],"author":"VBCommunication","twitter_card":"summary_large_image","twitter_misc":{"\u00c9crit par":"VBCommunication","Dur\u00e9e de lecture estim\u00e9e":"3 minutes"},"schema":{"@context":"https:\/\/schema.org","@graph":[{"@type":"Article","@id":"https:\/\/www.vallon-bonnevaux.fr\/vbmag\/nos-territoires-dhier-et-daujourdhui-les-cap-sapver-a-la-decouverte-de-levolution-de-leurs-villages\/#article","isPartOf":{"@id":"https:\/\/www.vallon-bonnevaux.fr\/vbmag\/nos-territoires-dhier-et-daujourdhui-les-cap-sapver-a-la-decouverte-de-levolution-de-leurs-villages\/"},"author":{"name":"VBCommunication","@id":"https:\/\/www.vallon-bonnevaux.fr\/vbmag\/#\/schema\/person\/78d4bedf135508e9d2b8d343575fdd31"},"headline":"Nos territoires d\u2019hier et d\u2019aujourd\u2019hui : les CAP SAPVER \u00e0 la d\u00e9couverte de l\u2019\u00e9volution de leurs villages","datePublished":"2025-12-12T18:32:28+00:00","dateModified":"2026-04-20T08:26:58+00:00","mainEntityOfPage":{"@id":"https:\/\/www.vallon-bonnevaux.fr\/vbmag\/nos-territoires-dhier-et-daujourdhui-les-cap-sapver-a-la-decouverte-de-levolution-de-leurs-villages\/"},"wordCount":518,"commentCount":0,"publisher":{"@id":"https:\/\/www.vallon-bonnevaux.fr\/vbmag\/#organization"},"articleSection":["Actualit\u00e9s &amp; infos","Formation &amp; P\u00e9dagogie"],"inLanguage":"fr-FR","potentialAction":[{"@type":"CommentAction","name":"Comment","target":["https:\/\/www.vallon-bonnevaux.fr\/vbmag\/nos-territoires-dhier-et-daujourdhui-les-cap-sapver-a-la-decouverte-de-levolution-de-leurs-villages\/#respond"]}]},{"@type":"WebPage","@id":"https:\/\/www.vallon-bonnevaux.fr\/vbmag\/nos-territoires-dhier-et-daujourdhui-les-cap-sapver-a-la-decouverte-de-levolution-de-leurs-villages\/","url":"https:\/\/www.vallon-bonnevaux.fr\/vbmag\/nos-territoires-dhier-et-daujourdhui-les-cap-sapver-a-la-decouverte-de-levolution-de-leurs-villages\/","name":"Nos territoires d\u2019hier et d\u2019aujourd\u2019hui : les CAP SAPVER \u00e0 la d\u00e9couverte de l\u2019\u00e9volution de leurs villages - VB Mag","isPartOf":{"@id":"https:\/\/www.vallon-bonnevaux.fr\/vbmag\/#website"},"datePublished":"2025-12-12T18:32:28+00:00","dateModified":"2026-04-20T08:26:58+00:00","breadcrumb":{"@id":"https:\/\/www.vallon-bonnevaux.fr\/vbmag\/nos-territoires-dhier-et-daujourdhui-les-cap-sapver-a-la-decouverte-de-levolution-de-leurs-villages\/#breadcrumb"},"inLanguage":"fr-FR","potentialAction":[{"@type":"ReadAction","target":["https:\/\/www.vallon-bonnevaux.fr\/vbmag\/nos-territoires-dhier-et-daujourdhui-les-cap-sapver-a-la-decouverte-de-levolution-de-leurs-villages\/"]}]},{"@type":"BreadcrumbList","@id":"https:\/\/www.vallon-bonnevaux.fr\/vbmag\/nos-territoires-dhier-et-daujourdhui-les-cap-sapver-a-la-decouverte-de-levolution-de-leurs-villages\/#breadcrumb","itemListElement":[{"@type":"ListItem","position":1,"name":"Accueil","item":"https:\/\/www.vallon-bonnevaux.fr\/vbmag\/"},{"@type":"ListItem","position":2,"name":"Nos territoires d\u2019hier et d\u2019aujourd\u2019hui : les CAP SAPVER \u00e0 la d\u00e9couverte de l\u2019\u00e9volution de leurs villages"}]},{"@type":"WebSite","@id":"https:\/\/www.vallon-bonnevaux.fr\/vbmag\/#website","url":"https:\/\/www.vallon-bonnevaux.fr\/vbmag\/","name":"VBmag","description":"","publisher":{"@id":"https:\/\/www.vallon-bonnevaux.fr\/vbmag\/#organization"},"potentialAction":[{"@type":"SearchAction","target":{"@type":"EntryPoint","urlTemplate":"https:\/\/www.vallon-bonnevaux.fr\/vbmag\/?s={search_term_string}"},"query-input":"required name=search_term_string"}],"inLanguage":"fr-FR"},{"@type":"Organization","@id":"https:\/\/www.vallon-bonnevaux.fr\/vbmag\/#organization","name":"VBmag","url":"https:\/\/www.vallon-bonnevaux.fr\/vbmag\/","logo":{"@type":"ImageObject","inLanguage":"fr-FR","@id":"https:\/\/www.vallon-bonnevaux.fr\/vbmag\/#\/schema\/logo\/image\/","url":"https:\/\/www.vallon-bonnevaux.fr\/vbmag\/wp-content\/uploads\/2023\/02\/Bonnevaux-logo-VBmag.png","contentUrl":"https:\/\/www.vallon-bonnevaux.fr\/vbmag\/wp-content\/uploads\/2023\/02\/Bonnevaux-logo-VBmag.png","width":314,"height":143,"caption":"VBmag"},"image":{"@id":"https:\/\/www.vallon-bonnevaux.fr\/vbmag\/#\/schema\/logo\/image\/"},"sameAs":["https:\/\/www.facebook.com\/lyceevallonbonnevaux","https:\/\/www.instagram.com\/lycee_vallon_bonnevaux\/","https:\/\/www.linkedin.com\/company\/leap-le-vallon-les-bonnevaux\/?originalSubdomain=fr"]},{"@type":"Person","@id":"https:\/\/www.vallon-bonnevaux.fr\/vbmag\/#\/schema\/person\/78d4bedf135508e9d2b8d343575fdd31","name":"VBCommunication","image":{"@type":"ImageObject","inLanguage":"fr-FR","@id":"https:\/\/www.vallon-bonnevaux.fr\/vbmag\/#\/schema\/person\/image\/","url":"https:\/\/secure.gravatar.com\/avatar\/58fa64ce54dbedb7c6633693d600c884a245b0f97746903170fa62aae026cedc?s=96&d=mm&r=g","contentUrl":"https:\/\/secure.gravatar.com\/avatar\/58fa64ce54dbedb7c6633693d600c884a245b0f97746903170fa62aae026cedc?s=96&d=mm&r=g","caption":"VBCommunication"},"url":"https:\/\/www.vallon-bonnevaux.fr\/vbmag\/author\/vbcommunication\/"}]}},"_links":{"self":[{"href":"https:\/\/www.vallon-bonnevaux.fr\/vbmag\/wp-json\/wp\/v2\/posts\/3242","targetHints":{"allow":["GET"]}}],"collection":[{"href":"https:\/\/www.vallon-bonnevaux.fr\/vbmag\/wp-json\/wp\/v2\/posts"}],"about":[{"href":"https:\/\/www.vallon-bonnevaux.fr\/vbmag\/wp-json\/wp\/v2\/types\/post"}],"author":[{"embeddable":true,"href":"https:\/\/www.vallon-bonnevaux.fr\/vbmag\/wp-json\/wp\/v2\/users\/2"}],"replies":[{"embeddable":true,"href":"https:\/\/www.vallon-bonnevaux.fr\/vbmag\/wp-json\/wp\/v2\/comments?post=3242"}],"version-history":[{"count":5,"href":"https:\/\/www.vallon-bonnevaux.fr\/vbmag\/wp-json\/wp\/v2\/posts\/3242\/revisions"}],"predecessor-version":[{"id":3253,"href":"https:\/\/www.vallon-bonnevaux.fr\/vbmag\/wp-json\/wp\/v2\/posts\/3242\/revisions\/3253"}],"wp:featuredmedia":[{"embeddable":true,"href":"https:\/\/www.vallon-bonnevaux.fr\/vbmag\/wp-json\/wp\/v2\/media\/3245"}],"wp:attachment":[{"href":"https:\/\/www.vallon-bonnevaux.fr\/vbmag\/wp-json\/wp\/v2\/media?parent=3242"}],"wp:term":[{"taxonomy":"category","embeddable":true,"href":"https:\/\/www.vallon-bonnevaux.fr\/vbmag\/wp-json\/wp\/v2\/categories?post=3242"},{"taxonomy":"post_tag","embeddable":true,"href":"https:\/\/www.vallon-bonnevaux.fr\/vbmag\/wp-json\/wp\/v2\/tags?post=3242"}],"curies":[{"name":"wp","href":"https:\/\/api.w.org\/{rel}","templated":true}]}}