{"id":3297,"date":"2026-01-07T22:00:42","date_gmt":"2026-01-07T21:00:42","guid":{"rendered":"https:\/\/www.vallon-bonnevaux.fr\/vbmag\/?p=3297"},"modified":"2026-04-20T10:15:28","modified_gmt":"2026-04-20T08:15:28","slug":"faire-sa-4%e1%b5%89-au-lycee-vallon-bonnevaux-redonner-du-sens-aux-apprentissages-et-preparer-son-orientation","status":"publish","type":"post","link":"https:\/\/www.vallon-bonnevaux.fr\/vbmag\/faire-sa-4%e1%b5%89-au-lycee-vallon-bonnevaux-redonner-du-sens-aux-apprentissages-et-preparer-son-orientation\/","title":{"rendered":"Faire sa 4\u1d49 au lyc\u00e9e Vallon Bonnevaux : redonner du sens aux apprentissages et pr\u00e9parer son orientation"},"content":{"rendered":"<h2 data-start=\"352\" data-end=\"412\"><img loading=\"lazy\" decoding=\"async\" class=\"alignnone size-medium wp-image-3299\" src=\"https:\/\/www.vallon-bonnevaux.fr\/vbmag\/wp-content\/uploads\/2026\/01\/4EME-PHYSIQUE-VALLON-BONNEVAUX-ST-JEAN-DE-BOURNAY-300x225.jpg\" alt=\"\" width=\"300\" height=\"225\" srcset=\"https:\/\/www.vallon-bonnevaux.fr\/vbmag\/wp-content\/uploads\/2026\/01\/4EME-PHYSIQUE-VALLON-BONNEVAUX-ST-JEAN-DE-BOURNAY-300x225.jpg 300w, https:\/\/www.vallon-bonnevaux.fr\/vbmag\/wp-content\/uploads\/2026\/01\/4EME-PHYSIQUE-VALLON-BONNEVAUX-ST-JEAN-DE-BOURNAY-1024x768.jpg 1024w, https:\/\/www.vallon-bonnevaux.fr\/vbmag\/wp-content\/uploads\/2026\/01\/4EME-PHYSIQUE-VALLON-BONNEVAUX-ST-JEAN-DE-BOURNAY-768x576.jpg 768w, https:\/\/www.vallon-bonnevaux.fr\/vbmag\/wp-content\/uploads\/2026\/01\/4EME-PHYSIQUE-VALLON-BONNEVAUX-ST-JEAN-DE-BOURNAY-1536x1152.jpg 1536w, https:\/\/www.vallon-bonnevaux.fr\/vbmag\/wp-content\/uploads\/2026\/01\/4EME-PHYSIQUE-VALLON-BONNEVAUX-ST-JEAN-DE-BOURNAY-2048x1536.jpg 2048w, https:\/\/www.vallon-bonnevaux.fr\/vbmag\/wp-content\/uploads\/2026\/01\/4EME-PHYSIQUE-VALLON-BONNEVAUX-ST-JEAN-DE-BOURNAY-195x146.jpg 195w, https:\/\/www.vallon-bonnevaux.fr\/vbmag\/wp-content\/uploads\/2026\/01\/4EME-PHYSIQUE-VALLON-BONNEVAUX-ST-JEAN-DE-BOURNAY-50x38.jpg 50w, https:\/\/www.vallon-bonnevaux.fr\/vbmag\/wp-content\/uploads\/2026\/01\/4EME-PHYSIQUE-VALLON-BONNEVAUX-ST-JEAN-DE-BOURNAY-100x75.jpg 100w, https:\/\/www.vallon-bonnevaux.fr\/vbmag\/wp-content\/uploads\/2026\/01\/4EME-PHYSIQUE-VALLON-BONNEVAUX-ST-JEAN-DE-BOURNAY-960x720.jpg 960w\" sizes=\"auto, (max-width: 300px) 100vw, 300px\" \/><img loading=\"lazy\" decoding=\"async\" class=\"alignnone size-medium wp-image-3300\" src=\"https:\/\/www.vallon-bonnevaux.fr\/vbmag\/wp-content\/uploads\/2026\/01\/4EME-ELECTRICITE-VALLON-BONNEVAUX-ST-JEAN-DE-BOURNAY-300x225.jpg\" alt=\"\" width=\"300\" height=\"225\" srcset=\"https:\/\/www.vallon-bonnevaux.fr\/vbmag\/wp-content\/uploads\/2026\/01\/4EME-ELECTRICITE-VALLON-BONNEVAUX-ST-JEAN-DE-BOURNAY-300x225.jpg 300w, https:\/\/www.vallon-bonnevaux.fr\/vbmag\/wp-content\/uploads\/2026\/01\/4EME-ELECTRICITE-VALLON-BONNEVAUX-ST-JEAN-DE-BOURNAY-1024x768.jpg 1024w, https:\/\/www.vallon-bonnevaux.fr\/vbmag\/wp-content\/uploads\/2026\/01\/4EME-ELECTRICITE-VALLON-BONNEVAUX-ST-JEAN-DE-BOURNAY-768x576.jpg 768w, https:\/\/www.vallon-bonnevaux.fr\/vbmag\/wp-content\/uploads\/2026\/01\/4EME-ELECTRICITE-VALLON-BONNEVAUX-ST-JEAN-DE-BOURNAY-1536x1152.jpg 1536w, https:\/\/www.vallon-bonnevaux.fr\/vbmag\/wp-content\/uploads\/2026\/01\/4EME-ELECTRICITE-VALLON-BONNEVAUX-ST-JEAN-DE-BOURNAY-2048x1536.jpg 2048w, https:\/\/www.vallon-bonnevaux.fr\/vbmag\/wp-content\/uploads\/2026\/01\/4EME-ELECTRICITE-VALLON-BONNEVAUX-ST-JEAN-DE-BOURNAY-195x146.jpg 195w, https:\/\/www.vallon-bonnevaux.fr\/vbmag\/wp-content\/uploads\/2026\/01\/4EME-ELECTRICITE-VALLON-BONNEVAUX-ST-JEAN-DE-BOURNAY-50x38.jpg 50w, https:\/\/www.vallon-bonnevaux.fr\/vbmag\/wp-content\/uploads\/2026\/01\/4EME-ELECTRICITE-VALLON-BONNEVAUX-ST-JEAN-DE-BOURNAY-100x75.jpg 100w, https:\/\/www.vallon-bonnevaux.fr\/vbmag\/wp-content\/uploads\/2026\/01\/4EME-ELECTRICITE-VALLON-BONNEVAUX-ST-JEAN-DE-BOURNAY-960x720.jpg 960w\" sizes=\"auto, (max-width: 300px) 100vw, 300px\" \/><img loading=\"lazy\" decoding=\"async\" class=\"alignnone size-medium wp-image-3301\" src=\"https:\/\/www.vallon-bonnevaux.fr\/vbmag\/wp-content\/uploads\/2026\/01\/4EME-TRAVAUX-PRATIQUE-VALLON-BONNEVAUX-ST-JEAN-DE-BOURNAY-300x225.jpg\" alt=\"\" width=\"300\" height=\"225\" srcset=\"https:\/\/www.vallon-bonnevaux.fr\/vbmag\/wp-content\/uploads\/2026\/01\/4EME-TRAVAUX-PRATIQUE-VALLON-BONNEVAUX-ST-JEAN-DE-BOURNAY-300x225.jpg 300w, https:\/\/www.vallon-bonnevaux.fr\/vbmag\/wp-content\/uploads\/2026\/01\/4EME-TRAVAUX-PRATIQUE-VALLON-BONNEVAUX-ST-JEAN-DE-BOURNAY-1024x768.jpg 1024w, https:\/\/www.vallon-bonnevaux.fr\/vbmag\/wp-content\/uploads\/2026\/01\/4EME-TRAVAUX-PRATIQUE-VALLON-BONNEVAUX-ST-JEAN-DE-BOURNAY-768x576.jpg 768w, https:\/\/www.vallon-bonnevaux.fr\/vbmag\/wp-content\/uploads\/2026\/01\/4EME-TRAVAUX-PRATIQUE-VALLON-BONNEVAUX-ST-JEAN-DE-BOURNAY-1536x1152.jpg 1536w, https:\/\/www.vallon-bonnevaux.fr\/vbmag\/wp-content\/uploads\/2026\/01\/4EME-TRAVAUX-PRATIQUE-VALLON-BONNEVAUX-ST-JEAN-DE-BOURNAY-2048x1536.jpg 2048w, https:\/\/www.vallon-bonnevaux.fr\/vbmag\/wp-content\/uploads\/2026\/01\/4EME-TRAVAUX-PRATIQUE-VALLON-BONNEVAUX-ST-JEAN-DE-BOURNAY-195x146.jpg 195w, https:\/\/www.vallon-bonnevaux.fr\/vbmag\/wp-content\/uploads\/2026\/01\/4EME-TRAVAUX-PRATIQUE-VALLON-BONNEVAUX-ST-JEAN-DE-BOURNAY-50x38.jpg 50w, https:\/\/www.vallon-bonnevaux.fr\/vbmag\/wp-content\/uploads\/2026\/01\/4EME-TRAVAUX-PRATIQUE-VALLON-BONNEVAUX-ST-JEAN-DE-BOURNAY-100x75.jpg 100w, https:\/\/www.vallon-bonnevaux.fr\/vbmag\/wp-content\/uploads\/2026\/01\/4EME-TRAVAUX-PRATIQUE-VALLON-BONNEVAUX-ST-JEAN-DE-BOURNAY-960x720.jpg 960w\" sizes=\"auto, (max-width: 300px) 100vw, 300px\" \/><\/h2>\n<h2 data-start=\"352\" data-end=\"412\">Une 4\u1d49 diff\u00e9rente, pens\u00e9e pour redonner envie d\u2019apprendre<\/h2>\n<p data-start=\"414\" data-end=\"815\">Au lyc\u00e9e Vallon Bonnevaux, la classe de 4\u1d49 s\u2019inscrit dans une approche coll\u00e8ge-lyc\u00e9e propre \u00e0 l\u2019enseignement agricole : <strong data-start=\"534\" data-end=\"598\">apprendre autrement pour redonner du sens aux apprentissages<\/strong>.<br data-start=\"599\" data-end=\"602\" \/>Ici, la 4\u1d49 n\u2019est pas une voie par d\u00e9faut. Elle constitue une <strong data-start=\"663\" data-end=\"709\">v\u00e9ritable \u00e9tape de reconstruction scolaire<\/strong>, pour des jeunes qui ont parfois perdu confiance ou qui ont besoin de comprendre pourquoi ils apprennent.<\/p>\n<p data-start=\"817\" data-end=\"978\">L\u2019objectif est clair : permettre \u00e0 chaque \u00e9l\u00e8ve de se sentir capable de r\u00e9ussir, de progresser \u00e0 son rythme et de commencer \u00e0 r\u00e9fl\u00e9chir sereinement \u00e0 son avenir.<\/p>\n<hr data-start=\"980\" data-end=\"983\" \/>\n<h2 data-start=\"985\" data-end=\"1032\">Quand la pratique donne du sens \u00e0 la th\u00e9orie<\/h2>\n<p data-start=\"1034\" data-end=\"1281\">Circuits \u00e9lectriques, montages en s\u00e9rie ou en d\u00e9rivation, notions de tension et d\u2019intensit\u00e9\u2026 Ces contenus, souvent per\u00e7us comme abstraits au coll\u00e8ge, prennent une toute autre dimension lorsque les \u00e9l\u00e8ves <strong data-start=\"1238\" data-end=\"1280\">manipulent, exp\u00e9rimentent et observent<\/strong>.<\/p>\n<p data-start=\"1283\" data-end=\"1597\">En 4\u1d49, les s\u00e9ances en laboratoire et en atelier occupent une place centrale. Les \u00e9l\u00e8ves travaillent en <strong data-start=\"1386\" data-end=\"1404\">petits groupes<\/strong>, c\u00e2blent leurs propres montages, sch\u00e9matisent leurs raisonnements et v\u00e9rifient concr\u00e8tement leurs hypoth\u00e8ses.<br data-start=\"1514\" data-end=\"1517\" \/>La th\u00e9orie ne dispara\u00eet pas : elle devient <strong data-start=\"1560\" data-end=\"1596\">compr\u00e9hensible, utile et vivante<\/strong>.<\/p>\n<p data-start=\"1599\" data-end=\"1684\">Cette p\u00e9dagogie active favorise l\u2019engagement, la m\u00e9morisation et la confiance en soi.<\/p>\n<hr data-start=\"1686\" data-end=\"1689\" \/>\n<h2 data-start=\"1691\" data-end=\"1757\">Un accompagnement personnalis\u00e9 pour avancer au rythme de chacun<\/h2>\n<p data-start=\"1759\" data-end=\"2043\">Au lyc\u00e9e Vallon Bonnevaux, chaque \u00e9l\u00e8ve est connu et accompagn\u00e9.<br data-start=\"1823\" data-end=\"1826\" \/>En plus des temps de classe, des <strong data-start=\"1859\" data-end=\"1896\">s\u00e9ances en effectifs tr\u00e8s r\u00e9duits<\/strong> permettent de reprendre certaines notions, d\u2019expliquer autrement et de r\u00e9pondre aux questions que les \u00e9l\u00e8ves n\u2019osent pas toujours poser en groupe.<\/p>\n<p data-start=\"2045\" data-end=\"2251\">Ces temps privil\u00e9gi\u00e9s favorisent le dialogue, l\u2019\u00e9coute et la compr\u00e9hension des enjeux scolaires. Ils permettent surtout de lever une question essentielle pour beaucoup de jeunes :<br data-start=\"2224\" data-end=\"2227\" \/><strong data-start=\"2227\" data-end=\"2251\">\u00ab \u00c0 quoi \u00e7a sert ? \u00bb<\/strong><\/p>\n<p data-start=\"2253\" data-end=\"2358\">Comprendre l\u2019utilit\u00e9 des apprentissages est souvent le premier pas vers une reprise de confiance durable.<\/p>\n<hr data-start=\"2360\" data-end=\"2363\" \/>\n<h2 data-start=\"2365\" data-end=\"2422\">Une 4\u1d49 pour construire son orientation progressivement<\/h2>\n<p data-start=\"2424\" data-end=\"2716\">Faire sa 4\u1d49 au lyc\u00e9e Vallon Bonnevaux, c\u2019est aussi b\u00e9n\u00e9ficier d\u2019une <strong data-start=\"2492\" data-end=\"2541\">d\u00e9couverte progressive du monde professionnel<\/strong>.<br data-start=\"2542\" data-end=\"2545\" \/>Sans enfermer les \u00e9l\u00e8ves trop t\u00f4t dans un choix, l\u2019\u00e9tablissement leur permet d\u2019explorer diff\u00e9rents secteurs, de mieux se conna\u00eetre et d\u2019identifier leurs centres d\u2019int\u00e9r\u00eat.<\/p>\n<p data-start=\"2718\" data-end=\"2883\">Cette r\u00e9flexion progressive sur l\u2019orientation aide les jeunes \u00e0 se projeter vers une 3\u1d49, puis vers un parcours g\u00e9n\u00e9ral ou professionnel choisi, coh\u00e9rent et r\u00e9aliste.<\/p>\n<hr data-start=\"2885\" data-end=\"2888\" \/>\n<h2 data-start=\"2890\" data-end=\"2953\">Renouer avec la r\u00e9ussite scolaire dans un cadre bienveillant<\/h2>\n<p data-start=\"2955\" data-end=\"3206\">La 4\u1d49 au lyc\u00e9e Vallon Bonnevaux repose sur des valeurs fortes : \u00e9coute, bienveillance, exigence et accompagnement.<br data-start=\"3069\" data-end=\"3072\" \/>Les \u00e9l\u00e8ves \u00e9voluent dans un cadre s\u00e9curisant, \u00e0 taille humaine, o\u00f9 l\u2019erreur est consid\u00e9r\u00e9e comme une \u00e9tape normale de l\u2019apprentissage.<\/p>\n<p data-start=\"3208\" data-end=\"3398\">En redonnant du sens aux savoirs, en valorisant la pratique et en accompagnant chaque jeune dans son parcours, la 4\u1d49 devient une <strong data-start=\"3337\" data-end=\"3397\">v\u00e9ritable opportunit\u00e9 de r\u00e9ussite et de relance scolaire<\/strong>.<\/p>\n<p data-start=\"3400\" data-end=\"3546\" data-is-last-node=\"\" data-is-only-node=\"\">Au lyc\u00e9e Vallon Bonnevaux, apprendre, c\u2019est comprendre, faire et progresser \u2014 pour construire d\u00e8s aujourd\u2019hui les bases d\u2019une orientation r\u00e9ussie.<\/p>\n<p data-start=\"3400\" data-end=\"3546\" data-is-last-node=\"\" data-is-only-node=\"\"><br data-start=\"173\" data-end=\"176\" \/>D\u00e9couvrir la 4\u1d49 au lyc\u00e9e Vallon Bonnevaux : une p\u00e9dagogie concr\u00e8te, un accompagnement personnalis\u00e9 et une orientation progressive pour renouer avec la r\u00e9ussite scolaire.<\/p>\n","protected":false},"excerpt":{"rendered":"<p>Une 4\u1d49 diff\u00e9rente, pens\u00e9e pour redonner envie d\u2019apprendre Au lyc\u00e9e Vallon Bonnevaux, la classe de 4\u1d49 s\u2019inscrit dans une approche coll\u00e8ge-lyc\u00e9e propre \u00e0 l\u2019enseignement agricole :<span class=\"excerpt-hellip\"> [\u2026]<\/span><\/p>\n","protected":false},"author":2,"featured_media":3300,"comment_status":"open","ping_status":"open","sticky":false,"template":"","format":"standard","meta":{"_mi_skip_tracking":false,"_monsterinsights_sitenote_active":false,"_monsterinsights_sitenote_note":"","_monsterinsights_sitenote_category":0,"footnotes":""},"categories":[2,3],"tags":[],"class_list":["post-3297","post","type-post","status-publish","format-standard","has-post-thumbnail","hentry","category-actualites-infos","category-formation-pedagogie"],"yoast_head":"<!-- This site is optimized with the Yoast SEO plugin v20.8 - https:\/\/yoast.com\/wordpress\/plugins\/seo\/ -->\n<title>Faire sa 4\u1d49 au lyc\u00e9e Vallon Bonnevaux : redonner du sens aux apprentissages et pr\u00e9parer son orientation - VB Mag<\/title>\n<meta name=\"robots\" content=\"index, follow, max-snippet:-1, max-image-preview:large, max-video-preview:-1\" \/>\n<link rel=\"canonical\" href=\"https:\/\/www.vallon-bonnevaux.fr\/vbmag\/faire-sa-4\u1d49-au-lycee-vallon-bonnevaux-redonner-du-sens-aux-apprentissages-et-preparer-son-orientation\/\" \/>\n<meta property=\"og:locale\" content=\"fr_FR\" \/>\n<meta property=\"og:type\" content=\"article\" \/>\n<meta property=\"og:title\" content=\"Faire sa 4\u1d49 au lyc\u00e9e Vallon Bonnevaux : redonner du sens aux apprentissages et pr\u00e9parer son orientation - VB Mag\" \/>\n<meta property=\"og:description\" content=\"Une 4\u1d49 diff\u00e9rente, pens\u00e9e pour redonner envie d\u2019apprendre Au lyc\u00e9e Vallon Bonnevaux, la classe de 4\u1d49 s\u2019inscrit dans une approche coll\u00e8ge-lyc\u00e9e propre \u00e0 l\u2019enseignement agricole : [\u2026]\" \/>\n<meta property=\"og:url\" content=\"https:\/\/www.vallon-bonnevaux.fr\/vbmag\/faire-sa-4\u1d49-au-lycee-vallon-bonnevaux-redonner-du-sens-aux-apprentissages-et-preparer-son-orientation\/\" \/>\n<meta property=\"og:site_name\" content=\"VB Mag\" \/>\n<meta property=\"article:publisher\" content=\"https:\/\/www.facebook.com\/lyceevallonbonnevaux\" \/>\n<meta property=\"article:published_time\" content=\"2026-01-07T21:00:42+00:00\" \/>\n<meta property=\"article:modified_time\" content=\"2026-04-20T08:15:28+00:00\" \/>\n<meta property=\"og:image\" content=\"https:\/\/www.vallon-bonnevaux.fr\/vbmag\/wp-content\/uploads\/2026\/01\/4EME-ELECTRICITE-VALLON-BONNEVAUX-ST-JEAN-DE-BOURNAY-scaled.jpg\" \/>\n\t<meta property=\"og:image:width\" content=\"2560\" \/>\n\t<meta property=\"og:image:height\" content=\"1920\" \/>\n\t<meta property=\"og:image:type\" content=\"image\/jpeg\" \/>\n<meta name=\"author\" content=\"VBCommunication\" \/>\n<meta name=\"twitter:card\" content=\"summary_large_image\" \/>\n<meta name=\"twitter:label1\" content=\"\u00c9crit par\" \/>\n\t<meta name=\"twitter:data1\" content=\"VBCommunication\" \/>\n\t<meta name=\"twitter:label2\" content=\"Dur\u00e9e de lecture estim\u00e9e\" \/>\n\t<meta name=\"twitter:data2\" content=\"4 minutes\" \/>\n<script type=\"application\/ld+json\" class=\"yoast-schema-graph\">{\"@context\":\"https:\/\/schema.org\",\"@graph\":[{\"@type\":\"Article\",\"@id\":\"https:\/\/www.vallon-bonnevaux.fr\/vbmag\/faire-sa-4%e1%b5%89-au-lycee-vallon-bonnevaux-redonner-du-sens-aux-apprentissages-et-preparer-son-orientation\/#article\",\"isPartOf\":{\"@id\":\"https:\/\/www.vallon-bonnevaux.fr\/vbmag\/faire-sa-4%e1%b5%89-au-lycee-vallon-bonnevaux-redonner-du-sens-aux-apprentissages-et-preparer-son-orientation\/\"},\"author\":{\"name\":\"VBCommunication\",\"@id\":\"https:\/\/www.vallon-bonnevaux.fr\/vbmag\/#\/schema\/person\/78d4bedf135508e9d2b8d343575fdd31\"},\"headline\":\"Faire sa 4\u1d49 au lyc\u00e9e Vallon Bonnevaux : redonner du sens aux apprentissages et pr\u00e9parer son orientation\",\"datePublished\":\"2026-01-07T21:00:42+00:00\",\"dateModified\":\"2026-04-20T08:15:28+00:00\",\"mainEntityOfPage\":{\"@id\":\"https:\/\/www.vallon-bonnevaux.fr\/vbmag\/faire-sa-4%e1%b5%89-au-lycee-vallon-bonnevaux-redonner-du-sens-aux-apprentissages-et-preparer-son-orientation\/\"},\"wordCount\":567,\"commentCount\":0,\"publisher\":{\"@id\":\"https:\/\/www.vallon-bonnevaux.fr\/vbmag\/#organization\"},\"articleSection\":[\"Actualit\u00e9s &amp; infos\",\"Formation &amp; P\u00e9dagogie\"],\"inLanguage\":\"fr-FR\",\"potentialAction\":[{\"@type\":\"CommentAction\",\"name\":\"Comment\",\"target\":[\"https:\/\/www.vallon-bonnevaux.fr\/vbmag\/faire-sa-4%e1%b5%89-au-lycee-vallon-bonnevaux-redonner-du-sens-aux-apprentissages-et-preparer-son-orientation\/#respond\"]}]},{\"@type\":\"WebPage\",\"@id\":\"https:\/\/www.vallon-bonnevaux.fr\/vbmag\/faire-sa-4%e1%b5%89-au-lycee-vallon-bonnevaux-redonner-du-sens-aux-apprentissages-et-preparer-son-orientation\/\",\"url\":\"https:\/\/www.vallon-bonnevaux.fr\/vbmag\/faire-sa-4%e1%b5%89-au-lycee-vallon-bonnevaux-redonner-du-sens-aux-apprentissages-et-preparer-son-orientation\/\",\"name\":\"Faire sa 4\u1d49 au lyc\u00e9e Vallon Bonnevaux : redonner du sens aux apprentissages et pr\u00e9parer son orientation - VB Mag\",\"isPartOf\":{\"@id\":\"https:\/\/www.vallon-bonnevaux.fr\/vbmag\/#website\"},\"datePublished\":\"2026-01-07T21:00:42+00:00\",\"dateModified\":\"2026-04-20T08:15:28+00:00\",\"breadcrumb\":{\"@id\":\"https:\/\/www.vallon-bonnevaux.fr\/vbmag\/faire-sa-4%e1%b5%89-au-lycee-vallon-bonnevaux-redonner-du-sens-aux-apprentissages-et-preparer-son-orientation\/#breadcrumb\"},\"inLanguage\":\"fr-FR\",\"potentialAction\":[{\"@type\":\"ReadAction\",\"target\":[\"https:\/\/www.vallon-bonnevaux.fr\/vbmag\/faire-sa-4%e1%b5%89-au-lycee-vallon-bonnevaux-redonner-du-sens-aux-apprentissages-et-preparer-son-orientation\/\"]}]},{\"@type\":\"BreadcrumbList\",\"@id\":\"https:\/\/www.vallon-bonnevaux.fr\/vbmag\/faire-sa-4%e1%b5%89-au-lycee-vallon-bonnevaux-redonner-du-sens-aux-apprentissages-et-preparer-son-orientation\/#breadcrumb\",\"itemListElement\":[{\"@type\":\"ListItem\",\"position\":1,\"name\":\"Accueil\",\"item\":\"https:\/\/www.vallon-bonnevaux.fr\/vbmag\/\"},{\"@type\":\"ListItem\",\"position\":2,\"name\":\"Faire sa 4\u1d49 au lyc\u00e9e Vallon Bonnevaux : redonner du sens aux apprentissages et pr\u00e9parer son orientation\"}]},{\"@type\":\"WebSite\",\"@id\":\"https:\/\/www.vallon-bonnevaux.fr\/vbmag\/#website\",\"url\":\"https:\/\/www.vallon-bonnevaux.fr\/vbmag\/\",\"name\":\"VBmag\",\"description\":\"\",\"publisher\":{\"@id\":\"https:\/\/www.vallon-bonnevaux.fr\/vbmag\/#organization\"},\"potentialAction\":[{\"@type\":\"SearchAction\",\"target\":{\"@type\":\"EntryPoint\",\"urlTemplate\":\"https:\/\/www.vallon-bonnevaux.fr\/vbmag\/?s={search_term_string}\"},\"query-input\":\"required name=search_term_string\"}],\"inLanguage\":\"fr-FR\"},{\"@type\":\"Organization\",\"@id\":\"https:\/\/www.vallon-bonnevaux.fr\/vbmag\/#organization\",\"name\":\"VBmag\",\"url\":\"https:\/\/www.vallon-bonnevaux.fr\/vbmag\/\",\"logo\":{\"@type\":\"ImageObject\",\"inLanguage\":\"fr-FR\",\"@id\":\"https:\/\/www.vallon-bonnevaux.fr\/vbmag\/#\/schema\/logo\/image\/\",\"url\":\"https:\/\/www.vallon-bonnevaux.fr\/vbmag\/wp-content\/uploads\/2023\/02\/Bonnevaux-logo-VBmag.png\",\"contentUrl\":\"https:\/\/www.vallon-bonnevaux.fr\/vbmag\/wp-content\/uploads\/2023\/02\/Bonnevaux-logo-VBmag.png\",\"width\":314,\"height\":143,\"caption\":\"VBmag\"},\"image\":{\"@id\":\"https:\/\/www.vallon-bonnevaux.fr\/vbmag\/#\/schema\/logo\/image\/\"},\"sameAs\":[\"https:\/\/www.facebook.com\/lyceevallonbonnevaux\",\"https:\/\/www.instagram.com\/lycee_vallon_bonnevaux\/\",\"https:\/\/www.linkedin.com\/company\/leap-le-vallon-les-bonnevaux\/?originalSubdomain=fr\"]},{\"@type\":\"Person\",\"@id\":\"https:\/\/www.vallon-bonnevaux.fr\/vbmag\/#\/schema\/person\/78d4bedf135508e9d2b8d343575fdd31\",\"name\":\"VBCommunication\",\"image\":{\"@type\":\"ImageObject\",\"inLanguage\":\"fr-FR\",\"@id\":\"https:\/\/www.vallon-bonnevaux.fr\/vbmag\/#\/schema\/person\/image\/\",\"url\":\"https:\/\/secure.gravatar.com\/avatar\/58fa64ce54dbedb7c6633693d600c884a245b0f97746903170fa62aae026cedc?s=96&d=mm&r=g\",\"contentUrl\":\"https:\/\/secure.gravatar.com\/avatar\/58fa64ce54dbedb7c6633693d600c884a245b0f97746903170fa62aae026cedc?s=96&d=mm&r=g\",\"caption\":\"VBCommunication\"},\"url\":\"https:\/\/www.vallon-bonnevaux.fr\/vbmag\/author\/vbcommunication\/\"}]}<\/script>\n<!-- \/ Yoast SEO plugin. -->","yoast_head_json":{"title":"Faire sa 4\u1d49 au lyc\u00e9e Vallon Bonnevaux : redonner du sens aux apprentissages et pr\u00e9parer son orientation - VB Mag","robots":{"index":"index","follow":"follow","max-snippet":"max-snippet:-1","max-image-preview":"max-image-preview:large","max-video-preview":"max-video-preview:-1"},"canonical":"https:\/\/www.vallon-bonnevaux.fr\/vbmag\/faire-sa-4\u1d49-au-lycee-vallon-bonnevaux-redonner-du-sens-aux-apprentissages-et-preparer-son-orientation\/","og_locale":"fr_FR","og_type":"article","og_title":"Faire sa 4\u1d49 au lyc\u00e9e Vallon Bonnevaux : redonner du sens aux apprentissages et pr\u00e9parer son orientation - VB Mag","og_description":"Une 4\u1d49 diff\u00e9rente, pens\u00e9e pour redonner envie d\u2019apprendre Au lyc\u00e9e Vallon Bonnevaux, la classe de 4\u1d49 s\u2019inscrit dans une approche coll\u00e8ge-lyc\u00e9e propre \u00e0 l\u2019enseignement agricole : [\u2026]","og_url":"https:\/\/www.vallon-bonnevaux.fr\/vbmag\/faire-sa-4\u1d49-au-lycee-vallon-bonnevaux-redonner-du-sens-aux-apprentissages-et-preparer-son-orientation\/","og_site_name":"VB Mag","article_publisher":"https:\/\/www.facebook.com\/lyceevallonbonnevaux","article_published_time":"2026-01-07T21:00:42+00:00","article_modified_time":"2026-04-20T08:15:28+00:00","og_image":[{"width":2560,"height":1920,"url":"https:\/\/www.vallon-bonnevaux.fr\/vbmag\/wp-content\/uploads\/2026\/01\/4EME-ELECTRICITE-VALLON-BONNEVAUX-ST-JEAN-DE-BOURNAY-scaled.jpg","type":"image\/jpeg"}],"author":"VBCommunication","twitter_card":"summary_large_image","twitter_misc":{"\u00c9crit par":"VBCommunication","Dur\u00e9e de lecture estim\u00e9e":"4 minutes"},"schema":{"@context":"https:\/\/schema.org","@graph":[{"@type":"Article","@id":"https:\/\/www.vallon-bonnevaux.fr\/vbmag\/faire-sa-4%e1%b5%89-au-lycee-vallon-bonnevaux-redonner-du-sens-aux-apprentissages-et-preparer-son-orientation\/#article","isPartOf":{"@id":"https:\/\/www.vallon-bonnevaux.fr\/vbmag\/faire-sa-4%e1%b5%89-au-lycee-vallon-bonnevaux-redonner-du-sens-aux-apprentissages-et-preparer-son-orientation\/"},"author":{"name":"VBCommunication","@id":"https:\/\/www.vallon-bonnevaux.fr\/vbmag\/#\/schema\/person\/78d4bedf135508e9d2b8d343575fdd31"},"headline":"Faire sa 4\u1d49 au lyc\u00e9e Vallon Bonnevaux : redonner du sens aux apprentissages et pr\u00e9parer son orientation","datePublished":"2026-01-07T21:00:42+00:00","dateModified":"2026-04-20T08:15:28+00:00","mainEntityOfPage":{"@id":"https:\/\/www.vallon-bonnevaux.fr\/vbmag\/faire-sa-4%e1%b5%89-au-lycee-vallon-bonnevaux-redonner-du-sens-aux-apprentissages-et-preparer-son-orientation\/"},"wordCount":567,"commentCount":0,"publisher":{"@id":"https:\/\/www.vallon-bonnevaux.fr\/vbmag\/#organization"},"articleSection":["Actualit\u00e9s &amp; infos","Formation &amp; P\u00e9dagogie"],"inLanguage":"fr-FR","potentialAction":[{"@type":"CommentAction","name":"Comment","target":["https:\/\/www.vallon-bonnevaux.fr\/vbmag\/faire-sa-4%e1%b5%89-au-lycee-vallon-bonnevaux-redonner-du-sens-aux-apprentissages-et-preparer-son-orientation\/#respond"]}]},{"@type":"WebPage","@id":"https:\/\/www.vallon-bonnevaux.fr\/vbmag\/faire-sa-4%e1%b5%89-au-lycee-vallon-bonnevaux-redonner-du-sens-aux-apprentissages-et-preparer-son-orientation\/","url":"https:\/\/www.vallon-bonnevaux.fr\/vbmag\/faire-sa-4%e1%b5%89-au-lycee-vallon-bonnevaux-redonner-du-sens-aux-apprentissages-et-preparer-son-orientation\/","name":"Faire sa 4\u1d49 au lyc\u00e9e Vallon Bonnevaux : redonner du sens aux apprentissages et pr\u00e9parer son orientation - VB Mag","isPartOf":{"@id":"https:\/\/www.vallon-bonnevaux.fr\/vbmag\/#website"},"datePublished":"2026-01-07T21:00:42+00:00","dateModified":"2026-04-20T08:15:28+00:00","breadcrumb":{"@id":"https:\/\/www.vallon-bonnevaux.fr\/vbmag\/faire-sa-4%e1%b5%89-au-lycee-vallon-bonnevaux-redonner-du-sens-aux-apprentissages-et-preparer-son-orientation\/#breadcrumb"},"inLanguage":"fr-FR","potentialAction":[{"@type":"ReadAction","target":["https:\/\/www.vallon-bonnevaux.fr\/vbmag\/faire-sa-4%e1%b5%89-au-lycee-vallon-bonnevaux-redonner-du-sens-aux-apprentissages-et-preparer-son-orientation\/"]}]},{"@type":"BreadcrumbList","@id":"https:\/\/www.vallon-bonnevaux.fr\/vbmag\/faire-sa-4%e1%b5%89-au-lycee-vallon-bonnevaux-redonner-du-sens-aux-apprentissages-et-preparer-son-orientation\/#breadcrumb","itemListElement":[{"@type":"ListItem","position":1,"name":"Accueil","item":"https:\/\/www.vallon-bonnevaux.fr\/vbmag\/"},{"@type":"ListItem","position":2,"name":"Faire sa 4\u1d49 au lyc\u00e9e Vallon Bonnevaux : redonner du sens aux apprentissages et pr\u00e9parer son orientation"}]},{"@type":"WebSite","@id":"https:\/\/www.vallon-bonnevaux.fr\/vbmag\/#website","url":"https:\/\/www.vallon-bonnevaux.fr\/vbmag\/","name":"VBmag","description":"","publisher":{"@id":"https:\/\/www.vallon-bonnevaux.fr\/vbmag\/#organization"},"potentialAction":[{"@type":"SearchAction","target":{"@type":"EntryPoint","urlTemplate":"https:\/\/www.vallon-bonnevaux.fr\/vbmag\/?s={search_term_string}"},"query-input":"required name=search_term_string"}],"inLanguage":"fr-FR"},{"@type":"Organization","@id":"https:\/\/www.vallon-bonnevaux.fr\/vbmag\/#organization","name":"VBmag","url":"https:\/\/www.vallon-bonnevaux.fr\/vbmag\/","logo":{"@type":"ImageObject","inLanguage":"fr-FR","@id":"https:\/\/www.vallon-bonnevaux.fr\/vbmag\/#\/schema\/logo\/image\/","url":"https:\/\/www.vallon-bonnevaux.fr\/vbmag\/wp-content\/uploads\/2023\/02\/Bonnevaux-logo-VBmag.png","contentUrl":"https:\/\/www.vallon-bonnevaux.fr\/vbmag\/wp-content\/uploads\/2023\/02\/Bonnevaux-logo-VBmag.png","width":314,"height":143,"caption":"VBmag"},"image":{"@id":"https:\/\/www.vallon-bonnevaux.fr\/vbmag\/#\/schema\/logo\/image\/"},"sameAs":["https:\/\/www.facebook.com\/lyceevallonbonnevaux","https:\/\/www.instagram.com\/lycee_vallon_bonnevaux\/","https:\/\/www.linkedin.com\/company\/leap-le-vallon-les-bonnevaux\/?originalSubdomain=fr"]},{"@type":"Person","@id":"https:\/\/www.vallon-bonnevaux.fr\/vbmag\/#\/schema\/person\/78d4bedf135508e9d2b8d343575fdd31","name":"VBCommunication","image":{"@type":"ImageObject","inLanguage":"fr-FR","@id":"https:\/\/www.vallon-bonnevaux.fr\/vbmag\/#\/schema\/person\/image\/","url":"https:\/\/secure.gravatar.com\/avatar\/58fa64ce54dbedb7c6633693d600c884a245b0f97746903170fa62aae026cedc?s=96&d=mm&r=g","contentUrl":"https:\/\/secure.gravatar.com\/avatar\/58fa64ce54dbedb7c6633693d600c884a245b0f97746903170fa62aae026cedc?s=96&d=mm&r=g","caption":"VBCommunication"},"url":"https:\/\/www.vallon-bonnevaux.fr\/vbmag\/author\/vbcommunication\/"}]}},"_links":{"self":[{"href":"https:\/\/www.vallon-bonnevaux.fr\/vbmag\/wp-json\/wp\/v2\/posts\/3297","targetHints":{"allow":["GET"]}}],"collection":[{"href":"https:\/\/www.vallon-bonnevaux.fr\/vbmag\/wp-json\/wp\/v2\/posts"}],"about":[{"href":"https:\/\/www.vallon-bonnevaux.fr\/vbmag\/wp-json\/wp\/v2\/types\/post"}],"author":[{"embeddable":true,"href":"https:\/\/www.vallon-bonnevaux.fr\/vbmag\/wp-json\/wp\/v2\/users\/2"}],"replies":[{"embeddable":true,"href":"https:\/\/www.vallon-bonnevaux.fr\/vbmag\/wp-json\/wp\/v2\/comments?post=3297"}],"version-history":[{"count":3,"href":"https:\/\/www.vallon-bonnevaux.fr\/vbmag\/wp-json\/wp\/v2\/posts\/3297\/revisions"}],"predecessor-version":[{"id":3303,"href":"https:\/\/www.vallon-bonnevaux.fr\/vbmag\/wp-json\/wp\/v2\/posts\/3297\/revisions\/3303"}],"wp:featuredmedia":[{"embeddable":true,"href":"https:\/\/www.vallon-bonnevaux.fr\/vbmag\/wp-json\/wp\/v2\/media\/3300"}],"wp:attachment":[{"href":"https:\/\/www.vallon-bonnevaux.fr\/vbmag\/wp-json\/wp\/v2\/media?parent=3297"}],"wp:term":[{"taxonomy":"category","embeddable":true,"href":"https:\/\/www.vallon-bonnevaux.fr\/vbmag\/wp-json\/wp\/v2\/categories?post=3297"},{"taxonomy":"post_tag","embeddable":true,"href":"https:\/\/www.vallon-bonnevaux.fr\/vbmag\/wp-json\/wp\/v2\/tags?post=3297"}],"curies":[{"name":"wp","href":"https:\/\/api.w.org\/{rel}","templated":true}]}}