{"id":3309,"date":"2026-01-12T22:07:29","date_gmt":"2026-01-12T21:07:29","guid":{"rendered":"https:\/\/www.vallon-bonnevaux.fr\/vbmag\/?p=3309"},"modified":"2026-04-20T10:13:30","modified_gmt":"2026-04-20T08:13:30","slug":"9-decembre-les-eleves-de-sapat-font-vivre-la-laicite","status":"publish","type":"post","link":"https:\/\/www.vallon-bonnevaux.fr\/vbmag\/9-decembre-les-eleves-de-sapat-font-vivre-la-laicite\/","title":{"rendered":"La\u00efcit\u00e9 en action : les \u00e9l\u00e8ves de Bac Pro SAPAT s\u2019engagent \u00e0 travers des projets p\u00e9dagogiques forts"},"content":{"rendered":"<p><img loading=\"lazy\" decoding=\"async\" class=\"alignnone size-full wp-image-3311\" src=\"https:\/\/www.vallon-bonnevaux.fr\/vbmag\/wp-content\/uploads\/2026\/01\/SAPAT-LAICITE-LYCEE-VALLON-BONNEVAUX-ST-JEAN-DE-BOURNAY.jpg\" alt=\"\" width=\"298\" height=\"169\" srcset=\"https:\/\/www.vallon-bonnevaux.fr\/vbmag\/wp-content\/uploads\/2026\/01\/SAPAT-LAICITE-LYCEE-VALLON-BONNEVAUX-ST-JEAN-DE-BOURNAY.jpg 298w, https:\/\/www.vallon-bonnevaux.fr\/vbmag\/wp-content\/uploads\/2026\/01\/SAPAT-LAICITE-LYCEE-VALLON-BONNEVAUX-ST-JEAN-DE-BOURNAY-257x146.jpg 257w, https:\/\/www.vallon-bonnevaux.fr\/vbmag\/wp-content\/uploads\/2026\/01\/SAPAT-LAICITE-LYCEE-VALLON-BONNEVAUX-ST-JEAN-DE-BOURNAY-50x28.jpg 50w, https:\/\/www.vallon-bonnevaux.fr\/vbmag\/wp-content\/uploads\/2026\/01\/SAPAT-LAICITE-LYCEE-VALLON-BONNEVAUX-ST-JEAN-DE-BOURNAY-132x75.jpg 132w\" sizes=\"auto, (max-width: 298px) 100vw, 298px\" \/><\/p>\n<p>Chaque 9 d\u00e9cembre, la France c\u00e9l\u00e8bre la <strong>Journ\u00e9e nationale de la la\u00efcit\u00e9<\/strong>, en m\u00e9moire de la loi de 1905 sur la s\u00e9paration des \u00c9glises et de l\u2019\u00c9tat. Cette ann\u00e9e, les \u00e9l\u00e8ves de <strong>Bac Pro SAPAT<\/strong> ont relev\u00e9 le d\u00e9fi de rendre ce principe vivant et concret \u00e0 travers des <strong>projets p\u00e9dagogiques originaux<\/strong> : escape game, rallye en ville, jeu de plateau&#8230; Une mani\u00e8re engag\u00e9e de conjuguer <strong>citoyennet\u00e9, professionnalisme et cr\u00e9ativit\u00e9<\/strong>.<\/p>\n<h4>\ud83e\udde9 <strong>Un escape game immersif sur les valeurs de la R\u00e9publique<\/strong><\/h4>\n<p>Les \u00e9l\u00e8ves de <strong>Terminale Bac Pro SAPAT<\/strong> ont con\u00e7u un <strong>escape game \u00e9ducatif<\/strong>, centr\u00e9 sur trois axes :<\/p>\n<ul>\n<li>Les <strong>symboles de la R\u00e9publique fran\u00e7aise<\/strong><\/li>\n<li>Les <strong>principes fondamentaux<\/strong> (la\u00efcit\u00e9, neutralit\u00e9, libert\u00e9 de conscience\u2026)<\/li>\n<li>Les <strong>dates cl\u00e9s<\/strong> de l\u2019histoire de la la\u00efcit\u00e9 (1789 \u00e0 aujourd\u2019hui)<\/li>\n<\/ul>\n<p>Travaillant en petits groupes pendant deux mois dans le cadre du <strong>module d\u2019animation<\/strong>, ils ont imagin\u00e9 les \u00e9nigmes, fabriqu\u00e9 le mat\u00e9riel et anim\u00e9 les s\u00e9ances pour les classes de 4e et 3e. Une belle illustration de la p\u00e9dagogie active.<\/p>\n<h4>\ud83c\udfd9\ufe0f <strong>Un rallye p\u00e9dagogique \u00e0 travers la commune<\/strong><\/h4>\n<p>Les <strong>\u00e9l\u00e8ves de Seconde<\/strong> ont organis\u00e9 un <strong>rallye urbain en cinq \u00e9tapes<\/strong>, mettant en lumi\u00e8re diff\u00e9rentes dimensions de la la\u00efcit\u00e9 :<\/p>\n<ul>\n<li><strong>L\u2019\u00e9cole<\/strong> : lieu de transmission des savoirs et des valeurs<\/li>\n<li><strong>Le coll\u00e8ge<\/strong> : continuit\u00e9 \u00e9ducative et Charte de la la\u00efcit\u00e9<\/li>\n<li><strong>La mairie<\/strong> : \u00e9galit\u00e9 de tous devant les services publics<\/li>\n<li><strong>La m\u00e9diath\u00e8que<\/strong> : acc\u00e8s libre et universel \u00e0 la culture<\/li>\n<li><strong>L\u2019\u00e9glise<\/strong> : libert\u00e9 de culte dans le respect de la s\u00e9paration des pouvoirs<\/li>\n<\/ul>\n<p>\u00c0 chaque \u00e9tape, des <strong>panneaux explicatifs con\u00e7us par les \u00e9l\u00e8ves<\/strong> liaient les lieux aux grands principes de la la\u00efcit\u00e9.<\/p>\n<h4>\ud83c\udfb2 <strong>Un jeu de plateau pour aller plus loin<\/strong><\/h4>\n<p>Pour compl\u00e9ter le rallye, les \u00e9l\u00e8ves ont \u00e9galement con\u00e7u un <strong>jeu de plateau p\u00e9dagogique<\/strong> sur :<\/p>\n<ul>\n<li>L\u2019<strong>histoire de la la\u00efcit\u00e9<\/strong><\/li>\n<li>Les <strong>textes juridiques fondateurs<\/strong><\/li>\n<li>Les <strong>valeurs r\u00e9publicaines<\/strong><\/li>\n<li>Des <strong>situations concr\u00e8tes de terrain<\/strong><\/li>\n<\/ul>\n<p>Un outil ludique, accessible et pertinent pour prolonger l\u2019apprentissage de fa\u00e7on collaborative.<\/p>\n<h3>\ud83d\udc69\u200d\u2695\ufe0f <strong>Un lien direct avec leur futur m\u00e9tier<\/strong><\/h3>\n<p>Dans le cadre de leur formation SAPAT (Services Aux Personnes et Aux Territoires), ces projets prennent tout leur sens. Les \u00e9l\u00e8ves seront amen\u00e9s \u00e0 intervenir dans des contextes vari\u00e9s o\u00f9 <strong>le respect des convictions de chacun<\/strong> et la <strong>neutralit\u00e9 professionnelle<\/strong> sont essentiels :<\/p>\n<ul>\n<li>Organisation d\u2019activit\u00e9s inclusives<\/li>\n<li>Accompagnement vers des c\u00e9l\u00e9brations religieuses<\/li>\n<li>Respect des pratiques alimentaires<\/li>\n<li>Communication avec des familles aux convictions diverses<\/li>\n<\/ul>\n<blockquote><p><em>\u00ab La la\u00efcit\u00e9 n\u2019est pas un concept abstrait. C\u2019est un cadre concret que nos \u00e9l\u00e8ves devront appliquer au quotidien. \u00bb<\/em><\/p><\/blockquote>\n<h3>\ud83d\udcbc <strong>Des comp\u00e9tences cl\u00e9s d\u00e9velopp\u00e9es<\/strong><\/h3>\n<p>Au-del\u00e0 de la th\u00e9matique, ces projets ont permis aux \u00e9l\u00e8ves de d\u00e9velopper des <strong>comp\u00e9tences transversales essentielles<\/strong> \u00e0 leur vie professionnelle :<\/p>\n<ul>\n<li><strong>Gestion de projet<\/strong> (planification, coordination, respect des \u00e9ch\u00e9ances)<\/li>\n<li><strong>Travail en \u00e9quipe<\/strong> (\u00e9coute, compromis, coop\u00e9ration)<\/li>\n<li><strong>Communication adapt\u00e9e<\/strong> (animation, vulgarisation)<\/li>\n<li><strong>Relations ext\u00e9rieures<\/strong> (partenariats avec les institutions locales)<\/li>\n<li><strong>Cr\u00e9ativit\u00e9 p\u00e9dagogique<\/strong> (conception d\u2019outils ludiques)<\/li>\n<\/ul>\n<h3>\u2705 <strong>la citoyennet\u00e9 en actes<\/strong><\/h3>\n<p>En s\u2019appropriant le principe de <strong>la\u00efcit\u00e9<\/strong> \u00e0 travers des actions concr\u00e8tes, les \u00e9l\u00e8ves de Bac Pro SAPAT ont d\u00e9montr\u00e9 leur <strong>engagement citoyen<\/strong> et leur <strong>professionnalisme en devenir<\/strong>. Une belle mani\u00e8re de rendre hommage \u00e0 la loi de 1905 tout en se pr\u00e9parant aux r\u00e9alit\u00e9s du terrain.<\/p>\n","protected":false},"excerpt":{"rendered":"<p>Chaque 9 d\u00e9cembre, la France c\u00e9l\u00e8bre la Journ\u00e9e nationale de la la\u00efcit\u00e9, en m\u00e9moire de la loi de 1905 sur la s\u00e9paration des \u00c9glises et de<span class=\"excerpt-hellip\"> [\u2026]<\/span><\/p>\n","protected":false},"author":2,"featured_media":3311,"comment_status":"open","ping_status":"open","sticky":false,"template":"","format":"standard","meta":{"_mi_skip_tracking":false,"_monsterinsights_sitenote_active":false,"_monsterinsights_sitenote_note":"","_monsterinsights_sitenote_category":0,"footnotes":""},"categories":[2,3],"tags":[],"class_list":["post-3309","post","type-post","status-publish","format-standard","has-post-thumbnail","hentry","category-actualites-infos","category-formation-pedagogie"],"yoast_head":"<!-- This site is optimized with the Yoast SEO plugin v20.8 - https:\/\/yoast.com\/wordpress\/plugins\/seo\/ -->\n<title>La\u00efcit\u00e9 en action : les \u00e9l\u00e8ves de Bac Pro SAPAT s\u2019engagent \u00e0 travers des projets p\u00e9dagogiques forts - VB Mag<\/title>\n<meta name=\"robots\" content=\"index, follow, max-snippet:-1, max-image-preview:large, max-video-preview:-1\" \/>\n<link rel=\"canonical\" href=\"https:\/\/www.vallon-bonnevaux.fr\/vbmag\/9-decembre-les-eleves-de-sapat-font-vivre-la-laicite\/\" \/>\n<meta property=\"og:locale\" content=\"fr_FR\" \/>\n<meta property=\"og:type\" content=\"article\" \/>\n<meta property=\"og:title\" content=\"La\u00efcit\u00e9 en action : les \u00e9l\u00e8ves de Bac Pro SAPAT s\u2019engagent \u00e0 travers des projets p\u00e9dagogiques forts - VB Mag\" \/>\n<meta property=\"og:description\" content=\"Chaque 9 d\u00e9cembre, la France c\u00e9l\u00e8bre la Journ\u00e9e nationale de la la\u00efcit\u00e9, en m\u00e9moire de la loi de 1905 sur la s\u00e9paration des \u00c9glises et de [\u2026]\" \/>\n<meta property=\"og:url\" content=\"https:\/\/www.vallon-bonnevaux.fr\/vbmag\/9-decembre-les-eleves-de-sapat-font-vivre-la-laicite\/\" \/>\n<meta property=\"og:site_name\" content=\"VB Mag\" \/>\n<meta property=\"article:publisher\" content=\"https:\/\/www.facebook.com\/lyceevallonbonnevaux\" \/>\n<meta property=\"article:published_time\" content=\"2026-01-12T21:07:29+00:00\" \/>\n<meta property=\"article:modified_time\" content=\"2026-04-20T08:13:30+00:00\" \/>\n<meta property=\"og:image\" content=\"https:\/\/www.vallon-bonnevaux.fr\/vbmag\/wp-content\/uploads\/2026\/01\/SAPAT-LAICITE-LYCEE-VALLON-BONNEVAUX-ST-JEAN-DE-BOURNAY.jpg\" \/>\n\t<meta property=\"og:image:width\" content=\"298\" \/>\n\t<meta property=\"og:image:height\" content=\"169\" \/>\n\t<meta property=\"og:image:type\" content=\"image\/jpeg\" \/>\n<meta name=\"author\" content=\"VBCommunication\" \/>\n<meta name=\"twitter:card\" content=\"summary_large_image\" \/>\n<meta name=\"twitter:label1\" content=\"\u00c9crit par\" \/>\n\t<meta name=\"twitter:data1\" content=\"VBCommunication\" \/>\n\t<meta name=\"twitter:label2\" content=\"Dur\u00e9e de lecture estim\u00e9e\" \/>\n\t<meta name=\"twitter:data2\" content=\"3 minutes\" \/>\n<script type=\"application\/ld+json\" class=\"yoast-schema-graph\">{\"@context\":\"https:\/\/schema.org\",\"@graph\":[{\"@type\":\"Article\",\"@id\":\"https:\/\/www.vallon-bonnevaux.fr\/vbmag\/9-decembre-les-eleves-de-sapat-font-vivre-la-laicite\/#article\",\"isPartOf\":{\"@id\":\"https:\/\/www.vallon-bonnevaux.fr\/vbmag\/9-decembre-les-eleves-de-sapat-font-vivre-la-laicite\/\"},\"author\":{\"name\":\"VBCommunication\",\"@id\":\"https:\/\/www.vallon-bonnevaux.fr\/vbmag\/#\/schema\/person\/78d4bedf135508e9d2b8d343575fdd31\"},\"headline\":\"La\u00efcit\u00e9 en action : les \u00e9l\u00e8ves de Bac Pro SAPAT s\u2019engagent \u00e0 travers des projets p\u00e9dagogiques forts\",\"datePublished\":\"2026-01-12T21:07:29+00:00\",\"dateModified\":\"2026-04-20T08:13:30+00:00\",\"mainEntityOfPage\":{\"@id\":\"https:\/\/www.vallon-bonnevaux.fr\/vbmag\/9-decembre-les-eleves-de-sapat-font-vivre-la-laicite\/\"},\"wordCount\":592,\"commentCount\":0,\"publisher\":{\"@id\":\"https:\/\/www.vallon-bonnevaux.fr\/vbmag\/#organization\"},\"articleSection\":[\"Actualit\u00e9s &amp; infos\",\"Formation &amp; P\u00e9dagogie\"],\"inLanguage\":\"fr-FR\",\"potentialAction\":[{\"@type\":\"CommentAction\",\"name\":\"Comment\",\"target\":[\"https:\/\/www.vallon-bonnevaux.fr\/vbmag\/9-decembre-les-eleves-de-sapat-font-vivre-la-laicite\/#respond\"]}]},{\"@type\":\"WebPage\",\"@id\":\"https:\/\/www.vallon-bonnevaux.fr\/vbmag\/9-decembre-les-eleves-de-sapat-font-vivre-la-laicite\/\",\"url\":\"https:\/\/www.vallon-bonnevaux.fr\/vbmag\/9-decembre-les-eleves-de-sapat-font-vivre-la-laicite\/\",\"name\":\"La\u00efcit\u00e9 en action : les \u00e9l\u00e8ves de Bac Pro SAPAT s\u2019engagent \u00e0 travers des projets p\u00e9dagogiques forts - VB Mag\",\"isPartOf\":{\"@id\":\"https:\/\/www.vallon-bonnevaux.fr\/vbmag\/#website\"},\"datePublished\":\"2026-01-12T21:07:29+00:00\",\"dateModified\":\"2026-04-20T08:13:30+00:00\",\"breadcrumb\":{\"@id\":\"https:\/\/www.vallon-bonnevaux.fr\/vbmag\/9-decembre-les-eleves-de-sapat-font-vivre-la-laicite\/#breadcrumb\"},\"inLanguage\":\"fr-FR\",\"potentialAction\":[{\"@type\":\"ReadAction\",\"target\":[\"https:\/\/www.vallon-bonnevaux.fr\/vbmag\/9-decembre-les-eleves-de-sapat-font-vivre-la-laicite\/\"]}]},{\"@type\":\"BreadcrumbList\",\"@id\":\"https:\/\/www.vallon-bonnevaux.fr\/vbmag\/9-decembre-les-eleves-de-sapat-font-vivre-la-laicite\/#breadcrumb\",\"itemListElement\":[{\"@type\":\"ListItem\",\"position\":1,\"name\":\"Accueil\",\"item\":\"https:\/\/www.vallon-bonnevaux.fr\/vbmag\/\"},{\"@type\":\"ListItem\",\"position\":2,\"name\":\"La\u00efcit\u00e9 en action : les \u00e9l\u00e8ves de Bac Pro SAPAT s\u2019engagent \u00e0 travers des projets p\u00e9dagogiques forts\"}]},{\"@type\":\"WebSite\",\"@id\":\"https:\/\/www.vallon-bonnevaux.fr\/vbmag\/#website\",\"url\":\"https:\/\/www.vallon-bonnevaux.fr\/vbmag\/\",\"name\":\"VBmag\",\"description\":\"\",\"publisher\":{\"@id\":\"https:\/\/www.vallon-bonnevaux.fr\/vbmag\/#organization\"},\"potentialAction\":[{\"@type\":\"SearchAction\",\"target\":{\"@type\":\"EntryPoint\",\"urlTemplate\":\"https:\/\/www.vallon-bonnevaux.fr\/vbmag\/?s={search_term_string}\"},\"query-input\":\"required name=search_term_string\"}],\"inLanguage\":\"fr-FR\"},{\"@type\":\"Organization\",\"@id\":\"https:\/\/www.vallon-bonnevaux.fr\/vbmag\/#organization\",\"name\":\"VBmag\",\"url\":\"https:\/\/www.vallon-bonnevaux.fr\/vbmag\/\",\"logo\":{\"@type\":\"ImageObject\",\"inLanguage\":\"fr-FR\",\"@id\":\"https:\/\/www.vallon-bonnevaux.fr\/vbmag\/#\/schema\/logo\/image\/\",\"url\":\"https:\/\/www.vallon-bonnevaux.fr\/vbmag\/wp-content\/uploads\/2023\/02\/Bonnevaux-logo-VBmag.png\",\"contentUrl\":\"https:\/\/www.vallon-bonnevaux.fr\/vbmag\/wp-content\/uploads\/2023\/02\/Bonnevaux-logo-VBmag.png\",\"width\":314,\"height\":143,\"caption\":\"VBmag\"},\"image\":{\"@id\":\"https:\/\/www.vallon-bonnevaux.fr\/vbmag\/#\/schema\/logo\/image\/\"},\"sameAs\":[\"https:\/\/www.facebook.com\/lyceevallonbonnevaux\",\"https:\/\/www.instagram.com\/lycee_vallon_bonnevaux\/\",\"https:\/\/www.linkedin.com\/company\/leap-le-vallon-les-bonnevaux\/?originalSubdomain=fr\"]},{\"@type\":\"Person\",\"@id\":\"https:\/\/www.vallon-bonnevaux.fr\/vbmag\/#\/schema\/person\/78d4bedf135508e9d2b8d343575fdd31\",\"name\":\"VBCommunication\",\"image\":{\"@type\":\"ImageObject\",\"inLanguage\":\"fr-FR\",\"@id\":\"https:\/\/www.vallon-bonnevaux.fr\/vbmag\/#\/schema\/person\/image\/\",\"url\":\"https:\/\/secure.gravatar.com\/avatar\/58fa64ce54dbedb7c6633693d600c884a245b0f97746903170fa62aae026cedc?s=96&d=mm&r=g\",\"contentUrl\":\"https:\/\/secure.gravatar.com\/avatar\/58fa64ce54dbedb7c6633693d600c884a245b0f97746903170fa62aae026cedc?s=96&d=mm&r=g\",\"caption\":\"VBCommunication\"},\"url\":\"https:\/\/www.vallon-bonnevaux.fr\/vbmag\/author\/vbcommunication\/\"}]}<\/script>\n<!-- \/ Yoast SEO plugin. -->","yoast_head_json":{"title":"La\u00efcit\u00e9 en action : les \u00e9l\u00e8ves de Bac Pro SAPAT s\u2019engagent \u00e0 travers des projets p\u00e9dagogiques forts - VB Mag","robots":{"index":"index","follow":"follow","max-snippet":"max-snippet:-1","max-image-preview":"max-image-preview:large","max-video-preview":"max-video-preview:-1"},"canonical":"https:\/\/www.vallon-bonnevaux.fr\/vbmag\/9-decembre-les-eleves-de-sapat-font-vivre-la-laicite\/","og_locale":"fr_FR","og_type":"article","og_title":"La\u00efcit\u00e9 en action : les \u00e9l\u00e8ves de Bac Pro SAPAT s\u2019engagent \u00e0 travers des projets p\u00e9dagogiques forts - VB Mag","og_description":"Chaque 9 d\u00e9cembre, la France c\u00e9l\u00e8bre la Journ\u00e9e nationale de la la\u00efcit\u00e9, en m\u00e9moire de la loi de 1905 sur la s\u00e9paration des \u00c9glises et de [\u2026]","og_url":"https:\/\/www.vallon-bonnevaux.fr\/vbmag\/9-decembre-les-eleves-de-sapat-font-vivre-la-laicite\/","og_site_name":"VB Mag","article_publisher":"https:\/\/www.facebook.com\/lyceevallonbonnevaux","article_published_time":"2026-01-12T21:07:29+00:00","article_modified_time":"2026-04-20T08:13:30+00:00","og_image":[{"width":298,"height":169,"url":"https:\/\/www.vallon-bonnevaux.fr\/vbmag\/wp-content\/uploads\/2026\/01\/SAPAT-LAICITE-LYCEE-VALLON-BONNEVAUX-ST-JEAN-DE-BOURNAY.jpg","type":"image\/jpeg"}],"author":"VBCommunication","twitter_card":"summary_large_image","twitter_misc":{"\u00c9crit par":"VBCommunication","Dur\u00e9e de lecture estim\u00e9e":"3 minutes"},"schema":{"@context":"https:\/\/schema.org","@graph":[{"@type":"Article","@id":"https:\/\/www.vallon-bonnevaux.fr\/vbmag\/9-decembre-les-eleves-de-sapat-font-vivre-la-laicite\/#article","isPartOf":{"@id":"https:\/\/www.vallon-bonnevaux.fr\/vbmag\/9-decembre-les-eleves-de-sapat-font-vivre-la-laicite\/"},"author":{"name":"VBCommunication","@id":"https:\/\/www.vallon-bonnevaux.fr\/vbmag\/#\/schema\/person\/78d4bedf135508e9d2b8d343575fdd31"},"headline":"La\u00efcit\u00e9 en action : les \u00e9l\u00e8ves de Bac Pro SAPAT s\u2019engagent \u00e0 travers des projets p\u00e9dagogiques forts","datePublished":"2026-01-12T21:07:29+00:00","dateModified":"2026-04-20T08:13:30+00:00","mainEntityOfPage":{"@id":"https:\/\/www.vallon-bonnevaux.fr\/vbmag\/9-decembre-les-eleves-de-sapat-font-vivre-la-laicite\/"},"wordCount":592,"commentCount":0,"publisher":{"@id":"https:\/\/www.vallon-bonnevaux.fr\/vbmag\/#organization"},"articleSection":["Actualit\u00e9s &amp; infos","Formation &amp; P\u00e9dagogie"],"inLanguage":"fr-FR","potentialAction":[{"@type":"CommentAction","name":"Comment","target":["https:\/\/www.vallon-bonnevaux.fr\/vbmag\/9-decembre-les-eleves-de-sapat-font-vivre-la-laicite\/#respond"]}]},{"@type":"WebPage","@id":"https:\/\/www.vallon-bonnevaux.fr\/vbmag\/9-decembre-les-eleves-de-sapat-font-vivre-la-laicite\/","url":"https:\/\/www.vallon-bonnevaux.fr\/vbmag\/9-decembre-les-eleves-de-sapat-font-vivre-la-laicite\/","name":"La\u00efcit\u00e9 en action : les \u00e9l\u00e8ves de Bac Pro SAPAT s\u2019engagent \u00e0 travers des projets p\u00e9dagogiques forts - VB Mag","isPartOf":{"@id":"https:\/\/www.vallon-bonnevaux.fr\/vbmag\/#website"},"datePublished":"2026-01-12T21:07:29+00:00","dateModified":"2026-04-20T08:13:30+00:00","breadcrumb":{"@id":"https:\/\/www.vallon-bonnevaux.fr\/vbmag\/9-decembre-les-eleves-de-sapat-font-vivre-la-laicite\/#breadcrumb"},"inLanguage":"fr-FR","potentialAction":[{"@type":"ReadAction","target":["https:\/\/www.vallon-bonnevaux.fr\/vbmag\/9-decembre-les-eleves-de-sapat-font-vivre-la-laicite\/"]}]},{"@type":"BreadcrumbList","@id":"https:\/\/www.vallon-bonnevaux.fr\/vbmag\/9-decembre-les-eleves-de-sapat-font-vivre-la-laicite\/#breadcrumb","itemListElement":[{"@type":"ListItem","position":1,"name":"Accueil","item":"https:\/\/www.vallon-bonnevaux.fr\/vbmag\/"},{"@type":"ListItem","position":2,"name":"La\u00efcit\u00e9 en action : les \u00e9l\u00e8ves de Bac Pro SAPAT s\u2019engagent \u00e0 travers des projets p\u00e9dagogiques forts"}]},{"@type":"WebSite","@id":"https:\/\/www.vallon-bonnevaux.fr\/vbmag\/#website","url":"https:\/\/www.vallon-bonnevaux.fr\/vbmag\/","name":"VBmag","description":"","publisher":{"@id":"https:\/\/www.vallon-bonnevaux.fr\/vbmag\/#organization"},"potentialAction":[{"@type":"SearchAction","target":{"@type":"EntryPoint","urlTemplate":"https:\/\/www.vallon-bonnevaux.fr\/vbmag\/?s={search_term_string}"},"query-input":"required name=search_term_string"}],"inLanguage":"fr-FR"},{"@type":"Organization","@id":"https:\/\/www.vallon-bonnevaux.fr\/vbmag\/#organization","name":"VBmag","url":"https:\/\/www.vallon-bonnevaux.fr\/vbmag\/","logo":{"@type":"ImageObject","inLanguage":"fr-FR","@id":"https:\/\/www.vallon-bonnevaux.fr\/vbmag\/#\/schema\/logo\/image\/","url":"https:\/\/www.vallon-bonnevaux.fr\/vbmag\/wp-content\/uploads\/2023\/02\/Bonnevaux-logo-VBmag.png","contentUrl":"https:\/\/www.vallon-bonnevaux.fr\/vbmag\/wp-content\/uploads\/2023\/02\/Bonnevaux-logo-VBmag.png","width":314,"height":143,"caption":"VBmag"},"image":{"@id":"https:\/\/www.vallon-bonnevaux.fr\/vbmag\/#\/schema\/logo\/image\/"},"sameAs":["https:\/\/www.facebook.com\/lyceevallonbonnevaux","https:\/\/www.instagram.com\/lycee_vallon_bonnevaux\/","https:\/\/www.linkedin.com\/company\/leap-le-vallon-les-bonnevaux\/?originalSubdomain=fr"]},{"@type":"Person","@id":"https:\/\/www.vallon-bonnevaux.fr\/vbmag\/#\/schema\/person\/78d4bedf135508e9d2b8d343575fdd31","name":"VBCommunication","image":{"@type":"ImageObject","inLanguage":"fr-FR","@id":"https:\/\/www.vallon-bonnevaux.fr\/vbmag\/#\/schema\/person\/image\/","url":"https:\/\/secure.gravatar.com\/avatar\/58fa64ce54dbedb7c6633693d600c884a245b0f97746903170fa62aae026cedc?s=96&d=mm&r=g","contentUrl":"https:\/\/secure.gravatar.com\/avatar\/58fa64ce54dbedb7c6633693d600c884a245b0f97746903170fa62aae026cedc?s=96&d=mm&r=g","caption":"VBCommunication"},"url":"https:\/\/www.vallon-bonnevaux.fr\/vbmag\/author\/vbcommunication\/"}]}},"_links":{"self":[{"href":"https:\/\/www.vallon-bonnevaux.fr\/vbmag\/wp-json\/wp\/v2\/posts\/3309","targetHints":{"allow":["GET"]}}],"collection":[{"href":"https:\/\/www.vallon-bonnevaux.fr\/vbmag\/wp-json\/wp\/v2\/posts"}],"about":[{"href":"https:\/\/www.vallon-bonnevaux.fr\/vbmag\/wp-json\/wp\/v2\/types\/post"}],"author":[{"embeddable":true,"href":"https:\/\/www.vallon-bonnevaux.fr\/vbmag\/wp-json\/wp\/v2\/users\/2"}],"replies":[{"embeddable":true,"href":"https:\/\/www.vallon-bonnevaux.fr\/vbmag\/wp-json\/wp\/v2\/comments?post=3309"}],"version-history":[{"count":5,"href":"https:\/\/www.vallon-bonnevaux.fr\/vbmag\/wp-json\/wp\/v2\/posts\/3309\/revisions"}],"predecessor-version":[{"id":3315,"href":"https:\/\/www.vallon-bonnevaux.fr\/vbmag\/wp-json\/wp\/v2\/posts\/3309\/revisions\/3315"}],"wp:featuredmedia":[{"embeddable":true,"href":"https:\/\/www.vallon-bonnevaux.fr\/vbmag\/wp-json\/wp\/v2\/media\/3311"}],"wp:attachment":[{"href":"https:\/\/www.vallon-bonnevaux.fr\/vbmag\/wp-json\/wp\/v2\/media?parent=3309"}],"wp:term":[{"taxonomy":"category","embeddable":true,"href":"https:\/\/www.vallon-bonnevaux.fr\/vbmag\/wp-json\/wp\/v2\/categories?post=3309"},{"taxonomy":"post_tag","embeddable":true,"href":"https:\/\/www.vallon-bonnevaux.fr\/vbmag\/wp-json\/wp\/v2\/tags?post=3309"}],"curies":[{"name":"wp","href":"https:\/\/api.w.org\/{rel}","templated":true}]}}