{"id":3333,"date":"2026-01-23T18:46:50","date_gmt":"2026-01-23T17:46:50","guid":{"rendered":"https:\/\/www.vallon-bonnevaux.fr\/vbmag\/?p=3333"},"modified":"2026-04-20T08:40:04","modified_gmt":"2026-04-20T06:40:04","slug":"vbmag-devoir-memoire-plateau-glieres-bac-pro-sapat","status":"publish","type":"post","link":"https:\/\/www.vallon-bonnevaux.fr\/vbmag\/vbmag-devoir-memoire-plateau-glieres-bac-pro-sapat\/","title":{"rendered":"Les \u00e9l\u00e8ves de Premi\u00e8re Bac Pro SAPAT de Vallon Bonnevaux sur les traces des r\u00e9sistants"},"content":{"rendered":"<h2 data-start=\"278\" data-end=\"323\"><img loading=\"lazy\" decoding=\"async\" class=\"alignnone size-medium wp-image-3335\" src=\"https:\/\/www.vallon-bonnevaux.fr\/vbmag\/wp-content\/uploads\/2026\/01\/SAPAT-DEVOIR-DE-MEMOIRE-1-VALLON-BONNEVAUX-ST-JEAN-DE-BOURNAY-300x254.jpg\" alt=\"\" width=\"300\" height=\"254\" srcset=\"https:\/\/www.vallon-bonnevaux.fr\/vbmag\/wp-content\/uploads\/2026\/01\/SAPAT-DEVOIR-DE-MEMOIRE-1-VALLON-BONNEVAUX-ST-JEAN-DE-BOURNAY-300x254.jpg 300w, https:\/\/www.vallon-bonnevaux.fr\/vbmag\/wp-content\/uploads\/2026\/01\/SAPAT-DEVOIR-DE-MEMOIRE-1-VALLON-BONNEVAUX-ST-JEAN-DE-BOURNAY-1024x867.jpg 1024w, https:\/\/www.vallon-bonnevaux.fr\/vbmag\/wp-content\/uploads\/2026\/01\/SAPAT-DEVOIR-DE-MEMOIRE-1-VALLON-BONNEVAUX-ST-JEAN-DE-BOURNAY-768x650.jpg 768w, https:\/\/www.vallon-bonnevaux.fr\/vbmag\/wp-content\/uploads\/2026\/01\/SAPAT-DEVOIR-DE-MEMOIRE-1-VALLON-BONNEVAUX-ST-JEAN-DE-BOURNAY-1536x1301.jpg 1536w, https:\/\/www.vallon-bonnevaux.fr\/vbmag\/wp-content\/uploads\/2026\/01\/SAPAT-DEVOIR-DE-MEMOIRE-1-VALLON-BONNEVAUX-ST-JEAN-DE-BOURNAY-2048x1734.jpg 2048w, https:\/\/www.vallon-bonnevaux.fr\/vbmag\/wp-content\/uploads\/2026\/01\/SAPAT-DEVOIR-DE-MEMOIRE-1-VALLON-BONNEVAUX-ST-JEAN-DE-BOURNAY-172x146.jpg 172w, https:\/\/www.vallon-bonnevaux.fr\/vbmag\/wp-content\/uploads\/2026\/01\/SAPAT-DEVOIR-DE-MEMOIRE-1-VALLON-BONNEVAUX-ST-JEAN-DE-BOURNAY-50x42.jpg 50w, https:\/\/www.vallon-bonnevaux.fr\/vbmag\/wp-content\/uploads\/2026\/01\/SAPAT-DEVOIR-DE-MEMOIRE-1-VALLON-BONNEVAUX-ST-JEAN-DE-BOURNAY-89x75.jpg 89w\" sizes=\"auto, (max-width: 300px) 100vw, 300px\" \/><\/h2>\n<h2 data-start=\"278\" data-end=\"323\">Devoir de m\u00e9moire au plateau des Gli\u00e8res<\/h2>\n<p data-start=\"437\" data-end=\"892\">Les \u00e9l\u00e8ves de Premi\u00e8re Bac Pro <em data-start=\"468\" data-end=\"526\">Services aux Personnes et Animation dans les Territoires<\/em> du lyc\u00e9e Vallon Bonnevaux ont v\u00e9cu une journ\u00e9e forte de sens au <strong data-start=\"591\" data-end=\"632\"><span class=\"hover:entity-accent entity-underline inline cursor-pointer align-baseline\"><span class=\"whitespace-normal\">Plateau des Gli\u00e8res<\/span><\/span><\/strong>, haut lieu de la R\u00e9sistance fran\u00e7aise. Cette sortie p\u00e9dagogique s\u2019inscrivait dans le cadre du programme d\u2019histoire-g\u00e9ographie et d\u2019\u00e9ducation citoyenne, avec un objectif clair : faire vivre le devoir de m\u00e9moire au plus pr\u00e8s des lieux qui ont marqu\u00e9 l\u2019Histoire.<\/p>\n<h3 data-start=\"894\" data-end=\"942\">Marcher sur les traces du maquis des Gli\u00e8res<\/h3>\n<p data-start=\"944\" data-end=\"1415\">C\u2019est sous un \u00e9pais manteau neigeux que les \u00e9l\u00e8ves ont d\u00e9couvert ce site embl\u00e9matique, th\u00e9\u00e2tre des combats du <strong data-start=\"1054\" data-end=\"1095\"><span class=\"hover:entity-accent entity-underline inline cursor-pointer align-baseline\"><span class=\"whitespace-normal\">Maquis des Gli\u00e8res<\/span><\/span><\/strong> en 1944. La journ\u00e9e a d\u00e9but\u00e9 par une randonn\u00e9e d\u2019environ une heure trente sur le sentier de m\u00e9moire. En progressant dans le froid et la neige, les lyc\u00e9ens ont pu appr\u00e9hender concr\u00e8tement les conditions de vie extr\u00eames des maquisards, contraints de survivre et de combattre en plein hiver, dans un environnement hostile.<\/p>\n<p data-start=\"1417\" data-end=\"1608\">Cette immersion physique dans le paysage a permis de donner une autre dimension aux apprentissages th\u00e9oriques, en rendant plus tangibles les notions de r\u00e9sistance, d\u2019engagement et de courage.<\/p>\n<h3 data-start=\"1610\" data-end=\"1652\">Comprendre l\u2019Histoire par les archives<\/h3>\n<p data-start=\"1654\" data-end=\"2062\">La visite s\u2019est poursuivie par la projection d\u2019un film documentaire retra\u00e7ant l\u2019histoire du maquis des Gli\u00e8res, \u00e0 partir d\u2019images d\u2019archives et de t\u00e9moignages. Les \u00e9l\u00e8ves ont ainsi d\u00e9couvert l\u2019organisation du maquis, le r\u00f4le strat\u00e9gique du plateau et l\u2019ampleur de l\u2019engagement des r\u00e9sistants, qui furent jusqu\u2019\u00e0 500 \u00e0 se regrouper sur ce site pour d\u00e9fendre les valeurs de libert\u00e9 et de refus de l\u2019oppression.<\/p>\n<p data-start=\"2064\" data-end=\"2226\">Ce temps de projection et d\u2019\u00e9changes a permis de replacer les \u00e9v\u00e9nements dans leur contexte historique et de mesurer l\u2019importance nationale de ce lieu de m\u00e9moire.<\/p>\n<h3 data-start=\"2228\" data-end=\"2298\">Une r\u00e9sonance particuli\u00e8re pour les futurs professionnels du SAPAT<\/h3>\n<p data-start=\"2300\" data-end=\"2647\">Pour les \u00e9l\u00e8ves de Bac Pro SAPAT, cette journ\u00e9e a pris une dimension toute particuli\u00e8re. En se projetant dans leurs futurs m\u00e9tiers du service aux personnes et de l\u2019animation des territoires, ils ont pu r\u00e9fl\u00e9chir au r\u00f4le de la transmission de la m\u00e9moire, notamment aupr\u00e8s des personnes \u00e2g\u00e9es, parfois t\u00e9moins directs de cette p\u00e9riode de l\u2019Histoire.<\/p>\n<p data-start=\"2649\" data-end=\"2813\">Cette sortie a ainsi nourri une r\u00e9flexion plus large sur la citoyennet\u00e9, l\u2019engagement et la responsabilit\u00e9 de chacun dans la transmission des valeurs r\u00e9publicaines.<\/p>\n<h3 data-start=\"2815\" data-end=\"2860\">Une p\u00e9dagogie ancr\u00e9e dans les territoires<\/h3>\n<p data-start=\"2862\" data-end=\"3244\">Les enseignants accompagnateurs soulignent l\u2019implication des \u00e9l\u00e8ves tout au long de la journ\u00e9e et la richesse des \u00e9changes suscit\u00e9s par cette sortie. \u00c0 travers ce type d\u2019action, Vallon Bonnevaux affirme sa volont\u00e9 de proposer des projets p\u00e9dagogiques ancr\u00e9s dans les territoires, donnant du sens aux apprentissages et contribuant \u00e0 la formation de citoyens \u00e9clair\u00e9s et responsables.<\/p>\n","protected":false},"excerpt":{"rendered":"<p>Devoir de m\u00e9moire au plateau des Gli\u00e8res Les \u00e9l\u00e8ves de Premi\u00e8re Bac Pro Services aux Personnes et Animation dans les Territoires du lyc\u00e9e Vallon Bonnevaux ont<span class=\"excerpt-hellip\"> [\u2026]<\/span><\/p>\n","protected":false},"author":2,"featured_media":3335,"comment_status":"open","ping_status":"open","sticky":false,"template":"","format":"standard","meta":{"_mi_skip_tracking":false,"_monsterinsights_sitenote_active":false,"_monsterinsights_sitenote_note":"","_monsterinsights_sitenote_category":0,"footnotes":""},"categories":[2,6,3],"tags":[],"class_list":["post-3333","post","type-post","status-publish","format-standard","has-post-thumbnail","hentry","category-actualites-infos","category-art-culture","category-formation-pedagogie"],"yoast_head":"<!-- This site is optimized with the Yoast SEO plugin v20.8 - https:\/\/yoast.com\/wordpress\/plugins\/seo\/ -->\n<title>Les \u00e9l\u00e8ves de Premi\u00e8re Bac Pro SAPAT de Vallon Bonnevaux sur les traces des r\u00e9sistants - VB Mag<\/title>\n<meta name=\"robots\" content=\"index, follow, max-snippet:-1, max-image-preview:large, max-video-preview:-1\" \/>\n<link rel=\"canonical\" href=\"https:\/\/www.vallon-bonnevaux.fr\/vbmag\/vbmag-devoir-memoire-plateau-glieres-bac-pro-sapat\/\" \/>\n<meta property=\"og:locale\" content=\"fr_FR\" \/>\n<meta property=\"og:type\" content=\"article\" \/>\n<meta property=\"og:title\" content=\"Les \u00e9l\u00e8ves de Premi\u00e8re Bac Pro SAPAT de Vallon Bonnevaux sur les traces des r\u00e9sistants - VB Mag\" \/>\n<meta property=\"og:description\" content=\"Devoir de m\u00e9moire au plateau des Gli\u00e8res Les \u00e9l\u00e8ves de Premi\u00e8re Bac Pro Services aux Personnes et Animation dans les Territoires du lyc\u00e9e Vallon Bonnevaux ont [\u2026]\" \/>\n<meta property=\"og:url\" content=\"https:\/\/www.vallon-bonnevaux.fr\/vbmag\/vbmag-devoir-memoire-plateau-glieres-bac-pro-sapat\/\" \/>\n<meta property=\"og:site_name\" content=\"VB Mag\" \/>\n<meta property=\"article:publisher\" content=\"https:\/\/www.facebook.com\/lyceevallonbonnevaux\" \/>\n<meta property=\"article:published_time\" content=\"2026-01-23T17:46:50+00:00\" \/>\n<meta property=\"article:modified_time\" content=\"2026-04-20T06:40:04+00:00\" \/>\n<meta property=\"og:image\" content=\"https:\/\/www.vallon-bonnevaux.fr\/vbmag\/wp-content\/uploads\/2026\/01\/SAPAT-DEVOIR-DE-MEMOIRE-1-VALLON-BONNEVAUX-ST-JEAN-DE-BOURNAY-scaled.jpg\" \/>\n\t<meta property=\"og:image:width\" content=\"2560\" \/>\n\t<meta property=\"og:image:height\" content=\"2168\" \/>\n\t<meta property=\"og:image:type\" content=\"image\/jpeg\" \/>\n<meta name=\"author\" content=\"VBCommunication\" \/>\n<meta name=\"twitter:card\" content=\"summary_large_image\" \/>\n<meta name=\"twitter:label1\" content=\"\u00c9crit par\" \/>\n\t<meta name=\"twitter:data1\" content=\"VBCommunication\" \/>\n\t<meta name=\"twitter:label2\" content=\"Dur\u00e9e de lecture estim\u00e9e\" \/>\n\t<meta name=\"twitter:data2\" content=\"3 minutes\" \/>\n<script type=\"application\/ld+json\" class=\"yoast-schema-graph\">{\"@context\":\"https:\/\/schema.org\",\"@graph\":[{\"@type\":\"Article\",\"@id\":\"https:\/\/www.vallon-bonnevaux.fr\/vbmag\/vbmag-devoir-memoire-plateau-glieres-bac-pro-sapat\/#article\",\"isPartOf\":{\"@id\":\"https:\/\/www.vallon-bonnevaux.fr\/vbmag\/vbmag-devoir-memoire-plateau-glieres-bac-pro-sapat\/\"},\"author\":{\"name\":\"VBCommunication\",\"@id\":\"https:\/\/www.vallon-bonnevaux.fr\/vbmag\/#\/schema\/person\/78d4bedf135508e9d2b8d343575fdd31\"},\"headline\":\"Les \u00e9l\u00e8ves de Premi\u00e8re Bac Pro SAPAT de Vallon Bonnevaux sur les traces des r\u00e9sistants\",\"datePublished\":\"2026-01-23T17:46:50+00:00\",\"dateModified\":\"2026-04-20T06:40:04+00:00\",\"mainEntityOfPage\":{\"@id\":\"https:\/\/www.vallon-bonnevaux.fr\/vbmag\/vbmag-devoir-memoire-plateau-glieres-bac-pro-sapat\/\"},\"wordCount\":529,\"commentCount\":0,\"publisher\":{\"@id\":\"https:\/\/www.vallon-bonnevaux.fr\/vbmag\/#organization\"},\"articleSection\":[\"Actualit\u00e9s &amp; infos\",\"Art &amp; Culture\",\"Formation &amp; P\u00e9dagogie\"],\"inLanguage\":\"fr-FR\",\"potentialAction\":[{\"@type\":\"CommentAction\",\"name\":\"Comment\",\"target\":[\"https:\/\/www.vallon-bonnevaux.fr\/vbmag\/vbmag-devoir-memoire-plateau-glieres-bac-pro-sapat\/#respond\"]}]},{\"@type\":\"WebPage\",\"@id\":\"https:\/\/www.vallon-bonnevaux.fr\/vbmag\/vbmag-devoir-memoire-plateau-glieres-bac-pro-sapat\/\",\"url\":\"https:\/\/www.vallon-bonnevaux.fr\/vbmag\/vbmag-devoir-memoire-plateau-glieres-bac-pro-sapat\/\",\"name\":\"Les \u00e9l\u00e8ves de Premi\u00e8re Bac Pro SAPAT de Vallon Bonnevaux sur les traces des r\u00e9sistants - VB Mag\",\"isPartOf\":{\"@id\":\"https:\/\/www.vallon-bonnevaux.fr\/vbmag\/#website\"},\"datePublished\":\"2026-01-23T17:46:50+00:00\",\"dateModified\":\"2026-04-20T06:40:04+00:00\",\"breadcrumb\":{\"@id\":\"https:\/\/www.vallon-bonnevaux.fr\/vbmag\/vbmag-devoir-memoire-plateau-glieres-bac-pro-sapat\/#breadcrumb\"},\"inLanguage\":\"fr-FR\",\"potentialAction\":[{\"@type\":\"ReadAction\",\"target\":[\"https:\/\/www.vallon-bonnevaux.fr\/vbmag\/vbmag-devoir-memoire-plateau-glieres-bac-pro-sapat\/\"]}]},{\"@type\":\"BreadcrumbList\",\"@id\":\"https:\/\/www.vallon-bonnevaux.fr\/vbmag\/vbmag-devoir-memoire-plateau-glieres-bac-pro-sapat\/#breadcrumb\",\"itemListElement\":[{\"@type\":\"ListItem\",\"position\":1,\"name\":\"Accueil\",\"item\":\"https:\/\/www.vallon-bonnevaux.fr\/vbmag\/\"},{\"@type\":\"ListItem\",\"position\":2,\"name\":\"Les \u00e9l\u00e8ves de Premi\u00e8re Bac Pro SAPAT de Vallon Bonnevaux sur les traces des r\u00e9sistants\"}]},{\"@type\":\"WebSite\",\"@id\":\"https:\/\/www.vallon-bonnevaux.fr\/vbmag\/#website\",\"url\":\"https:\/\/www.vallon-bonnevaux.fr\/vbmag\/\",\"name\":\"VBmag\",\"description\":\"\",\"publisher\":{\"@id\":\"https:\/\/www.vallon-bonnevaux.fr\/vbmag\/#organization\"},\"potentialAction\":[{\"@type\":\"SearchAction\",\"target\":{\"@type\":\"EntryPoint\",\"urlTemplate\":\"https:\/\/www.vallon-bonnevaux.fr\/vbmag\/?s={search_term_string}\"},\"query-input\":\"required name=search_term_string\"}],\"inLanguage\":\"fr-FR\"},{\"@type\":\"Organization\",\"@id\":\"https:\/\/www.vallon-bonnevaux.fr\/vbmag\/#organization\",\"name\":\"VBmag\",\"url\":\"https:\/\/www.vallon-bonnevaux.fr\/vbmag\/\",\"logo\":{\"@type\":\"ImageObject\",\"inLanguage\":\"fr-FR\",\"@id\":\"https:\/\/www.vallon-bonnevaux.fr\/vbmag\/#\/schema\/logo\/image\/\",\"url\":\"https:\/\/www.vallon-bonnevaux.fr\/vbmag\/wp-content\/uploads\/2023\/02\/Bonnevaux-logo-VBmag.png\",\"contentUrl\":\"https:\/\/www.vallon-bonnevaux.fr\/vbmag\/wp-content\/uploads\/2023\/02\/Bonnevaux-logo-VBmag.png\",\"width\":314,\"height\":143,\"caption\":\"VBmag\"},\"image\":{\"@id\":\"https:\/\/www.vallon-bonnevaux.fr\/vbmag\/#\/schema\/logo\/image\/\"},\"sameAs\":[\"https:\/\/www.facebook.com\/lyceevallonbonnevaux\",\"https:\/\/www.instagram.com\/lycee_vallon_bonnevaux\/\",\"https:\/\/www.linkedin.com\/company\/leap-le-vallon-les-bonnevaux\/?originalSubdomain=fr\"]},{\"@type\":\"Person\",\"@id\":\"https:\/\/www.vallon-bonnevaux.fr\/vbmag\/#\/schema\/person\/78d4bedf135508e9d2b8d343575fdd31\",\"name\":\"VBCommunication\",\"image\":{\"@type\":\"ImageObject\",\"inLanguage\":\"fr-FR\",\"@id\":\"https:\/\/www.vallon-bonnevaux.fr\/vbmag\/#\/schema\/person\/image\/\",\"url\":\"https:\/\/secure.gravatar.com\/avatar\/58fa64ce54dbedb7c6633693d600c884a245b0f97746903170fa62aae026cedc?s=96&d=mm&r=g\",\"contentUrl\":\"https:\/\/secure.gravatar.com\/avatar\/58fa64ce54dbedb7c6633693d600c884a245b0f97746903170fa62aae026cedc?s=96&d=mm&r=g\",\"caption\":\"VBCommunication\"},\"url\":\"https:\/\/www.vallon-bonnevaux.fr\/vbmag\/author\/vbcommunication\/\"}]}<\/script>\n<!-- \/ Yoast SEO plugin. -->","yoast_head_json":{"title":"Les \u00e9l\u00e8ves de Premi\u00e8re Bac Pro SAPAT de Vallon Bonnevaux sur les traces des r\u00e9sistants - VB Mag","robots":{"index":"index","follow":"follow","max-snippet":"max-snippet:-1","max-image-preview":"max-image-preview:large","max-video-preview":"max-video-preview:-1"},"canonical":"https:\/\/www.vallon-bonnevaux.fr\/vbmag\/vbmag-devoir-memoire-plateau-glieres-bac-pro-sapat\/","og_locale":"fr_FR","og_type":"article","og_title":"Les \u00e9l\u00e8ves de Premi\u00e8re Bac Pro SAPAT de Vallon Bonnevaux sur les traces des r\u00e9sistants - VB Mag","og_description":"Devoir de m\u00e9moire au plateau des Gli\u00e8res Les \u00e9l\u00e8ves de Premi\u00e8re Bac Pro Services aux Personnes et Animation dans les Territoires du lyc\u00e9e Vallon Bonnevaux ont [\u2026]","og_url":"https:\/\/www.vallon-bonnevaux.fr\/vbmag\/vbmag-devoir-memoire-plateau-glieres-bac-pro-sapat\/","og_site_name":"VB Mag","article_publisher":"https:\/\/www.facebook.com\/lyceevallonbonnevaux","article_published_time":"2026-01-23T17:46:50+00:00","article_modified_time":"2026-04-20T06:40:04+00:00","og_image":[{"width":2560,"height":2168,"url":"https:\/\/www.vallon-bonnevaux.fr\/vbmag\/wp-content\/uploads\/2026\/01\/SAPAT-DEVOIR-DE-MEMOIRE-1-VALLON-BONNEVAUX-ST-JEAN-DE-BOURNAY-scaled.jpg","type":"image\/jpeg"}],"author":"VBCommunication","twitter_card":"summary_large_image","twitter_misc":{"\u00c9crit par":"VBCommunication","Dur\u00e9e de lecture estim\u00e9e":"3 minutes"},"schema":{"@context":"https:\/\/schema.org","@graph":[{"@type":"Article","@id":"https:\/\/www.vallon-bonnevaux.fr\/vbmag\/vbmag-devoir-memoire-plateau-glieres-bac-pro-sapat\/#article","isPartOf":{"@id":"https:\/\/www.vallon-bonnevaux.fr\/vbmag\/vbmag-devoir-memoire-plateau-glieres-bac-pro-sapat\/"},"author":{"name":"VBCommunication","@id":"https:\/\/www.vallon-bonnevaux.fr\/vbmag\/#\/schema\/person\/78d4bedf135508e9d2b8d343575fdd31"},"headline":"Les \u00e9l\u00e8ves de Premi\u00e8re Bac Pro SAPAT de Vallon Bonnevaux sur les traces des r\u00e9sistants","datePublished":"2026-01-23T17:46:50+00:00","dateModified":"2026-04-20T06:40:04+00:00","mainEntityOfPage":{"@id":"https:\/\/www.vallon-bonnevaux.fr\/vbmag\/vbmag-devoir-memoire-plateau-glieres-bac-pro-sapat\/"},"wordCount":529,"commentCount":0,"publisher":{"@id":"https:\/\/www.vallon-bonnevaux.fr\/vbmag\/#organization"},"articleSection":["Actualit\u00e9s &amp; infos","Art &amp; Culture","Formation &amp; P\u00e9dagogie"],"inLanguage":"fr-FR","potentialAction":[{"@type":"CommentAction","name":"Comment","target":["https:\/\/www.vallon-bonnevaux.fr\/vbmag\/vbmag-devoir-memoire-plateau-glieres-bac-pro-sapat\/#respond"]}]},{"@type":"WebPage","@id":"https:\/\/www.vallon-bonnevaux.fr\/vbmag\/vbmag-devoir-memoire-plateau-glieres-bac-pro-sapat\/","url":"https:\/\/www.vallon-bonnevaux.fr\/vbmag\/vbmag-devoir-memoire-plateau-glieres-bac-pro-sapat\/","name":"Les \u00e9l\u00e8ves de Premi\u00e8re Bac Pro SAPAT de Vallon Bonnevaux sur les traces des r\u00e9sistants - VB Mag","isPartOf":{"@id":"https:\/\/www.vallon-bonnevaux.fr\/vbmag\/#website"},"datePublished":"2026-01-23T17:46:50+00:00","dateModified":"2026-04-20T06:40:04+00:00","breadcrumb":{"@id":"https:\/\/www.vallon-bonnevaux.fr\/vbmag\/vbmag-devoir-memoire-plateau-glieres-bac-pro-sapat\/#breadcrumb"},"inLanguage":"fr-FR","potentialAction":[{"@type":"ReadAction","target":["https:\/\/www.vallon-bonnevaux.fr\/vbmag\/vbmag-devoir-memoire-plateau-glieres-bac-pro-sapat\/"]}]},{"@type":"BreadcrumbList","@id":"https:\/\/www.vallon-bonnevaux.fr\/vbmag\/vbmag-devoir-memoire-plateau-glieres-bac-pro-sapat\/#breadcrumb","itemListElement":[{"@type":"ListItem","position":1,"name":"Accueil","item":"https:\/\/www.vallon-bonnevaux.fr\/vbmag\/"},{"@type":"ListItem","position":2,"name":"Les \u00e9l\u00e8ves de Premi\u00e8re Bac Pro SAPAT de Vallon Bonnevaux sur les traces des r\u00e9sistants"}]},{"@type":"WebSite","@id":"https:\/\/www.vallon-bonnevaux.fr\/vbmag\/#website","url":"https:\/\/www.vallon-bonnevaux.fr\/vbmag\/","name":"VBmag","description":"","publisher":{"@id":"https:\/\/www.vallon-bonnevaux.fr\/vbmag\/#organization"},"potentialAction":[{"@type":"SearchAction","target":{"@type":"EntryPoint","urlTemplate":"https:\/\/www.vallon-bonnevaux.fr\/vbmag\/?s={search_term_string}"},"query-input":"required name=search_term_string"}],"inLanguage":"fr-FR"},{"@type":"Organization","@id":"https:\/\/www.vallon-bonnevaux.fr\/vbmag\/#organization","name":"VBmag","url":"https:\/\/www.vallon-bonnevaux.fr\/vbmag\/","logo":{"@type":"ImageObject","inLanguage":"fr-FR","@id":"https:\/\/www.vallon-bonnevaux.fr\/vbmag\/#\/schema\/logo\/image\/","url":"https:\/\/www.vallon-bonnevaux.fr\/vbmag\/wp-content\/uploads\/2023\/02\/Bonnevaux-logo-VBmag.png","contentUrl":"https:\/\/www.vallon-bonnevaux.fr\/vbmag\/wp-content\/uploads\/2023\/02\/Bonnevaux-logo-VBmag.png","width":314,"height":143,"caption":"VBmag"},"image":{"@id":"https:\/\/www.vallon-bonnevaux.fr\/vbmag\/#\/schema\/logo\/image\/"},"sameAs":["https:\/\/www.facebook.com\/lyceevallonbonnevaux","https:\/\/www.instagram.com\/lycee_vallon_bonnevaux\/","https:\/\/www.linkedin.com\/company\/leap-le-vallon-les-bonnevaux\/?originalSubdomain=fr"]},{"@type":"Person","@id":"https:\/\/www.vallon-bonnevaux.fr\/vbmag\/#\/schema\/person\/78d4bedf135508e9d2b8d343575fdd31","name":"VBCommunication","image":{"@type":"ImageObject","inLanguage":"fr-FR","@id":"https:\/\/www.vallon-bonnevaux.fr\/vbmag\/#\/schema\/person\/image\/","url":"https:\/\/secure.gravatar.com\/avatar\/58fa64ce54dbedb7c6633693d600c884a245b0f97746903170fa62aae026cedc?s=96&d=mm&r=g","contentUrl":"https:\/\/secure.gravatar.com\/avatar\/58fa64ce54dbedb7c6633693d600c884a245b0f97746903170fa62aae026cedc?s=96&d=mm&r=g","caption":"VBCommunication"},"url":"https:\/\/www.vallon-bonnevaux.fr\/vbmag\/author\/vbcommunication\/"}]}},"_links":{"self":[{"href":"https:\/\/www.vallon-bonnevaux.fr\/vbmag\/wp-json\/wp\/v2\/posts\/3333","targetHints":{"allow":["GET"]}}],"collection":[{"href":"https:\/\/www.vallon-bonnevaux.fr\/vbmag\/wp-json\/wp\/v2\/posts"}],"about":[{"href":"https:\/\/www.vallon-bonnevaux.fr\/vbmag\/wp-json\/wp\/v2\/types\/post"}],"author":[{"embeddable":true,"href":"https:\/\/www.vallon-bonnevaux.fr\/vbmag\/wp-json\/wp\/v2\/users\/2"}],"replies":[{"embeddable":true,"href":"https:\/\/www.vallon-bonnevaux.fr\/vbmag\/wp-json\/wp\/v2\/comments?post=3333"}],"version-history":[{"count":2,"href":"https:\/\/www.vallon-bonnevaux.fr\/vbmag\/wp-json\/wp\/v2\/posts\/3333\/revisions"}],"predecessor-version":[{"id":3336,"href":"https:\/\/www.vallon-bonnevaux.fr\/vbmag\/wp-json\/wp\/v2\/posts\/3333\/revisions\/3336"}],"wp:featuredmedia":[{"embeddable":true,"href":"https:\/\/www.vallon-bonnevaux.fr\/vbmag\/wp-json\/wp\/v2\/media\/3335"}],"wp:attachment":[{"href":"https:\/\/www.vallon-bonnevaux.fr\/vbmag\/wp-json\/wp\/v2\/media?parent=3333"}],"wp:term":[{"taxonomy":"category","embeddable":true,"href":"https:\/\/www.vallon-bonnevaux.fr\/vbmag\/wp-json\/wp\/v2\/categories?post=3333"},{"taxonomy":"post_tag","embeddable":true,"href":"https:\/\/www.vallon-bonnevaux.fr\/vbmag\/wp-json\/wp\/v2\/tags?post=3333"}],"curies":[{"name":"wp","href":"https:\/\/api.w.org\/{rel}","templated":true}]}}