{"id":3346,"date":"2026-01-24T12:18:45","date_gmt":"2026-01-24T11:18:45","guid":{"rendered":"https:\/\/www.vallon-bonnevaux.fr\/vbmag\/?p=3346"},"modified":"2026-01-24T12:20:48","modified_gmt":"2026-01-24T11:20:48","slug":"pourquoi-les-resultats-de-vallon-bonnevaux-depassent-les-moyennes-nationales","status":"publish","type":"post","link":"https:\/\/www.vallon-bonnevaux.fr\/vbmag\/pourquoi-les-resultats-de-vallon-bonnevaux-depassent-les-moyennes-nationales\/","title":{"rendered":"Pourquoi les r\u00e9sultats de Vallon Bonnevaux d\u00e9passent les moyennes nationales"},"content":{"rendered":"<p><img loading=\"lazy\" decoding=\"async\" class=\"alignnone size-medium wp-image-3347\" src=\"https:\/\/www.vallon-bonnevaux.fr\/vbmag\/wp-content\/uploads\/2026\/01\/Image1-300x168.png\" alt=\"\" width=\"300\" height=\"168\" \/><\/p>\n<h3>Accueil des \u00e9l\u00e8ves \u00e0 besoins particuliers et choix d\u2019orientation en 4e\u20133e : entretien avec le directeur<\/h3>\n<p>Pourquoi les r\u00e9sultats aux examens de Vallon Bonnevaux sont-ils r\u00e9guli\u00e8rement sup\u00e9rieurs aux moyennes nationales malgr\u00e9 un fort accueil d\u2019\u00e9l\u00e8ves \u00e0 besoins p\u00e9dagogiques particuliers ? La 4e\u20133e de l\u2019enseignement agricole oriente-t-elle vers l\u2019agriculture ? R\u00e9ponses de la direction.<\/p>\n<hr \/>\n<h3>Des r\u00e9sultats qui interrogent\u2026 et qui rassurent<\/h3>\n<p>Chaque ann\u00e9e, des familles s\u2019interrogent : comment expliquer que les r\u00e9sultats aux examens de <strong>Vallon Bonnevaux<\/strong> soient r\u00e9guli\u00e8rement sup\u00e9rieurs aux moyennes nationales alors qu\u2019une part importante des \u00e9l\u00e8ves accueillis pr\u00e9sente des besoins p\u00e9dagogiques particuliers ?<br \/>\nAutre question fr\u00e9quemment pos\u00e9e : inscrire son enfant en 4e ou en 3e dans un lyc\u00e9e agricole signifie-t-il une orientation automatique vers les m\u00e9tiers agricoles ?<\/p>\n<p>Pour y r\u00e9pondre de mani\u00e8re claire, nous avons interrog\u00e9 la direction de l\u2019\u00e9tablissement.<\/p>\n<hr \/>\n<h3>\u00ab Nos r\u00e9sultats ne reposent pas sur la s\u00e9lection, mais sur l\u2019accompagnement \u00bb<\/h3>\n<p><strong>VBMag<\/strong> \u2013 Les chiffres montrent des taux de r\u00e9ussite \u00e9lev\u00e9s, r\u00e9guli\u00e8rement au-dessus des moyennes nationales. Comment l\u2019expliquez-vous ?<\/p>\n<p><strong>Direction<\/strong> \u2013 Cette r\u00e9ussite est le r\u00e9sultat d\u2019un choix \u00e9ducatif assum\u00e9 depuis de nombreuses ann\u00e9es. Nous accueillons volontairement des \u00e9l\u00e8ves aux profils vari\u00e9s.<br \/>\nCela implique une organisation sp\u00e9cifique : des effectifs qui permettent une connaissance fine de chaque \u00e9l\u00e8ve et un accompagnement individualis\u00e9 r\u00e9el. Ce cadre permet aux jeunes de progresser \u00e0 leur rythme et de se pr\u00e9parer efficacement aux examens.<\/p>\n<hr \/>\n<h3>Une p\u00e9dagogie qui donne du sens aux apprentissages<\/h3>\n<p><strong>VBMag<\/strong> \u2013 Qu\u2019est-ce qui diff\u00e9rencie concr\u00e8tement votre p\u00e9dagogie ?<\/p>\n<p><strong>Direction<\/strong> \u2013 Nous privil\u00e9gions une p\u00e9dagogie fond\u00e9e sur la pratique et les projets. Les enseignements g\u00e9n\u00e9raux et professionnels sont reli\u00e9s \u00e0 des situations concr\u00e8tes : stages, projets collectifs, chantiers p\u00e9dagogiques, rencontres avec des professionnels.<br \/>\nPour de nombreux \u00e9l\u00e8ves, notamment ceux qui ont connu des difficult\u00e9s dans un parcours plus classique, cette approche favorise l\u2019engagement et la r\u00e9gularit\u00e9 du travail scolaire.<\/p>\n<hr \/>\n<h3>Accueillir les besoins particuliers : une organisation structur\u00e9e<\/h3>\n<p><strong>VBMag<\/strong> \u2013 Accueillir une proportion importante d\u2019\u00e9l\u00e8ves \u00e0 besoins p\u00e9dagogiques particuliers est un choix fort. Comment cela s\u2019organise-t-il ?<\/p>\n<p><strong>Direction<\/strong> \u2013 Cet accueil repose sur des am\u00e9nagements p\u00e9dagogiques adapt\u00e9s, un suivi individualis\u00e9 hebdomadaire et un dialogue constant avec les familles.<br \/>\nL\u2019objectif n\u2019est pas de r\u00e9duire les exigences, mais de permettre \u00e0 chaque \u00e9l\u00e8ve d\u2019atteindre les attendus des examens en tenant compte de ses besoins sp\u00e9cifiques. Cette coh\u00e9rence explique en grande partie nos r\u00e9sultats.<\/p>\n<hr \/>\n<h3>4e\u20133e agricole : une autre fa\u00e7on d\u2019apprendre au coll\u00e8ge<\/h3>\n<p><strong>VBMag<\/strong> \u2013 Venir en 4e ou 3e dans un lyc\u00e9e agricole oriente-t-il automatiquement vers l\u2019agriculture ?<\/p>\n<p><strong>Direction<\/strong> \u2013 Non. Les classes de 4e et 3e de l\u2019enseignement agricole sont des classes de coll\u00e8ge \u00e0 part enti\u00e8re, qui pr\u00e9parent au Dipl\u00f4me National du Brevet.<br \/>\nLa diff\u00e9rence r\u00e9side dans la p\u00e9dagogie : plus concr\u00e8te, plus contextualis\u00e9e, avec une ouverture progressive sur le monde professionnel.<\/p>\n<hr \/>\n<h3>Des poursuites d\u2019\u00e9tudes multiples apr\u00e8s la 3e<\/h3>\n<p><strong>VBMag<\/strong> \u2013 Quelles sont les possibilit\u00e9s apr\u00e8s la 3e ?<\/p>\n<p><strong>Direction<\/strong> \u2013 Elles sont nombreuses. Les \u00e9l\u00e8ves peuvent poursuivre leur scolarit\u00e9 en voie professionnelle, au sein de Vallon Bonnevaux ou dans d\u2019autres \u00e9tablissements, en lyc\u00e9e ou en apprentissage, dans des domaines vari\u00e9s : secteurs industriels ou tertiaires, b\u00e2timent, m\u00e9canique&#8230;.<br \/>\nLes m\u00e9tiers agricoles constituent une option possible, jamais une obligation.<br \/>\n\u00c0 Vallon Bonnevaux, nos formations s\u2019inscrivent majoritairement dans les secteurs des services aux personnes, de l\u2019animation, de la petite enfance, de la vente ou des am\u00e9nagements paysagers.<\/p>\n<hr \/>\n<h3>\u00ab Un cadre pour reprendre confiance et construire un projet choisi \u00bb<\/h3>\n<p><strong>VBMag<\/strong> \u2013 Quel message souhaitez-vous adresser aux familles qui h\u00e9sitent encore ?<\/p>\n<p><strong>Direction<\/strong> \u2013 Choisir Vallon Bonnevaux, ce n\u2019est ni renoncer \u00e0 l\u2019exigence scolaire ni enfermer son enfant dans une voie pr\u00e9d\u00e9termin\u00e9e. C\u2019est lui offrir un cadre structurant, bienveillant et exigeant, qui permet de reprendre confiance, de r\u00e9ussir scolairement et de construire une orientation choisie.<\/p>\n<p>&nbsp;<\/p>\n","protected":false},"excerpt":{"rendered":"<p>Accueil des \u00e9l\u00e8ves \u00e0 besoins particuliers et choix d\u2019orientation en 4e\u20133e : entretien avec le directeur Pourquoi les r\u00e9sultats aux examens de Vallon Bonnevaux sont-ils r\u00e9guli\u00e8rement<span class=\"excerpt-hellip\"> [\u2026]<\/span><\/p>\n","protected":false},"author":2,"featured_media":0,"comment_status":"open","ping_status":"open","sticky":false,"template":"","format":"standard","meta":{"_mi_skip_tracking":false,"_monsterinsights_sitenote_active":false,"_monsterinsights_sitenote_note":"","_monsterinsights_sitenote_category":0,"footnotes":""},"categories":[3,1],"tags":[],"class_list":["post-3346","post","type-post","status-publish","format-standard","hentry","category-formation-pedagogie","category-non-classe"],"yoast_head":"<!-- This site is optimized with the Yoast SEO plugin v20.8 - https:\/\/yoast.com\/wordpress\/plugins\/seo\/ -->\n<title>Pourquoi les r\u00e9sultats de Vallon Bonnevaux d\u00e9passent les moyennes nationales - VB Mag<\/title>\n<meta name=\"robots\" content=\"index, follow, max-snippet:-1, max-image-preview:large, max-video-preview:-1\" \/>\n<link rel=\"canonical\" href=\"https:\/\/www.vallon-bonnevaux.fr\/vbmag\/pourquoi-les-resultats-de-vallon-bonnevaux-depassent-les-moyennes-nationales\/\" \/>\n<meta property=\"og:locale\" content=\"fr_FR\" \/>\n<meta property=\"og:type\" content=\"article\" \/>\n<meta property=\"og:title\" content=\"Pourquoi les r\u00e9sultats de Vallon Bonnevaux d\u00e9passent les moyennes nationales - VB Mag\" \/>\n<meta property=\"og:description\" content=\"Accueil des \u00e9l\u00e8ves \u00e0 besoins particuliers et choix d\u2019orientation en 4e\u20133e : entretien avec le directeur Pourquoi les r\u00e9sultats aux examens de Vallon Bonnevaux sont-ils r\u00e9guli\u00e8rement [\u2026]\" \/>\n<meta property=\"og:url\" content=\"https:\/\/www.vallon-bonnevaux.fr\/vbmag\/pourquoi-les-resultats-de-vallon-bonnevaux-depassent-les-moyennes-nationales\/\" \/>\n<meta property=\"og:site_name\" content=\"VB Mag\" \/>\n<meta property=\"article:publisher\" content=\"https:\/\/www.facebook.com\/lyceevallonbonnevaux\" \/>\n<meta property=\"article:published_time\" content=\"2026-01-24T11:18:45+00:00\" \/>\n<meta property=\"article:modified_time\" content=\"2026-01-24T11:20:48+00:00\" \/>\n<meta property=\"og:image\" content=\"https:\/\/www.vallon-bonnevaux.fr\/vbmag\/wp-content\/uploads\/2026\/01\/Image1-300x168.png\" \/>\n<meta name=\"author\" content=\"VBCommunication\" \/>\n<meta name=\"twitter:card\" content=\"summary_large_image\" \/>\n<meta name=\"twitter:label1\" content=\"\u00c9crit par\" \/>\n\t<meta name=\"twitter:data1\" content=\"VBCommunication\" \/>\n\t<meta name=\"twitter:label2\" content=\"Dur\u00e9e de lecture estim\u00e9e\" \/>\n\t<meta name=\"twitter:data2\" content=\"4 minutes\" \/>\n<script type=\"application\/ld+json\" class=\"yoast-schema-graph\">{\"@context\":\"https:\/\/schema.org\",\"@graph\":[{\"@type\":\"Article\",\"@id\":\"https:\/\/www.vallon-bonnevaux.fr\/vbmag\/pourquoi-les-resultats-de-vallon-bonnevaux-depassent-les-moyennes-nationales\/#article\",\"isPartOf\":{\"@id\":\"https:\/\/www.vallon-bonnevaux.fr\/vbmag\/pourquoi-les-resultats-de-vallon-bonnevaux-depassent-les-moyennes-nationales\/\"},\"author\":{\"name\":\"VBCommunication\",\"@id\":\"https:\/\/www.vallon-bonnevaux.fr\/vbmag\/#\/schema\/person\/78d4bedf135508e9d2b8d343575fdd31\"},\"headline\":\"Pourquoi les r\u00e9sultats de Vallon Bonnevaux d\u00e9passent les moyennes nationales\",\"datePublished\":\"2026-01-24T11:18:45+00:00\",\"dateModified\":\"2026-01-24T11:20:48+00:00\",\"mainEntityOfPage\":{\"@id\":\"https:\/\/www.vallon-bonnevaux.fr\/vbmag\/pourquoi-les-resultats-de-vallon-bonnevaux-depassent-les-moyennes-nationales\/\"},\"wordCount\":705,\"commentCount\":0,\"publisher\":{\"@id\":\"https:\/\/www.vallon-bonnevaux.fr\/vbmag\/#organization\"},\"articleSection\":[\"Formation &amp; P\u00e9dagogie\"],\"inLanguage\":\"fr-FR\",\"potentialAction\":[{\"@type\":\"CommentAction\",\"name\":\"Comment\",\"target\":[\"https:\/\/www.vallon-bonnevaux.fr\/vbmag\/pourquoi-les-resultats-de-vallon-bonnevaux-depassent-les-moyennes-nationales\/#respond\"]}]},{\"@type\":\"WebPage\",\"@id\":\"https:\/\/www.vallon-bonnevaux.fr\/vbmag\/pourquoi-les-resultats-de-vallon-bonnevaux-depassent-les-moyennes-nationales\/\",\"url\":\"https:\/\/www.vallon-bonnevaux.fr\/vbmag\/pourquoi-les-resultats-de-vallon-bonnevaux-depassent-les-moyennes-nationales\/\",\"name\":\"Pourquoi les r\u00e9sultats de Vallon Bonnevaux d\u00e9passent les moyennes nationales - VB Mag\",\"isPartOf\":{\"@id\":\"https:\/\/www.vallon-bonnevaux.fr\/vbmag\/#website\"},\"datePublished\":\"2026-01-24T11:18:45+00:00\",\"dateModified\":\"2026-01-24T11:20:48+00:00\",\"breadcrumb\":{\"@id\":\"https:\/\/www.vallon-bonnevaux.fr\/vbmag\/pourquoi-les-resultats-de-vallon-bonnevaux-depassent-les-moyennes-nationales\/#breadcrumb\"},\"inLanguage\":\"fr-FR\",\"potentialAction\":[{\"@type\":\"ReadAction\",\"target\":[\"https:\/\/www.vallon-bonnevaux.fr\/vbmag\/pourquoi-les-resultats-de-vallon-bonnevaux-depassent-les-moyennes-nationales\/\"]}]},{\"@type\":\"BreadcrumbList\",\"@id\":\"https:\/\/www.vallon-bonnevaux.fr\/vbmag\/pourquoi-les-resultats-de-vallon-bonnevaux-depassent-les-moyennes-nationales\/#breadcrumb\",\"itemListElement\":[{\"@type\":\"ListItem\",\"position\":1,\"name\":\"Accueil\",\"item\":\"https:\/\/www.vallon-bonnevaux.fr\/vbmag\/\"},{\"@type\":\"ListItem\",\"position\":2,\"name\":\"Pourquoi les r\u00e9sultats de Vallon Bonnevaux d\u00e9passent les moyennes nationales\"}]},{\"@type\":\"WebSite\",\"@id\":\"https:\/\/www.vallon-bonnevaux.fr\/vbmag\/#website\",\"url\":\"https:\/\/www.vallon-bonnevaux.fr\/vbmag\/\",\"name\":\"VBmag\",\"description\":\"\",\"publisher\":{\"@id\":\"https:\/\/www.vallon-bonnevaux.fr\/vbmag\/#organization\"},\"potentialAction\":[{\"@type\":\"SearchAction\",\"target\":{\"@type\":\"EntryPoint\",\"urlTemplate\":\"https:\/\/www.vallon-bonnevaux.fr\/vbmag\/?s={search_term_string}\"},\"query-input\":\"required name=search_term_string\"}],\"inLanguage\":\"fr-FR\"},{\"@type\":\"Organization\",\"@id\":\"https:\/\/www.vallon-bonnevaux.fr\/vbmag\/#organization\",\"name\":\"VBmag\",\"url\":\"https:\/\/www.vallon-bonnevaux.fr\/vbmag\/\",\"logo\":{\"@type\":\"ImageObject\",\"inLanguage\":\"fr-FR\",\"@id\":\"https:\/\/www.vallon-bonnevaux.fr\/vbmag\/#\/schema\/logo\/image\/\",\"url\":\"https:\/\/www.vallon-bonnevaux.fr\/vbmag\/wp-content\/uploads\/2023\/02\/Bonnevaux-logo-VBmag.png\",\"contentUrl\":\"https:\/\/www.vallon-bonnevaux.fr\/vbmag\/wp-content\/uploads\/2023\/02\/Bonnevaux-logo-VBmag.png\",\"width\":314,\"height\":143,\"caption\":\"VBmag\"},\"image\":{\"@id\":\"https:\/\/www.vallon-bonnevaux.fr\/vbmag\/#\/schema\/logo\/image\/\"},\"sameAs\":[\"https:\/\/www.facebook.com\/lyceevallonbonnevaux\",\"https:\/\/www.instagram.com\/lycee_vallon_bonnevaux\/\",\"https:\/\/www.linkedin.com\/company\/leap-le-vallon-les-bonnevaux\/?originalSubdomain=fr\"]},{\"@type\":\"Person\",\"@id\":\"https:\/\/www.vallon-bonnevaux.fr\/vbmag\/#\/schema\/person\/78d4bedf135508e9d2b8d343575fdd31\",\"name\":\"VBCommunication\",\"image\":{\"@type\":\"ImageObject\",\"inLanguage\":\"fr-FR\",\"@id\":\"https:\/\/www.vallon-bonnevaux.fr\/vbmag\/#\/schema\/person\/image\/\",\"url\":\"https:\/\/secure.gravatar.com\/avatar\/58fa64ce54dbedb7c6633693d600c884a245b0f97746903170fa62aae026cedc?s=96&d=mm&r=g\",\"contentUrl\":\"https:\/\/secure.gravatar.com\/avatar\/58fa64ce54dbedb7c6633693d600c884a245b0f97746903170fa62aae026cedc?s=96&d=mm&r=g\",\"caption\":\"VBCommunication\"},\"url\":\"https:\/\/www.vallon-bonnevaux.fr\/vbmag\/author\/vbcommunication\/\"}]}<\/script>\n<!-- \/ Yoast SEO plugin. -->","yoast_head_json":{"title":"Pourquoi les r\u00e9sultats de Vallon Bonnevaux d\u00e9passent les moyennes nationales - VB Mag","robots":{"index":"index","follow":"follow","max-snippet":"max-snippet:-1","max-image-preview":"max-image-preview:large","max-video-preview":"max-video-preview:-1"},"canonical":"https:\/\/www.vallon-bonnevaux.fr\/vbmag\/pourquoi-les-resultats-de-vallon-bonnevaux-depassent-les-moyennes-nationales\/","og_locale":"fr_FR","og_type":"article","og_title":"Pourquoi les r\u00e9sultats de Vallon Bonnevaux d\u00e9passent les moyennes nationales - VB Mag","og_description":"Accueil des \u00e9l\u00e8ves \u00e0 besoins particuliers et choix d\u2019orientation en 4e\u20133e : entretien avec le directeur Pourquoi les r\u00e9sultats aux examens de Vallon Bonnevaux sont-ils r\u00e9guli\u00e8rement [\u2026]","og_url":"https:\/\/www.vallon-bonnevaux.fr\/vbmag\/pourquoi-les-resultats-de-vallon-bonnevaux-depassent-les-moyennes-nationales\/","og_site_name":"VB Mag","article_publisher":"https:\/\/www.facebook.com\/lyceevallonbonnevaux","article_published_time":"2026-01-24T11:18:45+00:00","article_modified_time":"2026-01-24T11:20:48+00:00","og_image":[{"url":"https:\/\/www.vallon-bonnevaux.fr\/vbmag\/wp-content\/uploads\/2026\/01\/Image1-300x168.png"}],"author":"VBCommunication","twitter_card":"summary_large_image","twitter_misc":{"\u00c9crit par":"VBCommunication","Dur\u00e9e de lecture estim\u00e9e":"4 minutes"},"schema":{"@context":"https:\/\/schema.org","@graph":[{"@type":"Article","@id":"https:\/\/www.vallon-bonnevaux.fr\/vbmag\/pourquoi-les-resultats-de-vallon-bonnevaux-depassent-les-moyennes-nationales\/#article","isPartOf":{"@id":"https:\/\/www.vallon-bonnevaux.fr\/vbmag\/pourquoi-les-resultats-de-vallon-bonnevaux-depassent-les-moyennes-nationales\/"},"author":{"name":"VBCommunication","@id":"https:\/\/www.vallon-bonnevaux.fr\/vbmag\/#\/schema\/person\/78d4bedf135508e9d2b8d343575fdd31"},"headline":"Pourquoi les r\u00e9sultats de Vallon Bonnevaux d\u00e9passent les moyennes nationales","datePublished":"2026-01-24T11:18:45+00:00","dateModified":"2026-01-24T11:20:48+00:00","mainEntityOfPage":{"@id":"https:\/\/www.vallon-bonnevaux.fr\/vbmag\/pourquoi-les-resultats-de-vallon-bonnevaux-depassent-les-moyennes-nationales\/"},"wordCount":705,"commentCount":0,"publisher":{"@id":"https:\/\/www.vallon-bonnevaux.fr\/vbmag\/#organization"},"articleSection":["Formation &amp; P\u00e9dagogie"],"inLanguage":"fr-FR","potentialAction":[{"@type":"CommentAction","name":"Comment","target":["https:\/\/www.vallon-bonnevaux.fr\/vbmag\/pourquoi-les-resultats-de-vallon-bonnevaux-depassent-les-moyennes-nationales\/#respond"]}]},{"@type":"WebPage","@id":"https:\/\/www.vallon-bonnevaux.fr\/vbmag\/pourquoi-les-resultats-de-vallon-bonnevaux-depassent-les-moyennes-nationales\/","url":"https:\/\/www.vallon-bonnevaux.fr\/vbmag\/pourquoi-les-resultats-de-vallon-bonnevaux-depassent-les-moyennes-nationales\/","name":"Pourquoi les r\u00e9sultats de Vallon Bonnevaux d\u00e9passent les moyennes nationales - VB Mag","isPartOf":{"@id":"https:\/\/www.vallon-bonnevaux.fr\/vbmag\/#website"},"datePublished":"2026-01-24T11:18:45+00:00","dateModified":"2026-01-24T11:20:48+00:00","breadcrumb":{"@id":"https:\/\/www.vallon-bonnevaux.fr\/vbmag\/pourquoi-les-resultats-de-vallon-bonnevaux-depassent-les-moyennes-nationales\/#breadcrumb"},"inLanguage":"fr-FR","potentialAction":[{"@type":"ReadAction","target":["https:\/\/www.vallon-bonnevaux.fr\/vbmag\/pourquoi-les-resultats-de-vallon-bonnevaux-depassent-les-moyennes-nationales\/"]}]},{"@type":"BreadcrumbList","@id":"https:\/\/www.vallon-bonnevaux.fr\/vbmag\/pourquoi-les-resultats-de-vallon-bonnevaux-depassent-les-moyennes-nationales\/#breadcrumb","itemListElement":[{"@type":"ListItem","position":1,"name":"Accueil","item":"https:\/\/www.vallon-bonnevaux.fr\/vbmag\/"},{"@type":"ListItem","position":2,"name":"Pourquoi les r\u00e9sultats de Vallon Bonnevaux d\u00e9passent les moyennes nationales"}]},{"@type":"WebSite","@id":"https:\/\/www.vallon-bonnevaux.fr\/vbmag\/#website","url":"https:\/\/www.vallon-bonnevaux.fr\/vbmag\/","name":"VBmag","description":"","publisher":{"@id":"https:\/\/www.vallon-bonnevaux.fr\/vbmag\/#organization"},"potentialAction":[{"@type":"SearchAction","target":{"@type":"EntryPoint","urlTemplate":"https:\/\/www.vallon-bonnevaux.fr\/vbmag\/?s={search_term_string}"},"query-input":"required name=search_term_string"}],"inLanguage":"fr-FR"},{"@type":"Organization","@id":"https:\/\/www.vallon-bonnevaux.fr\/vbmag\/#organization","name":"VBmag","url":"https:\/\/www.vallon-bonnevaux.fr\/vbmag\/","logo":{"@type":"ImageObject","inLanguage":"fr-FR","@id":"https:\/\/www.vallon-bonnevaux.fr\/vbmag\/#\/schema\/logo\/image\/","url":"https:\/\/www.vallon-bonnevaux.fr\/vbmag\/wp-content\/uploads\/2023\/02\/Bonnevaux-logo-VBmag.png","contentUrl":"https:\/\/www.vallon-bonnevaux.fr\/vbmag\/wp-content\/uploads\/2023\/02\/Bonnevaux-logo-VBmag.png","width":314,"height":143,"caption":"VBmag"},"image":{"@id":"https:\/\/www.vallon-bonnevaux.fr\/vbmag\/#\/schema\/logo\/image\/"},"sameAs":["https:\/\/www.facebook.com\/lyceevallonbonnevaux","https:\/\/www.instagram.com\/lycee_vallon_bonnevaux\/","https:\/\/www.linkedin.com\/company\/leap-le-vallon-les-bonnevaux\/?originalSubdomain=fr"]},{"@type":"Person","@id":"https:\/\/www.vallon-bonnevaux.fr\/vbmag\/#\/schema\/person\/78d4bedf135508e9d2b8d343575fdd31","name":"VBCommunication","image":{"@type":"ImageObject","inLanguage":"fr-FR","@id":"https:\/\/www.vallon-bonnevaux.fr\/vbmag\/#\/schema\/person\/image\/","url":"https:\/\/secure.gravatar.com\/avatar\/58fa64ce54dbedb7c6633693d600c884a245b0f97746903170fa62aae026cedc?s=96&d=mm&r=g","contentUrl":"https:\/\/secure.gravatar.com\/avatar\/58fa64ce54dbedb7c6633693d600c884a245b0f97746903170fa62aae026cedc?s=96&d=mm&r=g","caption":"VBCommunication"},"url":"https:\/\/www.vallon-bonnevaux.fr\/vbmag\/author\/vbcommunication\/"}]}},"_links":{"self":[{"href":"https:\/\/www.vallon-bonnevaux.fr\/vbmag\/wp-json\/wp\/v2\/posts\/3346","targetHints":{"allow":["GET"]}}],"collection":[{"href":"https:\/\/www.vallon-bonnevaux.fr\/vbmag\/wp-json\/wp\/v2\/posts"}],"about":[{"href":"https:\/\/www.vallon-bonnevaux.fr\/vbmag\/wp-json\/wp\/v2\/types\/post"}],"author":[{"embeddable":true,"href":"https:\/\/www.vallon-bonnevaux.fr\/vbmag\/wp-json\/wp\/v2\/users\/2"}],"replies":[{"embeddable":true,"href":"https:\/\/www.vallon-bonnevaux.fr\/vbmag\/wp-json\/wp\/v2\/comments?post=3346"}],"version-history":[{"count":4,"href":"https:\/\/www.vallon-bonnevaux.fr\/vbmag\/wp-json\/wp\/v2\/posts\/3346\/revisions"}],"predecessor-version":[{"id":3351,"href":"https:\/\/www.vallon-bonnevaux.fr\/vbmag\/wp-json\/wp\/v2\/posts\/3346\/revisions\/3351"}],"wp:attachment":[{"href":"https:\/\/www.vallon-bonnevaux.fr\/vbmag\/wp-json\/wp\/v2\/media?parent=3346"}],"wp:term":[{"taxonomy":"category","embeddable":true,"href":"https:\/\/www.vallon-bonnevaux.fr\/vbmag\/wp-json\/wp\/v2\/categories?post=3346"},{"taxonomy":"post_tag","embeddable":true,"href":"https:\/\/www.vallon-bonnevaux.fr\/vbmag\/wp-json\/wp\/v2\/tags?post=3346"}],"curies":[{"name":"wp","href":"https:\/\/api.w.org\/{rel}","templated":true}]}}