{"id":3352,"date":"2026-01-29T15:38:31","date_gmt":"2026-01-29T14:38:31","guid":{"rendered":"https:\/\/www.vallon-bonnevaux.fr\/vbmag\/?p=3352"},"modified":"2026-04-20T08:37:19","modified_gmt":"2026-04-20T06:37:19","slug":"trouver-sa-voie-ca-commence-des-la-4%e1%b5%89-a-vallon-bonnevaux","status":"publish","type":"post","link":"https:\/\/www.vallon-bonnevaux.fr\/vbmag\/trouver-sa-voie-ca-commence-des-la-4%e1%b5%89-a-vallon-bonnevaux\/","title":{"rendered":"Trouver sa voie, \u00e7a commence d\u00e8s la 4\u1d49 \u00e0 Vallon-Bonnevaux"},"content":{"rendered":"<div style=\"width: 1220px;\" class=\"wp-video\"><video class=\"wp-video-shortcode\" id=\"video-3352-1\" width=\"1220\" height=\"686\" preload=\"metadata\" controls=\"controls\"><source type=\"video\/mp4\" src=\"https:\/\/www.vallon-bonnevaux.fr\/vbmag\/wp-content\/uploads\/2026\/01\/4EME-3EME-ORIENTATION-EUREKA-3-SLAM-VALLON-BONNEVAUX-ST-JEAN-DE-BOURNAY.mp4?_=1\" \/><a href=\"https:\/\/www.vallon-bonnevaux.fr\/vbmag\/wp-content\/uploads\/2026\/01\/4EME-3EME-ORIENTATION-EUREKA-3-SLAM-VALLON-BONNEVAUX-ST-JEAN-DE-BOURNAY.mp4\">https:\/\/www.vallon-bonnevaux.fr\/vbmag\/wp-content\/uploads\/2026\/01\/4EME-3EME-ORIENTATION-EUREKA-3-SLAM-VALLON-BONNEVAUX-ST-JEAN-DE-BOURNAY.mp4<\/a><\/video><\/div>\n<p data-start=\"319\" data-end=\"640\"><strong data-start=\"319\" data-end=\"379\"><img loading=\"lazy\" decoding=\"async\" class=\"size-medium wp-image-3357 alignleft\" src=\"https:\/\/www.vallon-bonnevaux.fr\/vbmag\/wp-content\/uploads\/2026\/01\/4eme-3eme-ORIENTATION-EUREKA-VALLON-BONNEVAUX-ST-JEAN-DE-BOURNAY-300x138.jpg\" alt=\"\" width=\"300\" height=\"138\" srcset=\"https:\/\/www.vallon-bonnevaux.fr\/vbmag\/wp-content\/uploads\/2026\/01\/4eme-3eme-ORIENTATION-EUREKA-VALLON-BONNEVAUX-ST-JEAN-DE-BOURNAY-300x138.jpg 300w, https:\/\/www.vallon-bonnevaux.fr\/vbmag\/wp-content\/uploads\/2026\/01\/4eme-3eme-ORIENTATION-EUREKA-VALLON-BONNEVAUX-ST-JEAN-DE-BOURNAY-1024x472.jpg 1024w, https:\/\/www.vallon-bonnevaux.fr\/vbmag\/wp-content\/uploads\/2026\/01\/4eme-3eme-ORIENTATION-EUREKA-VALLON-BONNEVAUX-ST-JEAN-DE-BOURNAY-768x354.jpg 768w, https:\/\/www.vallon-bonnevaux.fr\/vbmag\/wp-content\/uploads\/2026\/01\/4eme-3eme-ORIENTATION-EUREKA-VALLON-BONNEVAUX-ST-JEAN-DE-BOURNAY-1536x708.jpg 1536w, https:\/\/www.vallon-bonnevaux.fr\/vbmag\/wp-content\/uploads\/2026\/01\/4eme-3eme-ORIENTATION-EUREKA-VALLON-BONNEVAUX-ST-JEAN-DE-BOURNAY-2048x944.jpg 2048w, https:\/\/www.vallon-bonnevaux.fr\/vbmag\/wp-content\/uploads\/2026\/01\/4eme-3eme-ORIENTATION-EUREKA-VALLON-BONNEVAUX-ST-JEAN-DE-BOURNAY-260x120.jpg 260w, https:\/\/www.vallon-bonnevaux.fr\/vbmag\/wp-content\/uploads\/2026\/01\/4eme-3eme-ORIENTATION-EUREKA-VALLON-BONNEVAUX-ST-JEAN-DE-BOURNAY-50x23.jpg 50w, https:\/\/www.vallon-bonnevaux.fr\/vbmag\/wp-content\/uploads\/2026\/01\/4eme-3eme-ORIENTATION-EUREKA-VALLON-BONNEVAUX-ST-JEAN-DE-BOURNAY-150x69.jpg 150w\" sizes=\"auto, (max-width: 300px) 100vw, 300px\" \/>Et si l\u2019orientation commen\u00e7ait par une vraie rencontre ?<\/strong><br data-start=\"379\" data-end=\"382\" \/>Au <strong data-start=\"385\" data-end=\"411\">Lyc\u00e9e Vallon-Bonnevaux<\/strong>, on ne se contente pas d\u2019apprendre des savoirs. On apprend \u00e0 se conna\u00eetre, \u00e0 se projeter, \u00e0 trouver du sens dans son parcours. D\u00e8s la 4\u1d49, chaque \u00e9l\u00e8ve est accompagn\u00e9 pour construire, \u00e9tape par \u00e9tape, un avenir qui lui ressemble.<\/p>\n<p data-start=\"642\" data-end=\"888\">C\u2019est dans cette logique qu\u2019a eu lieu une <strong data-start=\"684\" data-end=\"707\">rencontre marquante<\/strong> avec <strong data-start=\"713\" data-end=\"743\">Eur\u00eaka (Olivier Tonnelier)<\/strong>, slameur professionnel, venu proposer une conf\u00e9rence musicale autour d\u2019un th\u00e8me fort :<br data-start=\"830\" data-end=\"833\" \/>\ud83c\udfa4 <em data-start=\"836\" data-end=\"885\">\u00ab S\u2019\u00e9couter, trouver sa voie, vivre ses r\u00eaves \u00bb<\/em> \ud83c\udfa4<\/p>\n<h2 data-start=\"890\" data-end=\"932\">Une autre fa\u00e7on de parler d\u2019orientation<\/h2>\n<p data-start=\"934\" data-end=\"1349\">Durant cette intervention interactive, les \u00e9l\u00e8ves de 4\u1d49 et de 3\u1d49 ont \u00e9t\u00e9 plong\u00e9s dans une atmosph\u00e8re \u00e0 la fois vivante, bienveillante et sinc\u00e8re. \u00c0 travers son parcours personnel, l\u2019artiste a partag\u00e9 des messages forts : l\u2019importance d\u2019oser r\u00eaver, de croire en ses capacit\u00e9s, de ne pas se laisser freiner par le regard des autres, et surtout de comprendre que chaque \u00e9tape \u2013 m\u00eame les doutes \u2013 fait partie du chemin.<\/p>\n<p data-start=\"1351\" data-end=\"1579\">Les r\u00e9actions ont \u00e9t\u00e9 imm\u00e9diates : \u00e9coute attentive, \u00e9changes riches, regards captiv\u00e9s. Beaucoup de jeunes sont repartis avec de nouvelles id\u00e9es, des envies de projets, et une meilleure compr\u00e9hension de leurs propres ressources.<\/p>\n<h2 data-start=\"1581\" data-end=\"1615\">Un cadre pour grandir autrement<\/h2>\n<p data-start=\"1617\" data-end=\"1939\">Choisir la 4\u1d49 ou la 3\u1d49 au <strong data-start=\"1643\" data-end=\"1669\">Lyc\u00e9e Vallon-Bonnevaux<\/strong>, c\u2019est s\u2019offrir un environnement diff\u00e9rent, o\u00f9 <strong data-start=\"1717\" data-end=\"1759\">l\u2019\u00e9l\u00e8ve est au c\u0153ur de l\u2019apprentissage<\/strong>. Gr\u00e2ce \u00e0 une p\u00e9dagogie concr\u00e8te et diversifi\u00e9e, qui allie enseignement g\u00e9n\u00e9ral, <strong data-start=\"1840\" data-end=\"1862\">ateliers pratiques<\/strong>, <strong data-start=\"1864\" data-end=\"1886\">projets collectifs<\/strong> et <strong data-start=\"1890\" data-end=\"1924\">stages en milieu professionnel<\/strong>, chacun peut :<\/p>\n<p data-start=\"1941\" data-end=\"2135\">\u2705 Gagner en confiance<br data-start=\"1962\" data-end=\"1965\" \/>\u2705 Donner du sens \u00e0 ce qu\u2019il apprend<br data-start=\"2000\" data-end=\"2003\" \/>\u2705 Explorer diff\u00e9rentes voies professionnelles<br data-start=\"2048\" data-end=\"2051\" \/>\u2705 D\u00e9velopper des comp\u00e9tences transversales<br data-start=\"2093\" data-end=\"2096\" \/>\u2705 Mieux se conna\u00eetre pour mieux choisir<\/p>\n<p data-start=\"2137\" data-end=\"2323\">Nos formations s\u2019appuient sur les <strong data-start=\"2171\" data-end=\"2214\">r\u00e9f\u00e9rentiels de l\u2019enseignement agricole<\/strong>, pens\u00e9s pour valoriser les potentiels, encourager l\u2019autonomie, et favoriser la r\u00e9ussite de tous les profils.<\/p>\n<h2 data-start=\"2325\" data-end=\"2356\">Des exp\u00e9riences qui comptent<\/h2>\n<p data-start=\"2358\" data-end=\"2688\">Loin des discours th\u00e9oriques, nous misons sur <strong data-start=\"2404\" data-end=\"2480\">les rencontres humaines, les projets concrets et l\u2019implication de chacun<\/strong> pour faire \u00e9merger les talents. L\u2019intervention d\u2019Eur\u00eaka en est un bel exemple : elle a permis aux \u00e9l\u00e8ves de prendre du recul, d\u2019\u00e9couter une parole vraie, et de repartir avec des rep\u00e8res utiles pour l\u2019avenir.<\/p>\n<hr data-start=\"2690\" data-end=\"2693\" \/>\n<h3 data-start=\"2695\" data-end=\"2761\">\u2728 Au Lyc\u00e9e Vallon-Bonnevaux, tout commence par la confiance.<\/h3>\n<p data-start=\"2762\" data-end=\"2873\">\ud83c\udf92 Rejoignez-nous d\u00e8s la 4\u1d49 pour apprendre autrement, avancer sereinement, et tracer un parcours \u00e0 votre image.<\/p>\n","protected":false},"excerpt":{"rendered":"<p>Et si l\u2019orientation commen\u00e7ait par une vraie rencontre ?Au Lyc\u00e9e Vallon-Bonnevaux, on ne se contente pas d\u2019apprendre des savoirs. On apprend \u00e0 se conna\u00eetre, \u00e0 se<span class=\"excerpt-hellip\"> [\u2026]<\/span><\/p>\n","protected":false},"author":2,"featured_media":3357,"comment_status":"open","ping_status":"open","sticky":false,"template":"","format":"standard","meta":{"_mi_skip_tracking":false,"_monsterinsights_sitenote_active":false,"_monsterinsights_sitenote_note":"","_monsterinsights_sitenote_category":0,"footnotes":""},"categories":[2,3],"tags":[],"class_list":["post-3352","post","type-post","status-publish","format-standard","has-post-thumbnail","hentry","category-actualites-infos","category-formation-pedagogie"],"yoast_head":"<!-- This site is optimized with the Yoast SEO plugin v20.8 - https:\/\/yoast.com\/wordpress\/plugins\/seo\/ -->\n<title>Trouver sa voie, \u00e7a commence d\u00e8s la 4\u1d49 \u00e0 Vallon-Bonnevaux - VB Mag<\/title>\n<meta name=\"robots\" content=\"index, follow, max-snippet:-1, max-image-preview:large, max-video-preview:-1\" \/>\n<link rel=\"canonical\" href=\"https:\/\/www.vallon-bonnevaux.fr\/vbmag\/trouver-sa-voie-ca-commence-des-la-4\u1d49-a-vallon-bonnevaux\/\" \/>\n<meta property=\"og:locale\" content=\"fr_FR\" \/>\n<meta property=\"og:type\" content=\"article\" \/>\n<meta property=\"og:title\" content=\"Trouver sa voie, \u00e7a commence d\u00e8s la 4\u1d49 \u00e0 Vallon-Bonnevaux - VB Mag\" \/>\n<meta property=\"og:description\" content=\"Et si l\u2019orientation commen\u00e7ait par une vraie rencontre ?Au Lyc\u00e9e Vallon-Bonnevaux, on ne se contente pas d\u2019apprendre des savoirs. On apprend \u00e0 se conna\u00eetre, \u00e0 se [\u2026]\" \/>\n<meta property=\"og:url\" content=\"https:\/\/www.vallon-bonnevaux.fr\/vbmag\/trouver-sa-voie-ca-commence-des-la-4\u1d49-a-vallon-bonnevaux\/\" \/>\n<meta property=\"og:site_name\" content=\"VB Mag\" \/>\n<meta property=\"article:publisher\" content=\"https:\/\/www.facebook.com\/lyceevallonbonnevaux\" \/>\n<meta property=\"article:published_time\" content=\"2026-01-29T14:38:31+00:00\" \/>\n<meta property=\"article:modified_time\" content=\"2026-04-20T06:37:19+00:00\" \/>\n<meta property=\"og:image\" content=\"https:\/\/www.vallon-bonnevaux.fr\/vbmag\/wp-content\/uploads\/2026\/01\/4eme-3eme-ORIENTATION-EUREKA-VALLON-BONNEVAUX-ST-JEAN-DE-BOURNAY-scaled.jpg\" \/>\n\t<meta property=\"og:image:width\" content=\"2560\" \/>\n\t<meta property=\"og:image:height\" content=\"1180\" \/>\n\t<meta property=\"og:image:type\" content=\"image\/jpeg\" \/>\n<meta name=\"author\" content=\"VBCommunication\" \/>\n<meta name=\"twitter:card\" content=\"summary_large_image\" \/>\n<meta name=\"twitter:label1\" content=\"\u00c9crit par\" \/>\n\t<meta name=\"twitter:data1\" content=\"VBCommunication\" \/>\n\t<meta name=\"twitter:label2\" content=\"Dur\u00e9e de lecture estim\u00e9e\" \/>\n\t<meta name=\"twitter:data2\" content=\"3 minutes\" \/>\n<script type=\"application\/ld+json\" class=\"yoast-schema-graph\">{\"@context\":\"https:\/\/schema.org\",\"@graph\":[{\"@type\":\"Article\",\"@id\":\"https:\/\/www.vallon-bonnevaux.fr\/vbmag\/trouver-sa-voie-ca-commence-des-la-4%e1%b5%89-a-vallon-bonnevaux\/#article\",\"isPartOf\":{\"@id\":\"https:\/\/www.vallon-bonnevaux.fr\/vbmag\/trouver-sa-voie-ca-commence-des-la-4%e1%b5%89-a-vallon-bonnevaux\/\"},\"author\":{\"name\":\"VBCommunication\",\"@id\":\"https:\/\/www.vallon-bonnevaux.fr\/vbmag\/#\/schema\/person\/78d4bedf135508e9d2b8d343575fdd31\"},\"headline\":\"Trouver sa voie, \u00e7a commence d\u00e8s la 4\u1d49 \u00e0 Vallon-Bonnevaux\",\"datePublished\":\"2026-01-29T14:38:31+00:00\",\"dateModified\":\"2026-04-20T06:37:19+00:00\",\"mainEntityOfPage\":{\"@id\":\"https:\/\/www.vallon-bonnevaux.fr\/vbmag\/trouver-sa-voie-ca-commence-des-la-4%e1%b5%89-a-vallon-bonnevaux\/\"},\"wordCount\":445,\"commentCount\":0,\"publisher\":{\"@id\":\"https:\/\/www.vallon-bonnevaux.fr\/vbmag\/#organization\"},\"articleSection\":[\"Actualit\u00e9s &amp; infos\",\"Formation &amp; P\u00e9dagogie\"],\"inLanguage\":\"fr-FR\",\"potentialAction\":[{\"@type\":\"CommentAction\",\"name\":\"Comment\",\"target\":[\"https:\/\/www.vallon-bonnevaux.fr\/vbmag\/trouver-sa-voie-ca-commence-des-la-4%e1%b5%89-a-vallon-bonnevaux\/#respond\"]}]},{\"@type\":\"WebPage\",\"@id\":\"https:\/\/www.vallon-bonnevaux.fr\/vbmag\/trouver-sa-voie-ca-commence-des-la-4%e1%b5%89-a-vallon-bonnevaux\/\",\"url\":\"https:\/\/www.vallon-bonnevaux.fr\/vbmag\/trouver-sa-voie-ca-commence-des-la-4%e1%b5%89-a-vallon-bonnevaux\/\",\"name\":\"Trouver sa voie, \u00e7a commence d\u00e8s la 4\u1d49 \u00e0 Vallon-Bonnevaux - VB Mag\",\"isPartOf\":{\"@id\":\"https:\/\/www.vallon-bonnevaux.fr\/vbmag\/#website\"},\"datePublished\":\"2026-01-29T14:38:31+00:00\",\"dateModified\":\"2026-04-20T06:37:19+00:00\",\"breadcrumb\":{\"@id\":\"https:\/\/www.vallon-bonnevaux.fr\/vbmag\/trouver-sa-voie-ca-commence-des-la-4%e1%b5%89-a-vallon-bonnevaux\/#breadcrumb\"},\"inLanguage\":\"fr-FR\",\"potentialAction\":[{\"@type\":\"ReadAction\",\"target\":[\"https:\/\/www.vallon-bonnevaux.fr\/vbmag\/trouver-sa-voie-ca-commence-des-la-4%e1%b5%89-a-vallon-bonnevaux\/\"]}]},{\"@type\":\"BreadcrumbList\",\"@id\":\"https:\/\/www.vallon-bonnevaux.fr\/vbmag\/trouver-sa-voie-ca-commence-des-la-4%e1%b5%89-a-vallon-bonnevaux\/#breadcrumb\",\"itemListElement\":[{\"@type\":\"ListItem\",\"position\":1,\"name\":\"Accueil\",\"item\":\"https:\/\/www.vallon-bonnevaux.fr\/vbmag\/\"},{\"@type\":\"ListItem\",\"position\":2,\"name\":\"Trouver sa voie, \u00e7a commence d\u00e8s la 4\u1d49 \u00e0 Vallon-Bonnevaux\"}]},{\"@type\":\"WebSite\",\"@id\":\"https:\/\/www.vallon-bonnevaux.fr\/vbmag\/#website\",\"url\":\"https:\/\/www.vallon-bonnevaux.fr\/vbmag\/\",\"name\":\"VBmag\",\"description\":\"\",\"publisher\":{\"@id\":\"https:\/\/www.vallon-bonnevaux.fr\/vbmag\/#organization\"},\"potentialAction\":[{\"@type\":\"SearchAction\",\"target\":{\"@type\":\"EntryPoint\",\"urlTemplate\":\"https:\/\/www.vallon-bonnevaux.fr\/vbmag\/?s={search_term_string}\"},\"query-input\":\"required name=search_term_string\"}],\"inLanguage\":\"fr-FR\"},{\"@type\":\"Organization\",\"@id\":\"https:\/\/www.vallon-bonnevaux.fr\/vbmag\/#organization\",\"name\":\"VBmag\",\"url\":\"https:\/\/www.vallon-bonnevaux.fr\/vbmag\/\",\"logo\":{\"@type\":\"ImageObject\",\"inLanguage\":\"fr-FR\",\"@id\":\"https:\/\/www.vallon-bonnevaux.fr\/vbmag\/#\/schema\/logo\/image\/\",\"url\":\"https:\/\/www.vallon-bonnevaux.fr\/vbmag\/wp-content\/uploads\/2023\/02\/Bonnevaux-logo-VBmag.png\",\"contentUrl\":\"https:\/\/www.vallon-bonnevaux.fr\/vbmag\/wp-content\/uploads\/2023\/02\/Bonnevaux-logo-VBmag.png\",\"width\":314,\"height\":143,\"caption\":\"VBmag\"},\"image\":{\"@id\":\"https:\/\/www.vallon-bonnevaux.fr\/vbmag\/#\/schema\/logo\/image\/\"},\"sameAs\":[\"https:\/\/www.facebook.com\/lyceevallonbonnevaux\",\"https:\/\/www.instagram.com\/lycee_vallon_bonnevaux\/\",\"https:\/\/www.linkedin.com\/company\/leap-le-vallon-les-bonnevaux\/?originalSubdomain=fr\"]},{\"@type\":\"Person\",\"@id\":\"https:\/\/www.vallon-bonnevaux.fr\/vbmag\/#\/schema\/person\/78d4bedf135508e9d2b8d343575fdd31\",\"name\":\"VBCommunication\",\"image\":{\"@type\":\"ImageObject\",\"inLanguage\":\"fr-FR\",\"@id\":\"https:\/\/www.vallon-bonnevaux.fr\/vbmag\/#\/schema\/person\/image\/\",\"url\":\"https:\/\/secure.gravatar.com\/avatar\/58fa64ce54dbedb7c6633693d600c884a245b0f97746903170fa62aae026cedc?s=96&d=mm&r=g\",\"contentUrl\":\"https:\/\/secure.gravatar.com\/avatar\/58fa64ce54dbedb7c6633693d600c884a245b0f97746903170fa62aae026cedc?s=96&d=mm&r=g\",\"caption\":\"VBCommunication\"},\"url\":\"https:\/\/www.vallon-bonnevaux.fr\/vbmag\/author\/vbcommunication\/\"}]}<\/script>\n<!-- \/ Yoast SEO plugin. -->","yoast_head_json":{"title":"Trouver sa voie, \u00e7a commence d\u00e8s la 4\u1d49 \u00e0 Vallon-Bonnevaux - VB Mag","robots":{"index":"index","follow":"follow","max-snippet":"max-snippet:-1","max-image-preview":"max-image-preview:large","max-video-preview":"max-video-preview:-1"},"canonical":"https:\/\/www.vallon-bonnevaux.fr\/vbmag\/trouver-sa-voie-ca-commence-des-la-4\u1d49-a-vallon-bonnevaux\/","og_locale":"fr_FR","og_type":"article","og_title":"Trouver sa voie, \u00e7a commence d\u00e8s la 4\u1d49 \u00e0 Vallon-Bonnevaux - VB Mag","og_description":"Et si l\u2019orientation commen\u00e7ait par une vraie rencontre ?Au Lyc\u00e9e Vallon-Bonnevaux, on ne se contente pas d\u2019apprendre des savoirs. On apprend \u00e0 se conna\u00eetre, \u00e0 se [\u2026]","og_url":"https:\/\/www.vallon-bonnevaux.fr\/vbmag\/trouver-sa-voie-ca-commence-des-la-4\u1d49-a-vallon-bonnevaux\/","og_site_name":"VB Mag","article_publisher":"https:\/\/www.facebook.com\/lyceevallonbonnevaux","article_published_time":"2026-01-29T14:38:31+00:00","article_modified_time":"2026-04-20T06:37:19+00:00","og_image":[{"width":2560,"height":1180,"url":"https:\/\/www.vallon-bonnevaux.fr\/vbmag\/wp-content\/uploads\/2026\/01\/4eme-3eme-ORIENTATION-EUREKA-VALLON-BONNEVAUX-ST-JEAN-DE-BOURNAY-scaled.jpg","type":"image\/jpeg"}],"author":"VBCommunication","twitter_card":"summary_large_image","twitter_misc":{"\u00c9crit par":"VBCommunication","Dur\u00e9e de lecture estim\u00e9e":"3 minutes"},"schema":{"@context":"https:\/\/schema.org","@graph":[{"@type":"Article","@id":"https:\/\/www.vallon-bonnevaux.fr\/vbmag\/trouver-sa-voie-ca-commence-des-la-4%e1%b5%89-a-vallon-bonnevaux\/#article","isPartOf":{"@id":"https:\/\/www.vallon-bonnevaux.fr\/vbmag\/trouver-sa-voie-ca-commence-des-la-4%e1%b5%89-a-vallon-bonnevaux\/"},"author":{"name":"VBCommunication","@id":"https:\/\/www.vallon-bonnevaux.fr\/vbmag\/#\/schema\/person\/78d4bedf135508e9d2b8d343575fdd31"},"headline":"Trouver sa voie, \u00e7a commence d\u00e8s la 4\u1d49 \u00e0 Vallon-Bonnevaux","datePublished":"2026-01-29T14:38:31+00:00","dateModified":"2026-04-20T06:37:19+00:00","mainEntityOfPage":{"@id":"https:\/\/www.vallon-bonnevaux.fr\/vbmag\/trouver-sa-voie-ca-commence-des-la-4%e1%b5%89-a-vallon-bonnevaux\/"},"wordCount":445,"commentCount":0,"publisher":{"@id":"https:\/\/www.vallon-bonnevaux.fr\/vbmag\/#organization"},"articleSection":["Actualit\u00e9s &amp; infos","Formation &amp; P\u00e9dagogie"],"inLanguage":"fr-FR","potentialAction":[{"@type":"CommentAction","name":"Comment","target":["https:\/\/www.vallon-bonnevaux.fr\/vbmag\/trouver-sa-voie-ca-commence-des-la-4%e1%b5%89-a-vallon-bonnevaux\/#respond"]}]},{"@type":"WebPage","@id":"https:\/\/www.vallon-bonnevaux.fr\/vbmag\/trouver-sa-voie-ca-commence-des-la-4%e1%b5%89-a-vallon-bonnevaux\/","url":"https:\/\/www.vallon-bonnevaux.fr\/vbmag\/trouver-sa-voie-ca-commence-des-la-4%e1%b5%89-a-vallon-bonnevaux\/","name":"Trouver sa voie, \u00e7a commence d\u00e8s la 4\u1d49 \u00e0 Vallon-Bonnevaux - VB Mag","isPartOf":{"@id":"https:\/\/www.vallon-bonnevaux.fr\/vbmag\/#website"},"datePublished":"2026-01-29T14:38:31+00:00","dateModified":"2026-04-20T06:37:19+00:00","breadcrumb":{"@id":"https:\/\/www.vallon-bonnevaux.fr\/vbmag\/trouver-sa-voie-ca-commence-des-la-4%e1%b5%89-a-vallon-bonnevaux\/#breadcrumb"},"inLanguage":"fr-FR","potentialAction":[{"@type":"ReadAction","target":["https:\/\/www.vallon-bonnevaux.fr\/vbmag\/trouver-sa-voie-ca-commence-des-la-4%e1%b5%89-a-vallon-bonnevaux\/"]}]},{"@type":"BreadcrumbList","@id":"https:\/\/www.vallon-bonnevaux.fr\/vbmag\/trouver-sa-voie-ca-commence-des-la-4%e1%b5%89-a-vallon-bonnevaux\/#breadcrumb","itemListElement":[{"@type":"ListItem","position":1,"name":"Accueil","item":"https:\/\/www.vallon-bonnevaux.fr\/vbmag\/"},{"@type":"ListItem","position":2,"name":"Trouver sa voie, \u00e7a commence d\u00e8s la 4\u1d49 \u00e0 Vallon-Bonnevaux"}]},{"@type":"WebSite","@id":"https:\/\/www.vallon-bonnevaux.fr\/vbmag\/#website","url":"https:\/\/www.vallon-bonnevaux.fr\/vbmag\/","name":"VBmag","description":"","publisher":{"@id":"https:\/\/www.vallon-bonnevaux.fr\/vbmag\/#organization"},"potentialAction":[{"@type":"SearchAction","target":{"@type":"EntryPoint","urlTemplate":"https:\/\/www.vallon-bonnevaux.fr\/vbmag\/?s={search_term_string}"},"query-input":"required name=search_term_string"}],"inLanguage":"fr-FR"},{"@type":"Organization","@id":"https:\/\/www.vallon-bonnevaux.fr\/vbmag\/#organization","name":"VBmag","url":"https:\/\/www.vallon-bonnevaux.fr\/vbmag\/","logo":{"@type":"ImageObject","inLanguage":"fr-FR","@id":"https:\/\/www.vallon-bonnevaux.fr\/vbmag\/#\/schema\/logo\/image\/","url":"https:\/\/www.vallon-bonnevaux.fr\/vbmag\/wp-content\/uploads\/2023\/02\/Bonnevaux-logo-VBmag.png","contentUrl":"https:\/\/www.vallon-bonnevaux.fr\/vbmag\/wp-content\/uploads\/2023\/02\/Bonnevaux-logo-VBmag.png","width":314,"height":143,"caption":"VBmag"},"image":{"@id":"https:\/\/www.vallon-bonnevaux.fr\/vbmag\/#\/schema\/logo\/image\/"},"sameAs":["https:\/\/www.facebook.com\/lyceevallonbonnevaux","https:\/\/www.instagram.com\/lycee_vallon_bonnevaux\/","https:\/\/www.linkedin.com\/company\/leap-le-vallon-les-bonnevaux\/?originalSubdomain=fr"]},{"@type":"Person","@id":"https:\/\/www.vallon-bonnevaux.fr\/vbmag\/#\/schema\/person\/78d4bedf135508e9d2b8d343575fdd31","name":"VBCommunication","image":{"@type":"ImageObject","inLanguage":"fr-FR","@id":"https:\/\/www.vallon-bonnevaux.fr\/vbmag\/#\/schema\/person\/image\/","url":"https:\/\/secure.gravatar.com\/avatar\/58fa64ce54dbedb7c6633693d600c884a245b0f97746903170fa62aae026cedc?s=96&d=mm&r=g","contentUrl":"https:\/\/secure.gravatar.com\/avatar\/58fa64ce54dbedb7c6633693d600c884a245b0f97746903170fa62aae026cedc?s=96&d=mm&r=g","caption":"VBCommunication"},"url":"https:\/\/www.vallon-bonnevaux.fr\/vbmag\/author\/vbcommunication\/"}]}},"_links":{"self":[{"href":"https:\/\/www.vallon-bonnevaux.fr\/vbmag\/wp-json\/wp\/v2\/posts\/3352","targetHints":{"allow":["GET"]}}],"collection":[{"href":"https:\/\/www.vallon-bonnevaux.fr\/vbmag\/wp-json\/wp\/v2\/posts"}],"about":[{"href":"https:\/\/www.vallon-bonnevaux.fr\/vbmag\/wp-json\/wp\/v2\/types\/post"}],"author":[{"embeddable":true,"href":"https:\/\/www.vallon-bonnevaux.fr\/vbmag\/wp-json\/wp\/v2\/users\/2"}],"replies":[{"embeddable":true,"href":"https:\/\/www.vallon-bonnevaux.fr\/vbmag\/wp-json\/wp\/v2\/comments?post=3352"}],"version-history":[{"count":4,"href":"https:\/\/www.vallon-bonnevaux.fr\/vbmag\/wp-json\/wp\/v2\/posts\/3352\/revisions"}],"predecessor-version":[{"id":3360,"href":"https:\/\/www.vallon-bonnevaux.fr\/vbmag\/wp-json\/wp\/v2\/posts\/3352\/revisions\/3360"}],"wp:featuredmedia":[{"embeddable":true,"href":"https:\/\/www.vallon-bonnevaux.fr\/vbmag\/wp-json\/wp\/v2\/media\/3357"}],"wp:attachment":[{"href":"https:\/\/www.vallon-bonnevaux.fr\/vbmag\/wp-json\/wp\/v2\/media?parent=3352"}],"wp:term":[{"taxonomy":"category","embeddable":true,"href":"https:\/\/www.vallon-bonnevaux.fr\/vbmag\/wp-json\/wp\/v2\/categories?post=3352"},{"taxonomy":"post_tag","embeddable":true,"href":"https:\/\/www.vallon-bonnevaux.fr\/vbmag\/wp-json\/wp\/v2\/tags?post=3352"}],"curies":[{"name":"wp","href":"https:\/\/api.w.org\/{rel}","templated":true}]}}