{"id":3469,"date":"2026-04-29T22:19:01","date_gmt":"2026-04-29T20:19:01","guid":{"rendered":"https:\/\/www.vallon-bonnevaux.fr\/vbmag\/?p=3469"},"modified":"2026-04-29T22:36:40","modified_gmt":"2026-04-29T20:36:40","slug":"une-creche-engagee-pour-la-planete-le-projet-des-2nde-sapat-de-vallon-bonnevaux","status":"publish","type":"post","link":"https:\/\/www.vallon-bonnevaux.fr\/vbmag\/une-creche-engagee-pour-la-planete-le-projet-des-2nde-sapat-de-vallon-bonnevaux\/","title":{"rendered":"Une cr\u00e8che engag\u00e9e pour la plan\u00e8te : le projet des 2nde SAPAT de Vallon Bonnevaux"},"content":{"rendered":"<h1 data-section-id=\"f1g71k\" data-start=\"121\" data-end=\"233\"><img loading=\"lazy\" decoding=\"async\" class=\"size-medium wp-image-3470 alignleft\" src=\"https:\/\/www.vallon-bonnevaux.fr\/vbmag\/wp-content\/uploads\/2026\/04\/BAC-PRO-SAPAT-CRECHE-DEVELOPPEMENT-DURABLE-Post-1080-x-1350px-Fixe-240x300.png\" alt=\"\" width=\"240\" height=\"300\" srcset=\"https:\/\/www.vallon-bonnevaux.fr\/vbmag\/wp-content\/uploads\/2026\/04\/BAC-PRO-SAPAT-CRECHE-DEVELOPPEMENT-DURABLE-Post-1080-x-1350px-Fixe-240x300.png 240w, https:\/\/www.vallon-bonnevaux.fr\/vbmag\/wp-content\/uploads\/2026\/04\/BAC-PRO-SAPAT-CRECHE-DEVELOPPEMENT-DURABLE-Post-1080-x-1350px-Fixe-819x1024.png 819w, https:\/\/www.vallon-bonnevaux.fr\/vbmag\/wp-content\/uploads\/2026\/04\/BAC-PRO-SAPAT-CRECHE-DEVELOPPEMENT-DURABLE-Post-1080-x-1350px-Fixe-768x960.png 768w, https:\/\/www.vallon-bonnevaux.fr\/vbmag\/wp-content\/uploads\/2026\/04\/BAC-PRO-SAPAT-CRECHE-DEVELOPPEMENT-DURABLE-Post-1080-x-1350px-Fixe-117x146.png 117w, https:\/\/www.vallon-bonnevaux.fr\/vbmag\/wp-content\/uploads\/2026\/04\/BAC-PRO-SAPAT-CRECHE-DEVELOPPEMENT-DURABLE-Post-1080-x-1350px-Fixe-40x50.png 40w, https:\/\/www.vallon-bonnevaux.fr\/vbmag\/wp-content\/uploads\/2026\/04\/BAC-PRO-SAPAT-CRECHE-DEVELOPPEMENT-DURABLE-Post-1080-x-1350px-Fixe-60x75.png 60w, https:\/\/www.vallon-bonnevaux.fr\/vbmag\/wp-content\/uploads\/2026\/04\/BAC-PRO-SAPAT-CRECHE-DEVELOPPEMENT-DURABLE-Post-1080-x-1350px-Fixe.png 1080w\" sizes=\"auto, (max-width: 240px) 100vw, 240px\" \/>Bac Pro SAPAT : une maquette de cr\u00e8che \u00e9coresponsable pour sensibiliser aux enjeux de sant\u00e9 et d\u2019environnement<\/h1>\n<p data-start=\"235\" data-end=\"666\">Dans le cadre de leur formation en <strong data-start=\"270\" data-end=\"346\">Bac Pro SAPAT (Services aux Personnes et Animation dans les Territoires)<\/strong>, les \u00e9l\u00e8ves de seconde ont travaill\u00e9 sur un projet concret autour des <strong data-start=\"417\" data-end=\"472\">enjeux environnementaux en structure petite enfance<\/strong>. Cette activit\u00e9 s\u2019inscrit dans le module d\u2019ESDD (\u00c9ducation \u00e0 la Sant\u00e9 et au D\u00e9veloppement Durable) et vise \u00e0 comprendre les impacts des mat\u00e9riaux utilis\u00e9s au quotidien sur la sant\u00e9 des enfants.<\/p>\n<h2 data-section-id=\"1qi529p\" data-start=\"668\" data-end=\"730\">Comprendre les risques li\u00e9s aux mat\u00e9riaux en petite enfance<\/h2>\n<p data-start=\"732\" data-end=\"993\">Le projet d\u00e9bute par une phase d\u2019analyse. Les \u00e9l\u00e8ves ont \u00e9tudi\u00e9 diff\u00e9rentes ressources portant sur les <strong data-start=\"835\" data-end=\"883\">plastiques et les perturbateurs endocriniens<\/strong>, afin d\u2019identifier les risques associ\u00e9s \u00e0 leur utilisation dans les structures accueillant de jeunes enfants.<\/p>\n<p data-start=\"995\" data-end=\"1038\">Cette \u00e9tape permet de faire le lien entre :<\/p>\n<ul data-start=\"1039\" data-end=\"1152\">\n<li data-section-id=\"xxgavm\" data-start=\"1039\" data-end=\"1073\">les connaissances scientifiques,<\/li>\n<li data-section-id=\"1ttfdh3\" data-start=\"1074\" data-end=\"1120\">les pratiques professionnelles en structure,<\/li>\n<li data-section-id=\"qoaq8m\" data-start=\"1121\" data-end=\"1152\">les enjeux de sant\u00e9 publique.<\/li>\n<\/ul>\n<p data-start=\"1154\" data-end=\"1371\">Elle s\u2019inscrit dans l\u2019objectif plus large de sensibilisation \u00e0 une <strong data-start=\"1221\" data-end=\"1275\">attitude soci\u00e9tale et environnementale responsable<\/strong>, axe clairement identifi\u00e9 dans le projet d\u2019\u00e9tablissement .<\/p>\n<h2 data-section-id=\"th4mxc\" data-start=\"1373\" data-end=\"1451\">Concevoir une cr\u00e8che \u00e9coresponsable : une mise en situation professionnelle<\/h2>\n<p data-start=\"1453\" data-end=\"1696\">\u00c0 partir de ces constats, les \u00e9l\u00e8ves ont con\u00e7u une <strong data-start=\"1504\" data-end=\"1562\">maquette de cr\u00e8che int\u00e9grant des alternatives durables<\/strong>. Le choix d\u2019un support concret (figurines et am\u00e9nagement d\u2019espaces) permet de se rapprocher des r\u00e9alit\u00e9s professionnelles du secteur.<\/p>\n<p data-start=\"1698\" data-end=\"1777\">Chaque \u00e9l\u00e9ment de la maquette a \u00e9t\u00e9 pens\u00e9 pour illustrer un choix responsable :<\/p>\n<ul data-start=\"1778\" data-end=\"1873\">\n<li data-section-id=\"c4ti3t\" data-start=\"1778\" data-end=\"1806\">mat\u00e9riaux durables (inox),<\/li>\n<li data-section-id=\"ilc53m\" data-start=\"1807\" data-end=\"1827\">textiles recycl\u00e9s,<\/li>\n<li data-section-id=\"vp1ahi\" data-start=\"1828\" data-end=\"1873\">produits issus de l\u2019agriculture biologique.<\/li>\n<\/ul>\n<p data-start=\"1875\" data-end=\"1970\">Pour renforcer la dimension p\u00e9dagogique, les \u00e9l\u00e8ves ont choisi de faire \u00ab parler \u00bb les objets :<\/p>\n<ul data-start=\"1971\" data-end=\"2069\">\n<li data-section-id=\"xycuvk\" data-start=\"1971\" data-end=\"1992\">\u00ab Je suis en inox \u00bb<\/li>\n<li data-section-id=\"i8rfki\" data-start=\"1993\" data-end=\"2023\">\u00ab Je suis en coton recycl\u00e9 \u00bb<\/li>\n<li data-section-id=\"187kp00\" data-start=\"2024\" data-end=\"2069\">\u00ab Je proviens de l\u2019agriculture biologique \u00bb<\/li>\n<\/ul>\n<p data-start=\"2071\" data-end=\"2177\">Ce dispositif facilite la compr\u00e9hension des enjeux pour un public non sp\u00e9cialiste, notamment les familles.<\/p>\n<h2 data-section-id=\"6yw411\" data-start=\"2179\" data-end=\"2242\">D\u00e9velopper des comp\u00e9tences professionnelles en Bac Pro SAPAT<\/h2>\n<p data-start=\"2244\" data-end=\"2314\">Ce projet mobilise plusieurs comp\u00e9tences attendues dans la formation :<\/p>\n<ul data-start=\"2315\" data-end=\"2473\">\n<li data-section-id=\"3lmeln\" data-start=\"2315\" data-end=\"2356\">analyser une situation professionnelle,<\/li>\n<li data-section-id=\"5hkpw1\" data-start=\"2357\" data-end=\"2415\">proposer des solutions adapt\u00e9es aux besoins d\u2019un public,<\/li>\n<li data-section-id=\"bybils\" data-start=\"2416\" data-end=\"2439\">travailler en \u00e9quipe,<\/li>\n<li data-section-id=\"1ho694x\" data-start=\"2440\" data-end=\"2473\">communiquer aupr\u00e8s d\u2019un public.<\/li>\n<\/ul>\n<p data-start=\"2475\" data-end=\"2725\">Il s\u2019inscrit pleinement dans la logique du Bac Pro SAPAT, qui pr\u00e9pare les \u00e9l\u00e8ves \u00e0 intervenir aupr\u00e8s de publics vari\u00e9s, en prenant en compte \u00e0 la fois les dimensions <strong data-start=\"2641\" data-end=\"2686\">sanitaires, sociales et environnementales<\/strong> .<\/p>\n<h2 data-section-id=\"1eiaxgp\" data-start=\"2727\" data-end=\"2786\">Pr\u00e9senter et transmettre lors des Journ\u00e9es d\u2019Orientation<\/h2>\n<p data-start=\"2788\" data-end=\"2911\">La maquette a \u00e9t\u00e9 pr\u00e9sent\u00e9e au public lors des <strong data-start=\"2835\" data-end=\"2884\">Journ\u00e9es d\u2019Orientation et d\u2019Information (JOI)<\/strong>. Les \u00e9l\u00e8ves ont ainsi pu :<\/p>\n<ul data-start=\"2912\" data-end=\"3009\">\n<li data-section-id=\"10k3xkc\" data-start=\"2912\" data-end=\"2938\">expliquer leur d\u00e9marche,<\/li>\n<li data-section-id=\"11y95h0\" data-start=\"2939\" data-end=\"2964\">valoriser leur travail,<\/li>\n<li data-section-id=\"1k3vure\" data-start=\"2965\" data-end=\"3009\">transmettre des connaissances accessibles.<\/li>\n<\/ul>\n<p data-start=\"3011\" data-end=\"3191\">Cette mise en situation r\u00e9elle renforce la capacit\u00e9 \u00e0 <strong data-start=\"3065\" data-end=\"3124\">expliquer un projet \u00e0 des familles ou \u00e0 des partenaires<\/strong>, comp\u00e9tence essentielle dans les m\u00e9tiers du service \u00e0 la personne.<\/p>\n<h2 data-section-id=\"zqmoyz\" data-start=\"3193\" data-end=\"3240\">Un projet au service de l\u2019engagement citoyen<\/h2>\n<p data-start=\"3242\" data-end=\"3389\">Au-del\u00e0 de la r\u00e9alisation technique, ce travail permet aux \u00e9l\u00e8ves de se positionner comme <strong data-start=\"3332\" data-end=\"3386\">acteurs de leur formation et de leur environnement<\/strong>.<\/p>\n<p data-start=\"3391\" data-end=\"3429\">Il illustre une p\u00e9dagogie fond\u00e9e sur :<\/p>\n<ul data-start=\"3430\" data-end=\"3533\">\n<li data-section-id=\"gxynju\" data-start=\"3430\" data-end=\"3457\">des situations concr\u00e8tes,<\/li>\n<li data-section-id=\"5uls7u\" data-start=\"3458\" data-end=\"3483\">une r\u00e9flexion critique,<\/li>\n<li data-section-id=\"3rn4zn\" data-start=\"3484\" data-end=\"3533\">une application directe dans les m\u00e9tiers vis\u00e9s.<\/li>\n<\/ul>\n<p data-start=\"3535\" data-end=\"3741\">Ce type de projet traduit l\u2019approche d\u00e9velopp\u00e9e au sein de l\u2019\u00e9tablissement : <strong data-start=\"3612\" data-end=\"3702\">apprendre en faisant, en lien avec les r\u00e9alit\u00e9s professionnelles et les enjeux actuels<\/strong> .<\/p>\n","protected":false},"excerpt":{"rendered":"<p>Bac Pro SAPAT : une maquette de cr\u00e8che \u00e9coresponsable pour sensibiliser aux enjeux de sant\u00e9 et d\u2019environnement Dans le cadre de leur formation en Bac Pro<span class=\"excerpt-hellip\"> [\u2026]<\/span><\/p>\n","protected":false},"author":2,"featured_media":3470,"comment_status":"open","ping_status":"open","sticky":false,"template":"","format":"standard","meta":{"_mi_skip_tracking":false,"_monsterinsights_sitenote_active":false,"_monsterinsights_sitenote_note":"","_monsterinsights_sitenote_category":0,"footnotes":""},"categories":[2,3],"tags":[],"class_list":["post-3469","post","type-post","status-publish","format-standard","has-post-thumbnail","hentry","category-actualites-infos","category-formation-pedagogie"],"yoast_head":"<!-- This site is optimized with the Yoast SEO plugin v20.8 - https:\/\/yoast.com\/wordpress\/plugins\/seo\/ -->\n<title>Une cr\u00e8che engag\u00e9e pour la plan\u00e8te : le projet des 2nde SAPAT de Vallon Bonnevaux - VB Mag<\/title>\n<meta name=\"robots\" content=\"index, follow, max-snippet:-1, max-image-preview:large, max-video-preview:-1\" \/>\n<link rel=\"canonical\" href=\"https:\/\/www.vallon-bonnevaux.fr\/vbmag\/une-creche-engagee-pour-la-planete-le-projet-des-2nde-sapat-de-vallon-bonnevaux\/\" \/>\n<meta property=\"og:locale\" content=\"fr_FR\" \/>\n<meta property=\"og:type\" content=\"article\" \/>\n<meta property=\"og:title\" content=\"Une cr\u00e8che engag\u00e9e pour la plan\u00e8te : le projet des 2nde SAPAT de Vallon Bonnevaux - VB Mag\" \/>\n<meta property=\"og:description\" content=\"Bac Pro SAPAT : une maquette de cr\u00e8che \u00e9coresponsable pour sensibiliser aux enjeux de sant\u00e9 et d\u2019environnement Dans le cadre de leur formation en Bac Pro [\u2026]\" \/>\n<meta property=\"og:url\" content=\"https:\/\/www.vallon-bonnevaux.fr\/vbmag\/une-creche-engagee-pour-la-planete-le-projet-des-2nde-sapat-de-vallon-bonnevaux\/\" \/>\n<meta property=\"og:site_name\" content=\"VB Mag\" \/>\n<meta property=\"article:publisher\" content=\"https:\/\/www.facebook.com\/lyceevallonbonnevaux\" \/>\n<meta property=\"article:published_time\" content=\"2026-04-29T20:19:01+00:00\" \/>\n<meta property=\"article:modified_time\" content=\"2026-04-29T20:36:40+00:00\" \/>\n<meta property=\"og:image\" content=\"https:\/\/www.vallon-bonnevaux.fr\/vbmag\/wp-content\/uploads\/2026\/04\/BAC-PRO-SAPAT-CRECHE-DEVELOPPEMENT-DURABLE-Post-1080-x-1350px-Fixe.png\" \/>\n\t<meta property=\"og:image:width\" content=\"1080\" \/>\n\t<meta property=\"og:image:height\" content=\"1350\" \/>\n\t<meta property=\"og:image:type\" content=\"image\/png\" \/>\n<meta name=\"author\" content=\"VBCommunication\" \/>\n<meta name=\"twitter:card\" content=\"summary_large_image\" \/>\n<meta name=\"twitter:label1\" content=\"\u00c9crit par\" \/>\n\t<meta name=\"twitter:data1\" content=\"VBCommunication\" \/>\n\t<meta name=\"twitter:label2\" content=\"Dur\u00e9e de lecture estim\u00e9e\" \/>\n\t<meta name=\"twitter:data2\" content=\"3 minutes\" \/>\n<script type=\"application\/ld+json\" class=\"yoast-schema-graph\">{\"@context\":\"https:\/\/schema.org\",\"@graph\":[{\"@type\":\"Article\",\"@id\":\"https:\/\/www.vallon-bonnevaux.fr\/vbmag\/une-creche-engagee-pour-la-planete-le-projet-des-2nde-sapat-de-vallon-bonnevaux\/#article\",\"isPartOf\":{\"@id\":\"https:\/\/www.vallon-bonnevaux.fr\/vbmag\/une-creche-engagee-pour-la-planete-le-projet-des-2nde-sapat-de-vallon-bonnevaux\/\"},\"author\":{\"name\":\"VBCommunication\",\"@id\":\"https:\/\/www.vallon-bonnevaux.fr\/vbmag\/#\/schema\/person\/78d4bedf135508e9d2b8d343575fdd31\"},\"headline\":\"Une cr\u00e8che engag\u00e9e pour la plan\u00e8te : le projet des 2nde SAPAT de Vallon Bonnevaux\",\"datePublished\":\"2026-04-29T20:19:01+00:00\",\"dateModified\":\"2026-04-29T20:36:40+00:00\",\"mainEntityOfPage\":{\"@id\":\"https:\/\/www.vallon-bonnevaux.fr\/vbmag\/une-creche-engagee-pour-la-planete-le-projet-des-2nde-sapat-de-vallon-bonnevaux\/\"},\"wordCount\":572,\"commentCount\":0,\"publisher\":{\"@id\":\"https:\/\/www.vallon-bonnevaux.fr\/vbmag\/#organization\"},\"articleSection\":[\"Actualit\u00e9s &amp; infos\",\"Formation &amp; P\u00e9dagogie\"],\"inLanguage\":\"fr-FR\",\"potentialAction\":[{\"@type\":\"CommentAction\",\"name\":\"Comment\",\"target\":[\"https:\/\/www.vallon-bonnevaux.fr\/vbmag\/une-creche-engagee-pour-la-planete-le-projet-des-2nde-sapat-de-vallon-bonnevaux\/#respond\"]}]},{\"@type\":\"WebPage\",\"@id\":\"https:\/\/www.vallon-bonnevaux.fr\/vbmag\/une-creche-engagee-pour-la-planete-le-projet-des-2nde-sapat-de-vallon-bonnevaux\/\",\"url\":\"https:\/\/www.vallon-bonnevaux.fr\/vbmag\/une-creche-engagee-pour-la-planete-le-projet-des-2nde-sapat-de-vallon-bonnevaux\/\",\"name\":\"Une cr\u00e8che engag\u00e9e pour la plan\u00e8te : le projet des 2nde SAPAT de Vallon Bonnevaux - VB Mag\",\"isPartOf\":{\"@id\":\"https:\/\/www.vallon-bonnevaux.fr\/vbmag\/#website\"},\"datePublished\":\"2026-04-29T20:19:01+00:00\",\"dateModified\":\"2026-04-29T20:36:40+00:00\",\"breadcrumb\":{\"@id\":\"https:\/\/www.vallon-bonnevaux.fr\/vbmag\/une-creche-engagee-pour-la-planete-le-projet-des-2nde-sapat-de-vallon-bonnevaux\/#breadcrumb\"},\"inLanguage\":\"fr-FR\",\"potentialAction\":[{\"@type\":\"ReadAction\",\"target\":[\"https:\/\/www.vallon-bonnevaux.fr\/vbmag\/une-creche-engagee-pour-la-planete-le-projet-des-2nde-sapat-de-vallon-bonnevaux\/\"]}]},{\"@type\":\"BreadcrumbList\",\"@id\":\"https:\/\/www.vallon-bonnevaux.fr\/vbmag\/une-creche-engagee-pour-la-planete-le-projet-des-2nde-sapat-de-vallon-bonnevaux\/#breadcrumb\",\"itemListElement\":[{\"@type\":\"ListItem\",\"position\":1,\"name\":\"Accueil\",\"item\":\"https:\/\/www.vallon-bonnevaux.fr\/vbmag\/\"},{\"@type\":\"ListItem\",\"position\":2,\"name\":\"Une cr\u00e8che engag\u00e9e pour la plan\u00e8te : le projet des 2nde SAPAT de Vallon Bonnevaux\"}]},{\"@type\":\"WebSite\",\"@id\":\"https:\/\/www.vallon-bonnevaux.fr\/vbmag\/#website\",\"url\":\"https:\/\/www.vallon-bonnevaux.fr\/vbmag\/\",\"name\":\"VBmag\",\"description\":\"\",\"publisher\":{\"@id\":\"https:\/\/www.vallon-bonnevaux.fr\/vbmag\/#organization\"},\"potentialAction\":[{\"@type\":\"SearchAction\",\"target\":{\"@type\":\"EntryPoint\",\"urlTemplate\":\"https:\/\/www.vallon-bonnevaux.fr\/vbmag\/?s={search_term_string}\"},\"query-input\":\"required name=search_term_string\"}],\"inLanguage\":\"fr-FR\"},{\"@type\":\"Organization\",\"@id\":\"https:\/\/www.vallon-bonnevaux.fr\/vbmag\/#organization\",\"name\":\"VBmag\",\"url\":\"https:\/\/www.vallon-bonnevaux.fr\/vbmag\/\",\"logo\":{\"@type\":\"ImageObject\",\"inLanguage\":\"fr-FR\",\"@id\":\"https:\/\/www.vallon-bonnevaux.fr\/vbmag\/#\/schema\/logo\/image\/\",\"url\":\"https:\/\/www.vallon-bonnevaux.fr\/vbmag\/wp-content\/uploads\/2023\/02\/Bonnevaux-logo-VBmag.png\",\"contentUrl\":\"https:\/\/www.vallon-bonnevaux.fr\/vbmag\/wp-content\/uploads\/2023\/02\/Bonnevaux-logo-VBmag.png\",\"width\":314,\"height\":143,\"caption\":\"VBmag\"},\"image\":{\"@id\":\"https:\/\/www.vallon-bonnevaux.fr\/vbmag\/#\/schema\/logo\/image\/\"},\"sameAs\":[\"https:\/\/www.facebook.com\/lyceevallonbonnevaux\",\"https:\/\/www.instagram.com\/lycee_vallon_bonnevaux\/\",\"https:\/\/www.linkedin.com\/company\/leap-le-vallon-les-bonnevaux\/?originalSubdomain=fr\"]},{\"@type\":\"Person\",\"@id\":\"https:\/\/www.vallon-bonnevaux.fr\/vbmag\/#\/schema\/person\/78d4bedf135508e9d2b8d343575fdd31\",\"name\":\"VBCommunication\",\"image\":{\"@type\":\"ImageObject\",\"inLanguage\":\"fr-FR\",\"@id\":\"https:\/\/www.vallon-bonnevaux.fr\/vbmag\/#\/schema\/person\/image\/\",\"url\":\"https:\/\/secure.gravatar.com\/avatar\/58fa64ce54dbedb7c6633693d600c884a245b0f97746903170fa62aae026cedc?s=96&d=mm&r=g\",\"contentUrl\":\"https:\/\/secure.gravatar.com\/avatar\/58fa64ce54dbedb7c6633693d600c884a245b0f97746903170fa62aae026cedc?s=96&d=mm&r=g\",\"caption\":\"VBCommunication\"},\"url\":\"https:\/\/www.vallon-bonnevaux.fr\/vbmag\/author\/vbcommunication\/\"}]}<\/script>\n<!-- \/ Yoast SEO plugin. -->","yoast_head_json":{"title":"Une cr\u00e8che engag\u00e9e pour la plan\u00e8te : le projet des 2nde SAPAT de Vallon Bonnevaux - VB Mag","robots":{"index":"index","follow":"follow","max-snippet":"max-snippet:-1","max-image-preview":"max-image-preview:large","max-video-preview":"max-video-preview:-1"},"canonical":"https:\/\/www.vallon-bonnevaux.fr\/vbmag\/une-creche-engagee-pour-la-planete-le-projet-des-2nde-sapat-de-vallon-bonnevaux\/","og_locale":"fr_FR","og_type":"article","og_title":"Une cr\u00e8che engag\u00e9e pour la plan\u00e8te : le projet des 2nde SAPAT de Vallon Bonnevaux - VB Mag","og_description":"Bac Pro SAPAT : une maquette de cr\u00e8che \u00e9coresponsable pour sensibiliser aux enjeux de sant\u00e9 et d\u2019environnement Dans le cadre de leur formation en Bac Pro [\u2026]","og_url":"https:\/\/www.vallon-bonnevaux.fr\/vbmag\/une-creche-engagee-pour-la-planete-le-projet-des-2nde-sapat-de-vallon-bonnevaux\/","og_site_name":"VB Mag","article_publisher":"https:\/\/www.facebook.com\/lyceevallonbonnevaux","article_published_time":"2026-04-29T20:19:01+00:00","article_modified_time":"2026-04-29T20:36:40+00:00","og_image":[{"width":1080,"height":1350,"url":"https:\/\/www.vallon-bonnevaux.fr\/vbmag\/wp-content\/uploads\/2026\/04\/BAC-PRO-SAPAT-CRECHE-DEVELOPPEMENT-DURABLE-Post-1080-x-1350px-Fixe.png","type":"image\/png"}],"author":"VBCommunication","twitter_card":"summary_large_image","twitter_misc":{"\u00c9crit par":"VBCommunication","Dur\u00e9e de lecture estim\u00e9e":"3 minutes"},"schema":{"@context":"https:\/\/schema.org","@graph":[{"@type":"Article","@id":"https:\/\/www.vallon-bonnevaux.fr\/vbmag\/une-creche-engagee-pour-la-planete-le-projet-des-2nde-sapat-de-vallon-bonnevaux\/#article","isPartOf":{"@id":"https:\/\/www.vallon-bonnevaux.fr\/vbmag\/une-creche-engagee-pour-la-planete-le-projet-des-2nde-sapat-de-vallon-bonnevaux\/"},"author":{"name":"VBCommunication","@id":"https:\/\/www.vallon-bonnevaux.fr\/vbmag\/#\/schema\/person\/78d4bedf135508e9d2b8d343575fdd31"},"headline":"Une cr\u00e8che engag\u00e9e pour la plan\u00e8te : le projet des 2nde SAPAT de Vallon Bonnevaux","datePublished":"2026-04-29T20:19:01+00:00","dateModified":"2026-04-29T20:36:40+00:00","mainEntityOfPage":{"@id":"https:\/\/www.vallon-bonnevaux.fr\/vbmag\/une-creche-engagee-pour-la-planete-le-projet-des-2nde-sapat-de-vallon-bonnevaux\/"},"wordCount":572,"commentCount":0,"publisher":{"@id":"https:\/\/www.vallon-bonnevaux.fr\/vbmag\/#organization"},"articleSection":["Actualit\u00e9s &amp; infos","Formation &amp; P\u00e9dagogie"],"inLanguage":"fr-FR","potentialAction":[{"@type":"CommentAction","name":"Comment","target":["https:\/\/www.vallon-bonnevaux.fr\/vbmag\/une-creche-engagee-pour-la-planete-le-projet-des-2nde-sapat-de-vallon-bonnevaux\/#respond"]}]},{"@type":"WebPage","@id":"https:\/\/www.vallon-bonnevaux.fr\/vbmag\/une-creche-engagee-pour-la-planete-le-projet-des-2nde-sapat-de-vallon-bonnevaux\/","url":"https:\/\/www.vallon-bonnevaux.fr\/vbmag\/une-creche-engagee-pour-la-planete-le-projet-des-2nde-sapat-de-vallon-bonnevaux\/","name":"Une cr\u00e8che engag\u00e9e pour la plan\u00e8te : le projet des 2nde SAPAT de Vallon Bonnevaux - VB Mag","isPartOf":{"@id":"https:\/\/www.vallon-bonnevaux.fr\/vbmag\/#website"},"datePublished":"2026-04-29T20:19:01+00:00","dateModified":"2026-04-29T20:36:40+00:00","breadcrumb":{"@id":"https:\/\/www.vallon-bonnevaux.fr\/vbmag\/une-creche-engagee-pour-la-planete-le-projet-des-2nde-sapat-de-vallon-bonnevaux\/#breadcrumb"},"inLanguage":"fr-FR","potentialAction":[{"@type":"ReadAction","target":["https:\/\/www.vallon-bonnevaux.fr\/vbmag\/une-creche-engagee-pour-la-planete-le-projet-des-2nde-sapat-de-vallon-bonnevaux\/"]}]},{"@type":"BreadcrumbList","@id":"https:\/\/www.vallon-bonnevaux.fr\/vbmag\/une-creche-engagee-pour-la-planete-le-projet-des-2nde-sapat-de-vallon-bonnevaux\/#breadcrumb","itemListElement":[{"@type":"ListItem","position":1,"name":"Accueil","item":"https:\/\/www.vallon-bonnevaux.fr\/vbmag\/"},{"@type":"ListItem","position":2,"name":"Une cr\u00e8che engag\u00e9e pour la plan\u00e8te : le projet des 2nde SAPAT de Vallon Bonnevaux"}]},{"@type":"WebSite","@id":"https:\/\/www.vallon-bonnevaux.fr\/vbmag\/#website","url":"https:\/\/www.vallon-bonnevaux.fr\/vbmag\/","name":"VBmag","description":"","publisher":{"@id":"https:\/\/www.vallon-bonnevaux.fr\/vbmag\/#organization"},"potentialAction":[{"@type":"SearchAction","target":{"@type":"EntryPoint","urlTemplate":"https:\/\/www.vallon-bonnevaux.fr\/vbmag\/?s={search_term_string}"},"query-input":"required name=search_term_string"}],"inLanguage":"fr-FR"},{"@type":"Organization","@id":"https:\/\/www.vallon-bonnevaux.fr\/vbmag\/#organization","name":"VBmag","url":"https:\/\/www.vallon-bonnevaux.fr\/vbmag\/","logo":{"@type":"ImageObject","inLanguage":"fr-FR","@id":"https:\/\/www.vallon-bonnevaux.fr\/vbmag\/#\/schema\/logo\/image\/","url":"https:\/\/www.vallon-bonnevaux.fr\/vbmag\/wp-content\/uploads\/2023\/02\/Bonnevaux-logo-VBmag.png","contentUrl":"https:\/\/www.vallon-bonnevaux.fr\/vbmag\/wp-content\/uploads\/2023\/02\/Bonnevaux-logo-VBmag.png","width":314,"height":143,"caption":"VBmag"},"image":{"@id":"https:\/\/www.vallon-bonnevaux.fr\/vbmag\/#\/schema\/logo\/image\/"},"sameAs":["https:\/\/www.facebook.com\/lyceevallonbonnevaux","https:\/\/www.instagram.com\/lycee_vallon_bonnevaux\/","https:\/\/www.linkedin.com\/company\/leap-le-vallon-les-bonnevaux\/?originalSubdomain=fr"]},{"@type":"Person","@id":"https:\/\/www.vallon-bonnevaux.fr\/vbmag\/#\/schema\/person\/78d4bedf135508e9d2b8d343575fdd31","name":"VBCommunication","image":{"@type":"ImageObject","inLanguage":"fr-FR","@id":"https:\/\/www.vallon-bonnevaux.fr\/vbmag\/#\/schema\/person\/image\/","url":"https:\/\/secure.gravatar.com\/avatar\/58fa64ce54dbedb7c6633693d600c884a245b0f97746903170fa62aae026cedc?s=96&d=mm&r=g","contentUrl":"https:\/\/secure.gravatar.com\/avatar\/58fa64ce54dbedb7c6633693d600c884a245b0f97746903170fa62aae026cedc?s=96&d=mm&r=g","caption":"VBCommunication"},"url":"https:\/\/www.vallon-bonnevaux.fr\/vbmag\/author\/vbcommunication\/"}]}},"_links":{"self":[{"href":"https:\/\/www.vallon-bonnevaux.fr\/vbmag\/wp-json\/wp\/v2\/posts\/3469","targetHints":{"allow":["GET"]}}],"collection":[{"href":"https:\/\/www.vallon-bonnevaux.fr\/vbmag\/wp-json\/wp\/v2\/posts"}],"about":[{"href":"https:\/\/www.vallon-bonnevaux.fr\/vbmag\/wp-json\/wp\/v2\/types\/post"}],"author":[{"embeddable":true,"href":"https:\/\/www.vallon-bonnevaux.fr\/vbmag\/wp-json\/wp\/v2\/users\/2"}],"replies":[{"embeddable":true,"href":"https:\/\/www.vallon-bonnevaux.fr\/vbmag\/wp-json\/wp\/v2\/comments?post=3469"}],"version-history":[{"count":3,"href":"https:\/\/www.vallon-bonnevaux.fr\/vbmag\/wp-json\/wp\/v2\/posts\/3469\/revisions"}],"predecessor-version":[{"id":3473,"href":"https:\/\/www.vallon-bonnevaux.fr\/vbmag\/wp-json\/wp\/v2\/posts\/3469\/revisions\/3473"}],"wp:featuredmedia":[{"embeddable":true,"href":"https:\/\/www.vallon-bonnevaux.fr\/vbmag\/wp-json\/wp\/v2\/media\/3470"}],"wp:attachment":[{"href":"https:\/\/www.vallon-bonnevaux.fr\/vbmag\/wp-json\/wp\/v2\/media?parent=3469"}],"wp:term":[{"taxonomy":"category","embeddable":true,"href":"https:\/\/www.vallon-bonnevaux.fr\/vbmag\/wp-json\/wp\/v2\/categories?post=3469"},{"taxonomy":"post_tag","embeddable":true,"href":"https:\/\/www.vallon-bonnevaux.fr\/vbmag\/wp-json\/wp\/v2\/tags?post=3469"}],"curies":[{"name":"wp","href":"https:\/\/api.w.org\/{rel}","templated":true}]}}