{"id":3474,"date":"2026-04-29T22:49:38","date_gmt":"2026-04-29T20:49:38","guid":{"rendered":"https:\/\/www.vallon-bonnevaux.fr\/vbmag\/?p=3474"},"modified":"2026-04-29T22:50:51","modified_gmt":"2026-04-29T20:50:51","slug":"totem-de-classe-en-4%e1%b5%89-un-projet-pour-construire-le-collectif-et-donner-du-sens-aux-apprentissages","status":"publish","type":"post","link":"https:\/\/www.vallon-bonnevaux.fr\/vbmag\/totem-de-classe-en-4%e1%b5%89-un-projet-pour-construire-le-collectif-et-donner-du-sens-aux-apprentissages\/","title":{"rendered":"Totem de classe en 4\u1d49 : un projet pour construire le collectif et donner du sens aux apprentissages"},"content":{"rendered":"<p><img loading=\"lazy\" decoding=\"async\" class=\"size-medium wp-image-3476 alignleft\" src=\"https:\/\/www.vallon-bonnevaux.fr\/vbmag\/wp-content\/uploads\/2026\/04\/4eme-PRO-TOTEM-VALLON-BONNEVAUX-ST-JEAN-DE-BOURNAY-240x300.png\" alt=\"\" width=\"240\" height=\"300\" srcset=\"https:\/\/www.vallon-bonnevaux.fr\/vbmag\/wp-content\/uploads\/2026\/04\/4eme-PRO-TOTEM-VALLON-BONNEVAUX-ST-JEAN-DE-BOURNAY-240x300.png 240w, https:\/\/www.vallon-bonnevaux.fr\/vbmag\/wp-content\/uploads\/2026\/04\/4eme-PRO-TOTEM-VALLON-BONNEVAUX-ST-JEAN-DE-BOURNAY-819x1024.png 819w, https:\/\/www.vallon-bonnevaux.fr\/vbmag\/wp-content\/uploads\/2026\/04\/4eme-PRO-TOTEM-VALLON-BONNEVAUX-ST-JEAN-DE-BOURNAY-768x960.png 768w, https:\/\/www.vallon-bonnevaux.fr\/vbmag\/wp-content\/uploads\/2026\/04\/4eme-PRO-TOTEM-VALLON-BONNEVAUX-ST-JEAN-DE-BOURNAY-117x146.png 117w, https:\/\/www.vallon-bonnevaux.fr\/vbmag\/wp-content\/uploads\/2026\/04\/4eme-PRO-TOTEM-VALLON-BONNEVAUX-ST-JEAN-DE-BOURNAY-40x50.png 40w, https:\/\/www.vallon-bonnevaux.fr\/vbmag\/wp-content\/uploads\/2026\/04\/4eme-PRO-TOTEM-VALLON-BONNEVAUX-ST-JEAN-DE-BOURNAY-60x75.png 60w, https:\/\/www.vallon-bonnevaux.fr\/vbmag\/wp-content\/uploads\/2026\/04\/4eme-PRO-TOTEM-VALLON-BONNEVAUX-ST-JEAN-DE-BOURNAY.png 1080w\" sizes=\"auto, (max-width: 240px) 100vw, 240px\" \/>Dans le cadre des heures de vie de classe, les \u00e9l\u00e8ves de 4\u1d49 du lyc\u00e9e Vallon Bonnevaux ont r\u00e9alis\u00e9 un totem collectif. Cette activit\u00e9, souvent mobilis\u00e9e en p\u00e9dagogie de groupe, vise \u00e0 structurer la dynamique de classe en s\u2019appuyant sur une production concr\u00e8te, visible et porteuse de sens.<\/p>\n<h3>Un support symbolique pour construire l\u2019identit\u00e9 du groupe<\/h3>\n<p>Le totem est un objet symbolique. Dans le champ \u00e9ducatif, il est utilis\u00e9 comme outil de repr\u00e9sentation collective : il permet \u00e0 un groupe d\u2019exprimer ce qui le caract\u00e9rise, ses valeurs, ses r\u00e8gles de fonctionnement ou encore ses objectifs communs.<\/p>\n<p>En r\u00e9alisant ce totem, les \u00e9l\u00e8ves ont \u00e9t\u00e9 amen\u00e9s \u00e0 r\u00e9fl\u00e9chir \u00e0 plusieurs dimensions :<\/p>\n<ul>\n<li>leur identit\u00e9 en tant que groupe classe,<\/li>\n<li>les valeurs qu\u2019ils souhaitent incarner (respect, entraide, engagement\u2026),<\/li>\n<li>les r\u00e8gles n\u00e9cessaires au bon fonctionnement du collectif.<\/li>\n<\/ul>\n<p>Cette d\u00e9marche s\u2019inscrit directement dans les objectifs \u00e9ducatifs de l\u2019\u00e9tablissement, qui visent \u00e0 former des jeunes capables de s\u2019engager, de coop\u00e9rer et de devenir progressivement autonomes et responsables .<\/p>\n<h3>Une activit\u00e9 au service des comp\u00e9tences sociales<\/h3>\n<p>Au-del\u00e0 de la production finale, l\u2019int\u00e9r\u00eat p\u00e9dagogique repose sur le processus. La cr\u00e9ation du totem mobilise des comp\u00e9tences transversales essentielles :<\/p>\n<ul>\n<li><strong>coop\u00e9rer<\/strong> au sein d\u2019un groupe,<\/li>\n<li><strong>argumenter<\/strong> et faire des choix collectifs,<\/li>\n<li><strong>\u00e9couter<\/strong> et prendre en compte les id\u00e9es des autres,<\/li>\n<li><strong>s\u2019impliquer<\/strong> dans un projet commun.<\/li>\n<\/ul>\n<p>Ces comp\u00e9tences, souvent regroup\u00e9es sous l\u2019appellation de comp\u00e9tences psychosociales, sont aujourd\u2019hui reconnues comme d\u00e9terminantes dans la r\u00e9ussite scolaire et l\u2019insertion future des jeunes.<\/p>\n<h3>Une p\u00e9dagogie concr\u00e8te, fid\u00e8le \u00e0 l\u2019approche de l\u2019\u00e9tablissement<\/h3>\n<p>Ce type de projet illustre une approche p\u00e9dagogique fond\u00e9e sur le \u201cfaire\u201d et l\u2019exp\u00e9rimentation. \u00c0 Vallon Bonnevaux, les apprentissages passent r\u00e9guli\u00e8rement par des situations concr\u00e8tes : projets, ateliers, r\u00e9alisations collectives ou mises en situation.<\/p>\n<p>Cette logique permet aux \u00e9l\u00e8ves de mieux comprendre le sens des activit\u00e9s propos\u00e9es et de s\u2019impliquer davantage dans leur parcours. Elle participe \u00e9galement \u00e0 restaurer la confiance en soi, en valorisant les r\u00e9ussites visibles et partag\u00e9es .<\/p>\n<h3>Donner des rep\u00e8res pour l\u2019ann\u00e9e scolaire<\/h3>\n<p>Le totem r\u00e9alis\u00e9 ne constitue pas seulement une production ponctuelle. Il devient un support de r\u00e9f\u00e9rence pour la classe tout au long de l\u2019ann\u00e9e. Il peut \u00eatre mobilis\u00e9 pour :<\/p>\n<ul>\n<li>rappeler les engagements collectifs,<\/li>\n<li>r\u00e9guler les comportements,<\/li>\n<li>valoriser les progr\u00e8s du groupe.<\/li>\n<\/ul>\n<p>Ainsi, cette activit\u00e9 s\u2019inscrit dans une d\u00e9marche \u00e9ducative plus large : accompagner les \u00e9l\u00e8ves dans la construction de leur posture d\u2019apprenant et de futur citoyen, en leur donnant des rep\u00e8res concrets et partag\u00e9s.<\/p>\n<h3>Une d\u00e9marche en lien avec les enjeux \u00e9ducatifs actuels<\/h3>\n<p>Enfin, ce type de projet contribue \u00e0 r\u00e9pondre \u00e0 des enjeux identifi\u00e9s dans le projet d\u2019\u00e9tablissement, notamment :<\/p>\n<ul>\n<li>le d\u00e9veloppement de la p\u00e9dagogie de projet,<\/li>\n<li>la prise en compte de la diversit\u00e9 des profils,<\/li>\n<li>la construction d\u2019un climat scolaire favorable aux apprentissages,<\/li>\n<li>la formation de jeunes capables de discernement et d\u2019engagement .<\/li>\n<\/ul>\n<p>La r\u00e9alisation du totem s\u2019inscrit donc dans une logique coh\u00e9rente : utiliser des supports concrets pour travailler des comp\u00e9tences essentielles, souvent difficiles \u00e0 aborder uniquement de mani\u00e8re th\u00e9orique.<\/p>\n","protected":false},"excerpt":{"rendered":"<p>Dans le cadre des heures de vie de classe, les \u00e9l\u00e8ves de 4\u1d49 du lyc\u00e9e Vallon Bonnevaux ont r\u00e9alis\u00e9 un totem collectif. Cette activit\u00e9, souvent mobilis\u00e9e<span class=\"excerpt-hellip\"> [\u2026]<\/span><\/p>\n","protected":false},"author":2,"featured_media":3476,"comment_status":"open","ping_status":"open","sticky":false,"template":"","format":"standard","meta":{"_mi_skip_tracking":false,"_monsterinsights_sitenote_active":false,"_monsterinsights_sitenote_note":"","_monsterinsights_sitenote_category":0,"footnotes":""},"categories":[2,3],"tags":[],"class_list":["post-3474","post","type-post","status-publish","format-standard","has-post-thumbnail","hentry","category-actualites-infos","category-formation-pedagogie"],"yoast_head":"<!-- This site is optimized with the Yoast SEO plugin v20.8 - https:\/\/yoast.com\/wordpress\/plugins\/seo\/ -->\n<title>Totem de classe en 4\u1d49 : un projet pour construire le collectif et donner du sens aux apprentissages - VB Mag<\/title>\n<meta name=\"robots\" content=\"index, follow, max-snippet:-1, max-image-preview:large, max-video-preview:-1\" \/>\n<link rel=\"canonical\" href=\"https:\/\/www.vallon-bonnevaux.fr\/vbmag\/totem-de-classe-en-4\u1d49-un-projet-pour-construire-le-collectif-et-donner-du-sens-aux-apprentissages\/\" \/>\n<meta property=\"og:locale\" content=\"fr_FR\" \/>\n<meta property=\"og:type\" content=\"article\" \/>\n<meta property=\"og:title\" content=\"Totem de classe en 4\u1d49 : un projet pour construire le collectif et donner du sens aux apprentissages - VB Mag\" \/>\n<meta property=\"og:description\" content=\"Dans le cadre des heures de vie de classe, les \u00e9l\u00e8ves de 4\u1d49 du lyc\u00e9e Vallon Bonnevaux ont r\u00e9alis\u00e9 un totem collectif. Cette activit\u00e9, souvent mobilis\u00e9e [\u2026]\" \/>\n<meta property=\"og:url\" content=\"https:\/\/www.vallon-bonnevaux.fr\/vbmag\/totem-de-classe-en-4\u1d49-un-projet-pour-construire-le-collectif-et-donner-du-sens-aux-apprentissages\/\" \/>\n<meta property=\"og:site_name\" content=\"VB Mag\" \/>\n<meta property=\"article:publisher\" content=\"https:\/\/www.facebook.com\/lyceevallonbonnevaux\" \/>\n<meta property=\"article:published_time\" content=\"2026-04-29T20:49:38+00:00\" \/>\n<meta property=\"article:modified_time\" content=\"2026-04-29T20:50:51+00:00\" \/>\n<meta property=\"og:image\" content=\"https:\/\/www.vallon-bonnevaux.fr\/vbmag\/wp-content\/uploads\/2026\/04\/4eme-PRO-TOTEM-VALLON-BONNEVAUX-ST-JEAN-DE-BOURNAY.png\" \/>\n\t<meta property=\"og:image:width\" content=\"1080\" \/>\n\t<meta property=\"og:image:height\" content=\"1350\" \/>\n\t<meta property=\"og:image:type\" content=\"image\/png\" \/>\n<meta name=\"author\" content=\"VBCommunication\" \/>\n<meta name=\"twitter:card\" content=\"summary_large_image\" \/>\n<meta name=\"twitter:label1\" content=\"\u00c9crit par\" \/>\n\t<meta name=\"twitter:data1\" content=\"VBCommunication\" \/>\n\t<meta name=\"twitter:label2\" content=\"Dur\u00e9e de lecture estim\u00e9e\" \/>\n\t<meta name=\"twitter:data2\" content=\"3 minutes\" \/>\n<script type=\"application\/ld+json\" class=\"yoast-schema-graph\">{\"@context\":\"https:\/\/schema.org\",\"@graph\":[{\"@type\":\"Article\",\"@id\":\"https:\/\/www.vallon-bonnevaux.fr\/vbmag\/totem-de-classe-en-4%e1%b5%89-un-projet-pour-construire-le-collectif-et-donner-du-sens-aux-apprentissages\/#article\",\"isPartOf\":{\"@id\":\"https:\/\/www.vallon-bonnevaux.fr\/vbmag\/totem-de-classe-en-4%e1%b5%89-un-projet-pour-construire-le-collectif-et-donner-du-sens-aux-apprentissages\/\"},\"author\":{\"name\":\"VBCommunication\",\"@id\":\"https:\/\/www.vallon-bonnevaux.fr\/vbmag\/#\/schema\/person\/78d4bedf135508e9d2b8d343575fdd31\"},\"headline\":\"Totem de classe en 4\u1d49 : un projet pour construire le collectif et donner du sens aux apprentissages\",\"datePublished\":\"2026-04-29T20:49:38+00:00\",\"dateModified\":\"2026-04-29T20:50:51+00:00\",\"mainEntityOfPage\":{\"@id\":\"https:\/\/www.vallon-bonnevaux.fr\/vbmag\/totem-de-classe-en-4%e1%b5%89-un-projet-pour-construire-le-collectif-et-donner-du-sens-aux-apprentissages\/\"},\"wordCount\":574,\"commentCount\":0,\"publisher\":{\"@id\":\"https:\/\/www.vallon-bonnevaux.fr\/vbmag\/#organization\"},\"articleSection\":[\"Actualit\u00e9s &amp; infos\",\"Formation &amp; P\u00e9dagogie\"],\"inLanguage\":\"fr-FR\",\"potentialAction\":[{\"@type\":\"CommentAction\",\"name\":\"Comment\",\"target\":[\"https:\/\/www.vallon-bonnevaux.fr\/vbmag\/totem-de-classe-en-4%e1%b5%89-un-projet-pour-construire-le-collectif-et-donner-du-sens-aux-apprentissages\/#respond\"]}]},{\"@type\":\"WebPage\",\"@id\":\"https:\/\/www.vallon-bonnevaux.fr\/vbmag\/totem-de-classe-en-4%e1%b5%89-un-projet-pour-construire-le-collectif-et-donner-du-sens-aux-apprentissages\/\",\"url\":\"https:\/\/www.vallon-bonnevaux.fr\/vbmag\/totem-de-classe-en-4%e1%b5%89-un-projet-pour-construire-le-collectif-et-donner-du-sens-aux-apprentissages\/\",\"name\":\"Totem de classe en 4\u1d49 : un projet pour construire le collectif et donner du sens aux apprentissages - VB Mag\",\"isPartOf\":{\"@id\":\"https:\/\/www.vallon-bonnevaux.fr\/vbmag\/#website\"},\"datePublished\":\"2026-04-29T20:49:38+00:00\",\"dateModified\":\"2026-04-29T20:50:51+00:00\",\"breadcrumb\":{\"@id\":\"https:\/\/www.vallon-bonnevaux.fr\/vbmag\/totem-de-classe-en-4%e1%b5%89-un-projet-pour-construire-le-collectif-et-donner-du-sens-aux-apprentissages\/#breadcrumb\"},\"inLanguage\":\"fr-FR\",\"potentialAction\":[{\"@type\":\"ReadAction\",\"target\":[\"https:\/\/www.vallon-bonnevaux.fr\/vbmag\/totem-de-classe-en-4%e1%b5%89-un-projet-pour-construire-le-collectif-et-donner-du-sens-aux-apprentissages\/\"]}]},{\"@type\":\"BreadcrumbList\",\"@id\":\"https:\/\/www.vallon-bonnevaux.fr\/vbmag\/totem-de-classe-en-4%e1%b5%89-un-projet-pour-construire-le-collectif-et-donner-du-sens-aux-apprentissages\/#breadcrumb\",\"itemListElement\":[{\"@type\":\"ListItem\",\"position\":1,\"name\":\"Accueil\",\"item\":\"https:\/\/www.vallon-bonnevaux.fr\/vbmag\/\"},{\"@type\":\"ListItem\",\"position\":2,\"name\":\"Totem de classe en 4\u1d49 : un projet pour construire le collectif et donner du sens aux apprentissages\"}]},{\"@type\":\"WebSite\",\"@id\":\"https:\/\/www.vallon-bonnevaux.fr\/vbmag\/#website\",\"url\":\"https:\/\/www.vallon-bonnevaux.fr\/vbmag\/\",\"name\":\"VBmag\",\"description\":\"\",\"publisher\":{\"@id\":\"https:\/\/www.vallon-bonnevaux.fr\/vbmag\/#organization\"},\"potentialAction\":[{\"@type\":\"SearchAction\",\"target\":{\"@type\":\"EntryPoint\",\"urlTemplate\":\"https:\/\/www.vallon-bonnevaux.fr\/vbmag\/?s={search_term_string}\"},\"query-input\":\"required name=search_term_string\"}],\"inLanguage\":\"fr-FR\"},{\"@type\":\"Organization\",\"@id\":\"https:\/\/www.vallon-bonnevaux.fr\/vbmag\/#organization\",\"name\":\"VBmag\",\"url\":\"https:\/\/www.vallon-bonnevaux.fr\/vbmag\/\",\"logo\":{\"@type\":\"ImageObject\",\"inLanguage\":\"fr-FR\",\"@id\":\"https:\/\/www.vallon-bonnevaux.fr\/vbmag\/#\/schema\/logo\/image\/\",\"url\":\"https:\/\/www.vallon-bonnevaux.fr\/vbmag\/wp-content\/uploads\/2023\/02\/Bonnevaux-logo-VBmag.png\",\"contentUrl\":\"https:\/\/www.vallon-bonnevaux.fr\/vbmag\/wp-content\/uploads\/2023\/02\/Bonnevaux-logo-VBmag.png\",\"width\":314,\"height\":143,\"caption\":\"VBmag\"},\"image\":{\"@id\":\"https:\/\/www.vallon-bonnevaux.fr\/vbmag\/#\/schema\/logo\/image\/\"},\"sameAs\":[\"https:\/\/www.facebook.com\/lyceevallonbonnevaux\",\"https:\/\/www.instagram.com\/lycee_vallon_bonnevaux\/\",\"https:\/\/www.linkedin.com\/company\/leap-le-vallon-les-bonnevaux\/?originalSubdomain=fr\"]},{\"@type\":\"Person\",\"@id\":\"https:\/\/www.vallon-bonnevaux.fr\/vbmag\/#\/schema\/person\/78d4bedf135508e9d2b8d343575fdd31\",\"name\":\"VBCommunication\",\"image\":{\"@type\":\"ImageObject\",\"inLanguage\":\"fr-FR\",\"@id\":\"https:\/\/www.vallon-bonnevaux.fr\/vbmag\/#\/schema\/person\/image\/\",\"url\":\"https:\/\/secure.gravatar.com\/avatar\/58fa64ce54dbedb7c6633693d600c884a245b0f97746903170fa62aae026cedc?s=96&d=mm&r=g\",\"contentUrl\":\"https:\/\/secure.gravatar.com\/avatar\/58fa64ce54dbedb7c6633693d600c884a245b0f97746903170fa62aae026cedc?s=96&d=mm&r=g\",\"caption\":\"VBCommunication\"},\"url\":\"https:\/\/www.vallon-bonnevaux.fr\/vbmag\/author\/vbcommunication\/\"}]}<\/script>\n<!-- \/ Yoast SEO plugin. -->","yoast_head_json":{"title":"Totem de classe en 4\u1d49 : un projet pour construire le collectif et donner du sens aux apprentissages - VB Mag","robots":{"index":"index","follow":"follow","max-snippet":"max-snippet:-1","max-image-preview":"max-image-preview:large","max-video-preview":"max-video-preview:-1"},"canonical":"https:\/\/www.vallon-bonnevaux.fr\/vbmag\/totem-de-classe-en-4\u1d49-un-projet-pour-construire-le-collectif-et-donner-du-sens-aux-apprentissages\/","og_locale":"fr_FR","og_type":"article","og_title":"Totem de classe en 4\u1d49 : un projet pour construire le collectif et donner du sens aux apprentissages - VB Mag","og_description":"Dans le cadre des heures de vie de classe, les \u00e9l\u00e8ves de 4\u1d49 du lyc\u00e9e Vallon Bonnevaux ont r\u00e9alis\u00e9 un totem collectif. Cette activit\u00e9, souvent mobilis\u00e9e [\u2026]","og_url":"https:\/\/www.vallon-bonnevaux.fr\/vbmag\/totem-de-classe-en-4\u1d49-un-projet-pour-construire-le-collectif-et-donner-du-sens-aux-apprentissages\/","og_site_name":"VB Mag","article_publisher":"https:\/\/www.facebook.com\/lyceevallonbonnevaux","article_published_time":"2026-04-29T20:49:38+00:00","article_modified_time":"2026-04-29T20:50:51+00:00","og_image":[{"width":1080,"height":1350,"url":"https:\/\/www.vallon-bonnevaux.fr\/vbmag\/wp-content\/uploads\/2026\/04\/4eme-PRO-TOTEM-VALLON-BONNEVAUX-ST-JEAN-DE-BOURNAY.png","type":"image\/png"}],"author":"VBCommunication","twitter_card":"summary_large_image","twitter_misc":{"\u00c9crit par":"VBCommunication","Dur\u00e9e de lecture estim\u00e9e":"3 minutes"},"schema":{"@context":"https:\/\/schema.org","@graph":[{"@type":"Article","@id":"https:\/\/www.vallon-bonnevaux.fr\/vbmag\/totem-de-classe-en-4%e1%b5%89-un-projet-pour-construire-le-collectif-et-donner-du-sens-aux-apprentissages\/#article","isPartOf":{"@id":"https:\/\/www.vallon-bonnevaux.fr\/vbmag\/totem-de-classe-en-4%e1%b5%89-un-projet-pour-construire-le-collectif-et-donner-du-sens-aux-apprentissages\/"},"author":{"name":"VBCommunication","@id":"https:\/\/www.vallon-bonnevaux.fr\/vbmag\/#\/schema\/person\/78d4bedf135508e9d2b8d343575fdd31"},"headline":"Totem de classe en 4\u1d49 : un projet pour construire le collectif et donner du sens aux apprentissages","datePublished":"2026-04-29T20:49:38+00:00","dateModified":"2026-04-29T20:50:51+00:00","mainEntityOfPage":{"@id":"https:\/\/www.vallon-bonnevaux.fr\/vbmag\/totem-de-classe-en-4%e1%b5%89-un-projet-pour-construire-le-collectif-et-donner-du-sens-aux-apprentissages\/"},"wordCount":574,"commentCount":0,"publisher":{"@id":"https:\/\/www.vallon-bonnevaux.fr\/vbmag\/#organization"},"articleSection":["Actualit\u00e9s &amp; infos","Formation &amp; P\u00e9dagogie"],"inLanguage":"fr-FR","potentialAction":[{"@type":"CommentAction","name":"Comment","target":["https:\/\/www.vallon-bonnevaux.fr\/vbmag\/totem-de-classe-en-4%e1%b5%89-un-projet-pour-construire-le-collectif-et-donner-du-sens-aux-apprentissages\/#respond"]}]},{"@type":"WebPage","@id":"https:\/\/www.vallon-bonnevaux.fr\/vbmag\/totem-de-classe-en-4%e1%b5%89-un-projet-pour-construire-le-collectif-et-donner-du-sens-aux-apprentissages\/","url":"https:\/\/www.vallon-bonnevaux.fr\/vbmag\/totem-de-classe-en-4%e1%b5%89-un-projet-pour-construire-le-collectif-et-donner-du-sens-aux-apprentissages\/","name":"Totem de classe en 4\u1d49 : un projet pour construire le collectif et donner du sens aux apprentissages - VB Mag","isPartOf":{"@id":"https:\/\/www.vallon-bonnevaux.fr\/vbmag\/#website"},"datePublished":"2026-04-29T20:49:38+00:00","dateModified":"2026-04-29T20:50:51+00:00","breadcrumb":{"@id":"https:\/\/www.vallon-bonnevaux.fr\/vbmag\/totem-de-classe-en-4%e1%b5%89-un-projet-pour-construire-le-collectif-et-donner-du-sens-aux-apprentissages\/#breadcrumb"},"inLanguage":"fr-FR","potentialAction":[{"@type":"ReadAction","target":["https:\/\/www.vallon-bonnevaux.fr\/vbmag\/totem-de-classe-en-4%e1%b5%89-un-projet-pour-construire-le-collectif-et-donner-du-sens-aux-apprentissages\/"]}]},{"@type":"BreadcrumbList","@id":"https:\/\/www.vallon-bonnevaux.fr\/vbmag\/totem-de-classe-en-4%e1%b5%89-un-projet-pour-construire-le-collectif-et-donner-du-sens-aux-apprentissages\/#breadcrumb","itemListElement":[{"@type":"ListItem","position":1,"name":"Accueil","item":"https:\/\/www.vallon-bonnevaux.fr\/vbmag\/"},{"@type":"ListItem","position":2,"name":"Totem de classe en 4\u1d49 : un projet pour construire le collectif et donner du sens aux apprentissages"}]},{"@type":"WebSite","@id":"https:\/\/www.vallon-bonnevaux.fr\/vbmag\/#website","url":"https:\/\/www.vallon-bonnevaux.fr\/vbmag\/","name":"VBmag","description":"","publisher":{"@id":"https:\/\/www.vallon-bonnevaux.fr\/vbmag\/#organization"},"potentialAction":[{"@type":"SearchAction","target":{"@type":"EntryPoint","urlTemplate":"https:\/\/www.vallon-bonnevaux.fr\/vbmag\/?s={search_term_string}"},"query-input":"required name=search_term_string"}],"inLanguage":"fr-FR"},{"@type":"Organization","@id":"https:\/\/www.vallon-bonnevaux.fr\/vbmag\/#organization","name":"VBmag","url":"https:\/\/www.vallon-bonnevaux.fr\/vbmag\/","logo":{"@type":"ImageObject","inLanguage":"fr-FR","@id":"https:\/\/www.vallon-bonnevaux.fr\/vbmag\/#\/schema\/logo\/image\/","url":"https:\/\/www.vallon-bonnevaux.fr\/vbmag\/wp-content\/uploads\/2023\/02\/Bonnevaux-logo-VBmag.png","contentUrl":"https:\/\/www.vallon-bonnevaux.fr\/vbmag\/wp-content\/uploads\/2023\/02\/Bonnevaux-logo-VBmag.png","width":314,"height":143,"caption":"VBmag"},"image":{"@id":"https:\/\/www.vallon-bonnevaux.fr\/vbmag\/#\/schema\/logo\/image\/"},"sameAs":["https:\/\/www.facebook.com\/lyceevallonbonnevaux","https:\/\/www.instagram.com\/lycee_vallon_bonnevaux\/","https:\/\/www.linkedin.com\/company\/leap-le-vallon-les-bonnevaux\/?originalSubdomain=fr"]},{"@type":"Person","@id":"https:\/\/www.vallon-bonnevaux.fr\/vbmag\/#\/schema\/person\/78d4bedf135508e9d2b8d343575fdd31","name":"VBCommunication","image":{"@type":"ImageObject","inLanguage":"fr-FR","@id":"https:\/\/www.vallon-bonnevaux.fr\/vbmag\/#\/schema\/person\/image\/","url":"https:\/\/secure.gravatar.com\/avatar\/58fa64ce54dbedb7c6633693d600c884a245b0f97746903170fa62aae026cedc?s=96&d=mm&r=g","contentUrl":"https:\/\/secure.gravatar.com\/avatar\/58fa64ce54dbedb7c6633693d600c884a245b0f97746903170fa62aae026cedc?s=96&d=mm&r=g","caption":"VBCommunication"},"url":"https:\/\/www.vallon-bonnevaux.fr\/vbmag\/author\/vbcommunication\/"}]}},"_links":{"self":[{"href":"https:\/\/www.vallon-bonnevaux.fr\/vbmag\/wp-json\/wp\/v2\/posts\/3474","targetHints":{"allow":["GET"]}}],"collection":[{"href":"https:\/\/www.vallon-bonnevaux.fr\/vbmag\/wp-json\/wp\/v2\/posts"}],"about":[{"href":"https:\/\/www.vallon-bonnevaux.fr\/vbmag\/wp-json\/wp\/v2\/types\/post"}],"author":[{"embeddable":true,"href":"https:\/\/www.vallon-bonnevaux.fr\/vbmag\/wp-json\/wp\/v2\/users\/2"}],"replies":[{"embeddable":true,"href":"https:\/\/www.vallon-bonnevaux.fr\/vbmag\/wp-json\/wp\/v2\/comments?post=3474"}],"version-history":[{"count":2,"href":"https:\/\/www.vallon-bonnevaux.fr\/vbmag\/wp-json\/wp\/v2\/posts\/3474\/revisions"}],"predecessor-version":[{"id":3477,"href":"https:\/\/www.vallon-bonnevaux.fr\/vbmag\/wp-json\/wp\/v2\/posts\/3474\/revisions\/3477"}],"wp:featuredmedia":[{"embeddable":true,"href":"https:\/\/www.vallon-bonnevaux.fr\/vbmag\/wp-json\/wp\/v2\/media\/3476"}],"wp:attachment":[{"href":"https:\/\/www.vallon-bonnevaux.fr\/vbmag\/wp-json\/wp\/v2\/media?parent=3474"}],"wp:term":[{"taxonomy":"category","embeddable":true,"href":"https:\/\/www.vallon-bonnevaux.fr\/vbmag\/wp-json\/wp\/v2\/categories?post=3474"},{"taxonomy":"post_tag","embeddable":true,"href":"https:\/\/www.vallon-bonnevaux.fr\/vbmag\/wp-json\/wp\/v2\/tags?post=3474"}],"curies":[{"name":"wp","href":"https:\/\/api.w.org\/{rel}","templated":true}]}}