{"id":3479,"date":"2026-04-29T23:16:48","date_gmt":"2026-04-29T21:16:48","guid":{"rendered":"https:\/\/www.vallon-bonnevaux.fr\/vbmag\/?p=3479"},"modified":"2026-04-29T23:16:48","modified_gmt":"2026-04-29T21:16:48","slug":"cap-aepe-des-mises-en-situation-professionnelles-pour-consolider-les-competences-avant-lexamen","status":"publish","type":"post","link":"https:\/\/www.vallon-bonnevaux.fr\/vbmag\/cap-aepe-des-mises-en-situation-professionnelles-pour-consolider-les-competences-avant-lexamen\/","title":{"rendered":"CAP AEPE : des mises en situation professionnelles pour consolider les comp\u00e9tences avant l\u2019examen"},"content":{"rendered":"<p><img loading=\"lazy\" decoding=\"async\" class=\"size-medium wp-image-3480 alignleft\" src=\"https:\/\/www.vallon-bonnevaux.fr\/vbmag\/wp-content\/uploads\/2026\/04\/CAP-AEPE-BIBERONS-JEUX-DE-MAINS-240x300.png\" alt=\"\" width=\"240\" height=\"300\" srcset=\"https:\/\/www.vallon-bonnevaux.fr\/vbmag\/wp-content\/uploads\/2026\/04\/CAP-AEPE-BIBERONS-JEUX-DE-MAINS-240x300.png 240w, https:\/\/www.vallon-bonnevaux.fr\/vbmag\/wp-content\/uploads\/2026\/04\/CAP-AEPE-BIBERONS-JEUX-DE-MAINS-819x1024.png 819w, https:\/\/www.vallon-bonnevaux.fr\/vbmag\/wp-content\/uploads\/2026\/04\/CAP-AEPE-BIBERONS-JEUX-DE-MAINS-768x960.png 768w, https:\/\/www.vallon-bonnevaux.fr\/vbmag\/wp-content\/uploads\/2026\/04\/CAP-AEPE-BIBERONS-JEUX-DE-MAINS-117x146.png 117w, https:\/\/www.vallon-bonnevaux.fr\/vbmag\/wp-content\/uploads\/2026\/04\/CAP-AEPE-BIBERONS-JEUX-DE-MAINS-40x50.png 40w, https:\/\/www.vallon-bonnevaux.fr\/vbmag\/wp-content\/uploads\/2026\/04\/CAP-AEPE-BIBERONS-JEUX-DE-MAINS-60x75.png 60w, https:\/\/www.vallon-bonnevaux.fr\/vbmag\/wp-content\/uploads\/2026\/04\/CAP-AEPE-BIBERONS-JEUX-DE-MAINS.png 1080w\" sizes=\"auto, (max-width: 240px) 100vw, 240px\" \/>\u00c0 l\u2019approche de l\u2019examen du CAP Accompagnant \u00c9ducatif Petite Enfance, les apprenantes poursuivent leur pr\u00e9paration \u00e0 travers des situations professionnelles concr\u00e8tes. Cette p\u00e9riode permet de consolider les acquis techniques tout en les mobilisant dans des contextes proches de la r\u00e9alit\u00e9 du m\u00e9tier.<\/p>\n<h2>Une pr\u00e9paration technique centr\u00e9e sur les gestes professionnels<\/h2>\n<p>Durant cette premi\u00e8re semaine de vacances scolaires, les apprenantes ont travaill\u00e9 sur plusieurs comp\u00e9tences essentielles du r\u00e9f\u00e9rentiel. En soins d\u2019hygi\u00e8ne \u00e0 l\u2019enfant, elles ont notamment appris \u00e0 pr\u00e9parer un biberon en respectant les protocoles d\u2019hygi\u00e8ne et les besoins physiologiques du jeune enfant. Cette activit\u00e9 mobilise des exigences pr\u00e9cises en mati\u00e8re de s\u00e9curit\u00e9, de rigueur et de respect des normes.<\/p>\n<p>Parall\u00e8lement, le module d\u2019entretien des locaux a permis d\u2019aborder le nettoyage des sanitaires et des surfaces vitr\u00e9es. Ces situations professionnelles visent \u00e0 d\u00e9velopper des gestes techniques ma\u00eetris\u00e9s, indispensables dans les structures d\u2019accueil de jeunes enfants.<\/p>\n<p>Ces apprentissages s\u2019inscrivent pleinement dans les attendus du dipl\u00f4me, qui pr\u00e9pare \u00e0 intervenir aupr\u00e8s d\u2019enfants en garantissant leur bien-\u00eatre, leur s\u00e9curit\u00e9 et la qualit\u00e9 de leur environnement .<\/p>\n<h2>Des activit\u00e9s d\u2019\u00e9veil mises en situation r\u00e9elle<\/h2>\n<p>Dans le cadre du module EP1 (RC1 \u2013 RC2), les apprenantes ont \u00e9t\u00e9 mises en situation autour d\u2019une activit\u00e9 d\u2019\u00e9veil. \u00c0 partir de la comptine \u00ab Quand 3 poules vont au champ \u00bb, elles ont con\u00e7u et anim\u00e9 une activit\u00e9 en utilisant l\u2019empreinte de leurs mains.<\/p>\n<p>Cette s\u00e9quence p\u00e9dagogique s\u2019est structur\u00e9e en plusieurs \u00e9tapes : pr\u00e9paration de l\u2019activit\u00e9, mise en \u0153uvre avec consignes adapt\u00e9es, puis remise en \u00e9tat des locaux. Ce travail permet de d\u00e9velopper des comp\u00e9tences en animation, en organisation et en adaptation aux besoins des enfants.<\/p>\n<p>L\u2019objectif est double : ma\u00eetriser les techniques d\u2019animation tout en int\u00e9grant les exigences professionnelles li\u00e9es \u00e0 la gestion d\u2019un espace et au respect des r\u00e8gles d\u2019hygi\u00e8ne.<\/p>\n<h2>Une p\u00e9dagogie ancr\u00e9e dans les plateaux techniques<\/h2>\n<p>Ces trois journ\u00e9es de formation se sont d\u00e9roul\u00e9es en centre, en mobilisant les plateaux techniques et les diff\u00e9rents espaces p\u00e9dagogiques. Cette organisation favorise l\u2019apprentissage par la pratique et la r\u00e9p\u00e9tition des gestes professionnels.<\/p>\n<p>La diversit\u00e9 des situations propos\u00e9es permet aux apprenantes de consolider leurs comp\u00e9tences dans des contextes vari\u00e9s : soins, entretien, animation. Cette approche s\u2019inscrit dans une p\u00e9dagogie concr\u00e8te, o\u00f9 les savoirs th\u00e9oriques sont directement r\u00e9investis dans des situations proches du terrain.<\/p>\n<h2>Consolider les comp\u00e9tences avant l\u2019\u00e9ch\u00e9ance<\/h2>\n<p>\u00c0 quelques semaines de l\u2019examen, cette phase de travail intensif vise \u00e0 s\u00e9curiser les pratiques professionnelles. Les apprenantes d\u00e9veloppent \u00e0 la fois leur autonomie, leur capacit\u00e9 d\u2019adaptation et leur rigueur.<\/p>\n<p>Cette pr\u00e9paration progressive permet d\u2019aborder les \u00e9preuves avec une meilleure ma\u00eetrise des attendus du m\u00e9tier, en coh\u00e9rence avec les comp\u00e9tences attendues dans les structures d\u2019accueil de la petite enfance.<\/p>\n","protected":false},"excerpt":{"rendered":"<p>\u00c0 l\u2019approche de l\u2019examen du CAP Accompagnant \u00c9ducatif Petite Enfance, les apprenantes poursuivent leur pr\u00e9paration \u00e0 travers des situations professionnelles concr\u00e8tes. Cette p\u00e9riode permet de consolider<span class=\"excerpt-hellip\"> [\u2026]<\/span><\/p>\n","protected":false},"author":2,"featured_media":3480,"comment_status":"open","ping_status":"open","sticky":false,"template":"","format":"standard","meta":{"_mi_skip_tracking":false,"_monsterinsights_sitenote_active":false,"_monsterinsights_sitenote_note":"","_monsterinsights_sitenote_category":0,"footnotes":""},"categories":[2,3],"tags":[],"class_list":["post-3479","post","type-post","status-publish","format-standard","has-post-thumbnail","hentry","category-actualites-infos","category-formation-pedagogie"],"yoast_head":"<!-- This site is optimized with the Yoast SEO plugin v20.8 - https:\/\/yoast.com\/wordpress\/plugins\/seo\/ -->\n<title>CAP AEPE : des mises en situation professionnelles pour consolider les comp\u00e9tences avant l\u2019examen - VB Mag<\/title>\n<meta name=\"robots\" content=\"index, follow, max-snippet:-1, max-image-preview:large, max-video-preview:-1\" \/>\n<link rel=\"canonical\" href=\"https:\/\/www.vallon-bonnevaux.fr\/vbmag\/cap-aepe-des-mises-en-situation-professionnelles-pour-consolider-les-competences-avant-lexamen\/\" \/>\n<meta property=\"og:locale\" content=\"fr_FR\" \/>\n<meta property=\"og:type\" content=\"article\" \/>\n<meta property=\"og:title\" content=\"CAP AEPE : des mises en situation professionnelles pour consolider les comp\u00e9tences avant l\u2019examen - VB Mag\" \/>\n<meta property=\"og:description\" content=\"\u00c0 l\u2019approche de l\u2019examen du CAP Accompagnant \u00c9ducatif Petite Enfance, les apprenantes poursuivent leur pr\u00e9paration \u00e0 travers des situations professionnelles concr\u00e8tes. Cette p\u00e9riode permet de consolider [\u2026]\" \/>\n<meta property=\"og:url\" content=\"https:\/\/www.vallon-bonnevaux.fr\/vbmag\/cap-aepe-des-mises-en-situation-professionnelles-pour-consolider-les-competences-avant-lexamen\/\" \/>\n<meta property=\"og:site_name\" content=\"VB Mag\" \/>\n<meta property=\"article:publisher\" content=\"https:\/\/www.facebook.com\/lyceevallonbonnevaux\" \/>\n<meta property=\"article:published_time\" content=\"2026-04-29T21:16:48+00:00\" \/>\n<meta property=\"og:image\" content=\"https:\/\/www.vallon-bonnevaux.fr\/vbmag\/wp-content\/uploads\/2026\/04\/CAP-AEPE-BIBERONS-JEUX-DE-MAINS.png\" \/>\n\t<meta property=\"og:image:width\" content=\"1080\" \/>\n\t<meta property=\"og:image:height\" content=\"1350\" \/>\n\t<meta property=\"og:image:type\" content=\"image\/png\" \/>\n<meta name=\"author\" content=\"VBCommunication\" \/>\n<meta name=\"twitter:card\" content=\"summary_large_image\" \/>\n<meta name=\"twitter:label1\" content=\"\u00c9crit par\" \/>\n\t<meta name=\"twitter:data1\" content=\"VBCommunication\" \/>\n\t<meta name=\"twitter:label2\" content=\"Dur\u00e9e de lecture estim\u00e9e\" \/>\n\t<meta name=\"twitter:data2\" content=\"3 minutes\" \/>\n<script type=\"application\/ld+json\" class=\"yoast-schema-graph\">{\"@context\":\"https:\/\/schema.org\",\"@graph\":[{\"@type\":\"Article\",\"@id\":\"https:\/\/www.vallon-bonnevaux.fr\/vbmag\/cap-aepe-des-mises-en-situation-professionnelles-pour-consolider-les-competences-avant-lexamen\/#article\",\"isPartOf\":{\"@id\":\"https:\/\/www.vallon-bonnevaux.fr\/vbmag\/cap-aepe-des-mises-en-situation-professionnelles-pour-consolider-les-competences-avant-lexamen\/\"},\"author\":{\"name\":\"VBCommunication\",\"@id\":\"https:\/\/www.vallon-bonnevaux.fr\/vbmag\/#\/schema\/person\/78d4bedf135508e9d2b8d343575fdd31\"},\"headline\":\"CAP AEPE : des mises en situation professionnelles pour consolider les comp\u00e9tences avant l\u2019examen\",\"datePublished\":\"2026-04-29T21:16:48+00:00\",\"dateModified\":\"2026-04-29T21:16:48+00:00\",\"mainEntityOfPage\":{\"@id\":\"https:\/\/www.vallon-bonnevaux.fr\/vbmag\/cap-aepe-des-mises-en-situation-professionnelles-pour-consolider-les-competences-avant-lexamen\/\"},\"wordCount\":527,\"commentCount\":0,\"publisher\":{\"@id\":\"https:\/\/www.vallon-bonnevaux.fr\/vbmag\/#organization\"},\"articleSection\":[\"Actualit\u00e9s &amp; infos\",\"Formation &amp; P\u00e9dagogie\"],\"inLanguage\":\"fr-FR\",\"potentialAction\":[{\"@type\":\"CommentAction\",\"name\":\"Comment\",\"target\":[\"https:\/\/www.vallon-bonnevaux.fr\/vbmag\/cap-aepe-des-mises-en-situation-professionnelles-pour-consolider-les-competences-avant-lexamen\/#respond\"]}]},{\"@type\":\"WebPage\",\"@id\":\"https:\/\/www.vallon-bonnevaux.fr\/vbmag\/cap-aepe-des-mises-en-situation-professionnelles-pour-consolider-les-competences-avant-lexamen\/\",\"url\":\"https:\/\/www.vallon-bonnevaux.fr\/vbmag\/cap-aepe-des-mises-en-situation-professionnelles-pour-consolider-les-competences-avant-lexamen\/\",\"name\":\"CAP AEPE : des mises en situation professionnelles pour consolider les comp\u00e9tences avant l\u2019examen - VB Mag\",\"isPartOf\":{\"@id\":\"https:\/\/www.vallon-bonnevaux.fr\/vbmag\/#website\"},\"datePublished\":\"2026-04-29T21:16:48+00:00\",\"dateModified\":\"2026-04-29T21:16:48+00:00\",\"breadcrumb\":{\"@id\":\"https:\/\/www.vallon-bonnevaux.fr\/vbmag\/cap-aepe-des-mises-en-situation-professionnelles-pour-consolider-les-competences-avant-lexamen\/#breadcrumb\"},\"inLanguage\":\"fr-FR\",\"potentialAction\":[{\"@type\":\"ReadAction\",\"target\":[\"https:\/\/www.vallon-bonnevaux.fr\/vbmag\/cap-aepe-des-mises-en-situation-professionnelles-pour-consolider-les-competences-avant-lexamen\/\"]}]},{\"@type\":\"BreadcrumbList\",\"@id\":\"https:\/\/www.vallon-bonnevaux.fr\/vbmag\/cap-aepe-des-mises-en-situation-professionnelles-pour-consolider-les-competences-avant-lexamen\/#breadcrumb\",\"itemListElement\":[{\"@type\":\"ListItem\",\"position\":1,\"name\":\"Accueil\",\"item\":\"https:\/\/www.vallon-bonnevaux.fr\/vbmag\/\"},{\"@type\":\"ListItem\",\"position\":2,\"name\":\"CAP AEPE : des mises en situation professionnelles pour consolider les comp\u00e9tences avant l\u2019examen\"}]},{\"@type\":\"WebSite\",\"@id\":\"https:\/\/www.vallon-bonnevaux.fr\/vbmag\/#website\",\"url\":\"https:\/\/www.vallon-bonnevaux.fr\/vbmag\/\",\"name\":\"VBmag\",\"description\":\"\",\"publisher\":{\"@id\":\"https:\/\/www.vallon-bonnevaux.fr\/vbmag\/#organization\"},\"potentialAction\":[{\"@type\":\"SearchAction\",\"target\":{\"@type\":\"EntryPoint\",\"urlTemplate\":\"https:\/\/www.vallon-bonnevaux.fr\/vbmag\/?s={search_term_string}\"},\"query-input\":\"required name=search_term_string\"}],\"inLanguage\":\"fr-FR\"},{\"@type\":\"Organization\",\"@id\":\"https:\/\/www.vallon-bonnevaux.fr\/vbmag\/#organization\",\"name\":\"VBmag\",\"url\":\"https:\/\/www.vallon-bonnevaux.fr\/vbmag\/\",\"logo\":{\"@type\":\"ImageObject\",\"inLanguage\":\"fr-FR\",\"@id\":\"https:\/\/www.vallon-bonnevaux.fr\/vbmag\/#\/schema\/logo\/image\/\",\"url\":\"https:\/\/www.vallon-bonnevaux.fr\/vbmag\/wp-content\/uploads\/2023\/02\/Bonnevaux-logo-VBmag.png\",\"contentUrl\":\"https:\/\/www.vallon-bonnevaux.fr\/vbmag\/wp-content\/uploads\/2023\/02\/Bonnevaux-logo-VBmag.png\",\"width\":314,\"height\":143,\"caption\":\"VBmag\"},\"image\":{\"@id\":\"https:\/\/www.vallon-bonnevaux.fr\/vbmag\/#\/schema\/logo\/image\/\"},\"sameAs\":[\"https:\/\/www.facebook.com\/lyceevallonbonnevaux\",\"https:\/\/www.instagram.com\/lycee_vallon_bonnevaux\/\",\"https:\/\/www.linkedin.com\/company\/leap-le-vallon-les-bonnevaux\/?originalSubdomain=fr\"]},{\"@type\":\"Person\",\"@id\":\"https:\/\/www.vallon-bonnevaux.fr\/vbmag\/#\/schema\/person\/78d4bedf135508e9d2b8d343575fdd31\",\"name\":\"VBCommunication\",\"image\":{\"@type\":\"ImageObject\",\"inLanguage\":\"fr-FR\",\"@id\":\"https:\/\/www.vallon-bonnevaux.fr\/vbmag\/#\/schema\/person\/image\/\",\"url\":\"https:\/\/secure.gravatar.com\/avatar\/58fa64ce54dbedb7c6633693d600c884a245b0f97746903170fa62aae026cedc?s=96&d=mm&r=g\",\"contentUrl\":\"https:\/\/secure.gravatar.com\/avatar\/58fa64ce54dbedb7c6633693d600c884a245b0f97746903170fa62aae026cedc?s=96&d=mm&r=g\",\"caption\":\"VBCommunication\"},\"url\":\"https:\/\/www.vallon-bonnevaux.fr\/vbmag\/author\/vbcommunication\/\"}]}<\/script>\n<!-- \/ Yoast SEO plugin. -->","yoast_head_json":{"title":"CAP AEPE : des mises en situation professionnelles pour consolider les comp\u00e9tences avant l\u2019examen - VB Mag","robots":{"index":"index","follow":"follow","max-snippet":"max-snippet:-1","max-image-preview":"max-image-preview:large","max-video-preview":"max-video-preview:-1"},"canonical":"https:\/\/www.vallon-bonnevaux.fr\/vbmag\/cap-aepe-des-mises-en-situation-professionnelles-pour-consolider-les-competences-avant-lexamen\/","og_locale":"fr_FR","og_type":"article","og_title":"CAP AEPE : des mises en situation professionnelles pour consolider les comp\u00e9tences avant l\u2019examen - VB Mag","og_description":"\u00c0 l\u2019approche de l\u2019examen du CAP Accompagnant \u00c9ducatif Petite Enfance, les apprenantes poursuivent leur pr\u00e9paration \u00e0 travers des situations professionnelles concr\u00e8tes. Cette p\u00e9riode permet de consolider [\u2026]","og_url":"https:\/\/www.vallon-bonnevaux.fr\/vbmag\/cap-aepe-des-mises-en-situation-professionnelles-pour-consolider-les-competences-avant-lexamen\/","og_site_name":"VB Mag","article_publisher":"https:\/\/www.facebook.com\/lyceevallonbonnevaux","article_published_time":"2026-04-29T21:16:48+00:00","og_image":[{"width":1080,"height":1350,"url":"https:\/\/www.vallon-bonnevaux.fr\/vbmag\/wp-content\/uploads\/2026\/04\/CAP-AEPE-BIBERONS-JEUX-DE-MAINS.png","type":"image\/png"}],"author":"VBCommunication","twitter_card":"summary_large_image","twitter_misc":{"\u00c9crit par":"VBCommunication","Dur\u00e9e de lecture estim\u00e9e":"3 minutes"},"schema":{"@context":"https:\/\/schema.org","@graph":[{"@type":"Article","@id":"https:\/\/www.vallon-bonnevaux.fr\/vbmag\/cap-aepe-des-mises-en-situation-professionnelles-pour-consolider-les-competences-avant-lexamen\/#article","isPartOf":{"@id":"https:\/\/www.vallon-bonnevaux.fr\/vbmag\/cap-aepe-des-mises-en-situation-professionnelles-pour-consolider-les-competences-avant-lexamen\/"},"author":{"name":"VBCommunication","@id":"https:\/\/www.vallon-bonnevaux.fr\/vbmag\/#\/schema\/person\/78d4bedf135508e9d2b8d343575fdd31"},"headline":"CAP AEPE : des mises en situation professionnelles pour consolider les comp\u00e9tences avant l\u2019examen","datePublished":"2026-04-29T21:16:48+00:00","dateModified":"2026-04-29T21:16:48+00:00","mainEntityOfPage":{"@id":"https:\/\/www.vallon-bonnevaux.fr\/vbmag\/cap-aepe-des-mises-en-situation-professionnelles-pour-consolider-les-competences-avant-lexamen\/"},"wordCount":527,"commentCount":0,"publisher":{"@id":"https:\/\/www.vallon-bonnevaux.fr\/vbmag\/#organization"},"articleSection":["Actualit\u00e9s &amp; infos","Formation &amp; P\u00e9dagogie"],"inLanguage":"fr-FR","potentialAction":[{"@type":"CommentAction","name":"Comment","target":["https:\/\/www.vallon-bonnevaux.fr\/vbmag\/cap-aepe-des-mises-en-situation-professionnelles-pour-consolider-les-competences-avant-lexamen\/#respond"]}]},{"@type":"WebPage","@id":"https:\/\/www.vallon-bonnevaux.fr\/vbmag\/cap-aepe-des-mises-en-situation-professionnelles-pour-consolider-les-competences-avant-lexamen\/","url":"https:\/\/www.vallon-bonnevaux.fr\/vbmag\/cap-aepe-des-mises-en-situation-professionnelles-pour-consolider-les-competences-avant-lexamen\/","name":"CAP AEPE : des mises en situation professionnelles pour consolider les comp\u00e9tences avant l\u2019examen - VB Mag","isPartOf":{"@id":"https:\/\/www.vallon-bonnevaux.fr\/vbmag\/#website"},"datePublished":"2026-04-29T21:16:48+00:00","dateModified":"2026-04-29T21:16:48+00:00","breadcrumb":{"@id":"https:\/\/www.vallon-bonnevaux.fr\/vbmag\/cap-aepe-des-mises-en-situation-professionnelles-pour-consolider-les-competences-avant-lexamen\/#breadcrumb"},"inLanguage":"fr-FR","potentialAction":[{"@type":"ReadAction","target":["https:\/\/www.vallon-bonnevaux.fr\/vbmag\/cap-aepe-des-mises-en-situation-professionnelles-pour-consolider-les-competences-avant-lexamen\/"]}]},{"@type":"BreadcrumbList","@id":"https:\/\/www.vallon-bonnevaux.fr\/vbmag\/cap-aepe-des-mises-en-situation-professionnelles-pour-consolider-les-competences-avant-lexamen\/#breadcrumb","itemListElement":[{"@type":"ListItem","position":1,"name":"Accueil","item":"https:\/\/www.vallon-bonnevaux.fr\/vbmag\/"},{"@type":"ListItem","position":2,"name":"CAP AEPE : des mises en situation professionnelles pour consolider les comp\u00e9tences avant l\u2019examen"}]},{"@type":"WebSite","@id":"https:\/\/www.vallon-bonnevaux.fr\/vbmag\/#website","url":"https:\/\/www.vallon-bonnevaux.fr\/vbmag\/","name":"VBmag","description":"","publisher":{"@id":"https:\/\/www.vallon-bonnevaux.fr\/vbmag\/#organization"},"potentialAction":[{"@type":"SearchAction","target":{"@type":"EntryPoint","urlTemplate":"https:\/\/www.vallon-bonnevaux.fr\/vbmag\/?s={search_term_string}"},"query-input":"required name=search_term_string"}],"inLanguage":"fr-FR"},{"@type":"Organization","@id":"https:\/\/www.vallon-bonnevaux.fr\/vbmag\/#organization","name":"VBmag","url":"https:\/\/www.vallon-bonnevaux.fr\/vbmag\/","logo":{"@type":"ImageObject","inLanguage":"fr-FR","@id":"https:\/\/www.vallon-bonnevaux.fr\/vbmag\/#\/schema\/logo\/image\/","url":"https:\/\/www.vallon-bonnevaux.fr\/vbmag\/wp-content\/uploads\/2023\/02\/Bonnevaux-logo-VBmag.png","contentUrl":"https:\/\/www.vallon-bonnevaux.fr\/vbmag\/wp-content\/uploads\/2023\/02\/Bonnevaux-logo-VBmag.png","width":314,"height":143,"caption":"VBmag"},"image":{"@id":"https:\/\/www.vallon-bonnevaux.fr\/vbmag\/#\/schema\/logo\/image\/"},"sameAs":["https:\/\/www.facebook.com\/lyceevallonbonnevaux","https:\/\/www.instagram.com\/lycee_vallon_bonnevaux\/","https:\/\/www.linkedin.com\/company\/leap-le-vallon-les-bonnevaux\/?originalSubdomain=fr"]},{"@type":"Person","@id":"https:\/\/www.vallon-bonnevaux.fr\/vbmag\/#\/schema\/person\/78d4bedf135508e9d2b8d343575fdd31","name":"VBCommunication","image":{"@type":"ImageObject","inLanguage":"fr-FR","@id":"https:\/\/www.vallon-bonnevaux.fr\/vbmag\/#\/schema\/person\/image\/","url":"https:\/\/secure.gravatar.com\/avatar\/58fa64ce54dbedb7c6633693d600c884a245b0f97746903170fa62aae026cedc?s=96&d=mm&r=g","contentUrl":"https:\/\/secure.gravatar.com\/avatar\/58fa64ce54dbedb7c6633693d600c884a245b0f97746903170fa62aae026cedc?s=96&d=mm&r=g","caption":"VBCommunication"},"url":"https:\/\/www.vallon-bonnevaux.fr\/vbmag\/author\/vbcommunication\/"}]}},"_links":{"self":[{"href":"https:\/\/www.vallon-bonnevaux.fr\/vbmag\/wp-json\/wp\/v2\/posts\/3479","targetHints":{"allow":["GET"]}}],"collection":[{"href":"https:\/\/www.vallon-bonnevaux.fr\/vbmag\/wp-json\/wp\/v2\/posts"}],"about":[{"href":"https:\/\/www.vallon-bonnevaux.fr\/vbmag\/wp-json\/wp\/v2\/types\/post"}],"author":[{"embeddable":true,"href":"https:\/\/www.vallon-bonnevaux.fr\/vbmag\/wp-json\/wp\/v2\/users\/2"}],"replies":[{"embeddable":true,"href":"https:\/\/www.vallon-bonnevaux.fr\/vbmag\/wp-json\/wp\/v2\/comments?post=3479"}],"version-history":[{"count":1,"href":"https:\/\/www.vallon-bonnevaux.fr\/vbmag\/wp-json\/wp\/v2\/posts\/3479\/revisions"}],"predecessor-version":[{"id":3481,"href":"https:\/\/www.vallon-bonnevaux.fr\/vbmag\/wp-json\/wp\/v2\/posts\/3479\/revisions\/3481"}],"wp:featuredmedia":[{"embeddable":true,"href":"https:\/\/www.vallon-bonnevaux.fr\/vbmag\/wp-json\/wp\/v2\/media\/3480"}],"wp:attachment":[{"href":"https:\/\/www.vallon-bonnevaux.fr\/vbmag\/wp-json\/wp\/v2\/media?parent=3479"}],"wp:term":[{"taxonomy":"category","embeddable":true,"href":"https:\/\/www.vallon-bonnevaux.fr\/vbmag\/wp-json\/wp\/v2\/categories?post=3479"},{"taxonomy":"post_tag","embeddable":true,"href":"https:\/\/www.vallon-bonnevaux.fr\/vbmag\/wp-json\/wp\/v2\/tags?post=3479"}],"curies":[{"name":"wp","href":"https:\/\/api.w.org\/{rel}","templated":true}]}}