{"id":3483,"date":"2026-04-30T17:50:14","date_gmt":"2026-04-30T15:50:14","guid":{"rendered":"https:\/\/www.vallon-bonnevaux.fr\/vbmag\/?p=3483"},"modified":"2026-04-30T17:50:14","modified_gmt":"2026-04-30T15:50:14","slug":"1ere-bac-pro-sapat-lanimation-du-territoire-a-travers-un-projet-sur-les-droits-des-femmes","status":"publish","type":"post","link":"https:\/\/www.vallon-bonnevaux.fr\/vbmag\/1ere-bac-pro-sapat-lanimation-du-territoire-a-travers-un-projet-sur-les-droits-des-femmes\/","title":{"rendered":"1\u00e8re Bac Pro SAPAT : L\u2019animation du territoire \u00e0 travers un projet sur les droits des femmes"},"content":{"rendered":"<p><img loading=\"lazy\" decoding=\"async\" class=\"size-medium wp-image-3484 alignleft\" src=\"https:\/\/www.vallon-bonnevaux.fr\/vbmag\/wp-content\/uploads\/2026\/04\/FEMMES-SAPAT-VALLON-BONNEVAUX-ST-JEAN-DE-BOURNAY-240x300.png\" alt=\"\" width=\"240\" height=\"300\" srcset=\"https:\/\/www.vallon-bonnevaux.fr\/vbmag\/wp-content\/uploads\/2026\/04\/FEMMES-SAPAT-VALLON-BONNEVAUX-ST-JEAN-DE-BOURNAY-240x300.png 240w, https:\/\/www.vallon-bonnevaux.fr\/vbmag\/wp-content\/uploads\/2026\/04\/FEMMES-SAPAT-VALLON-BONNEVAUX-ST-JEAN-DE-BOURNAY-819x1024.png 819w, https:\/\/www.vallon-bonnevaux.fr\/vbmag\/wp-content\/uploads\/2026\/04\/FEMMES-SAPAT-VALLON-BONNEVAUX-ST-JEAN-DE-BOURNAY-768x960.png 768w, https:\/\/www.vallon-bonnevaux.fr\/vbmag\/wp-content\/uploads\/2026\/04\/FEMMES-SAPAT-VALLON-BONNEVAUX-ST-JEAN-DE-BOURNAY-117x146.png 117w, https:\/\/www.vallon-bonnevaux.fr\/vbmag\/wp-content\/uploads\/2026\/04\/FEMMES-SAPAT-VALLON-BONNEVAUX-ST-JEAN-DE-BOURNAY-40x50.png 40w, https:\/\/www.vallon-bonnevaux.fr\/vbmag\/wp-content\/uploads\/2026\/04\/FEMMES-SAPAT-VALLON-BONNEVAUX-ST-JEAN-DE-BOURNAY-60x75.png 60w, https:\/\/www.vallon-bonnevaux.fr\/vbmag\/wp-content\/uploads\/2026\/04\/FEMMES-SAPAT-VALLON-BONNEVAUX-ST-JEAN-DE-BOURNAY.png 1080w\" sizes=\"auto, (max-width: 240px) 100vw, 240px\" \/>\u00c0 la m\u00e9diath\u00e8que de l\u2019Orangerie, les \u00e9l\u00e8ves de 1\u00e8re Bac Pro SAPAT du Lyc\u00e9e Vallon Bonnevaux ont anim\u00e9 l\u2019exposition <strong>\u00ab La Voix des Femmes \u00bb<\/strong> aupr\u00e8s des classes de 4e, 3e et CAP SAPVER.<\/p>\n<p>Si cette action s\u2019inscrit dans le champ du service \u00e0 la personne, elle met surtout en \u00e9vidence une sp\u00e9cificit\u00e9 du Bac Pro SAPAT : <strong>l\u2019animation du territoire<\/strong>.<\/p>\n<h3>Une approche diff\u00e9rente des formations du service \u00e0 la personne<\/h3>\n<p>Contrairement \u00e0 d\u2019autres formations centr\u00e9es principalement sur l\u2019accompagnement individuel (soins, aide \u00e0 domicile, petite enfance), le Bac Pro SAPAT int\u00e8gre une dimension suppl\u00e9mentaire : <strong>concevoir et conduire des actions collectives en lien avec les acteurs locaux<\/strong>.<\/p>\n<p>Les \u00e9l\u00e8ves ne se limitent pas \u00e0 intervenir aupr\u00e8s d\u2019un public : ils apprennent \u00e0 <strong>imaginer des projets, mobiliser des partenaires et cr\u00e9er des dynamiques sur un territoire<\/strong>.<\/p>\n<p>&nbsp;<\/p>\n<h3>Une mise en situation concr\u00e8te<\/h3>\n<p>Dans le cadre de cette exposition, les \u00e9l\u00e8ves ont construit une animation compl\u00e8te :<\/p>\n<p>jeux de positionnement pour faire \u00e9merger les repr\u00e9sentations,<br \/>\nquiz interactif avec Kahoot,<br \/>\ntemps d\u2019\u00e9changes pour structurer la r\u00e9flexion collective.<\/p>\n<p>L\u2019objectif n\u2019\u00e9tait pas uniquement de transmettre des informations, mais de <strong>faire participer, questionner et cr\u00e9er du d\u00e9bat<\/strong>.<\/p>\n<h3>Des comp\u00e9tences sp\u00e9cifiques \u00e0 l\u2019animation territoriale<\/h3>\n<p>Cette action mobilise des comp\u00e9tences propres au Bac Pro SAPAT :<\/p>\n<p>concevoir une animation adapt\u00e9e \u00e0 un public,<br \/>\nanimer un groupe et r\u00e9guler les \u00e9changes,<br \/>\ns\u2019inscrire dans un partenariat local (ici, la m\u00e9diath\u00e8que),<br \/>\naborder des enjeux soci\u00e9taux dans un cadre \u00e9ducatif.<\/p>\n<p>Ces comp\u00e9tences d\u00e9passent la relation d\u2019aide individuelle et rel\u00e8vent d\u2019une logique de <strong>projet collectif et territorial<\/strong>.<\/p>\n<h3>Donner du sens aux actions \u00e9ducatives<\/h3>\n<p>En animant cette exposition, les \u00e9l\u00e8ves contribuent \u00e0 une d\u00e9marche plus large : <strong>faire vivre des espaces de r\u00e9flexion au sein du territoire<\/strong>.<\/p>\n<p>Ce type de projet illustre clairement l\u2019identit\u00e9 du Bac Pro SAPAT : une formation qui articule service \u00e0 la personne et <strong>animation du territoire<\/strong>, en pr\u00e9parant les \u00e9l\u00e8ves \u00e0 intervenir \u00e0 la fois aupr\u00e8s des publics et dans les dynamiques locales.<\/p>\n","protected":false},"excerpt":{"rendered":"<p>\u00c0 la m\u00e9diath\u00e8que de l\u2019Orangerie, les \u00e9l\u00e8ves de 1\u00e8re Bac Pro SAPAT du Lyc\u00e9e Vallon Bonnevaux ont anim\u00e9 l\u2019exposition \u00ab La Voix des Femmes \u00bb aupr\u00e8s<span class=\"excerpt-hellip\"> [\u2026]<\/span><\/p>\n","protected":false},"author":2,"featured_media":0,"comment_status":"open","ping_status":"open","sticky":false,"template":"","format":"standard","meta":{"_mi_skip_tracking":false,"_monsterinsights_sitenote_active":false,"_monsterinsights_sitenote_note":"","_monsterinsights_sitenote_category":0,"footnotes":""},"categories":[2,3],"tags":[],"class_list":["post-3483","post","type-post","status-publish","format-standard","hentry","category-actualites-infos","category-formation-pedagogie"],"yoast_head":"<!-- This site is optimized with the Yoast SEO plugin v20.8 - https:\/\/yoast.com\/wordpress\/plugins\/seo\/ -->\n<title>1\u00e8re Bac Pro SAPAT : L\u2019animation du territoire \u00e0 travers un projet sur les droits des femmes - VB Mag<\/title>\n<meta name=\"robots\" content=\"index, follow, max-snippet:-1, max-image-preview:large, max-video-preview:-1\" \/>\n<link rel=\"canonical\" href=\"https:\/\/www.vallon-bonnevaux.fr\/vbmag\/1ere-bac-pro-sapat-lanimation-du-territoire-a-travers-un-projet-sur-les-droits-des-femmes\/\" \/>\n<meta property=\"og:locale\" content=\"fr_FR\" \/>\n<meta property=\"og:type\" content=\"article\" \/>\n<meta property=\"og:title\" content=\"1\u00e8re Bac Pro SAPAT : L\u2019animation du territoire \u00e0 travers un projet sur les droits des femmes - VB Mag\" \/>\n<meta property=\"og:description\" content=\"\u00c0 la m\u00e9diath\u00e8que de l\u2019Orangerie, les \u00e9l\u00e8ves de 1\u00e8re Bac Pro SAPAT du Lyc\u00e9e Vallon Bonnevaux ont anim\u00e9 l\u2019exposition \u00ab La Voix des Femmes \u00bb aupr\u00e8s [\u2026]\" \/>\n<meta property=\"og:url\" content=\"https:\/\/www.vallon-bonnevaux.fr\/vbmag\/1ere-bac-pro-sapat-lanimation-du-territoire-a-travers-un-projet-sur-les-droits-des-femmes\/\" \/>\n<meta property=\"og:site_name\" content=\"VB Mag\" \/>\n<meta property=\"article:publisher\" content=\"https:\/\/www.facebook.com\/lyceevallonbonnevaux\" \/>\n<meta property=\"article:published_time\" content=\"2026-04-30T15:50:14+00:00\" \/>\n<meta property=\"og:image\" content=\"https:\/\/www.vallon-bonnevaux.fr\/vbmag\/wp-content\/uploads\/2026\/04\/FEMMES-SAPAT-VALLON-BONNEVAUX-ST-JEAN-DE-BOURNAY-240x300.png\" \/>\n<meta name=\"author\" content=\"VBCommunication\" \/>\n<meta name=\"twitter:card\" content=\"summary_large_image\" \/>\n<meta name=\"twitter:label1\" content=\"\u00c9crit par\" \/>\n\t<meta name=\"twitter:data1\" content=\"VBCommunication\" \/>\n\t<meta name=\"twitter:label2\" content=\"Dur\u00e9e de lecture estim\u00e9e\" \/>\n\t<meta name=\"twitter:data2\" content=\"2 minutes\" \/>\n<script type=\"application\/ld+json\" class=\"yoast-schema-graph\">{\"@context\":\"https:\/\/schema.org\",\"@graph\":[{\"@type\":\"Article\",\"@id\":\"https:\/\/www.vallon-bonnevaux.fr\/vbmag\/1ere-bac-pro-sapat-lanimation-du-territoire-a-travers-un-projet-sur-les-droits-des-femmes\/#article\",\"isPartOf\":{\"@id\":\"https:\/\/www.vallon-bonnevaux.fr\/vbmag\/1ere-bac-pro-sapat-lanimation-du-territoire-a-travers-un-projet-sur-les-droits-des-femmes\/\"},\"author\":{\"name\":\"VBCommunication\",\"@id\":\"https:\/\/www.vallon-bonnevaux.fr\/vbmag\/#\/schema\/person\/78d4bedf135508e9d2b8d343575fdd31\"},\"headline\":\"1\u00e8re Bac Pro SAPAT : L\u2019animation du territoire \u00e0 travers un projet sur les droits des femmes\",\"datePublished\":\"2026-04-30T15:50:14+00:00\",\"dateModified\":\"2026-04-30T15:50:14+00:00\",\"mainEntityOfPage\":{\"@id\":\"https:\/\/www.vallon-bonnevaux.fr\/vbmag\/1ere-bac-pro-sapat-lanimation-du-territoire-a-travers-un-projet-sur-les-droits-des-femmes\/\"},\"wordCount\":370,\"commentCount\":0,\"publisher\":{\"@id\":\"https:\/\/www.vallon-bonnevaux.fr\/vbmag\/#organization\"},\"articleSection\":[\"Actualit\u00e9s &amp; infos\",\"Formation &amp; P\u00e9dagogie\"],\"inLanguage\":\"fr-FR\",\"potentialAction\":[{\"@type\":\"CommentAction\",\"name\":\"Comment\",\"target\":[\"https:\/\/www.vallon-bonnevaux.fr\/vbmag\/1ere-bac-pro-sapat-lanimation-du-territoire-a-travers-un-projet-sur-les-droits-des-femmes\/#respond\"]}]},{\"@type\":\"WebPage\",\"@id\":\"https:\/\/www.vallon-bonnevaux.fr\/vbmag\/1ere-bac-pro-sapat-lanimation-du-territoire-a-travers-un-projet-sur-les-droits-des-femmes\/\",\"url\":\"https:\/\/www.vallon-bonnevaux.fr\/vbmag\/1ere-bac-pro-sapat-lanimation-du-territoire-a-travers-un-projet-sur-les-droits-des-femmes\/\",\"name\":\"1\u00e8re Bac Pro SAPAT : L\u2019animation du territoire \u00e0 travers un projet sur les droits des femmes - VB Mag\",\"isPartOf\":{\"@id\":\"https:\/\/www.vallon-bonnevaux.fr\/vbmag\/#website\"},\"datePublished\":\"2026-04-30T15:50:14+00:00\",\"dateModified\":\"2026-04-30T15:50:14+00:00\",\"breadcrumb\":{\"@id\":\"https:\/\/www.vallon-bonnevaux.fr\/vbmag\/1ere-bac-pro-sapat-lanimation-du-territoire-a-travers-un-projet-sur-les-droits-des-femmes\/#breadcrumb\"},\"inLanguage\":\"fr-FR\",\"potentialAction\":[{\"@type\":\"ReadAction\",\"target\":[\"https:\/\/www.vallon-bonnevaux.fr\/vbmag\/1ere-bac-pro-sapat-lanimation-du-territoire-a-travers-un-projet-sur-les-droits-des-femmes\/\"]}]},{\"@type\":\"BreadcrumbList\",\"@id\":\"https:\/\/www.vallon-bonnevaux.fr\/vbmag\/1ere-bac-pro-sapat-lanimation-du-territoire-a-travers-un-projet-sur-les-droits-des-femmes\/#breadcrumb\",\"itemListElement\":[{\"@type\":\"ListItem\",\"position\":1,\"name\":\"Accueil\",\"item\":\"https:\/\/www.vallon-bonnevaux.fr\/vbmag\/\"},{\"@type\":\"ListItem\",\"position\":2,\"name\":\"1\u00e8re Bac Pro SAPAT : L\u2019animation du territoire \u00e0 travers un projet sur les droits des femmes\"}]},{\"@type\":\"WebSite\",\"@id\":\"https:\/\/www.vallon-bonnevaux.fr\/vbmag\/#website\",\"url\":\"https:\/\/www.vallon-bonnevaux.fr\/vbmag\/\",\"name\":\"VBmag\",\"description\":\"\",\"publisher\":{\"@id\":\"https:\/\/www.vallon-bonnevaux.fr\/vbmag\/#organization\"},\"potentialAction\":[{\"@type\":\"SearchAction\",\"target\":{\"@type\":\"EntryPoint\",\"urlTemplate\":\"https:\/\/www.vallon-bonnevaux.fr\/vbmag\/?s={search_term_string}\"},\"query-input\":\"required name=search_term_string\"}],\"inLanguage\":\"fr-FR\"},{\"@type\":\"Organization\",\"@id\":\"https:\/\/www.vallon-bonnevaux.fr\/vbmag\/#organization\",\"name\":\"VBmag\",\"url\":\"https:\/\/www.vallon-bonnevaux.fr\/vbmag\/\",\"logo\":{\"@type\":\"ImageObject\",\"inLanguage\":\"fr-FR\",\"@id\":\"https:\/\/www.vallon-bonnevaux.fr\/vbmag\/#\/schema\/logo\/image\/\",\"url\":\"https:\/\/www.vallon-bonnevaux.fr\/vbmag\/wp-content\/uploads\/2023\/02\/Bonnevaux-logo-VBmag.png\",\"contentUrl\":\"https:\/\/www.vallon-bonnevaux.fr\/vbmag\/wp-content\/uploads\/2023\/02\/Bonnevaux-logo-VBmag.png\",\"width\":314,\"height\":143,\"caption\":\"VBmag\"},\"image\":{\"@id\":\"https:\/\/www.vallon-bonnevaux.fr\/vbmag\/#\/schema\/logo\/image\/\"},\"sameAs\":[\"https:\/\/www.facebook.com\/lyceevallonbonnevaux\",\"https:\/\/www.instagram.com\/lycee_vallon_bonnevaux\/\",\"https:\/\/www.linkedin.com\/company\/leap-le-vallon-les-bonnevaux\/?originalSubdomain=fr\"]},{\"@type\":\"Person\",\"@id\":\"https:\/\/www.vallon-bonnevaux.fr\/vbmag\/#\/schema\/person\/78d4bedf135508e9d2b8d343575fdd31\",\"name\":\"VBCommunication\",\"image\":{\"@type\":\"ImageObject\",\"inLanguage\":\"fr-FR\",\"@id\":\"https:\/\/www.vallon-bonnevaux.fr\/vbmag\/#\/schema\/person\/image\/\",\"url\":\"https:\/\/secure.gravatar.com\/avatar\/58fa64ce54dbedb7c6633693d600c884a245b0f97746903170fa62aae026cedc?s=96&d=mm&r=g\",\"contentUrl\":\"https:\/\/secure.gravatar.com\/avatar\/58fa64ce54dbedb7c6633693d600c884a245b0f97746903170fa62aae026cedc?s=96&d=mm&r=g\",\"caption\":\"VBCommunication\"},\"url\":\"https:\/\/www.vallon-bonnevaux.fr\/vbmag\/author\/vbcommunication\/\"}]}<\/script>\n<!-- \/ Yoast SEO plugin. -->","yoast_head_json":{"title":"1\u00e8re Bac Pro SAPAT : L\u2019animation du territoire \u00e0 travers un projet sur les droits des femmes - VB Mag","robots":{"index":"index","follow":"follow","max-snippet":"max-snippet:-1","max-image-preview":"max-image-preview:large","max-video-preview":"max-video-preview:-1"},"canonical":"https:\/\/www.vallon-bonnevaux.fr\/vbmag\/1ere-bac-pro-sapat-lanimation-du-territoire-a-travers-un-projet-sur-les-droits-des-femmes\/","og_locale":"fr_FR","og_type":"article","og_title":"1\u00e8re Bac Pro SAPAT : L\u2019animation du territoire \u00e0 travers un projet sur les droits des femmes - VB Mag","og_description":"\u00c0 la m\u00e9diath\u00e8que de l\u2019Orangerie, les \u00e9l\u00e8ves de 1\u00e8re Bac Pro SAPAT du Lyc\u00e9e Vallon Bonnevaux ont anim\u00e9 l\u2019exposition \u00ab La Voix des Femmes \u00bb aupr\u00e8s [\u2026]","og_url":"https:\/\/www.vallon-bonnevaux.fr\/vbmag\/1ere-bac-pro-sapat-lanimation-du-territoire-a-travers-un-projet-sur-les-droits-des-femmes\/","og_site_name":"VB Mag","article_publisher":"https:\/\/www.facebook.com\/lyceevallonbonnevaux","article_published_time":"2026-04-30T15:50:14+00:00","og_image":[{"url":"https:\/\/www.vallon-bonnevaux.fr\/vbmag\/wp-content\/uploads\/2026\/04\/FEMMES-SAPAT-VALLON-BONNEVAUX-ST-JEAN-DE-BOURNAY-240x300.png"}],"author":"VBCommunication","twitter_card":"summary_large_image","twitter_misc":{"\u00c9crit par":"VBCommunication","Dur\u00e9e de lecture estim\u00e9e":"2 minutes"},"schema":{"@context":"https:\/\/schema.org","@graph":[{"@type":"Article","@id":"https:\/\/www.vallon-bonnevaux.fr\/vbmag\/1ere-bac-pro-sapat-lanimation-du-territoire-a-travers-un-projet-sur-les-droits-des-femmes\/#article","isPartOf":{"@id":"https:\/\/www.vallon-bonnevaux.fr\/vbmag\/1ere-bac-pro-sapat-lanimation-du-territoire-a-travers-un-projet-sur-les-droits-des-femmes\/"},"author":{"name":"VBCommunication","@id":"https:\/\/www.vallon-bonnevaux.fr\/vbmag\/#\/schema\/person\/78d4bedf135508e9d2b8d343575fdd31"},"headline":"1\u00e8re Bac Pro SAPAT : L\u2019animation du territoire \u00e0 travers un projet sur les droits des femmes","datePublished":"2026-04-30T15:50:14+00:00","dateModified":"2026-04-30T15:50:14+00:00","mainEntityOfPage":{"@id":"https:\/\/www.vallon-bonnevaux.fr\/vbmag\/1ere-bac-pro-sapat-lanimation-du-territoire-a-travers-un-projet-sur-les-droits-des-femmes\/"},"wordCount":370,"commentCount":0,"publisher":{"@id":"https:\/\/www.vallon-bonnevaux.fr\/vbmag\/#organization"},"articleSection":["Actualit\u00e9s &amp; infos","Formation &amp; P\u00e9dagogie"],"inLanguage":"fr-FR","potentialAction":[{"@type":"CommentAction","name":"Comment","target":["https:\/\/www.vallon-bonnevaux.fr\/vbmag\/1ere-bac-pro-sapat-lanimation-du-territoire-a-travers-un-projet-sur-les-droits-des-femmes\/#respond"]}]},{"@type":"WebPage","@id":"https:\/\/www.vallon-bonnevaux.fr\/vbmag\/1ere-bac-pro-sapat-lanimation-du-territoire-a-travers-un-projet-sur-les-droits-des-femmes\/","url":"https:\/\/www.vallon-bonnevaux.fr\/vbmag\/1ere-bac-pro-sapat-lanimation-du-territoire-a-travers-un-projet-sur-les-droits-des-femmes\/","name":"1\u00e8re Bac Pro SAPAT : L\u2019animation du territoire \u00e0 travers un projet sur les droits des femmes - VB Mag","isPartOf":{"@id":"https:\/\/www.vallon-bonnevaux.fr\/vbmag\/#website"},"datePublished":"2026-04-30T15:50:14+00:00","dateModified":"2026-04-30T15:50:14+00:00","breadcrumb":{"@id":"https:\/\/www.vallon-bonnevaux.fr\/vbmag\/1ere-bac-pro-sapat-lanimation-du-territoire-a-travers-un-projet-sur-les-droits-des-femmes\/#breadcrumb"},"inLanguage":"fr-FR","potentialAction":[{"@type":"ReadAction","target":["https:\/\/www.vallon-bonnevaux.fr\/vbmag\/1ere-bac-pro-sapat-lanimation-du-territoire-a-travers-un-projet-sur-les-droits-des-femmes\/"]}]},{"@type":"BreadcrumbList","@id":"https:\/\/www.vallon-bonnevaux.fr\/vbmag\/1ere-bac-pro-sapat-lanimation-du-territoire-a-travers-un-projet-sur-les-droits-des-femmes\/#breadcrumb","itemListElement":[{"@type":"ListItem","position":1,"name":"Accueil","item":"https:\/\/www.vallon-bonnevaux.fr\/vbmag\/"},{"@type":"ListItem","position":2,"name":"1\u00e8re Bac Pro SAPAT : L\u2019animation du territoire \u00e0 travers un projet sur les droits des femmes"}]},{"@type":"WebSite","@id":"https:\/\/www.vallon-bonnevaux.fr\/vbmag\/#website","url":"https:\/\/www.vallon-bonnevaux.fr\/vbmag\/","name":"VBmag","description":"","publisher":{"@id":"https:\/\/www.vallon-bonnevaux.fr\/vbmag\/#organization"},"potentialAction":[{"@type":"SearchAction","target":{"@type":"EntryPoint","urlTemplate":"https:\/\/www.vallon-bonnevaux.fr\/vbmag\/?s={search_term_string}"},"query-input":"required name=search_term_string"}],"inLanguage":"fr-FR"},{"@type":"Organization","@id":"https:\/\/www.vallon-bonnevaux.fr\/vbmag\/#organization","name":"VBmag","url":"https:\/\/www.vallon-bonnevaux.fr\/vbmag\/","logo":{"@type":"ImageObject","inLanguage":"fr-FR","@id":"https:\/\/www.vallon-bonnevaux.fr\/vbmag\/#\/schema\/logo\/image\/","url":"https:\/\/www.vallon-bonnevaux.fr\/vbmag\/wp-content\/uploads\/2023\/02\/Bonnevaux-logo-VBmag.png","contentUrl":"https:\/\/www.vallon-bonnevaux.fr\/vbmag\/wp-content\/uploads\/2023\/02\/Bonnevaux-logo-VBmag.png","width":314,"height":143,"caption":"VBmag"},"image":{"@id":"https:\/\/www.vallon-bonnevaux.fr\/vbmag\/#\/schema\/logo\/image\/"},"sameAs":["https:\/\/www.facebook.com\/lyceevallonbonnevaux","https:\/\/www.instagram.com\/lycee_vallon_bonnevaux\/","https:\/\/www.linkedin.com\/company\/leap-le-vallon-les-bonnevaux\/?originalSubdomain=fr"]},{"@type":"Person","@id":"https:\/\/www.vallon-bonnevaux.fr\/vbmag\/#\/schema\/person\/78d4bedf135508e9d2b8d343575fdd31","name":"VBCommunication","image":{"@type":"ImageObject","inLanguage":"fr-FR","@id":"https:\/\/www.vallon-bonnevaux.fr\/vbmag\/#\/schema\/person\/image\/","url":"https:\/\/secure.gravatar.com\/avatar\/58fa64ce54dbedb7c6633693d600c884a245b0f97746903170fa62aae026cedc?s=96&d=mm&r=g","contentUrl":"https:\/\/secure.gravatar.com\/avatar\/58fa64ce54dbedb7c6633693d600c884a245b0f97746903170fa62aae026cedc?s=96&d=mm&r=g","caption":"VBCommunication"},"url":"https:\/\/www.vallon-bonnevaux.fr\/vbmag\/author\/vbcommunication\/"}]}},"_links":{"self":[{"href":"https:\/\/www.vallon-bonnevaux.fr\/vbmag\/wp-json\/wp\/v2\/posts\/3483","targetHints":{"allow":["GET"]}}],"collection":[{"href":"https:\/\/www.vallon-bonnevaux.fr\/vbmag\/wp-json\/wp\/v2\/posts"}],"about":[{"href":"https:\/\/www.vallon-bonnevaux.fr\/vbmag\/wp-json\/wp\/v2\/types\/post"}],"author":[{"embeddable":true,"href":"https:\/\/www.vallon-bonnevaux.fr\/vbmag\/wp-json\/wp\/v2\/users\/2"}],"replies":[{"embeddable":true,"href":"https:\/\/www.vallon-bonnevaux.fr\/vbmag\/wp-json\/wp\/v2\/comments?post=3483"}],"version-history":[{"count":1,"href":"https:\/\/www.vallon-bonnevaux.fr\/vbmag\/wp-json\/wp\/v2\/posts\/3483\/revisions"}],"predecessor-version":[{"id":3485,"href":"https:\/\/www.vallon-bonnevaux.fr\/vbmag\/wp-json\/wp\/v2\/posts\/3483\/revisions\/3485"}],"wp:attachment":[{"href":"https:\/\/www.vallon-bonnevaux.fr\/vbmag\/wp-json\/wp\/v2\/media?parent=3483"}],"wp:term":[{"taxonomy":"category","embeddable":true,"href":"https:\/\/www.vallon-bonnevaux.fr\/vbmag\/wp-json\/wp\/v2\/categories?post=3483"},{"taxonomy":"post_tag","embeddable":true,"href":"https:\/\/www.vallon-bonnevaux.fr\/vbmag\/wp-json\/wp\/v2\/tags?post=3483"}],"curies":[{"name":"wp","href":"https:\/\/api.w.org\/{rel}","templated":true}]}}