{"id":3486,"date":"2026-04-30T18:16:20","date_gmt":"2026-04-30T16:16:20","guid":{"rendered":"https:\/\/www.vallon-bonnevaux.fr\/vbmag\/?p=3486"},"modified":"2026-04-30T18:17:28","modified_gmt":"2026-04-30T16:17:28","slug":"cap-sapver-une-semaine-dapprofondissement-consacree-a-la-petite-enfance","status":"publish","type":"post","link":"https:\/\/www.vallon-bonnevaux.fr\/vbmag\/cap-sapver-une-semaine-dapprofondissement-consacree-a-la-petite-enfance\/","title":{"rendered":"CAP SAPVER : une semaine d&rsquo;approfondissement consacr\u00e9e \u00e0 la petite enfance"},"content":{"rendered":"<p data-start=\"87\" data-end=\"525\"><img loading=\"lazy\" decoding=\"async\" class=\"size-medium wp-image-3487 alignleft\" src=\"https:\/\/www.vallon-bonnevaux.fr\/vbmag\/wp-content\/uploads\/2026\/04\/PETITE-ENFANCE-SAPVER-VALLON-BONNEVAUX-ST-JEAN-DE-BOURNAY-240x300.png\" alt=\"\" width=\"240\" height=\"300\" srcset=\"https:\/\/www.vallon-bonnevaux.fr\/vbmag\/wp-content\/uploads\/2026\/04\/PETITE-ENFANCE-SAPVER-VALLON-BONNEVAUX-ST-JEAN-DE-BOURNAY-240x300.png 240w, https:\/\/www.vallon-bonnevaux.fr\/vbmag\/wp-content\/uploads\/2026\/04\/PETITE-ENFANCE-SAPVER-VALLON-BONNEVAUX-ST-JEAN-DE-BOURNAY-819x1024.png 819w, https:\/\/www.vallon-bonnevaux.fr\/vbmag\/wp-content\/uploads\/2026\/04\/PETITE-ENFANCE-SAPVER-VALLON-BONNEVAUX-ST-JEAN-DE-BOURNAY-768x960.png 768w, https:\/\/www.vallon-bonnevaux.fr\/vbmag\/wp-content\/uploads\/2026\/04\/PETITE-ENFANCE-SAPVER-VALLON-BONNEVAUX-ST-JEAN-DE-BOURNAY-117x146.png 117w, https:\/\/www.vallon-bonnevaux.fr\/vbmag\/wp-content\/uploads\/2026\/04\/PETITE-ENFANCE-SAPVER-VALLON-BONNEVAUX-ST-JEAN-DE-BOURNAY-40x50.png 40w, https:\/\/www.vallon-bonnevaux.fr\/vbmag\/wp-content\/uploads\/2026\/04\/PETITE-ENFANCE-SAPVER-VALLON-BONNEVAUX-ST-JEAN-DE-BOURNAY-60x75.png 60w, https:\/\/www.vallon-bonnevaux.fr\/vbmag\/wp-content\/uploads\/2026\/04\/PETITE-ENFANCE-SAPVER-VALLON-BONNEVAUX-ST-JEAN-DE-BOURNAY.png 1080w\" sizes=\"auto, (max-width: 240px) 100vw, 240px\" \/>Les \u00e9l\u00e8ves de premi\u00e8re ann\u00e9e ont d\u00e9but\u00e9 leur parcours de sp\u00e9cialisation par une semaine consacr\u00e9e \u00e0 la d\u00e9couverte du secteur de la petite enfance. Cette entr\u00e9e progressive dans les r\u00e9alit\u00e9s professionnelles s\u2019inscrit dans la logique de la formation, qui articule enseignements et mises en situation concr\u00e8tes afin de pr\u00e9parer l\u2019insertion dans les m\u00e9tiers des services \u00e0 la personne.<\/p>\n<p data-start=\"527\" data-end=\"573\"><strong data-start=\"527\" data-end=\"573\">D\u00e9couvrir les structures et leurs missions<\/strong><\/p>\n<p data-start=\"575\" data-end=\"1021\">La visite du Relais Petite Enfance de Saint-Jean-de-Bournay a constitu\u00e9 un premier rep\u00e8re pour les \u00e9l\u00e8ves. Ils ont identifi\u00e9 les missions de cette structure : accompagnement des assistantes maternelles, soutien \u00e0 la parentalit\u00e9 et organisation d\u2019activit\u00e9s favorisant le d\u00e9veloppement du jeune enfant. Cette approche leur a permis de situer les diff\u00e9rents acteurs du secteur et de comprendre l\u2019organisation des services \u00e0 destination des familles.<\/p>\n<p data-start=\"1023\" data-end=\"1069\"><strong data-start=\"1023\" data-end=\"1069\">Rencontrer des professionnelles du terrain<\/strong><\/p>\n<p data-start=\"1071\" data-end=\"1486\">Des \u00e9changes avec une infirmi\u00e8re pu\u00e9ricultrice et une auxiliaire de pu\u00e9riculture ont compl\u00e9t\u00e9 cette premi\u00e8re d\u00e9couverte. Ces interventions ont apport\u00e9 des \u00e9l\u00e9ments concrets sur les pratiques professionnelles : soins, relation avec l\u2019enfant et sa famille, travail en \u00e9quipe pluridisciplinaire. Les \u00e9l\u00e8ves ont ainsi pu mieux appr\u00e9hender les comp\u00e9tences attendues dans ces m\u00e9tiers et les conditions r\u00e9elles d\u2019exercice.<\/p>\n<p data-start=\"1488\" data-end=\"1551\"><strong data-start=\"1488\" data-end=\"1551\">Construire des rep\u00e8res professionnels d\u00e8s la premi\u00e8re ann\u00e9e<\/strong><\/p>\n<p data-start=\"1553\" data-end=\"1878\">Cette semaine a permis aux \u00e9l\u00e8ves de commencer \u00e0 structurer leur projet professionnel. Les observations r\u00e9alis\u00e9es et les \u00e9changes men\u00e9s contribuent \u00e0 donner du sens aux apprentissages en formation, en lien direct avec les secteurs d\u2019activit\u00e9 vis\u00e9s par le CAP SAPVER, notamment les services aux personnes et la petite enfance.<\/p>\n<p data-start=\"1880\" data-end=\"2261\" data-is-last-node=\"\" data-is-only-node=\"\">Ce type de d\u00e9marche s\u2019inscrit dans une p\u00e9dagogie qui privil\u00e9gie la confrontation au terrain, les rencontres professionnelles et la compr\u00e9hension progressive des environnements de travail. Elle constitue une premi\u00e8re \u00e9tape dans la construction des comp\u00e9tences attendues dans les m\u00e9tiers du secteur sanitaire et social, et dans l\u2019\u00e9laboration du parcours de formation de chaque \u00e9l\u00e8ve.<\/p>\n","protected":false},"excerpt":{"rendered":"<p>Les \u00e9l\u00e8ves de premi\u00e8re ann\u00e9e ont d\u00e9but\u00e9 leur parcours de sp\u00e9cialisation par une semaine consacr\u00e9e \u00e0 la d\u00e9couverte du secteur de la petite enfance. Cette entr\u00e9e<span class=\"excerpt-hellip\"> [\u2026]<\/span><\/p>\n","protected":false},"author":2,"featured_media":0,"comment_status":"open","ping_status":"open","sticky":false,"template":"","format":"standard","meta":{"_mi_skip_tracking":false,"_monsterinsights_sitenote_active":false,"_monsterinsights_sitenote_note":"","_monsterinsights_sitenote_category":0,"footnotes":""},"categories":[2,3],"tags":[],"class_list":["post-3486","post","type-post","status-publish","format-standard","hentry","category-actualites-infos","category-formation-pedagogie"],"yoast_head":"<!-- This site is optimized with the Yoast SEO plugin v20.8 - https:\/\/yoast.com\/wordpress\/plugins\/seo\/ -->\n<title>CAP SAPVER : une semaine d&#039;approfondissement consacr\u00e9e \u00e0 la petite enfance - VB Mag<\/title>\n<meta name=\"robots\" content=\"index, follow, max-snippet:-1, max-image-preview:large, max-video-preview:-1\" \/>\n<link rel=\"canonical\" href=\"https:\/\/www.vallon-bonnevaux.fr\/vbmag\/cap-sapver-une-semaine-dapprofondissement-consacree-a-la-petite-enfance\/\" \/>\n<meta property=\"og:locale\" content=\"fr_FR\" \/>\n<meta property=\"og:type\" content=\"article\" \/>\n<meta property=\"og:title\" content=\"CAP SAPVER : une semaine d&#039;approfondissement consacr\u00e9e \u00e0 la petite enfance - VB Mag\" \/>\n<meta property=\"og:description\" content=\"Les \u00e9l\u00e8ves de premi\u00e8re ann\u00e9e ont d\u00e9but\u00e9 leur parcours de sp\u00e9cialisation par une semaine consacr\u00e9e \u00e0 la d\u00e9couverte du secteur de la petite enfance. Cette entr\u00e9e [\u2026]\" \/>\n<meta property=\"og:url\" content=\"https:\/\/www.vallon-bonnevaux.fr\/vbmag\/cap-sapver-une-semaine-dapprofondissement-consacree-a-la-petite-enfance\/\" \/>\n<meta property=\"og:site_name\" content=\"VB Mag\" \/>\n<meta property=\"article:publisher\" content=\"https:\/\/www.facebook.com\/lyceevallonbonnevaux\" \/>\n<meta property=\"article:published_time\" content=\"2026-04-30T16:16:20+00:00\" \/>\n<meta property=\"article:modified_time\" content=\"2026-04-30T16:17:28+00:00\" \/>\n<meta property=\"og:image\" content=\"https:\/\/www.vallon-bonnevaux.fr\/vbmag\/wp-content\/uploads\/2026\/04\/PETITE-ENFANCE-SAPVER-VALLON-BONNEVAUX-ST-JEAN-DE-BOURNAY-240x300.png\" \/>\n<meta name=\"author\" content=\"VBCommunication\" \/>\n<meta name=\"twitter:card\" content=\"summary_large_image\" \/>\n<meta name=\"twitter:label1\" content=\"\u00c9crit par\" \/>\n\t<meta name=\"twitter:data1\" content=\"VBCommunication\" \/>\n\t<meta name=\"twitter:label2\" content=\"Dur\u00e9e de lecture estim\u00e9e\" \/>\n\t<meta name=\"twitter:data2\" content=\"2 minutes\" \/>\n<script type=\"application\/ld+json\" class=\"yoast-schema-graph\">{\"@context\":\"https:\/\/schema.org\",\"@graph\":[{\"@type\":\"Article\",\"@id\":\"https:\/\/www.vallon-bonnevaux.fr\/vbmag\/cap-sapver-une-semaine-dapprofondissement-consacree-a-la-petite-enfance\/#article\",\"isPartOf\":{\"@id\":\"https:\/\/www.vallon-bonnevaux.fr\/vbmag\/cap-sapver-une-semaine-dapprofondissement-consacree-a-la-petite-enfance\/\"},\"author\":{\"name\":\"VBCommunication\",\"@id\":\"https:\/\/www.vallon-bonnevaux.fr\/vbmag\/#\/schema\/person\/78d4bedf135508e9d2b8d343575fdd31\"},\"headline\":\"CAP SAPVER : une semaine d&rsquo;approfondissement consacr\u00e9e \u00e0 la petite enfance\",\"datePublished\":\"2026-04-30T16:16:20+00:00\",\"dateModified\":\"2026-04-30T16:17:28+00:00\",\"mainEntityOfPage\":{\"@id\":\"https:\/\/www.vallon-bonnevaux.fr\/vbmag\/cap-sapver-une-semaine-dapprofondissement-consacree-a-la-petite-enfance\/\"},\"wordCount\":362,\"commentCount\":0,\"publisher\":{\"@id\":\"https:\/\/www.vallon-bonnevaux.fr\/vbmag\/#organization\"},\"articleSection\":[\"Actualit\u00e9s &amp; infos\",\"Formation &amp; P\u00e9dagogie\"],\"inLanguage\":\"fr-FR\",\"potentialAction\":[{\"@type\":\"CommentAction\",\"name\":\"Comment\",\"target\":[\"https:\/\/www.vallon-bonnevaux.fr\/vbmag\/cap-sapver-une-semaine-dapprofondissement-consacree-a-la-petite-enfance\/#respond\"]}]},{\"@type\":\"WebPage\",\"@id\":\"https:\/\/www.vallon-bonnevaux.fr\/vbmag\/cap-sapver-une-semaine-dapprofondissement-consacree-a-la-petite-enfance\/\",\"url\":\"https:\/\/www.vallon-bonnevaux.fr\/vbmag\/cap-sapver-une-semaine-dapprofondissement-consacree-a-la-petite-enfance\/\",\"name\":\"CAP SAPVER : une semaine d'approfondissement consacr\u00e9e \u00e0 la petite enfance - VB Mag\",\"isPartOf\":{\"@id\":\"https:\/\/www.vallon-bonnevaux.fr\/vbmag\/#website\"},\"datePublished\":\"2026-04-30T16:16:20+00:00\",\"dateModified\":\"2026-04-30T16:17:28+00:00\",\"breadcrumb\":{\"@id\":\"https:\/\/www.vallon-bonnevaux.fr\/vbmag\/cap-sapver-une-semaine-dapprofondissement-consacree-a-la-petite-enfance\/#breadcrumb\"},\"inLanguage\":\"fr-FR\",\"potentialAction\":[{\"@type\":\"ReadAction\",\"target\":[\"https:\/\/www.vallon-bonnevaux.fr\/vbmag\/cap-sapver-une-semaine-dapprofondissement-consacree-a-la-petite-enfance\/\"]}]},{\"@type\":\"BreadcrumbList\",\"@id\":\"https:\/\/www.vallon-bonnevaux.fr\/vbmag\/cap-sapver-une-semaine-dapprofondissement-consacree-a-la-petite-enfance\/#breadcrumb\",\"itemListElement\":[{\"@type\":\"ListItem\",\"position\":1,\"name\":\"Accueil\",\"item\":\"https:\/\/www.vallon-bonnevaux.fr\/vbmag\/\"},{\"@type\":\"ListItem\",\"position\":2,\"name\":\"CAP SAPVER : une semaine d&rsquo;approfondissement consacr\u00e9e \u00e0 la petite enfance\"}]},{\"@type\":\"WebSite\",\"@id\":\"https:\/\/www.vallon-bonnevaux.fr\/vbmag\/#website\",\"url\":\"https:\/\/www.vallon-bonnevaux.fr\/vbmag\/\",\"name\":\"VBmag\",\"description\":\"\",\"publisher\":{\"@id\":\"https:\/\/www.vallon-bonnevaux.fr\/vbmag\/#organization\"},\"potentialAction\":[{\"@type\":\"SearchAction\",\"target\":{\"@type\":\"EntryPoint\",\"urlTemplate\":\"https:\/\/www.vallon-bonnevaux.fr\/vbmag\/?s={search_term_string}\"},\"query-input\":\"required name=search_term_string\"}],\"inLanguage\":\"fr-FR\"},{\"@type\":\"Organization\",\"@id\":\"https:\/\/www.vallon-bonnevaux.fr\/vbmag\/#organization\",\"name\":\"VBmag\",\"url\":\"https:\/\/www.vallon-bonnevaux.fr\/vbmag\/\",\"logo\":{\"@type\":\"ImageObject\",\"inLanguage\":\"fr-FR\",\"@id\":\"https:\/\/www.vallon-bonnevaux.fr\/vbmag\/#\/schema\/logo\/image\/\",\"url\":\"https:\/\/www.vallon-bonnevaux.fr\/vbmag\/wp-content\/uploads\/2023\/02\/Bonnevaux-logo-VBmag.png\",\"contentUrl\":\"https:\/\/www.vallon-bonnevaux.fr\/vbmag\/wp-content\/uploads\/2023\/02\/Bonnevaux-logo-VBmag.png\",\"width\":314,\"height\":143,\"caption\":\"VBmag\"},\"image\":{\"@id\":\"https:\/\/www.vallon-bonnevaux.fr\/vbmag\/#\/schema\/logo\/image\/\"},\"sameAs\":[\"https:\/\/www.facebook.com\/lyceevallonbonnevaux\",\"https:\/\/www.instagram.com\/lycee_vallon_bonnevaux\/\",\"https:\/\/www.linkedin.com\/company\/leap-le-vallon-les-bonnevaux\/?originalSubdomain=fr\"]},{\"@type\":\"Person\",\"@id\":\"https:\/\/www.vallon-bonnevaux.fr\/vbmag\/#\/schema\/person\/78d4bedf135508e9d2b8d343575fdd31\",\"name\":\"VBCommunication\",\"image\":{\"@type\":\"ImageObject\",\"inLanguage\":\"fr-FR\",\"@id\":\"https:\/\/www.vallon-bonnevaux.fr\/vbmag\/#\/schema\/person\/image\/\",\"url\":\"https:\/\/secure.gravatar.com\/avatar\/58fa64ce54dbedb7c6633693d600c884a245b0f97746903170fa62aae026cedc?s=96&d=mm&r=g\",\"contentUrl\":\"https:\/\/secure.gravatar.com\/avatar\/58fa64ce54dbedb7c6633693d600c884a245b0f97746903170fa62aae026cedc?s=96&d=mm&r=g\",\"caption\":\"VBCommunication\"},\"url\":\"https:\/\/www.vallon-bonnevaux.fr\/vbmag\/author\/vbcommunication\/\"}]}<\/script>\n<!-- \/ Yoast SEO plugin. -->","yoast_head_json":{"title":"CAP SAPVER : une semaine d'approfondissement consacr\u00e9e \u00e0 la petite enfance - VB Mag","robots":{"index":"index","follow":"follow","max-snippet":"max-snippet:-1","max-image-preview":"max-image-preview:large","max-video-preview":"max-video-preview:-1"},"canonical":"https:\/\/www.vallon-bonnevaux.fr\/vbmag\/cap-sapver-une-semaine-dapprofondissement-consacree-a-la-petite-enfance\/","og_locale":"fr_FR","og_type":"article","og_title":"CAP SAPVER : une semaine d'approfondissement consacr\u00e9e \u00e0 la petite enfance - VB Mag","og_description":"Les \u00e9l\u00e8ves de premi\u00e8re ann\u00e9e ont d\u00e9but\u00e9 leur parcours de sp\u00e9cialisation par une semaine consacr\u00e9e \u00e0 la d\u00e9couverte du secteur de la petite enfance. Cette entr\u00e9e [\u2026]","og_url":"https:\/\/www.vallon-bonnevaux.fr\/vbmag\/cap-sapver-une-semaine-dapprofondissement-consacree-a-la-petite-enfance\/","og_site_name":"VB Mag","article_publisher":"https:\/\/www.facebook.com\/lyceevallonbonnevaux","article_published_time":"2026-04-30T16:16:20+00:00","article_modified_time":"2026-04-30T16:17:28+00:00","og_image":[{"url":"https:\/\/www.vallon-bonnevaux.fr\/vbmag\/wp-content\/uploads\/2026\/04\/PETITE-ENFANCE-SAPVER-VALLON-BONNEVAUX-ST-JEAN-DE-BOURNAY-240x300.png"}],"author":"VBCommunication","twitter_card":"summary_large_image","twitter_misc":{"\u00c9crit par":"VBCommunication","Dur\u00e9e de lecture estim\u00e9e":"2 minutes"},"schema":{"@context":"https:\/\/schema.org","@graph":[{"@type":"Article","@id":"https:\/\/www.vallon-bonnevaux.fr\/vbmag\/cap-sapver-une-semaine-dapprofondissement-consacree-a-la-petite-enfance\/#article","isPartOf":{"@id":"https:\/\/www.vallon-bonnevaux.fr\/vbmag\/cap-sapver-une-semaine-dapprofondissement-consacree-a-la-petite-enfance\/"},"author":{"name":"VBCommunication","@id":"https:\/\/www.vallon-bonnevaux.fr\/vbmag\/#\/schema\/person\/78d4bedf135508e9d2b8d343575fdd31"},"headline":"CAP SAPVER : une semaine d&rsquo;approfondissement consacr\u00e9e \u00e0 la petite enfance","datePublished":"2026-04-30T16:16:20+00:00","dateModified":"2026-04-30T16:17:28+00:00","mainEntityOfPage":{"@id":"https:\/\/www.vallon-bonnevaux.fr\/vbmag\/cap-sapver-une-semaine-dapprofondissement-consacree-a-la-petite-enfance\/"},"wordCount":362,"commentCount":0,"publisher":{"@id":"https:\/\/www.vallon-bonnevaux.fr\/vbmag\/#organization"},"articleSection":["Actualit\u00e9s &amp; infos","Formation &amp; P\u00e9dagogie"],"inLanguage":"fr-FR","potentialAction":[{"@type":"CommentAction","name":"Comment","target":["https:\/\/www.vallon-bonnevaux.fr\/vbmag\/cap-sapver-une-semaine-dapprofondissement-consacree-a-la-petite-enfance\/#respond"]}]},{"@type":"WebPage","@id":"https:\/\/www.vallon-bonnevaux.fr\/vbmag\/cap-sapver-une-semaine-dapprofondissement-consacree-a-la-petite-enfance\/","url":"https:\/\/www.vallon-bonnevaux.fr\/vbmag\/cap-sapver-une-semaine-dapprofondissement-consacree-a-la-petite-enfance\/","name":"CAP SAPVER : une semaine d'approfondissement consacr\u00e9e \u00e0 la petite enfance - VB Mag","isPartOf":{"@id":"https:\/\/www.vallon-bonnevaux.fr\/vbmag\/#website"},"datePublished":"2026-04-30T16:16:20+00:00","dateModified":"2026-04-30T16:17:28+00:00","breadcrumb":{"@id":"https:\/\/www.vallon-bonnevaux.fr\/vbmag\/cap-sapver-une-semaine-dapprofondissement-consacree-a-la-petite-enfance\/#breadcrumb"},"inLanguage":"fr-FR","potentialAction":[{"@type":"ReadAction","target":["https:\/\/www.vallon-bonnevaux.fr\/vbmag\/cap-sapver-une-semaine-dapprofondissement-consacree-a-la-petite-enfance\/"]}]},{"@type":"BreadcrumbList","@id":"https:\/\/www.vallon-bonnevaux.fr\/vbmag\/cap-sapver-une-semaine-dapprofondissement-consacree-a-la-petite-enfance\/#breadcrumb","itemListElement":[{"@type":"ListItem","position":1,"name":"Accueil","item":"https:\/\/www.vallon-bonnevaux.fr\/vbmag\/"},{"@type":"ListItem","position":2,"name":"CAP SAPVER : une semaine d&rsquo;approfondissement consacr\u00e9e \u00e0 la petite enfance"}]},{"@type":"WebSite","@id":"https:\/\/www.vallon-bonnevaux.fr\/vbmag\/#website","url":"https:\/\/www.vallon-bonnevaux.fr\/vbmag\/","name":"VBmag","description":"","publisher":{"@id":"https:\/\/www.vallon-bonnevaux.fr\/vbmag\/#organization"},"potentialAction":[{"@type":"SearchAction","target":{"@type":"EntryPoint","urlTemplate":"https:\/\/www.vallon-bonnevaux.fr\/vbmag\/?s={search_term_string}"},"query-input":"required name=search_term_string"}],"inLanguage":"fr-FR"},{"@type":"Organization","@id":"https:\/\/www.vallon-bonnevaux.fr\/vbmag\/#organization","name":"VBmag","url":"https:\/\/www.vallon-bonnevaux.fr\/vbmag\/","logo":{"@type":"ImageObject","inLanguage":"fr-FR","@id":"https:\/\/www.vallon-bonnevaux.fr\/vbmag\/#\/schema\/logo\/image\/","url":"https:\/\/www.vallon-bonnevaux.fr\/vbmag\/wp-content\/uploads\/2023\/02\/Bonnevaux-logo-VBmag.png","contentUrl":"https:\/\/www.vallon-bonnevaux.fr\/vbmag\/wp-content\/uploads\/2023\/02\/Bonnevaux-logo-VBmag.png","width":314,"height":143,"caption":"VBmag"},"image":{"@id":"https:\/\/www.vallon-bonnevaux.fr\/vbmag\/#\/schema\/logo\/image\/"},"sameAs":["https:\/\/www.facebook.com\/lyceevallonbonnevaux","https:\/\/www.instagram.com\/lycee_vallon_bonnevaux\/","https:\/\/www.linkedin.com\/company\/leap-le-vallon-les-bonnevaux\/?originalSubdomain=fr"]},{"@type":"Person","@id":"https:\/\/www.vallon-bonnevaux.fr\/vbmag\/#\/schema\/person\/78d4bedf135508e9d2b8d343575fdd31","name":"VBCommunication","image":{"@type":"ImageObject","inLanguage":"fr-FR","@id":"https:\/\/www.vallon-bonnevaux.fr\/vbmag\/#\/schema\/person\/image\/","url":"https:\/\/secure.gravatar.com\/avatar\/58fa64ce54dbedb7c6633693d600c884a245b0f97746903170fa62aae026cedc?s=96&d=mm&r=g","contentUrl":"https:\/\/secure.gravatar.com\/avatar\/58fa64ce54dbedb7c6633693d600c884a245b0f97746903170fa62aae026cedc?s=96&d=mm&r=g","caption":"VBCommunication"},"url":"https:\/\/www.vallon-bonnevaux.fr\/vbmag\/author\/vbcommunication\/"}]}},"_links":{"self":[{"href":"https:\/\/www.vallon-bonnevaux.fr\/vbmag\/wp-json\/wp\/v2\/posts\/3486","targetHints":{"allow":["GET"]}}],"collection":[{"href":"https:\/\/www.vallon-bonnevaux.fr\/vbmag\/wp-json\/wp\/v2\/posts"}],"about":[{"href":"https:\/\/www.vallon-bonnevaux.fr\/vbmag\/wp-json\/wp\/v2\/types\/post"}],"author":[{"embeddable":true,"href":"https:\/\/www.vallon-bonnevaux.fr\/vbmag\/wp-json\/wp\/v2\/users\/2"}],"replies":[{"embeddable":true,"href":"https:\/\/www.vallon-bonnevaux.fr\/vbmag\/wp-json\/wp\/v2\/comments?post=3486"}],"version-history":[{"count":3,"href":"https:\/\/www.vallon-bonnevaux.fr\/vbmag\/wp-json\/wp\/v2\/posts\/3486\/revisions"}],"predecessor-version":[{"id":3489,"href":"https:\/\/www.vallon-bonnevaux.fr\/vbmag\/wp-json\/wp\/v2\/posts\/3486\/revisions\/3489"}],"wp:attachment":[{"href":"https:\/\/www.vallon-bonnevaux.fr\/vbmag\/wp-json\/wp\/v2\/media?parent=3486"}],"wp:term":[{"taxonomy":"category","embeddable":true,"href":"https:\/\/www.vallon-bonnevaux.fr\/vbmag\/wp-json\/wp\/v2\/categories?post=3486"},{"taxonomy":"post_tag","embeddable":true,"href":"https:\/\/www.vallon-bonnevaux.fr\/vbmag\/wp-json\/wp\/v2\/tags?post=3486"}],"curies":[{"name":"wp","href":"https:\/\/api.w.org\/{rel}","templated":true}]}}