{"id":722,"date":"2023-03-10T10:00:36","date_gmt":"2023-03-10T09:00:36","guid":{"rendered":"https:\/\/www.vallon-bonnevaux.fr\/vbmag\/?p=722"},"modified":"2023-03-16T10:39:21","modified_gmt":"2023-03-16T09:39:21","slug":"une-visite-au-musee-du-tisserand","status":"publish","type":"post","link":"https:\/\/www.vallon-bonnevaux.fr\/vbmag\/une-visite-au-musee-du-tisserand\/","title":{"rendered":"Une visite au mus\u00e9e du Tisserand"},"content":{"rendered":"<section class=\"wpb-content-wrapper\"><p>[vc_row][vc_column][vc_column_text]<\/p>\n<div dir=\"auto\">\n<div class=\"x11i5rnm xat24cr x1mh8g0r x1vvkbs xdj266r x126k92a\">\n<div dir=\"auto\">\n<div class=\"x11i5rnm xat24cr x1mh8g0r x1vvkbs xdj266r x126k92a\">\n<div dir=\"auto\">Une visite au mus\u00e9e du Tisserand.<\/div>\n<div dir=\"auto\"><\/div>\n<\/div>\n<div class=\"x11i5rnm xat24cr x1mh8g0r x1vvkbs xtlvy1s x126k92a\">\n<div dir=\"auto\">Une bien belle journ\u00e9e de visite au mus\u00e9e du tisserand \u00e0 B\u00e2tie Mont-Gascon.<\/div>\n<div dir=\"auto\">Canettes, navettes, ourdissoirs, du tissu broch\u00e9 au damass\u00e9 en passant par la diffusion d\u2019un documentaire sur l\u2019\u00e9volution de la fili\u00e8re textile sur le territoire depuis plus d\u2019un si\u00e8cle.<\/div>\n<div dir=\"auto\">Quelques \u00e9l\u00e8ves de la classe SAPVER 2\u00e8me ann\u00e9e (Services Aux Personnes et Vente en Espace Rural) du site de Ch\u00e2bons ainsi que leurs enseignantes d\u2019ESC et Histoire G\u00e9ographie ont m\u00eame pu se mettre dans la peau d\u2019un tisserand en l\u2019espace de quelques minutes, en actionnant m\u00e9caniquement un des m\u00e9tiers \u00e0 tisser.<\/div>\n<\/div>\n<div class=\"x11i5rnm xat24cr x1mh8g0r x1vvkbs xtlvy1s x126k92a\">\n<div dir=\"auto\">Cette visite doit permettre aux \u00e9l\u00e8ves de se pr\u00e9parer \u00e0 un oral sur l\u2019\u00e9volution du monde rural et l\u2019importance de l\u2019industrie textile pour le Dauphin\u00e9.<\/div>\n<\/div>\n<\/div>\n<\/div>\n<\/div>\n<p>[\/vc_column_text][\/vc_column][\/vc_row][vc_row][vc_column][vc_gallery interval=\u00a0\u00bb3&Prime; images=\u00a0\u00bb723,724,725&Prime; img_size=\u00a0\u00bbfull\u00a0\u00bb][\/vc_column][\/vc_row]<\/p>\n<\/section>","protected":false},"excerpt":{"rendered":"<p>[vc_row][vc_column][vc_column_text] Une visite au mus\u00e9e du Tisserand. Une bien belle journ\u00e9e de visite au mus\u00e9e du tisserand \u00e0 B\u00e2tie Mont-Gascon. Canettes, navettes, ourdissoirs, du tissu broch\u00e9<span class=\"excerpt-hellip\"> [\u2026]<\/span><\/p>\n","protected":false},"author":1,"featured_media":0,"comment_status":"open","ping_status":"open","sticky":false,"template":"","format":"standard","meta":{"_mi_skip_tracking":false,"_monsterinsights_sitenote_active":false,"_monsterinsights_sitenote_note":"","_monsterinsights_sitenote_category":0,"footnotes":""},"categories":[6,4,5],"tags":[],"class_list":["post-722","post","type-post","status-publish","format-standard","hentry","category-art-culture","category-atelier-animation","category-sortie-rencontre"],"yoast_head":"<!-- This site is optimized with the Yoast SEO plugin v20.8 - https:\/\/yoast.com\/wordpress\/plugins\/seo\/ -->\n<title>Une visite au mus\u00e9e du Tisserand - VB Mag<\/title>\n<meta name=\"robots\" content=\"index, follow, max-snippet:-1, max-image-preview:large, max-video-preview:-1\" \/>\n<link rel=\"canonical\" href=\"https:\/\/www.vallon-bonnevaux.fr\/vbmag\/une-visite-au-musee-du-tisserand\/\" \/>\n<meta property=\"og:locale\" content=\"fr_FR\" \/>\n<meta property=\"og:type\" content=\"article\" \/>\n<meta property=\"og:title\" content=\"Une visite au mus\u00e9e du Tisserand - VB Mag\" \/>\n<meta property=\"og:description\" content=\"[vc_row][vc_column][vc_column_text] Une visite au mus\u00e9e du Tisserand. Une bien belle journ\u00e9e de visite au mus\u00e9e du tisserand \u00e0 B\u00e2tie Mont-Gascon. Canettes, navettes, ourdissoirs, du tissu broch\u00e9 [\u2026]\" \/>\n<meta property=\"og:url\" content=\"https:\/\/www.vallon-bonnevaux.fr\/vbmag\/une-visite-au-musee-du-tisserand\/\" \/>\n<meta property=\"og:site_name\" content=\"VB Mag\" \/>\n<meta property=\"article:publisher\" content=\"https:\/\/www.facebook.com\/lyceevallonbonnevaux\" \/>\n<meta property=\"article:published_time\" content=\"2023-03-10T09:00:36+00:00\" \/>\n<meta property=\"article:modified_time\" content=\"2023-03-16T09:39:21+00:00\" \/>\n<meta property=\"og:image\" content=\"https:\/\/www.vallon-bonnevaux.fr\/vbmag\/wp-content\/uploads\/2023\/03\/330360966_109218075411360_2514158035593158446_n.jpg\" \/>\n\t<meta property=\"og:image:width\" content=\"454\" \/>\n\t<meta property=\"og:image:height\" content=\"255\" \/>\n\t<meta property=\"og:image:type\" content=\"image\/jpeg\" \/>\n<meta name=\"author\" content=\"Vallon Bonnevaux\" \/>\n<meta name=\"twitter:card\" content=\"summary_large_image\" \/>\n<meta name=\"twitter:label1\" content=\"\u00c9crit par\" \/>\n\t<meta name=\"twitter:data1\" content=\"Vallon Bonnevaux\" \/>\n\t<meta name=\"twitter:label2\" content=\"Dur\u00e9e de lecture estim\u00e9e\" \/>\n\t<meta name=\"twitter:data2\" content=\"1 minute\" \/>\n<script type=\"application\/ld+json\" class=\"yoast-schema-graph\">{\"@context\":\"https:\/\/schema.org\",\"@graph\":[{\"@type\":\"Article\",\"@id\":\"https:\/\/www.vallon-bonnevaux.fr\/vbmag\/une-visite-au-musee-du-tisserand\/#article\",\"isPartOf\":{\"@id\":\"https:\/\/www.vallon-bonnevaux.fr\/vbmag\/une-visite-au-musee-du-tisserand\/\"},\"author\":{\"name\":\"Vallon Bonnevaux\",\"@id\":\"https:\/\/www.vallon-bonnevaux.fr\/vbmag\/#\/schema\/person\/191ed16d23e4ba973477a38981fcd96e\"},\"headline\":\"Une visite au mus\u00e9e du Tisserand\",\"datePublished\":\"2023-03-10T09:00:36+00:00\",\"dateModified\":\"2023-03-16T09:39:21+00:00\",\"mainEntityOfPage\":{\"@id\":\"https:\/\/www.vallon-bonnevaux.fr\/vbmag\/une-visite-au-musee-du-tisserand\/\"},\"wordCount\":180,\"commentCount\":0,\"publisher\":{\"@id\":\"https:\/\/www.vallon-bonnevaux.fr\/vbmag\/#organization\"},\"articleSection\":[\"Art &amp; Culture\",\"Atelier &amp; Animation\",\"Sortie &amp; Rencontre\"],\"inLanguage\":\"fr-FR\",\"potentialAction\":[{\"@type\":\"CommentAction\",\"name\":\"Comment\",\"target\":[\"https:\/\/www.vallon-bonnevaux.fr\/vbmag\/une-visite-au-musee-du-tisserand\/#respond\"]}]},{\"@type\":\"WebPage\",\"@id\":\"https:\/\/www.vallon-bonnevaux.fr\/vbmag\/une-visite-au-musee-du-tisserand\/\",\"url\":\"https:\/\/www.vallon-bonnevaux.fr\/vbmag\/une-visite-au-musee-du-tisserand\/\",\"name\":\"Une visite au mus\u00e9e du Tisserand - VB Mag\",\"isPartOf\":{\"@id\":\"https:\/\/www.vallon-bonnevaux.fr\/vbmag\/#website\"},\"datePublished\":\"2023-03-10T09:00:36+00:00\",\"dateModified\":\"2023-03-16T09:39:21+00:00\",\"breadcrumb\":{\"@id\":\"https:\/\/www.vallon-bonnevaux.fr\/vbmag\/une-visite-au-musee-du-tisserand\/#breadcrumb\"},\"inLanguage\":\"fr-FR\",\"potentialAction\":[{\"@type\":\"ReadAction\",\"target\":[\"https:\/\/www.vallon-bonnevaux.fr\/vbmag\/une-visite-au-musee-du-tisserand\/\"]}]},{\"@type\":\"BreadcrumbList\",\"@id\":\"https:\/\/www.vallon-bonnevaux.fr\/vbmag\/une-visite-au-musee-du-tisserand\/#breadcrumb\",\"itemListElement\":[{\"@type\":\"ListItem\",\"position\":1,\"name\":\"Accueil\",\"item\":\"https:\/\/www.vallon-bonnevaux.fr\/vbmag\/\"},{\"@type\":\"ListItem\",\"position\":2,\"name\":\"Une visite au mus\u00e9e du Tisserand\"}]},{\"@type\":\"WebSite\",\"@id\":\"https:\/\/www.vallon-bonnevaux.fr\/vbmag\/#website\",\"url\":\"https:\/\/www.vallon-bonnevaux.fr\/vbmag\/\",\"name\":\"VBmag\",\"description\":\"\",\"publisher\":{\"@id\":\"https:\/\/www.vallon-bonnevaux.fr\/vbmag\/#organization\"},\"potentialAction\":[{\"@type\":\"SearchAction\",\"target\":{\"@type\":\"EntryPoint\",\"urlTemplate\":\"https:\/\/www.vallon-bonnevaux.fr\/vbmag\/?s={search_term_string}\"},\"query-input\":\"required name=search_term_string\"}],\"inLanguage\":\"fr-FR\"},{\"@type\":\"Organization\",\"@id\":\"https:\/\/www.vallon-bonnevaux.fr\/vbmag\/#organization\",\"name\":\"VBmag\",\"url\":\"https:\/\/www.vallon-bonnevaux.fr\/vbmag\/\",\"logo\":{\"@type\":\"ImageObject\",\"inLanguage\":\"fr-FR\",\"@id\":\"https:\/\/www.vallon-bonnevaux.fr\/vbmag\/#\/schema\/logo\/image\/\",\"url\":\"https:\/\/www.vallon-bonnevaux.fr\/vbmag\/wp-content\/uploads\/2023\/02\/Bonnevaux-logo-VBmag.png\",\"contentUrl\":\"https:\/\/www.vallon-bonnevaux.fr\/vbmag\/wp-content\/uploads\/2023\/02\/Bonnevaux-logo-VBmag.png\",\"width\":314,\"height\":143,\"caption\":\"VBmag\"},\"image\":{\"@id\":\"https:\/\/www.vallon-bonnevaux.fr\/vbmag\/#\/schema\/logo\/image\/\"},\"sameAs\":[\"https:\/\/www.facebook.com\/lyceevallonbonnevaux\",\"https:\/\/www.instagram.com\/lycee_vallon_bonnevaux\/\",\"https:\/\/www.linkedin.com\/company\/leap-le-vallon-les-bonnevaux\/?originalSubdomain=fr\"]},{\"@type\":\"Person\",\"@id\":\"https:\/\/www.vallon-bonnevaux.fr\/vbmag\/#\/schema\/person\/191ed16d23e4ba973477a38981fcd96e\",\"name\":\"Vallon Bonnevaux\",\"image\":{\"@type\":\"ImageObject\",\"inLanguage\":\"fr-FR\",\"@id\":\"https:\/\/www.vallon-bonnevaux.fr\/vbmag\/#\/schema\/person\/image\/\",\"url\":\"https:\/\/secure.gravatar.com\/avatar\/206eee87d954dde997a0e42f0f69dd95446254dad393f1de042fcba1cb028578?s=96&d=mm&r=g\",\"contentUrl\":\"https:\/\/secure.gravatar.com\/avatar\/206eee87d954dde997a0e42f0f69dd95446254dad393f1de042fcba1cb028578?s=96&d=mm&r=g\",\"caption\":\"Vallon Bonnevaux\"},\"sameAs\":[\"https:\/\/www.vallon-bonnevaux.fr\/vbmag\"],\"url\":\"https:\/\/www.vallon-bonnevaux.fr\/vbmag\/author\/dkandf\/\"}]}<\/script>\n<!-- \/ Yoast SEO plugin. -->","yoast_head_json":{"title":"Une visite au mus\u00e9e du Tisserand - VB Mag","robots":{"index":"index","follow":"follow","max-snippet":"max-snippet:-1","max-image-preview":"max-image-preview:large","max-video-preview":"max-video-preview:-1"},"canonical":"https:\/\/www.vallon-bonnevaux.fr\/vbmag\/une-visite-au-musee-du-tisserand\/","og_locale":"fr_FR","og_type":"article","og_title":"Une visite au mus\u00e9e du Tisserand - VB Mag","og_description":"[vc_row][vc_column][vc_column_text] Une visite au mus\u00e9e du Tisserand. Une bien belle journ\u00e9e de visite au mus\u00e9e du tisserand \u00e0 B\u00e2tie Mont-Gascon. Canettes, navettes, ourdissoirs, du tissu broch\u00e9 [\u2026]","og_url":"https:\/\/www.vallon-bonnevaux.fr\/vbmag\/une-visite-au-musee-du-tisserand\/","og_site_name":"VB Mag","article_publisher":"https:\/\/www.facebook.com\/lyceevallonbonnevaux","article_published_time":"2023-03-10T09:00:36+00:00","article_modified_time":"2023-03-16T09:39:21+00:00","og_image":[{"width":454,"height":255,"url":"https:\/\/www.vallon-bonnevaux.fr\/vbmag\/wp-content\/uploads\/2023\/03\/330360966_109218075411360_2514158035593158446_n.jpg","type":"image\/jpeg"}],"author":"Vallon Bonnevaux","twitter_card":"summary_large_image","twitter_misc":{"\u00c9crit par":"Vallon Bonnevaux","Dur\u00e9e de lecture estim\u00e9e":"1 minute"},"schema":{"@context":"https:\/\/schema.org","@graph":[{"@type":"Article","@id":"https:\/\/www.vallon-bonnevaux.fr\/vbmag\/une-visite-au-musee-du-tisserand\/#article","isPartOf":{"@id":"https:\/\/www.vallon-bonnevaux.fr\/vbmag\/une-visite-au-musee-du-tisserand\/"},"author":{"name":"Vallon Bonnevaux","@id":"https:\/\/www.vallon-bonnevaux.fr\/vbmag\/#\/schema\/person\/191ed16d23e4ba973477a38981fcd96e"},"headline":"Une visite au mus\u00e9e du Tisserand","datePublished":"2023-03-10T09:00:36+00:00","dateModified":"2023-03-16T09:39:21+00:00","mainEntityOfPage":{"@id":"https:\/\/www.vallon-bonnevaux.fr\/vbmag\/une-visite-au-musee-du-tisserand\/"},"wordCount":180,"commentCount":0,"publisher":{"@id":"https:\/\/www.vallon-bonnevaux.fr\/vbmag\/#organization"},"articleSection":["Art &amp; Culture","Atelier &amp; Animation","Sortie &amp; Rencontre"],"inLanguage":"fr-FR","potentialAction":[{"@type":"CommentAction","name":"Comment","target":["https:\/\/www.vallon-bonnevaux.fr\/vbmag\/une-visite-au-musee-du-tisserand\/#respond"]}]},{"@type":"WebPage","@id":"https:\/\/www.vallon-bonnevaux.fr\/vbmag\/une-visite-au-musee-du-tisserand\/","url":"https:\/\/www.vallon-bonnevaux.fr\/vbmag\/une-visite-au-musee-du-tisserand\/","name":"Une visite au mus\u00e9e du Tisserand - VB Mag","isPartOf":{"@id":"https:\/\/www.vallon-bonnevaux.fr\/vbmag\/#website"},"datePublished":"2023-03-10T09:00:36+00:00","dateModified":"2023-03-16T09:39:21+00:00","breadcrumb":{"@id":"https:\/\/www.vallon-bonnevaux.fr\/vbmag\/une-visite-au-musee-du-tisserand\/#breadcrumb"},"inLanguage":"fr-FR","potentialAction":[{"@type":"ReadAction","target":["https:\/\/www.vallon-bonnevaux.fr\/vbmag\/une-visite-au-musee-du-tisserand\/"]}]},{"@type":"BreadcrumbList","@id":"https:\/\/www.vallon-bonnevaux.fr\/vbmag\/une-visite-au-musee-du-tisserand\/#breadcrumb","itemListElement":[{"@type":"ListItem","position":1,"name":"Accueil","item":"https:\/\/www.vallon-bonnevaux.fr\/vbmag\/"},{"@type":"ListItem","position":2,"name":"Une visite au mus\u00e9e du Tisserand"}]},{"@type":"WebSite","@id":"https:\/\/www.vallon-bonnevaux.fr\/vbmag\/#website","url":"https:\/\/www.vallon-bonnevaux.fr\/vbmag\/","name":"VBmag","description":"","publisher":{"@id":"https:\/\/www.vallon-bonnevaux.fr\/vbmag\/#organization"},"potentialAction":[{"@type":"SearchAction","target":{"@type":"EntryPoint","urlTemplate":"https:\/\/www.vallon-bonnevaux.fr\/vbmag\/?s={search_term_string}"},"query-input":"required name=search_term_string"}],"inLanguage":"fr-FR"},{"@type":"Organization","@id":"https:\/\/www.vallon-bonnevaux.fr\/vbmag\/#organization","name":"VBmag","url":"https:\/\/www.vallon-bonnevaux.fr\/vbmag\/","logo":{"@type":"ImageObject","inLanguage":"fr-FR","@id":"https:\/\/www.vallon-bonnevaux.fr\/vbmag\/#\/schema\/logo\/image\/","url":"https:\/\/www.vallon-bonnevaux.fr\/vbmag\/wp-content\/uploads\/2023\/02\/Bonnevaux-logo-VBmag.png","contentUrl":"https:\/\/www.vallon-bonnevaux.fr\/vbmag\/wp-content\/uploads\/2023\/02\/Bonnevaux-logo-VBmag.png","width":314,"height":143,"caption":"VBmag"},"image":{"@id":"https:\/\/www.vallon-bonnevaux.fr\/vbmag\/#\/schema\/logo\/image\/"},"sameAs":["https:\/\/www.facebook.com\/lyceevallonbonnevaux","https:\/\/www.instagram.com\/lycee_vallon_bonnevaux\/","https:\/\/www.linkedin.com\/company\/leap-le-vallon-les-bonnevaux\/?originalSubdomain=fr"]},{"@type":"Person","@id":"https:\/\/www.vallon-bonnevaux.fr\/vbmag\/#\/schema\/person\/191ed16d23e4ba973477a38981fcd96e","name":"Vallon Bonnevaux","image":{"@type":"ImageObject","inLanguage":"fr-FR","@id":"https:\/\/www.vallon-bonnevaux.fr\/vbmag\/#\/schema\/person\/image\/","url":"https:\/\/secure.gravatar.com\/avatar\/206eee87d954dde997a0e42f0f69dd95446254dad393f1de042fcba1cb028578?s=96&d=mm&r=g","contentUrl":"https:\/\/secure.gravatar.com\/avatar\/206eee87d954dde997a0e42f0f69dd95446254dad393f1de042fcba1cb028578?s=96&d=mm&r=g","caption":"Vallon Bonnevaux"},"sameAs":["https:\/\/www.vallon-bonnevaux.fr\/vbmag"],"url":"https:\/\/www.vallon-bonnevaux.fr\/vbmag\/author\/dkandf\/"}]}},"_links":{"self":[{"href":"https:\/\/www.vallon-bonnevaux.fr\/vbmag\/wp-json\/wp\/v2\/posts\/722","targetHints":{"allow":["GET"]}}],"collection":[{"href":"https:\/\/www.vallon-bonnevaux.fr\/vbmag\/wp-json\/wp\/v2\/posts"}],"about":[{"href":"https:\/\/www.vallon-bonnevaux.fr\/vbmag\/wp-json\/wp\/v2\/types\/post"}],"author":[{"embeddable":true,"href":"https:\/\/www.vallon-bonnevaux.fr\/vbmag\/wp-json\/wp\/v2\/users\/1"}],"replies":[{"embeddable":true,"href":"https:\/\/www.vallon-bonnevaux.fr\/vbmag\/wp-json\/wp\/v2\/comments?post=722"}],"version-history":[{"count":1,"href":"https:\/\/www.vallon-bonnevaux.fr\/vbmag\/wp-json\/wp\/v2\/posts\/722\/revisions"}],"predecessor-version":[{"id":726,"href":"https:\/\/www.vallon-bonnevaux.fr\/vbmag\/wp-json\/wp\/v2\/posts\/722\/revisions\/726"}],"wp:attachment":[{"href":"https:\/\/www.vallon-bonnevaux.fr\/vbmag\/wp-json\/wp\/v2\/media?parent=722"}],"wp:term":[{"taxonomy":"category","embeddable":true,"href":"https:\/\/www.vallon-bonnevaux.fr\/vbmag\/wp-json\/wp\/v2\/categories?post=722"},{"taxonomy":"post_tag","embeddable":true,"href":"https:\/\/www.vallon-bonnevaux.fr\/vbmag\/wp-json\/wp\/v2\/tags?post=722"}],"curies":[{"name":"wp","href":"https:\/\/api.w.org\/{rel}","templated":true}]}}