{"id":727,"date":"2023-03-10T11:00:26","date_gmt":"2023-03-10T10:00:26","guid":{"rendered":"https:\/\/www.vallon-bonnevaux.fr\/vbmag\/?p=727"},"modified":"2023-03-16T10:44:32","modified_gmt":"2023-03-16T09:44:32","slug":"location-de-nos-sites-salle-de-restauration-cuisine-chambres-salles-de-travail","status":"publish","type":"post","link":"https:\/\/www.vallon-bonnevaux.fr\/vbmag\/location-de-nos-sites-salle-de-restauration-cuisine-chambres-salles-de-travail\/","title":{"rendered":"Location de nos sites  (salle de restauration, cuisine, chambres, salles de travail&#8230;)"},"content":{"rendered":"<section class=\"wpb-content-wrapper\"><p>[vc_row][vc_column][vc_column_text]<\/p>\n<div dir=\"auto\">\n<div class=\"x11i5rnm xat24cr x1mh8g0r x1vvkbs xdj266r x126k92a\">\n<div dir=\"auto\">\n<div class=\"x11i5rnm xat24cr x1mh8g0r x1vvkbs xdj266r x126k92a\">\n<div dir=\"auto\">Vous cherchez un lieu pour vos manifestations festives, familiales, associatives, sportives, culturelles ou de formation, les week-ends ou en s\u00e9jour ou mini s\u00e9jour, nous vous proposons \u00e0 la location nos sites de Saint Jean de Bournay et Ch\u00e2bons (salle de restauration, cuisine, chambres, salles de travail&#8230;).<\/div>\n<\/div>\n<div class=\"x11i5rnm xat24cr x1mh8g0r x1vvkbs xtlvy1s x126k92a\">\n<div dir=\"auto\">Vous pouvez nous contacter sur notre site web \u00e0 contact@vallonbonnevaux.fr ou part t\u00e9l\u00e9phone au 0476650126.<\/div>\n<\/div>\n<div class=\"x11i5rnm xat24cr x1mh8g0r x1vvkbs xtlvy1s x126k92a\">\n<div dir=\"auto\">Nous nous ferons un plaisir de vous accueillir dans nos locaux.<\/div>\n<\/div>\n<\/div>\n<\/div>\n<\/div>\n<p>[\/vc_column_text][\/vc_column][\/vc_row][vc_row][vc_column][vc_gallery interval=\u00a0\u00bb3&Prime; images=\u00a0\u00bb728,729,730&Prime; img_size=\u00a0\u00bbfull\u00a0\u00bb][\/vc_column][\/vc_row]<\/p>\n<\/section>","protected":false},"excerpt":{"rendered":"<p>[vc_row][vc_column][vc_column_text] Vous cherchez un lieu pour vos manifestations festives, familiales, associatives, sportives, culturelles ou de formation, les week-ends ou en s\u00e9jour ou mini s\u00e9jour, nous vous<span class=\"excerpt-hellip\"> [\u2026]<\/span><\/p>\n","protected":false},"author":1,"featured_media":730,"comment_status":"open","ping_status":"open","sticky":false,"template":"","format":"standard","meta":{"_mi_skip_tracking":false,"_monsterinsights_sitenote_active":false,"_monsterinsights_sitenote_note":"","_monsterinsights_sitenote_category":0,"footnotes":""},"categories":[2,7],"tags":[],"class_list":["post-727","post","type-post","status-publish","format-standard","has-post-thumbnail","hentry","category-actualites-infos","category-evenement-seminaire"],"yoast_head":"<!-- This site is optimized with the Yoast SEO plugin v20.8 - https:\/\/yoast.com\/wordpress\/plugins\/seo\/ -->\n<title>Location de nos sites (salle de restauration, cuisine, chambres, salles de travail...) - VB Mag<\/title>\n<meta name=\"robots\" content=\"index, follow, max-snippet:-1, max-image-preview:large, max-video-preview:-1\" \/>\n<link rel=\"canonical\" href=\"https:\/\/www.vallon-bonnevaux.fr\/vbmag\/location-de-nos-sites-salle-de-restauration-cuisine-chambres-salles-de-travail\/\" \/>\n<meta property=\"og:locale\" content=\"fr_FR\" \/>\n<meta property=\"og:type\" content=\"article\" \/>\n<meta property=\"og:title\" content=\"Location de nos sites (salle de restauration, cuisine, chambres, salles de travail...) - VB Mag\" \/>\n<meta property=\"og:description\" content=\"[vc_row][vc_column][vc_column_text] Vous cherchez un lieu pour vos manifestations festives, familiales, associatives, sportives, culturelles ou de formation, les week-ends ou en s\u00e9jour ou mini s\u00e9jour, nous vous [\u2026]\" \/>\n<meta property=\"og:url\" content=\"https:\/\/www.vallon-bonnevaux.fr\/vbmag\/location-de-nos-sites-salle-de-restauration-cuisine-chambres-salles-de-travail\/\" \/>\n<meta property=\"og:site_name\" content=\"VB Mag\" \/>\n<meta property=\"article:publisher\" content=\"https:\/\/www.facebook.com\/lyceevallonbonnevaux\" \/>\n<meta property=\"article:published_time\" content=\"2023-03-10T10:00:26+00:00\" \/>\n<meta property=\"article:modified_time\" content=\"2023-03-16T09:44:32+00:00\" \/>\n<meta property=\"og:image\" content=\"https:\/\/www.vallon-bonnevaux.fr\/vbmag\/wp-content\/uploads\/2023\/03\/331426279_749147550180984_4911536136221377341_n.jpg\" \/>\n\t<meta property=\"og:image:width\" content=\"1030\" \/>\n\t<meta property=\"og:image:height\" content=\"773\" \/>\n\t<meta property=\"og:image:type\" content=\"image\/jpeg\" \/>\n<meta name=\"author\" content=\"Vallon Bonnevaux\" \/>\n<meta name=\"twitter:card\" content=\"summary_large_image\" \/>\n<meta name=\"twitter:label1\" content=\"\u00c9crit par\" \/>\n\t<meta name=\"twitter:data1\" content=\"Vallon Bonnevaux\" \/>\n\t<meta name=\"twitter:label2\" content=\"Dur\u00e9e de lecture estim\u00e9e\" \/>\n\t<meta name=\"twitter:data2\" content=\"1 minute\" \/>\n<script type=\"application\/ld+json\" class=\"yoast-schema-graph\">{\"@context\":\"https:\/\/schema.org\",\"@graph\":[{\"@type\":\"Article\",\"@id\":\"https:\/\/www.vallon-bonnevaux.fr\/vbmag\/location-de-nos-sites-salle-de-restauration-cuisine-chambres-salles-de-travail\/#article\",\"isPartOf\":{\"@id\":\"https:\/\/www.vallon-bonnevaux.fr\/vbmag\/location-de-nos-sites-salle-de-restauration-cuisine-chambres-salles-de-travail\/\"},\"author\":{\"name\":\"Vallon Bonnevaux\",\"@id\":\"https:\/\/www.vallon-bonnevaux.fr\/vbmag\/#\/schema\/person\/191ed16d23e4ba973477a38981fcd96e\"},\"headline\":\"Location de nos sites (salle de restauration, cuisine, chambres, salles de travail&#8230;)\",\"datePublished\":\"2023-03-10T10:00:26+00:00\",\"dateModified\":\"2023-03-16T09:44:32+00:00\",\"mainEntityOfPage\":{\"@id\":\"https:\/\/www.vallon-bonnevaux.fr\/vbmag\/location-de-nos-sites-salle-de-restauration-cuisine-chambres-salles-de-travail\/\"},\"wordCount\":117,\"commentCount\":0,\"publisher\":{\"@id\":\"https:\/\/www.vallon-bonnevaux.fr\/vbmag\/#organization\"},\"articleSection\":[\"Actualit\u00e9s &amp; infos\",\"\u00c9v\u00e9nement\"],\"inLanguage\":\"fr-FR\",\"potentialAction\":[{\"@type\":\"CommentAction\",\"name\":\"Comment\",\"target\":[\"https:\/\/www.vallon-bonnevaux.fr\/vbmag\/location-de-nos-sites-salle-de-restauration-cuisine-chambres-salles-de-travail\/#respond\"]}]},{\"@type\":\"WebPage\",\"@id\":\"https:\/\/www.vallon-bonnevaux.fr\/vbmag\/location-de-nos-sites-salle-de-restauration-cuisine-chambres-salles-de-travail\/\",\"url\":\"https:\/\/www.vallon-bonnevaux.fr\/vbmag\/location-de-nos-sites-salle-de-restauration-cuisine-chambres-salles-de-travail\/\",\"name\":\"Location de nos sites (salle de restauration, cuisine, chambres, salles de travail...) - VB Mag\",\"isPartOf\":{\"@id\":\"https:\/\/www.vallon-bonnevaux.fr\/vbmag\/#website\"},\"datePublished\":\"2023-03-10T10:00:26+00:00\",\"dateModified\":\"2023-03-16T09:44:32+00:00\",\"breadcrumb\":{\"@id\":\"https:\/\/www.vallon-bonnevaux.fr\/vbmag\/location-de-nos-sites-salle-de-restauration-cuisine-chambres-salles-de-travail\/#breadcrumb\"},\"inLanguage\":\"fr-FR\",\"potentialAction\":[{\"@type\":\"ReadAction\",\"target\":[\"https:\/\/www.vallon-bonnevaux.fr\/vbmag\/location-de-nos-sites-salle-de-restauration-cuisine-chambres-salles-de-travail\/\"]}]},{\"@type\":\"BreadcrumbList\",\"@id\":\"https:\/\/www.vallon-bonnevaux.fr\/vbmag\/location-de-nos-sites-salle-de-restauration-cuisine-chambres-salles-de-travail\/#breadcrumb\",\"itemListElement\":[{\"@type\":\"ListItem\",\"position\":1,\"name\":\"Accueil\",\"item\":\"https:\/\/www.vallon-bonnevaux.fr\/vbmag\/\"},{\"@type\":\"ListItem\",\"position\":2,\"name\":\"Location de nos sites (salle de restauration, cuisine, chambres, salles de travail&#8230;)\"}]},{\"@type\":\"WebSite\",\"@id\":\"https:\/\/www.vallon-bonnevaux.fr\/vbmag\/#website\",\"url\":\"https:\/\/www.vallon-bonnevaux.fr\/vbmag\/\",\"name\":\"VBmag\",\"description\":\"\",\"publisher\":{\"@id\":\"https:\/\/www.vallon-bonnevaux.fr\/vbmag\/#organization\"},\"potentialAction\":[{\"@type\":\"SearchAction\",\"target\":{\"@type\":\"EntryPoint\",\"urlTemplate\":\"https:\/\/www.vallon-bonnevaux.fr\/vbmag\/?s={search_term_string}\"},\"query-input\":\"required name=search_term_string\"}],\"inLanguage\":\"fr-FR\"},{\"@type\":\"Organization\",\"@id\":\"https:\/\/www.vallon-bonnevaux.fr\/vbmag\/#organization\",\"name\":\"VBmag\",\"url\":\"https:\/\/www.vallon-bonnevaux.fr\/vbmag\/\",\"logo\":{\"@type\":\"ImageObject\",\"inLanguage\":\"fr-FR\",\"@id\":\"https:\/\/www.vallon-bonnevaux.fr\/vbmag\/#\/schema\/logo\/image\/\",\"url\":\"https:\/\/www.vallon-bonnevaux.fr\/vbmag\/wp-content\/uploads\/2023\/02\/Bonnevaux-logo-VBmag.png\",\"contentUrl\":\"https:\/\/www.vallon-bonnevaux.fr\/vbmag\/wp-content\/uploads\/2023\/02\/Bonnevaux-logo-VBmag.png\",\"width\":314,\"height\":143,\"caption\":\"VBmag\"},\"image\":{\"@id\":\"https:\/\/www.vallon-bonnevaux.fr\/vbmag\/#\/schema\/logo\/image\/\"},\"sameAs\":[\"https:\/\/www.facebook.com\/lyceevallonbonnevaux\",\"https:\/\/www.instagram.com\/lycee_vallon_bonnevaux\/\",\"https:\/\/www.linkedin.com\/company\/leap-le-vallon-les-bonnevaux\/?originalSubdomain=fr\"]},{\"@type\":\"Person\",\"@id\":\"https:\/\/www.vallon-bonnevaux.fr\/vbmag\/#\/schema\/person\/191ed16d23e4ba973477a38981fcd96e\",\"name\":\"Vallon Bonnevaux\",\"image\":{\"@type\":\"ImageObject\",\"inLanguage\":\"fr-FR\",\"@id\":\"https:\/\/www.vallon-bonnevaux.fr\/vbmag\/#\/schema\/person\/image\/\",\"url\":\"https:\/\/secure.gravatar.com\/avatar\/206eee87d954dde997a0e42f0f69dd95446254dad393f1de042fcba1cb028578?s=96&d=mm&r=g\",\"contentUrl\":\"https:\/\/secure.gravatar.com\/avatar\/206eee87d954dde997a0e42f0f69dd95446254dad393f1de042fcba1cb028578?s=96&d=mm&r=g\",\"caption\":\"Vallon Bonnevaux\"},\"sameAs\":[\"https:\/\/www.vallon-bonnevaux.fr\/vbmag\"],\"url\":\"https:\/\/www.vallon-bonnevaux.fr\/vbmag\/author\/dkandf\/\"}]}<\/script>\n<!-- \/ Yoast SEO plugin. -->","yoast_head_json":{"title":"Location de nos sites (salle de restauration, cuisine, chambres, salles de travail...) - VB Mag","robots":{"index":"index","follow":"follow","max-snippet":"max-snippet:-1","max-image-preview":"max-image-preview:large","max-video-preview":"max-video-preview:-1"},"canonical":"https:\/\/www.vallon-bonnevaux.fr\/vbmag\/location-de-nos-sites-salle-de-restauration-cuisine-chambres-salles-de-travail\/","og_locale":"fr_FR","og_type":"article","og_title":"Location de nos sites (salle de restauration, cuisine, chambres, salles de travail...) - VB Mag","og_description":"[vc_row][vc_column][vc_column_text] Vous cherchez un lieu pour vos manifestations festives, familiales, associatives, sportives, culturelles ou de formation, les week-ends ou en s\u00e9jour ou mini s\u00e9jour, nous vous [\u2026]","og_url":"https:\/\/www.vallon-bonnevaux.fr\/vbmag\/location-de-nos-sites-salle-de-restauration-cuisine-chambres-salles-de-travail\/","og_site_name":"VB Mag","article_publisher":"https:\/\/www.facebook.com\/lyceevallonbonnevaux","article_published_time":"2023-03-10T10:00:26+00:00","article_modified_time":"2023-03-16T09:44:32+00:00","og_image":[{"width":1030,"height":773,"url":"https:\/\/www.vallon-bonnevaux.fr\/vbmag\/wp-content\/uploads\/2023\/03\/331426279_749147550180984_4911536136221377341_n.jpg","type":"image\/jpeg"}],"author":"Vallon Bonnevaux","twitter_card":"summary_large_image","twitter_misc":{"\u00c9crit par":"Vallon Bonnevaux","Dur\u00e9e de lecture estim\u00e9e":"1 minute"},"schema":{"@context":"https:\/\/schema.org","@graph":[{"@type":"Article","@id":"https:\/\/www.vallon-bonnevaux.fr\/vbmag\/location-de-nos-sites-salle-de-restauration-cuisine-chambres-salles-de-travail\/#article","isPartOf":{"@id":"https:\/\/www.vallon-bonnevaux.fr\/vbmag\/location-de-nos-sites-salle-de-restauration-cuisine-chambres-salles-de-travail\/"},"author":{"name":"Vallon Bonnevaux","@id":"https:\/\/www.vallon-bonnevaux.fr\/vbmag\/#\/schema\/person\/191ed16d23e4ba973477a38981fcd96e"},"headline":"Location de nos sites (salle de restauration, cuisine, chambres, salles de travail&#8230;)","datePublished":"2023-03-10T10:00:26+00:00","dateModified":"2023-03-16T09:44:32+00:00","mainEntityOfPage":{"@id":"https:\/\/www.vallon-bonnevaux.fr\/vbmag\/location-de-nos-sites-salle-de-restauration-cuisine-chambres-salles-de-travail\/"},"wordCount":117,"commentCount":0,"publisher":{"@id":"https:\/\/www.vallon-bonnevaux.fr\/vbmag\/#organization"},"articleSection":["Actualit\u00e9s &amp; infos","\u00c9v\u00e9nement"],"inLanguage":"fr-FR","potentialAction":[{"@type":"CommentAction","name":"Comment","target":["https:\/\/www.vallon-bonnevaux.fr\/vbmag\/location-de-nos-sites-salle-de-restauration-cuisine-chambres-salles-de-travail\/#respond"]}]},{"@type":"WebPage","@id":"https:\/\/www.vallon-bonnevaux.fr\/vbmag\/location-de-nos-sites-salle-de-restauration-cuisine-chambres-salles-de-travail\/","url":"https:\/\/www.vallon-bonnevaux.fr\/vbmag\/location-de-nos-sites-salle-de-restauration-cuisine-chambres-salles-de-travail\/","name":"Location de nos sites (salle de restauration, cuisine, chambres, salles de travail...) - VB Mag","isPartOf":{"@id":"https:\/\/www.vallon-bonnevaux.fr\/vbmag\/#website"},"datePublished":"2023-03-10T10:00:26+00:00","dateModified":"2023-03-16T09:44:32+00:00","breadcrumb":{"@id":"https:\/\/www.vallon-bonnevaux.fr\/vbmag\/location-de-nos-sites-salle-de-restauration-cuisine-chambres-salles-de-travail\/#breadcrumb"},"inLanguage":"fr-FR","potentialAction":[{"@type":"ReadAction","target":["https:\/\/www.vallon-bonnevaux.fr\/vbmag\/location-de-nos-sites-salle-de-restauration-cuisine-chambres-salles-de-travail\/"]}]},{"@type":"BreadcrumbList","@id":"https:\/\/www.vallon-bonnevaux.fr\/vbmag\/location-de-nos-sites-salle-de-restauration-cuisine-chambres-salles-de-travail\/#breadcrumb","itemListElement":[{"@type":"ListItem","position":1,"name":"Accueil","item":"https:\/\/www.vallon-bonnevaux.fr\/vbmag\/"},{"@type":"ListItem","position":2,"name":"Location de nos sites (salle de restauration, cuisine, chambres, salles de travail&#8230;)"}]},{"@type":"WebSite","@id":"https:\/\/www.vallon-bonnevaux.fr\/vbmag\/#website","url":"https:\/\/www.vallon-bonnevaux.fr\/vbmag\/","name":"VBmag","description":"","publisher":{"@id":"https:\/\/www.vallon-bonnevaux.fr\/vbmag\/#organization"},"potentialAction":[{"@type":"SearchAction","target":{"@type":"EntryPoint","urlTemplate":"https:\/\/www.vallon-bonnevaux.fr\/vbmag\/?s={search_term_string}"},"query-input":"required name=search_term_string"}],"inLanguage":"fr-FR"},{"@type":"Organization","@id":"https:\/\/www.vallon-bonnevaux.fr\/vbmag\/#organization","name":"VBmag","url":"https:\/\/www.vallon-bonnevaux.fr\/vbmag\/","logo":{"@type":"ImageObject","inLanguage":"fr-FR","@id":"https:\/\/www.vallon-bonnevaux.fr\/vbmag\/#\/schema\/logo\/image\/","url":"https:\/\/www.vallon-bonnevaux.fr\/vbmag\/wp-content\/uploads\/2023\/02\/Bonnevaux-logo-VBmag.png","contentUrl":"https:\/\/www.vallon-bonnevaux.fr\/vbmag\/wp-content\/uploads\/2023\/02\/Bonnevaux-logo-VBmag.png","width":314,"height":143,"caption":"VBmag"},"image":{"@id":"https:\/\/www.vallon-bonnevaux.fr\/vbmag\/#\/schema\/logo\/image\/"},"sameAs":["https:\/\/www.facebook.com\/lyceevallonbonnevaux","https:\/\/www.instagram.com\/lycee_vallon_bonnevaux\/","https:\/\/www.linkedin.com\/company\/leap-le-vallon-les-bonnevaux\/?originalSubdomain=fr"]},{"@type":"Person","@id":"https:\/\/www.vallon-bonnevaux.fr\/vbmag\/#\/schema\/person\/191ed16d23e4ba973477a38981fcd96e","name":"Vallon Bonnevaux","image":{"@type":"ImageObject","inLanguage":"fr-FR","@id":"https:\/\/www.vallon-bonnevaux.fr\/vbmag\/#\/schema\/person\/image\/","url":"https:\/\/secure.gravatar.com\/avatar\/206eee87d954dde997a0e42f0f69dd95446254dad393f1de042fcba1cb028578?s=96&d=mm&r=g","contentUrl":"https:\/\/secure.gravatar.com\/avatar\/206eee87d954dde997a0e42f0f69dd95446254dad393f1de042fcba1cb028578?s=96&d=mm&r=g","caption":"Vallon Bonnevaux"},"sameAs":["https:\/\/www.vallon-bonnevaux.fr\/vbmag"],"url":"https:\/\/www.vallon-bonnevaux.fr\/vbmag\/author\/dkandf\/"}]}},"_links":{"self":[{"href":"https:\/\/www.vallon-bonnevaux.fr\/vbmag\/wp-json\/wp\/v2\/posts\/727","targetHints":{"allow":["GET"]}}],"collection":[{"href":"https:\/\/www.vallon-bonnevaux.fr\/vbmag\/wp-json\/wp\/v2\/posts"}],"about":[{"href":"https:\/\/www.vallon-bonnevaux.fr\/vbmag\/wp-json\/wp\/v2\/types\/post"}],"author":[{"embeddable":true,"href":"https:\/\/www.vallon-bonnevaux.fr\/vbmag\/wp-json\/wp\/v2\/users\/1"}],"replies":[{"embeddable":true,"href":"https:\/\/www.vallon-bonnevaux.fr\/vbmag\/wp-json\/wp\/v2\/comments?post=727"}],"version-history":[{"count":1,"href":"https:\/\/www.vallon-bonnevaux.fr\/vbmag\/wp-json\/wp\/v2\/posts\/727\/revisions"}],"predecessor-version":[{"id":731,"href":"https:\/\/www.vallon-bonnevaux.fr\/vbmag\/wp-json\/wp\/v2\/posts\/727\/revisions\/731"}],"wp:featuredmedia":[{"embeddable":true,"href":"https:\/\/www.vallon-bonnevaux.fr\/vbmag\/wp-json\/wp\/v2\/media\/730"}],"wp:attachment":[{"href":"https:\/\/www.vallon-bonnevaux.fr\/vbmag\/wp-json\/wp\/v2\/media?parent=727"}],"wp:term":[{"taxonomy":"category","embeddable":true,"href":"https:\/\/www.vallon-bonnevaux.fr\/vbmag\/wp-json\/wp\/v2\/categories?post=727"},{"taxonomy":"post_tag","embeddable":true,"href":"https:\/\/www.vallon-bonnevaux.fr\/vbmag\/wp-json\/wp\/v2\/tags?post=727"}],"curies":[{"name":"wp","href":"https:\/\/api.w.org\/{rel}","templated":true}]}}