{"id":995,"date":"2023-06-16T15:41:25","date_gmt":"2023-06-16T13:41:25","guid":{"rendered":"https:\/\/www.vallon-bonnevaux.fr\/vbmag\/?p=995"},"modified":"2023-06-16T15:41:25","modified_gmt":"2023-06-16T13:41:25","slug":"a-la-decouverte-des-espaces-naturels-sensibles-ens","status":"publish","type":"post","link":"https:\/\/www.vallon-bonnevaux.fr\/vbmag\/a-la-decouverte-des-espaces-naturels-sensibles-ens\/","title":{"rendered":"A la d\u00e9couverte des espaces naturels sensibles (ENS)"},"content":{"rendered":"<section class=\"wpb-content-wrapper\"><p>[vc_row][vc_column][vc_column_text]Gr\u00e2ce au financement du d\u00e9partement de l&rsquo;Is\u00e8re pour la d\u00e9couverte des espaces naturels sensibles la classe de 3\u00e8me C a pu d\u00e9couvrir les hauts plateaux du Vercors : sa r\u00e9serve, sa faune, sa flore et son histoire.<\/p>\n<p>Pendant 3 jours, les \u00e9l\u00e8ves accompagn\u00e9s d&rsquo;animateurs nature et de leurs enseignantes sont all\u00e9s \u00e0 la rencontre de diff\u00e9rents milieux naturels afin de d\u00e9couvrir les zones humides et des zones montagneuses en randonnant jusqu\u2019au pas de l&rsquo;aiguille. Ils ont particip\u00e9 \u00e0 des activit\u00e9s de d\u00e9termination de petits insectes aquatiques, de v\u00e9g\u00e9taux, identifier les traces de la pr\u00e9sence du castor en Is\u00e8re et sont all\u00e9s \u00e0 la rencontre de mammif\u00e8re embl\u00e9matique du Vercors comme le bouquetin et la marmotte. Tous \u00e9taient au rendez-vous. Et malgr\u00e9 la m\u00e9t\u00e9o parfois incertaine la d\u00e9couverte a \u00e9t\u00e9 un succ\u00e8s. Ce fut l\u2019occasion de pousser la porte d\u2019un refuge de montagne pour le piquenique du midi et de faire de nouvelles rencontres.<\/p>\n<p>Ainsi, durant ces 3 jours, les \u00e9l\u00e8ves de 3\u00e8me de la classe de Ch\u00e2bons ont pu exp\u00e9rimenter une partie de leur programme de biologie et d\u2019\u00e9cologie sur les r\u00e9seaux trophiques, le fonctionnement d&rsquo;un milieu et la notion d\u2019\u00e9cosyst\u00e8me.<\/p>\n<p>Ce fut \u00e9galement l&rsquo;occasion de marcher sur les pas des r\u00e9sistants du Vercors. Apr\u00e8s la n\u00e9cropole du pas de l&rsquo;aiguille. Les \u00e9l\u00e8ves ont chemin\u00e9 dans Pr\u00e9lenfrey-le-Gua pour d\u00e9couvrir le r\u00e9cit de la famille Lamorthe \u2013 Guidi \u00e9lev\u00e9 au rang de \u00ab juste parmi les Nations \u00bb. Un r\u00e9cit riche en \u00e9motion sur les lieux m\u00eame de la r\u00e9sistance.<\/p>\n<p>&nbsp;<\/p>\n<p>[\/vc_column_text][\/vc_column][\/vc_row][vc_row][vc_column][vc_gallery interval=\u00a0\u00bb3&Prime; images=\u00a0\u00bb1002,1001,1000,999,998,997,996&Prime; img_size=\u00a0\u00bbfull\u00a0\u00bb][\/vc_column][\/vc_row]<\/p>\n<\/section>","protected":false},"excerpt":{"rendered":"<p>[vc_row][vc_column][vc_column_text]Gr\u00e2ce au financement du d\u00e9partement de l&rsquo;Is\u00e8re pour la d\u00e9couverte des espaces naturels sensibles la classe de 3\u00e8me C a pu d\u00e9couvrir les hauts plateaux du<span class=\"excerpt-hellip\"> [\u2026]<\/span><\/p>\n","protected":false},"author":2,"featured_media":996,"comment_status":"open","ping_status":"open","sticky":false,"template":"","format":"standard","meta":{"_mi_skip_tracking":false,"_monsterinsights_sitenote_active":false,"_monsterinsights_sitenote_note":"","_monsterinsights_sitenote_category":0,"footnotes":""},"categories":[2,5],"tags":[],"class_list":["post-995","post","type-post","status-publish","format-standard","has-post-thumbnail","hentry","category-actualites-infos","category-sortie-rencontre"],"yoast_head":"<!-- This site is optimized with the Yoast SEO plugin v20.8 - https:\/\/yoast.com\/wordpress\/plugins\/seo\/ -->\n<title>A la d\u00e9couverte des espaces naturels sensibles (ENS) - VB Mag<\/title>\n<meta name=\"robots\" content=\"index, follow, max-snippet:-1, max-image-preview:large, max-video-preview:-1\" \/>\n<link rel=\"canonical\" href=\"https:\/\/www.vallon-bonnevaux.fr\/vbmag\/a-la-decouverte-des-espaces-naturels-sensibles-ens\/\" \/>\n<meta property=\"og:locale\" content=\"fr_FR\" \/>\n<meta property=\"og:type\" content=\"article\" \/>\n<meta property=\"og:title\" content=\"A la d\u00e9couverte des espaces naturels sensibles (ENS) - VB Mag\" \/>\n<meta property=\"og:description\" content=\"[vc_row][vc_column][vc_column_text]Gr\u00e2ce au financement du d\u00e9partement de l&rsquo;Is\u00e8re pour la d\u00e9couverte des espaces naturels sensibles la classe de 3\u00e8me C a pu d\u00e9couvrir les hauts plateaux du [\u2026]\" \/>\n<meta property=\"og:url\" content=\"https:\/\/www.vallon-bonnevaux.fr\/vbmag\/a-la-decouverte-des-espaces-naturels-sensibles-ens\/\" \/>\n<meta property=\"og:site_name\" content=\"VB Mag\" \/>\n<meta property=\"article:publisher\" content=\"https:\/\/www.facebook.com\/lyceevallonbonnevaux\" \/>\n<meta property=\"article:published_time\" content=\"2023-06-16T13:41:25+00:00\" \/>\n<meta property=\"og:image\" content=\"https:\/\/www.vallon-bonnevaux.fr\/vbmag\/wp-content\/uploads\/2023\/06\/20230612_3EMEC_ENSVERCORS1.jpg\" \/>\n\t<meta property=\"og:image:width\" content=\"900\" \/>\n\t<meta property=\"og:image:height\" content=\"507\" \/>\n\t<meta property=\"og:image:type\" content=\"image\/jpeg\" \/>\n<meta name=\"author\" content=\"VBCommunication\" \/>\n<meta name=\"twitter:card\" content=\"summary_large_image\" \/>\n<meta name=\"twitter:label1\" content=\"\u00c9crit par\" \/>\n\t<meta name=\"twitter:data1\" content=\"VBCommunication\" \/>\n\t<meta name=\"twitter:label2\" content=\"Dur\u00e9e de lecture estim\u00e9e\" \/>\n\t<meta name=\"twitter:data2\" content=\"2 minutes\" \/>\n<script type=\"application\/ld+json\" class=\"yoast-schema-graph\">{\"@context\":\"https:\/\/schema.org\",\"@graph\":[{\"@type\":\"Article\",\"@id\":\"https:\/\/www.vallon-bonnevaux.fr\/vbmag\/a-la-decouverte-des-espaces-naturels-sensibles-ens\/#article\",\"isPartOf\":{\"@id\":\"https:\/\/www.vallon-bonnevaux.fr\/vbmag\/a-la-decouverte-des-espaces-naturels-sensibles-ens\/\"},\"author\":{\"name\":\"VBCommunication\",\"@id\":\"https:\/\/www.vallon-bonnevaux.fr\/vbmag\/#\/schema\/person\/78d4bedf135508e9d2b8d343575fdd31\"},\"headline\":\"A la d\u00e9couverte des espaces naturels sensibles (ENS)\",\"datePublished\":\"2023-06-16T13:41:25+00:00\",\"dateModified\":\"2023-06-16T13:41:25+00:00\",\"mainEntityOfPage\":{\"@id\":\"https:\/\/www.vallon-bonnevaux.fr\/vbmag\/a-la-decouverte-des-espaces-naturels-sensibles-ens\/\"},\"wordCount\":329,\"commentCount\":0,\"publisher\":{\"@id\":\"https:\/\/www.vallon-bonnevaux.fr\/vbmag\/#organization\"},\"articleSection\":[\"Actualit\u00e9s &amp; infos\",\"Sortie &amp; Rencontre\"],\"inLanguage\":\"fr-FR\",\"potentialAction\":[{\"@type\":\"CommentAction\",\"name\":\"Comment\",\"target\":[\"https:\/\/www.vallon-bonnevaux.fr\/vbmag\/a-la-decouverte-des-espaces-naturels-sensibles-ens\/#respond\"]}]},{\"@type\":\"WebPage\",\"@id\":\"https:\/\/www.vallon-bonnevaux.fr\/vbmag\/a-la-decouverte-des-espaces-naturels-sensibles-ens\/\",\"url\":\"https:\/\/www.vallon-bonnevaux.fr\/vbmag\/a-la-decouverte-des-espaces-naturels-sensibles-ens\/\",\"name\":\"A la d\u00e9couverte des espaces naturels sensibles (ENS) - VB Mag\",\"isPartOf\":{\"@id\":\"https:\/\/www.vallon-bonnevaux.fr\/vbmag\/#website\"},\"datePublished\":\"2023-06-16T13:41:25+00:00\",\"dateModified\":\"2023-06-16T13:41:25+00:00\",\"breadcrumb\":{\"@id\":\"https:\/\/www.vallon-bonnevaux.fr\/vbmag\/a-la-decouverte-des-espaces-naturels-sensibles-ens\/#breadcrumb\"},\"inLanguage\":\"fr-FR\",\"potentialAction\":[{\"@type\":\"ReadAction\",\"target\":[\"https:\/\/www.vallon-bonnevaux.fr\/vbmag\/a-la-decouverte-des-espaces-naturels-sensibles-ens\/\"]}]},{\"@type\":\"BreadcrumbList\",\"@id\":\"https:\/\/www.vallon-bonnevaux.fr\/vbmag\/a-la-decouverte-des-espaces-naturels-sensibles-ens\/#breadcrumb\",\"itemListElement\":[{\"@type\":\"ListItem\",\"position\":1,\"name\":\"Accueil\",\"item\":\"https:\/\/www.vallon-bonnevaux.fr\/vbmag\/\"},{\"@type\":\"ListItem\",\"position\":2,\"name\":\"A la d\u00e9couverte des espaces naturels sensibles (ENS)\"}]},{\"@type\":\"WebSite\",\"@id\":\"https:\/\/www.vallon-bonnevaux.fr\/vbmag\/#website\",\"url\":\"https:\/\/www.vallon-bonnevaux.fr\/vbmag\/\",\"name\":\"VBmag\",\"description\":\"\",\"publisher\":{\"@id\":\"https:\/\/www.vallon-bonnevaux.fr\/vbmag\/#organization\"},\"potentialAction\":[{\"@type\":\"SearchAction\",\"target\":{\"@type\":\"EntryPoint\",\"urlTemplate\":\"https:\/\/www.vallon-bonnevaux.fr\/vbmag\/?s={search_term_string}\"},\"query-input\":\"required name=search_term_string\"}],\"inLanguage\":\"fr-FR\"},{\"@type\":\"Organization\",\"@id\":\"https:\/\/www.vallon-bonnevaux.fr\/vbmag\/#organization\",\"name\":\"VBmag\",\"url\":\"https:\/\/www.vallon-bonnevaux.fr\/vbmag\/\",\"logo\":{\"@type\":\"ImageObject\",\"inLanguage\":\"fr-FR\",\"@id\":\"https:\/\/www.vallon-bonnevaux.fr\/vbmag\/#\/schema\/logo\/image\/\",\"url\":\"https:\/\/www.vallon-bonnevaux.fr\/vbmag\/wp-content\/uploads\/2023\/02\/Bonnevaux-logo-VBmag.png\",\"contentUrl\":\"https:\/\/www.vallon-bonnevaux.fr\/vbmag\/wp-content\/uploads\/2023\/02\/Bonnevaux-logo-VBmag.png\",\"width\":314,\"height\":143,\"caption\":\"VBmag\"},\"image\":{\"@id\":\"https:\/\/www.vallon-bonnevaux.fr\/vbmag\/#\/schema\/logo\/image\/\"},\"sameAs\":[\"https:\/\/www.facebook.com\/lyceevallonbonnevaux\",\"https:\/\/www.instagram.com\/lycee_vallon_bonnevaux\/\",\"https:\/\/www.linkedin.com\/company\/leap-le-vallon-les-bonnevaux\/?originalSubdomain=fr\"]},{\"@type\":\"Person\",\"@id\":\"https:\/\/www.vallon-bonnevaux.fr\/vbmag\/#\/schema\/person\/78d4bedf135508e9d2b8d343575fdd31\",\"name\":\"VBCommunication\",\"image\":{\"@type\":\"ImageObject\",\"inLanguage\":\"fr-FR\",\"@id\":\"https:\/\/www.vallon-bonnevaux.fr\/vbmag\/#\/schema\/person\/image\/\",\"url\":\"https:\/\/secure.gravatar.com\/avatar\/58fa64ce54dbedb7c6633693d600c884a245b0f97746903170fa62aae026cedc?s=96&d=mm&r=g\",\"contentUrl\":\"https:\/\/secure.gravatar.com\/avatar\/58fa64ce54dbedb7c6633693d600c884a245b0f97746903170fa62aae026cedc?s=96&d=mm&r=g\",\"caption\":\"VBCommunication\"},\"url\":\"https:\/\/www.vallon-bonnevaux.fr\/vbmag\/author\/vbcommunication\/\"}]}<\/script>\n<!-- \/ Yoast SEO plugin. -->","yoast_head_json":{"title":"A la d\u00e9couverte des espaces naturels sensibles (ENS) - VB Mag","robots":{"index":"index","follow":"follow","max-snippet":"max-snippet:-1","max-image-preview":"max-image-preview:large","max-video-preview":"max-video-preview:-1"},"canonical":"https:\/\/www.vallon-bonnevaux.fr\/vbmag\/a-la-decouverte-des-espaces-naturels-sensibles-ens\/","og_locale":"fr_FR","og_type":"article","og_title":"A la d\u00e9couverte des espaces naturels sensibles (ENS) - VB Mag","og_description":"[vc_row][vc_column][vc_column_text]Gr\u00e2ce au financement du d\u00e9partement de l&rsquo;Is\u00e8re pour la d\u00e9couverte des espaces naturels sensibles la classe de 3\u00e8me C a pu d\u00e9couvrir les hauts plateaux du [\u2026]","og_url":"https:\/\/www.vallon-bonnevaux.fr\/vbmag\/a-la-decouverte-des-espaces-naturels-sensibles-ens\/","og_site_name":"VB Mag","article_publisher":"https:\/\/www.facebook.com\/lyceevallonbonnevaux","article_published_time":"2023-06-16T13:41:25+00:00","og_image":[{"width":900,"height":507,"url":"https:\/\/www.vallon-bonnevaux.fr\/vbmag\/wp-content\/uploads\/2023\/06\/20230612_3EMEC_ENSVERCORS1.jpg","type":"image\/jpeg"}],"author":"VBCommunication","twitter_card":"summary_large_image","twitter_misc":{"\u00c9crit par":"VBCommunication","Dur\u00e9e de lecture estim\u00e9e":"2 minutes"},"schema":{"@context":"https:\/\/schema.org","@graph":[{"@type":"Article","@id":"https:\/\/www.vallon-bonnevaux.fr\/vbmag\/a-la-decouverte-des-espaces-naturels-sensibles-ens\/#article","isPartOf":{"@id":"https:\/\/www.vallon-bonnevaux.fr\/vbmag\/a-la-decouverte-des-espaces-naturels-sensibles-ens\/"},"author":{"name":"VBCommunication","@id":"https:\/\/www.vallon-bonnevaux.fr\/vbmag\/#\/schema\/person\/78d4bedf135508e9d2b8d343575fdd31"},"headline":"A la d\u00e9couverte des espaces naturels sensibles (ENS)","datePublished":"2023-06-16T13:41:25+00:00","dateModified":"2023-06-16T13:41:25+00:00","mainEntityOfPage":{"@id":"https:\/\/www.vallon-bonnevaux.fr\/vbmag\/a-la-decouverte-des-espaces-naturels-sensibles-ens\/"},"wordCount":329,"commentCount":0,"publisher":{"@id":"https:\/\/www.vallon-bonnevaux.fr\/vbmag\/#organization"},"articleSection":["Actualit\u00e9s &amp; infos","Sortie &amp; Rencontre"],"inLanguage":"fr-FR","potentialAction":[{"@type":"CommentAction","name":"Comment","target":["https:\/\/www.vallon-bonnevaux.fr\/vbmag\/a-la-decouverte-des-espaces-naturels-sensibles-ens\/#respond"]}]},{"@type":"WebPage","@id":"https:\/\/www.vallon-bonnevaux.fr\/vbmag\/a-la-decouverte-des-espaces-naturels-sensibles-ens\/","url":"https:\/\/www.vallon-bonnevaux.fr\/vbmag\/a-la-decouverte-des-espaces-naturels-sensibles-ens\/","name":"A la d\u00e9couverte des espaces naturels sensibles (ENS) - VB Mag","isPartOf":{"@id":"https:\/\/www.vallon-bonnevaux.fr\/vbmag\/#website"},"datePublished":"2023-06-16T13:41:25+00:00","dateModified":"2023-06-16T13:41:25+00:00","breadcrumb":{"@id":"https:\/\/www.vallon-bonnevaux.fr\/vbmag\/a-la-decouverte-des-espaces-naturels-sensibles-ens\/#breadcrumb"},"inLanguage":"fr-FR","potentialAction":[{"@type":"ReadAction","target":["https:\/\/www.vallon-bonnevaux.fr\/vbmag\/a-la-decouverte-des-espaces-naturels-sensibles-ens\/"]}]},{"@type":"BreadcrumbList","@id":"https:\/\/www.vallon-bonnevaux.fr\/vbmag\/a-la-decouverte-des-espaces-naturels-sensibles-ens\/#breadcrumb","itemListElement":[{"@type":"ListItem","position":1,"name":"Accueil","item":"https:\/\/www.vallon-bonnevaux.fr\/vbmag\/"},{"@type":"ListItem","position":2,"name":"A la d\u00e9couverte des espaces naturels sensibles (ENS)"}]},{"@type":"WebSite","@id":"https:\/\/www.vallon-bonnevaux.fr\/vbmag\/#website","url":"https:\/\/www.vallon-bonnevaux.fr\/vbmag\/","name":"VBmag","description":"","publisher":{"@id":"https:\/\/www.vallon-bonnevaux.fr\/vbmag\/#organization"},"potentialAction":[{"@type":"SearchAction","target":{"@type":"EntryPoint","urlTemplate":"https:\/\/www.vallon-bonnevaux.fr\/vbmag\/?s={search_term_string}"},"query-input":"required name=search_term_string"}],"inLanguage":"fr-FR"},{"@type":"Organization","@id":"https:\/\/www.vallon-bonnevaux.fr\/vbmag\/#organization","name":"VBmag","url":"https:\/\/www.vallon-bonnevaux.fr\/vbmag\/","logo":{"@type":"ImageObject","inLanguage":"fr-FR","@id":"https:\/\/www.vallon-bonnevaux.fr\/vbmag\/#\/schema\/logo\/image\/","url":"https:\/\/www.vallon-bonnevaux.fr\/vbmag\/wp-content\/uploads\/2023\/02\/Bonnevaux-logo-VBmag.png","contentUrl":"https:\/\/www.vallon-bonnevaux.fr\/vbmag\/wp-content\/uploads\/2023\/02\/Bonnevaux-logo-VBmag.png","width":314,"height":143,"caption":"VBmag"},"image":{"@id":"https:\/\/www.vallon-bonnevaux.fr\/vbmag\/#\/schema\/logo\/image\/"},"sameAs":["https:\/\/www.facebook.com\/lyceevallonbonnevaux","https:\/\/www.instagram.com\/lycee_vallon_bonnevaux\/","https:\/\/www.linkedin.com\/company\/leap-le-vallon-les-bonnevaux\/?originalSubdomain=fr"]},{"@type":"Person","@id":"https:\/\/www.vallon-bonnevaux.fr\/vbmag\/#\/schema\/person\/78d4bedf135508e9d2b8d343575fdd31","name":"VBCommunication","image":{"@type":"ImageObject","inLanguage":"fr-FR","@id":"https:\/\/www.vallon-bonnevaux.fr\/vbmag\/#\/schema\/person\/image\/","url":"https:\/\/secure.gravatar.com\/avatar\/58fa64ce54dbedb7c6633693d600c884a245b0f97746903170fa62aae026cedc?s=96&d=mm&r=g","contentUrl":"https:\/\/secure.gravatar.com\/avatar\/58fa64ce54dbedb7c6633693d600c884a245b0f97746903170fa62aae026cedc?s=96&d=mm&r=g","caption":"VBCommunication"},"url":"https:\/\/www.vallon-bonnevaux.fr\/vbmag\/author\/vbcommunication\/"}]}},"_links":{"self":[{"href":"https:\/\/www.vallon-bonnevaux.fr\/vbmag\/wp-json\/wp\/v2\/posts\/995","targetHints":{"allow":["GET"]}}],"collection":[{"href":"https:\/\/www.vallon-bonnevaux.fr\/vbmag\/wp-json\/wp\/v2\/posts"}],"about":[{"href":"https:\/\/www.vallon-bonnevaux.fr\/vbmag\/wp-json\/wp\/v2\/types\/post"}],"author":[{"embeddable":true,"href":"https:\/\/www.vallon-bonnevaux.fr\/vbmag\/wp-json\/wp\/v2\/users\/2"}],"replies":[{"embeddable":true,"href":"https:\/\/www.vallon-bonnevaux.fr\/vbmag\/wp-json\/wp\/v2\/comments?post=995"}],"version-history":[{"count":3,"href":"https:\/\/www.vallon-bonnevaux.fr\/vbmag\/wp-json\/wp\/v2\/posts\/995\/revisions"}],"predecessor-version":[{"id":1005,"href":"https:\/\/www.vallon-bonnevaux.fr\/vbmag\/wp-json\/wp\/v2\/posts\/995\/revisions\/1005"}],"wp:featuredmedia":[{"embeddable":true,"href":"https:\/\/www.vallon-bonnevaux.fr\/vbmag\/wp-json\/wp\/v2\/media\/996"}],"wp:attachment":[{"href":"https:\/\/www.vallon-bonnevaux.fr\/vbmag\/wp-json\/wp\/v2\/media?parent=995"}],"wp:term":[{"taxonomy":"category","embeddable":true,"href":"https:\/\/www.vallon-bonnevaux.fr\/vbmag\/wp-json\/wp\/v2\/categories?post=995"},{"taxonomy":"post_tag","embeddable":true,"href":"https:\/\/www.vallon-bonnevaux.fr\/vbmag\/wp-json\/wp\/v2\/tags?post=995"}],"curies":[{"name":"wp","href":"https:\/\/api.w.org\/{rel}","templated":true}]}}